{"id":46351,"date":"2026-09-05T17:45:56","date_gmt":"2026-09-05T20:45:56","guid":{"rendered":"https:\/\/www.omovimento.com.br\/portal\/?p=46351"},"modified":"2026-09-05T17:46:49","modified_gmt":"2026-09-05T20:46:49","slug":"desfile-civico-militar-marca-comemoracao-da-independencia-do-brasil-em-pirassununga","status":"publish","type":"post","link":"https:\/\/www.omovimento.com.br\/portal\/cidade\/desfile-civico-militar-marca-comemoracao-da-independencia-do-brasil-em-pirassununga\/","title":{"rendered":"Desfile c\u00edvico-militar marca comemora\u00e7\u00e3o da Independ\u00eancia do Brasil em Pirassununga"},"content":{"rendered":"<p class=\"isSelectedEnd\"><span style=\"font-family: tahoma, arial, helvetica, sans-serif; font-size: 12pt;\"><strong>Pirassununga ter\u00e1, na pr\u00f3xima segunda-feira (7), um desfile c\u00edvico-militar em comemora\u00e7\u00e3o \u00e0 Independ\u00eancia do Brasil.<\/strong> A programa\u00e7\u00e3o contar\u00e1 com a participa\u00e7\u00e3o da <strong>Academia da For\u00e7a A\u00e9rea (AFA), do 13\u00ba Regimento de Cavalaria Mecanizado (13\u00ba RCMec), da Pol\u00edcia Militar do Estado de S\u00e3o Paulo e de escolas das redes estadual e privada de ensino.<\/strong><\/span><\/p><div id=\"omovi-242055616\" class=\"omovi-conteudo-2 omovi-entity-placement\"><div id=\"63534-28\"><script src=\"\/\/ads.themoneytizer.com\/s\/gen.js?type=28\"><\/script><script src=\"\/\/ads.themoneytizer.com\/s\/requestform.js?siteId=63534&formatId=28\" ><\/script><\/div><\/div>\n<p class=\"isSelectedEnd\"><span style=\"font-family: tahoma, arial, helvetica, sans-serif; font-size: 12pt;\">A programa\u00e7\u00e3o come\u00e7a \u00e0s <strong>8h, com o hasteamento das Bandeiras na Pra\u00e7a Conselheiro Antonio Prado, a Pra\u00e7a Central<\/strong>. Ap\u00f3s a cerim\u00f4nia, ser\u00e1 realizado o <strong>desfile pela Rua Duque de Caxias<\/strong>, com in\u00edcio ap\u00f3s a libera\u00e7\u00e3o das autoridades militares respons\u00e1veis pela organiza\u00e7\u00e3o.<\/span><\/p>\n<p class=\"isSelectedEnd\"><span style=\"font-family: tahoma, arial, helvetica, sans-serif; font-size: 12pt;\">A celebra\u00e7\u00e3o do <strong>7 de Setembro<\/strong> ganha destaque especial em Pirassununga pela presen\u00e7a de importantes institui\u00e7\u00f5es militares na cidade. A AFA e o 13\u00ba RCMec estar\u00e3o entre os participantes da programa\u00e7\u00e3o, ao lado da Pol\u00edcia Militar e das institui\u00e7\u00f5es de ensino.<\/span><\/p>\n<p class=\"isSelectedEnd\"><span style=\"font-family: tahoma, arial, helvetica, sans-serif; font-size: 12pt;\"><strong>A programa\u00e7\u00e3o foi definida ap\u00f3s tratativas envolvendo representantes das institui\u00e7\u00f5es militares e autoridades locais.<\/strong> A possibilidade de participa\u00e7\u00e3o das For\u00e7as Armadas nas comemora\u00e7\u00f5es da Semana da P\u00e1tria foi estabelecida posteriormente \u00e0 publica\u00e7\u00e3o da <strong>Portaria GM-MD n\u00ba 4.158, de 10 de agosto de 2026, do Minist\u00e9rio da Defesa.<\/strong><\/span><\/p>\n<p><img decoding=\"async\" class=\"aligncenter\" src=\"https:\/\/www.omovimento.com.br\/portal\/wp-content\/uploads\/2026\/06\/cats-2.jpg\" \/><\/p>\n<p><img fetchpriority=\"high\" decoding=\"async\" class=\"size-full wp-image-43938 aligncenter\" src=\"https:\/\/www.omovimento.com.br\/portal\/wp-content\/uploads\/2026\/04\/3808a8e8-ee81-4e72-8fe3-1039175df172.png\" alt=\"\" width=\"1000\" height=\"417\" srcset=\"https:\/\/www.omovimento.com.br\/portal\/wp-content\/uploads\/2026\/04\/3808a8e8-ee81-4e72-8fe3-1039175df172.png 1000w, https:\/\/www.omovimento.com.br\/portal\/wp-content\/uploads\/2026\/04\/3808a8e8-ee81-4e72-8fe3-1039175df172-300x125.png 300w, https:\/\/www.omovimento.com.br\/portal\/wp-content\/uploads\/2026\/04\/3808a8e8-ee81-4e72-8fe3-1039175df172-768x320.png 768w, https:\/\/www.omovimento.com.br\/portal\/wp-content\/uploads\/2026\/04\/3808a8e8-ee81-4e72-8fe3-1039175df172-150x63.png 150w, https:\/\/www.omovimento.com.br\/portal\/wp-content\/uploads\/2026\/04\/3808a8e8-ee81-4e72-8fe3-1039175df172-450x188.png 450w\" sizes=\"(max-width: 1000px) 100vw, 1000px\" \/><\/p>\n<h3><span style=\"font-family: tahoma, arial, helvetica, sans-serif; font-size: 14pt;\">Desfile acontece ap\u00f3s o hasteamento das Bandeiras<\/span><\/h3>\n<p class=\"isSelectedEnd\"><span style=\"font-family: tahoma, arial, helvetica, sans-serif; font-size: 12pt;\">O p\u00fablico poder\u00e1 acompanhar inicialmente a cerim\u00f4nia de <strong>hasteamento das Bandeiras na Pra\u00e7a Central<\/strong>. Em seguida, os participantes se deslocar\u00e3o para a <strong>Rua Duque de Caxias<\/strong>, onde ser\u00e1 realizado o desfile c\u00edvico-militar.<\/span><\/p>\n<p class=\"isSelectedEnd\"><span style=\"font-family: tahoma, arial, helvetica, sans-serif; font-size: 12pt;\">A expectativa \u00e9 de que a programa\u00e7\u00e3o re\u00fana <strong>militares, policiais, estudantes e representantes das institui\u00e7\u00f5es de ensino<\/strong>, al\u00e9m de moradores que forem acompanhar as comemora\u00e7\u00f5es da Independ\u00eancia do Brasil.<\/span><\/p>\n<h3><span style=\"font-family: tahoma, arial, helvetica, sans-serif; font-size: 14pt;\">Rede municipal de ensino n\u00e3o participa<\/span><\/h3>\n<p class=\"isSelectedEnd\"><span style=\"font-family: tahoma, arial, helvetica, sans-serif; font-size: 12pt;\"><strong>Neste ano, a Rede Municipal de Ensino n\u00e3o participar\u00e1 do desfile de 7 de Setembro.<\/strong> A programa\u00e7\u00e3o contar\u00e1 com a participa\u00e7\u00e3o de escolas da <strong>Rede Estadual e da Rede Privada de Ensino<\/strong>, al\u00e9m das institui\u00e7\u00f5es militares e da Pol\u00edcia Militar.<\/span><\/p>\n<p class=\"isSelectedEnd\"><span style=\"font-family: tahoma, arial, helvetica, sans-serif; font-size: 12pt;\">O desfile integra as comemora\u00e7\u00f5es da <strong>Independ\u00eancia do Brasil<\/strong> e faz parte do calend\u00e1rio c\u00edvico da cidade.<\/span><\/p>\n<h3><span style=\"font-family: tahoma, arial, helvetica, sans-serif; font-size: 14pt;\">Desfile C\u00edvico-Militar \u2013 7 de Setembro<\/span><\/h3>\n<p class=\"isSelectedEnd\"><span style=\"font-family: tahoma, arial, helvetica, sans-serif; font-size: 12pt;\"><strong>A programa\u00e7\u00e3o ser\u00e1 realizada na segunda-feira, 7 de setembro, a partir das 8h, com o hasteamento das Bandeiras na Pra\u00e7a Conselheiro Antonio Prado, a Pra\u00e7a Central.<\/strong> Ap\u00f3s a cerim\u00f4nia, ser\u00e1 realizado o <strong>desfile pela Rua Duque de Caxias<\/strong>, com in\u00edcio na sequ\u00eancia do hasteamento das Bandeiras.<\/span><\/p>\n<p><span style=\"font-family: tahoma, arial, helvetica, sans-serif; font-size: 12pt;\"><strong>Participam da programa\u00e7\u00e3o:<\/strong> Academia da For\u00e7a A\u00e9rea (AFA), 13\u00ba Regimento de Cavalaria Mecanizado (13\u00ba RCMec), Pol\u00edcia Militar do Estado de S\u00e3o Paulo e escolas das redes estadual e privada de ensino.<\/span><\/p>\n<p><img decoding=\"async\" class=\"size-full wp-image-45305 aligncenter\" src=\"https:\/\/www.omovimento.com.br\/portal\/wp-content\/uploads\/2026\/07\/a68b4ffa-84a1-4ea2-a1b6-38fe8c011533.png\" alt=\"\" width=\"1024\" height=\"1536\" srcset=\"https:\/\/www.omovimento.com.br\/portal\/wp-content\/uploads\/2026\/07\/a68b4ffa-84a1-4ea2-a1b6-38fe8c011533.png 1024w, https:\/\/www.omovimento.com.br\/portal\/wp-content\/uploads\/2026\/07\/a68b4ffa-84a1-4ea2-a1b6-38fe8c011533-200x300.png 200w, https:\/\/www.omovimento.com.br\/portal\/wp-content\/uploads\/2026\/07\/a68b4ffa-84a1-4ea2-a1b6-38fe8c011533-683x1024.png 683w, https:\/\/www.omovimento.com.br\/portal\/wp-content\/uploads\/2026\/07\/a68b4ffa-84a1-4ea2-a1b6-38fe8c011533-768x1152.png 768w, https:\/\/www.omovimento.com.br\/portal\/wp-content\/uploads\/2026\/07\/a68b4ffa-84a1-4ea2-a1b6-38fe8c011533-150x225.png 150w, https:\/\/www.omovimento.com.br\/portal\/wp-content\/uploads\/2026\/07\/a68b4ffa-84a1-4ea2-a1b6-38fe8c011533-450x675.png 450w\" sizes=\"(max-width: 1024px) 100vw, 1024px\" \/><\/p>\n<p data-start=\"822\" data-end=\"1009\"><span style=\"font-family: tahoma, arial, helvetica, sans-serif;\"><span dir=\"auto\" style=\"vertical-align: inherit;\">\u270d\ufe0f <\/span><em data-start=\"1160\" data-end=\"1198\" data-is-last-node=\"\"><span dir=\"auto\" style=\"vertical-align: inherit;\">Reportagem: <\/span><a href=\"https:\/\/www.facebook.com\/jornalistatonioliveiraon\/\"><strong><span dir=\"auto\" style=\"vertical-align: inherit;\">Jornalista Toni Oliveira<\/span><\/strong><\/a><\/em><\/span><\/p>\n<p><span style=\"font-size: 14pt; color: #808080; font-family: tahoma, arial, helvetica, sans-serif;\"><em>Jorna<strong>l O Movimento<\/strong> \u00a0H\u00e1 92 anos, a principal refer\u00eancia em jornalismo na regi\u00e3o<\/em><\/span><\/p>\n<p><span style=\"font-family: tahoma, arial, helvetica, sans-serif;\"><em>( Fica proibida a reprodu\u00e7\u00e3o total ou parcial, c\u00f3pia ou distribui\u00e7\u00e3o do conte\u00fado, sem autoriza\u00e7\u00e3o expressa por parte do <strong>jornal O Movimento<\/strong><\/em><\/span><\/p>\n","protected":false},"excerpt":{"rendered":"<p>Pirassununga ter\u00e1, na pr\u00f3xima segunda-feira (7), um desfile c\u00edvico-militar em comemora\u00e7\u00e3o \u00e0 Independ\u00eancia do Brasil. A programa\u00e7\u00e3o contar\u00e1 com a participa\u00e7\u00e3o da Academia da For\u00e7a A\u00e9rea (AFA), do 13\u00ba Regimento de Cavalaria Mecanizado (13\u00ba RCMec), da Pol\u00edcia Militar do Estado de S\u00e3o Paulo e de escolas das redes estadual e privada de ensino. A programa\u00e7\u00e3o<\/p>\n","protected":false},"author":3,"featured_media":46352,"comment_status":"open","ping_status":"open","sticky":false,"template":"","format":"standard","meta":{"footnotes":""},"categories":[3,5],"tags":[],"class_list":["post-46351","post","type-post","status-publish","format-standard","has-post-thumbnail","category-cidade","category-destaque"],"yoast_head":"<!-- This site is optimized with the Yoast SEO plugin v27.3 - https:\/\/yoast.com\/product\/yoast-seo-wordpress\/ -->\n<title>Desfile c\u00edvico-militar marca comemora\u00e7\u00e3o da Independ\u00eancia do Brasil em Pirassununga - Jornal O Movimento<\/title>\n<meta name=\"robots\" content=\"index, follow, max-snippet:-1, max-image-preview:large, max-video-preview:-1\" \/>\n<link rel=\"canonical\" href=\"https:\/\/www.omovimento.com.br\/portal\/cidade\/desfile-civico-militar-marca-comemoracao-da-independencia-do-brasil-em-pirassununga\/\" \/>\n<meta property=\"og:locale\" content=\"pt_BR\" \/>\n<meta property=\"og:type\" content=\"article\" \/>\n<meta property=\"og:title\" content=\"Desfile c\u00edvico-militar marca comemora\u00e7\u00e3o da Independ\u00eancia do Brasil em Pirassununga - Jornal O Movimento\" \/>\n<meta property=\"og:description\" content=\"Pirassununga ter\u00e1, na pr\u00f3xima segunda-feira (7), um desfile c\u00edvico-militar em comemora\u00e7\u00e3o \u00e0 Independ\u00eancia do Brasil. A programa\u00e7\u00e3o contar\u00e1 com a participa\u00e7\u00e3o da Academia da For\u00e7a A\u00e9rea (AFA), do 13\u00ba Regimento de Cavalaria Mecanizado (13\u00ba RCMec), da Pol\u00edcia Militar do Estado de S\u00e3o Paulo e de escolas das redes estadual e privada de ensino. A programa\u00e7\u00e3o\" \/>\n<meta property=\"og:url\" content=\"https:\/\/www.omovimento.com.br\/portal\/cidade\/desfile-civico-militar-marca-comemoracao-da-independencia-do-brasil-em-pirassununga\/\" \/>\n<meta property=\"og:site_name\" content=\"Jornal O Movimento\" \/>\n<meta property=\"article:published_time\" content=\"2026-09-05T20:45:56+00:00\" \/>\n<meta property=\"article:modified_time\" content=\"2026-09-05T20:46:49+00:00\" \/>\n<meta property=\"og:image\" content=\"https:\/\/www.omovimento.com.br\/portal\/wp-content\/uploads\/2026\/09\/desfile.jpg\" \/>\n\t<meta property=\"og:image:width\" content=\"1000\" \/>\n\t<meta property=\"og:image:height\" content=\"669\" \/>\n\t<meta property=\"og:image:type\" content=\"image\/jpeg\" \/>\n<meta name=\"author\" content=\"Reda\u00e7\u00e3o\" \/>\n<meta name=\"twitter:card\" content=\"summary_large_image\" \/>\n<meta name=\"twitter:label1\" content=\"Escrito por\" \/>\n\t<meta name=\"twitter:data1\" content=\"Reda\u00e7\u00e3o\" \/>\n\t<meta name=\"twitter:label2\" content=\"Est. tempo de leitura\" \/>\n\t<meta name=\"twitter:data2\" content=\"4 minutos\" \/>\n<script type=\"application\/ld+json\" class=\"yoast-schema-graph\">{\"@context\":\"https:\\\/\\\/schema.org\",\"@graph\":[{\"@type\":\"Article\",\"@id\":\"https:\\\/\\\/www.omovimento.com.br\\\/portal\\\/cidade\\\/desfile-civico-militar-marca-comemoracao-da-independencia-do-brasil-em-pirassununga\\\/#article\",\"isPartOf\":{\"@id\":\"https:\\\/\\\/www.omovimento.com.br\\\/portal\\\/cidade\\\/desfile-civico-militar-marca-comemoracao-da-independencia-do-brasil-em-pirassununga\\\/\"},\"author\":{\"name\":\"Reda\u00e7\u00e3o\",\"@id\":\"https:\\\/\\\/www.omovimento.com.br\\\/portal\\\/#\\\/schema\\\/person\\\/e7d3971f53952141ade7388e0033ce8d\"},\"headline\":\"Desfile c\u00edvico-militar marca comemora\u00e7\u00e3o da Independ\u00eancia do Brasil em Pirassununga\",\"datePublished\":\"2026-09-05T20:45:56+00:00\",\"dateModified\":\"2026-09-05T20:46:49+00:00\",\"mainEntityOfPage\":{\"@id\":\"https:\\\/\\\/www.omovimento.com.br\\\/portal\\\/cidade\\\/desfile-civico-militar-marca-comemoracao-da-independencia-do-brasil-em-pirassununga\\\/\"},\"wordCount\":509,\"commentCount\":0,\"publisher\":{\"@id\":\"https:\\\/\\\/www.omovimento.com.br\\\/portal\\\/#organization\"},\"image\":{\"@id\":\"https:\\\/\\\/www.omovimento.com.br\\\/portal\\\/cidade\\\/desfile-civico-militar-marca-comemoracao-da-independencia-do-brasil-em-pirassununga\\\/#primaryimage\"},\"thumbnailUrl\":\"https:\\\/\\\/www.omovimento.com.br\\\/portal\\\/wp-content\\\/uploads\\\/2026\\\/09\\\/desfile.jpg\",\"articleSection\":[\"Cidade\",\"Destaque\"],\"inLanguage\":\"pt-BR\",\"potentialAction\":[{\"@type\":\"CommentAction\",\"name\":\"Comment\",\"target\":[\"https:\\\/\\\/www.omovimento.com.br\\\/portal\\\/cidade\\\/desfile-civico-militar-marca-comemoracao-da-independencia-do-brasil-em-pirassununga\\\/#respond\"]}]},{\"@type\":\"WebPage\",\"@id\":\"https:\\\/\\\/www.omovimento.com.br\\\/portal\\\/cidade\\\/desfile-civico-militar-marca-comemoracao-da-independencia-do-brasil-em-pirassununga\\\/\",\"url\":\"https:\\\/\\\/www.omovimento.com.br\\\/portal\\\/cidade\\\/desfile-civico-militar-marca-comemoracao-da-independencia-do-brasil-em-pirassununga\\\/\",\"name\":\"Desfile c\u00edvico-militar marca comemora\u00e7\u00e3o da Independ\u00eancia do Brasil em Pirassununga - Jornal O Movimento\",\"isPartOf\":{\"@id\":\"https:\\\/\\\/www.omovimento.com.br\\\/portal\\\/#website\"},\"primaryImageOfPage\":{\"@id\":\"https:\\\/\\\/www.omovimento.com.br\\\/portal\\\/cidade\\\/desfile-civico-militar-marca-comemoracao-da-independencia-do-brasil-em-pirassununga\\\/#primaryimage\"},\"image\":{\"@id\":\"https:\\\/\\\/www.omovimento.com.br\\\/portal\\\/cidade\\\/desfile-civico-militar-marca-comemoracao-da-independencia-do-brasil-em-pirassununga\\\/#primaryimage\"},\"thumbnailUrl\":\"https:\\\/\\\/www.omovimento.com.br\\\/portal\\\/wp-content\\\/uploads\\\/2026\\\/09\\\/desfile.jpg\",\"datePublished\":\"2026-09-05T20:45:56+00:00\",\"dateModified\":\"2026-09-05T20:46:49+00:00\",\"breadcrumb\":{\"@id\":\"https:\\\/\\\/www.omovimento.com.br\\\/portal\\\/cidade\\\/desfile-civico-militar-marca-comemoracao-da-independencia-do-brasil-em-pirassununga\\\/#breadcrumb\"},\"inLanguage\":\"pt-BR\",\"potentialAction\":[{\"@type\":\"ReadAction\",\"target\":[\"https:\\\/\\\/www.omovimento.com.br\\\/portal\\\/cidade\\\/desfile-civico-militar-marca-comemoracao-da-independencia-do-brasil-em-pirassununga\\\/\"]}]},{\"@type\":\"ImageObject\",\"inLanguage\":\"pt-BR\",\"@id\":\"https:\\\/\\\/www.omovimento.com.br\\\/portal\\\/cidade\\\/desfile-civico-militar-marca-comemoracao-da-independencia-do-brasil-em-pirassununga\\\/#primaryimage\",\"url\":\"https:\\\/\\\/www.omovimento.com.br\\\/portal\\\/wp-content\\\/uploads\\\/2026\\\/09\\\/desfile.jpg\",\"contentUrl\":\"https:\\\/\\\/www.omovimento.com.br\\\/portal\\\/wp-content\\\/uploads\\\/2026\\\/09\\\/desfile.jpg\",\"width\":1000,\"height\":669,\"caption\":\"Foto: Divulga\u00e7\u00e3o\\\/Prefeitura\"},{\"@type\":\"BreadcrumbList\",\"@id\":\"https:\\\/\\\/www.omovimento.com.br\\\/portal\\\/cidade\\\/desfile-civico-militar-marca-comemoracao-da-independencia-do-brasil-em-pirassununga\\\/#breadcrumb\",\"itemListElement\":[{\"@type\":\"ListItem\",\"position\":1,\"name\":\"In\u00edcio\",\"item\":\"https:\\\/\\\/www.omovimento.com.br\\\/portal\\\/\"},{\"@type\":\"ListItem\",\"position\":2,\"name\":\"Desfile c\u00edvico-militar marca comemora\u00e7\u00e3o da Independ\u00eancia do Brasil em Pirassununga\"}]},{\"@type\":\"WebSite\",\"@id\":\"https:\\\/\\\/www.omovimento.com.br\\\/portal\\\/#website\",\"url\":\"https:\\\/\\\/www.omovimento.com.br\\\/portal\\\/\",\"name\":\"Jornal O Movimento\",\"description\":\"\",\"publisher\":{\"@id\":\"https:\\\/\\\/www.omovimento.com.br\\\/portal\\\/#organization\"},\"potentialAction\":[{\"@type\":\"SearchAction\",\"target\":{\"@type\":\"EntryPoint\",\"urlTemplate\":\"https:\\\/\\\/www.omovimento.com.br\\\/portal\\\/?s={search_term_string}\"},\"query-input\":{\"@type\":\"PropertyValueSpecification\",\"valueRequired\":true,\"valueName\":\"search_term_string\"}}],\"inLanguage\":\"pt-BR\"},{\"@type\":\"Organization\",\"@id\":\"https:\\\/\\\/www.omovimento.com.br\\\/portal\\\/#organization\",\"name\":\"Jornal O Movimento\",\"url\":\"https:\\\/\\\/www.omovimento.com.br\\\/portal\\\/\",\"logo\":{\"@type\":\"ImageObject\",\"inLanguage\":\"pt-BR\",\"@id\":\"https:\\\/\\\/www.omovimento.com.br\\\/portal\\\/#\\\/schema\\\/logo\\\/image\\\/\",\"url\":\"https:\\\/\\\/www.omovimento.com.br\\\/portal\\\/wp-content\\\/uploads\\\/2026\\\/03\\\/logo_jornal_O_Movimento-1-1536x343-1-1.png\",\"contentUrl\":\"https:\\\/\\\/www.omovimento.com.br\\\/portal\\\/wp-content\\\/uploads\\\/2026\\\/03\\\/logo_jornal_O_Movimento-1-1536x343-1-1.png\",\"width\":1536,\"height\":343,\"caption\":\"Jornal O Movimento\"},\"image\":{\"@id\":\"https:\\\/\\\/www.omovimento.com.br\\\/portal\\\/#\\\/schema\\\/logo\\\/image\\\/\"}},{\"@type\":\"Person\",\"@id\":\"https:\\\/\\\/www.omovimento.com.br\\\/portal\\\/#\\\/schema\\\/person\\\/e7d3971f53952141ade7388e0033ce8d\",\"name\":\"Reda\u00e7\u00e3o\",\"image\":{\"@type\":\"ImageObject\",\"inLanguage\":\"pt-BR\",\"@id\":\"https:\\\/\\\/secure.gravatar.com\\\/avatar\\\/549ab8e14173ace5e8b1c3bd80cf838bc0d00b7e1b65a361093164d85a62d45b?s=96&d=mm&r=g\",\"url\":\"https:\\\/\\\/secure.gravatar.com\\\/avatar\\\/549ab8e14173ace5e8b1c3bd80cf838bc0d00b7e1b65a361093164d85a62d45b?s=96&d=mm&r=g\",\"contentUrl\":\"https:\\\/\\\/secure.gravatar.com\\\/avatar\\\/549ab8e14173ace5e8b1c3bd80cf838bc0d00b7e1b65a361093164d85a62d45b?s=96&d=mm&r=g\",\"caption\":\"Reda\u00e7\u00e3o\"},\"url\":\"https:\\\/\\\/www.omovimento.com.br\\\/portal\\\/author\\\/admin\\\/\"}]}<\/script>\n<!-- \/ Yoast SEO plugin. -->","yoast_head_json":{"title":"Desfile c\u00edvico-militar marca comemora\u00e7\u00e3o da Independ\u00eancia do Brasil em Pirassununga - Jornal O Movimento","robots":{"index":"index","follow":"follow","max-snippet":"max-snippet:-1","max-image-preview":"max-image-preview:large","max-video-preview":"max-video-preview:-1"},"canonical":"https:\/\/www.omovimento.com.br\/portal\/cidade\/desfile-civico-militar-marca-comemoracao-da-independencia-do-brasil-em-pirassununga\/","og_locale":"pt_BR","og_type":"article","og_title":"Desfile c\u00edvico-militar marca comemora\u00e7\u00e3o da Independ\u00eancia do Brasil em Pirassununga - Jornal O Movimento","og_description":"Pirassununga ter\u00e1, na pr\u00f3xima segunda-feira (7), um desfile c\u00edvico-militar em comemora\u00e7\u00e3o \u00e0 Independ\u00eancia do Brasil. A programa\u00e7\u00e3o contar\u00e1 com a participa\u00e7\u00e3o da Academia da For\u00e7a A\u00e9rea (AFA), do 13\u00ba Regimento de Cavalaria Mecanizado (13\u00ba RCMec), da Pol\u00edcia Militar do Estado de S\u00e3o Paulo e de escolas das redes estadual e privada de ensino. A programa\u00e7\u00e3o","og_url":"https:\/\/www.omovimento.com.br\/portal\/cidade\/desfile-civico-militar-marca-comemoracao-da-independencia-do-brasil-em-pirassununga\/","og_site_name":"Jornal O Movimento","article_published_time":"2026-09-05T20:45:56+00:00","article_modified_time":"2026-09-05T20:46:49+00:00","og_image":[{"width":1000,"height":669,"url":"https:\/\/www.omovimento.com.br\/portal\/wp-content\/uploads\/2026\/09\/desfile.jpg","type":"image\/jpeg"}],"author":"Reda\u00e7\u00e3o","twitter_card":"summary_large_image","twitter_misc":{"Escrito por":"Reda\u00e7\u00e3o","Est. tempo de leitura":"4 minutos"},"schema":{"@context":"https:\/\/schema.org","@graph":[{"@type":"Article","@id":"https:\/\/www.omovimento.com.br\/portal\/cidade\/desfile-civico-militar-marca-comemoracao-da-independencia-do-brasil-em-pirassununga\/#article","isPartOf":{"@id":"https:\/\/www.omovimento.com.br\/portal\/cidade\/desfile-civico-militar-marca-comemoracao-da-independencia-do-brasil-em-pirassununga\/"},"author":{"name":"Reda\u00e7\u00e3o","@id":"https:\/\/www.omovimento.com.br\/portal\/#\/schema\/person\/e7d3971f53952141ade7388e0033ce8d"},"headline":"Desfile c\u00edvico-militar marca comemora\u00e7\u00e3o da Independ\u00eancia do Brasil em Pirassununga","datePublished":"2026-09-05T20:45:56+00:00","dateModified":"2026-09-05T20:46:49+00:00","mainEntityOfPage":{"@id":"https:\/\/www.omovimento.com.br\/portal\/cidade\/desfile-civico-militar-marca-comemoracao-da-independencia-do-brasil-em-pirassununga\/"},"wordCount":509,"commentCount":0,"publisher":{"@id":"https:\/\/www.omovimento.com.br\/portal\/#organization"},"image":{"@id":"https:\/\/www.omovimento.com.br\/portal\/cidade\/desfile-civico-militar-marca-comemoracao-da-independencia-do-brasil-em-pirassununga\/#primaryimage"},"thumbnailUrl":"https:\/\/www.omovimento.com.br\/portal\/wp-content\/uploads\/2026\/09\/desfile.jpg","articleSection":["Cidade","Destaque"],"inLanguage":"pt-BR","potentialAction":[{"@type":"CommentAction","name":"Comment","target":["https:\/\/www.omovimento.com.br\/portal\/cidade\/desfile-civico-militar-marca-comemoracao-da-independencia-do-brasil-em-pirassununga\/#respond"]}]},{"@type":"WebPage","@id":"https:\/\/www.omovimento.com.br\/portal\/cidade\/desfile-civico-militar-marca-comemoracao-da-independencia-do-brasil-em-pirassununga\/","url":"https:\/\/www.omovimento.com.br\/portal\/cidade\/desfile-civico-militar-marca-comemoracao-da-independencia-do-brasil-em-pirassununga\/","name":"Desfile c\u00edvico-militar marca comemora\u00e7\u00e3o da Independ\u00eancia do Brasil em Pirassununga - Jornal O Movimento","isPartOf":{"@id":"https:\/\/www.omovimento.com.br\/portal\/#website"},"primaryImageOfPage":{"@id":"https:\/\/www.omovimento.com.br\/portal\/cidade\/desfile-civico-militar-marca-comemoracao-da-independencia-do-brasil-em-pirassununga\/#primaryimage"},"image":{"@id":"https:\/\/www.omovimento.com.br\/portal\/cidade\/desfile-civico-militar-marca-comemoracao-da-independencia-do-brasil-em-pirassununga\/#primaryimage"},"thumbnailUrl":"https:\/\/www.omovimento.com.br\/portal\/wp-content\/uploads\/2026\/09\/desfile.jpg","datePublished":"2026-09-05T20:45:56+00:00","dateModified":"2026-09-05T20:46:49+00:00","breadcrumb":{"@id":"https:\/\/www.omovimento.com.br\/portal\/cidade\/desfile-civico-militar-marca-comemoracao-da-independencia-do-brasil-em-pirassununga\/#breadcrumb"},"inLanguage":"pt-BR","potentialAction":[{"@type":"ReadAction","target":["https:\/\/www.omovimento.com.br\/portal\/cidade\/desfile-civico-militar-marca-comemoracao-da-independencia-do-brasil-em-pirassununga\/"]}]},{"@type":"ImageObject","inLanguage":"pt-BR","@id":"https:\/\/www.omovimento.com.br\/portal\/cidade\/desfile-civico-militar-marca-comemoracao-da-independencia-do-brasil-em-pirassununga\/#primaryimage","url":"https:\/\/www.omovimento.com.br\/portal\/wp-content\/uploads\/2026\/09\/desfile.jpg","contentUrl":"https:\/\/www.omovimento.com.br\/portal\/wp-content\/uploads\/2026\/09\/desfile.jpg","width":1000,"height":669,"caption":"Foto: Divulga\u00e7\u00e3o\/Prefeitura"},{"@type":"BreadcrumbList","@id":"https:\/\/www.omovimento.com.br\/portal\/cidade\/desfile-civico-militar-marca-comemoracao-da-independencia-do-brasil-em-pirassununga\/#breadcrumb","itemListElement":[{"@type":"ListItem","position":1,"name":"In\u00edcio","item":"https:\/\/www.omovimento.com.br\/portal\/"},{"@type":"ListItem","position":2,"name":"Desfile c\u00edvico-militar marca comemora\u00e7\u00e3o da Independ\u00eancia do Brasil em Pirassununga"}]},{"@type":"WebSite","@id":"https:\/\/www.omovimento.com.br\/portal\/#website","url":"https:\/\/www.omovimento.com.br\/portal\/","name":"Jornal O Movimento","description":"","publisher":{"@id":"https:\/\/www.omovimento.com.br\/portal\/#organization"},"potentialAction":[{"@type":"SearchAction","target":{"@type":"EntryPoint","urlTemplate":"https:\/\/www.omovimento.com.br\/portal\/?s={search_term_string}"},"query-input":{"@type":"PropertyValueSpecification","valueRequired":true,"valueName":"search_term_string"}}],"inLanguage":"pt-BR"},{"@type":"Organization","@id":"https:\/\/www.omovimento.com.br\/portal\/#organization","name":"Jornal O Movimento","url":"https:\/\/www.omovimento.com.br\/portal\/","logo":{"@type":"ImageObject","inLanguage":"pt-BR","@id":"https:\/\/www.omovimento.com.br\/portal\/#\/schema\/logo\/image\/","url":"https:\/\/www.omovimento.com.br\/portal\/wp-content\/uploads\/2026\/03\/logo_jornal_O_Movimento-1-1536x343-1-1.png","contentUrl":"https:\/\/www.omovimento.com.br\/portal\/wp-content\/uploads\/2026\/03\/logo_jornal_O_Movimento-1-1536x343-1-1.png","width":1536,"height":343,"caption":"Jornal O Movimento"},"image":{"@id":"https:\/\/www.omovimento.com.br\/portal\/#\/schema\/logo\/image\/"}},{"@type":"Person","@id":"https:\/\/www.omovimento.com.br\/portal\/#\/schema\/person\/e7d3971f53952141ade7388e0033ce8d","name":"Reda\u00e7\u00e3o","image":{"@type":"ImageObject","inLanguage":"pt-BR","@id":"https:\/\/secure.gravatar.com\/avatar\/549ab8e14173ace5e8b1c3bd80cf838bc0d00b7e1b65a361093164d85a62d45b?s=96&d=mm&r=g","url":"https:\/\/secure.gravatar.com\/avatar\/549ab8e14173ace5e8b1c3bd80cf838bc0d00b7e1b65a361093164d85a62d45b?s=96&d=mm&r=g","contentUrl":"https:\/\/secure.gravatar.com\/avatar\/549ab8e14173ace5e8b1c3bd80cf838bc0d00b7e1b65a361093164d85a62d45b?s=96&d=mm&r=g","caption":"Reda\u00e7\u00e3o"},"url":"https:\/\/www.omovimento.com.br\/portal\/author\/admin\/"}]}},"_links":{"self":[{"href":"https:\/\/www.omovimento.com.br\/portal\/wp-json\/wp\/v2\/posts\/46351","targetHints":{"allow":["GET"]}}],"collection":[{"href":"https:\/\/www.omovimento.com.br\/portal\/wp-json\/wp\/v2\/posts"}],"about":[{"href":"https:\/\/www.omovimento.com.br\/portal\/wp-json\/wp\/v2\/types\/post"}],"author":[{"embeddable":true,"href":"https:\/\/www.omovimento.com.br\/portal\/wp-json\/wp\/v2\/users\/3"}],"replies":[{"embeddable":true,"href":"https:\/\/www.omovimento.com.br\/portal\/wp-json\/wp\/v2\/comments?post=46351"}],"version-history":[{"count":3,"href":"https:\/\/www.omovimento.com.br\/portal\/wp-json\/wp\/v2\/posts\/46351\/revisions"}],"predecessor-version":[{"id":46355,"href":"https:\/\/www.omovimento.com.br\/portal\/wp-json\/wp\/v2\/posts\/46351\/revisions\/46355"}],"wp:featuredmedia":[{"embeddable":true,"href":"https:\/\/www.omovimento.com.br\/portal\/wp-json\/wp\/v2\/media\/46352"}],"wp:attachment":[{"href":"https:\/\/www.omovimento.com.br\/portal\/wp-json\/wp\/v2\/media?parent=46351"}],"wp:term":[{"taxonomy":"category","embeddable":true,"href":"https:\/\/www.omovimento.com.br\/portal\/wp-json\/wp\/v2\/categories?post=46351"},{"taxonomy":"post_tag","embeddable":true,"href":"https:\/\/www.omovimento.com.br\/portal\/wp-json\/wp\/v2\/tags?post=46351"}],"curies":[{"name":"wp","href":"https:\/\/api.w.org\/{rel}","templated":true}]}}