{"id":46347,"date":"2026-09-05T16:17:57","date_gmt":"2026-09-05T19:17:57","guid":{"rendered":"https:\/\/www.omovimento.com.br\/portal\/?p=46347"},"modified":"2026-09-05T16:34:33","modified_gmt":"2026-09-05T19:34:33","slug":"2o-fly-in-do-aeroclube-de-pirassununga-tera-atracoes-aereas-exposicao-de-aeronaves-e-atividades-para-criancas","status":"publish","type":"post","link":"https:\/\/www.omovimento.com.br\/portal\/geral\/2o-fly-in-do-aeroclube-de-pirassununga-tera-atracoes-aereas-exposicao-de-aeronaves-e-atividades-para-criancas\/","title":{"rendered":"2\u00ba Fly-In do Aeroclube de Pirassununga ter\u00e1 atra\u00e7\u00f5es a\u00e9reas, exposi\u00e7\u00e3o de aeronaves e atividades para crian\u00e7as"},"content":{"rendered":"<p class=\"isSelectedEnd\"><span style=\"font-family: tahoma, arial, helvetica, sans-serif; font-size: 12pt;\">O <strong>Aeroclube de Pirassununga<\/strong> realiza no dia <strong>20 de setembro<\/strong> o <strong>2\u00ba Fly-In<\/strong>, evento que promete reunir atra\u00e7\u00f5es a\u00e9reas, exposi\u00e7\u00e3o de aeronaves, atividades para crian\u00e7as, pra\u00e7a de alimenta\u00e7\u00e3o e a\u00e7\u00f5es de solidariedade.<\/span><\/p><div id=\"omovi-873721816\" class=\"omovi-conteudo-2 omovi-entity-placement\"><div id=\"63534-28\"><script src=\"\/\/ads.themoneytizer.com\/s\/gen.js?type=28\"><\/script><script src=\"\/\/ads.themoneytizer.com\/s\/requestform.js?siteId=63534&formatId=28\" ><\/script><\/div><\/div>\n<p class=\"isSelectedEnd\"><span style=\"font-family: tahoma, arial, helvetica, sans-serif; font-size: 12pt;\">A programa\u00e7\u00e3o foi preparada para receber <strong>fam\u00edlias, moradores da regi\u00e3o e apaixonados pelo mundo da avia\u00e7\u00e3o<\/strong>, que poder\u00e3o acompanhar de perto as aeronaves e participar das atividades ao longo do dia.<\/span><\/p>\n<p class=\"isSelectedEnd\"><span style=\"font-family: tahoma, arial, helvetica, sans-serif; font-size: 12pt;\">Entre as atra\u00e7\u00f5es previstas est\u00e3o <strong>apresenta\u00e7\u00f5es e atividades a\u00e9reas<\/strong>, al\u00e9m de uma <strong>exposi\u00e7\u00e3o de aeronaves<\/strong>, permitindo ao p\u00fablico conhecer de perto diferentes modelos e aspectos do universo da avia\u00e7\u00e3o.<\/span><\/p>\n<p class=\"isSelectedEnd\"><span style=\"font-family: tahoma, arial, helvetica, sans-serif; font-size: 12pt;\">O evento tamb\u00e9m ter\u00e1 <strong>atividades voltadas \u00e0s crian\u00e7as<\/strong> e <strong>pra\u00e7a de alimenta\u00e7\u00e3o<\/strong>, criando uma programa\u00e7\u00e3o para toda a fam\u00edlia.<\/span><\/p>\n<p><img decoding=\"async\" class=\"aligncenter\" src=\"https:\/\/www.omovimento.com.br\/portal\/wp-content\/uploads\/2026\/06\/cats-2.jpg\" \/><\/p>\n<p><img fetchpriority=\"high\" decoding=\"async\" class=\"size-full wp-image-45199 aligncenter\" src=\"https:\/\/www.omovimento.com.br\/portal\/wp-content\/uploads\/2026\/07\/5db41393-7844-4ceb-9085-7f61a9f10989.jpg\" alt=\"\" width=\"1536\" height=\"1024\" srcset=\"https:\/\/www.omovimento.com.br\/portal\/wp-content\/uploads\/2026\/07\/5db41393-7844-4ceb-9085-7f61a9f10989.jpg 1536w, https:\/\/www.omovimento.com.br\/portal\/wp-content\/uploads\/2026\/07\/5db41393-7844-4ceb-9085-7f61a9f10989-300x200.jpg 300w, https:\/\/www.omovimento.com.br\/portal\/wp-content\/uploads\/2026\/07\/5db41393-7844-4ceb-9085-7f61a9f10989-1024x683.jpg 1024w, https:\/\/www.omovimento.com.br\/portal\/wp-content\/uploads\/2026\/07\/5db41393-7844-4ceb-9085-7f61a9f10989-768x512.jpg 768w, https:\/\/www.omovimento.com.br\/portal\/wp-content\/uploads\/2026\/07\/5db41393-7844-4ceb-9085-7f61a9f10989-150x100.jpg 150w, https:\/\/www.omovimento.com.br\/portal\/wp-content\/uploads\/2026\/07\/5db41393-7844-4ceb-9085-7f61a9f10989-450x300.jpg 450w, https:\/\/www.omovimento.com.br\/portal\/wp-content\/uploads\/2026\/07\/5db41393-7844-4ceb-9085-7f61a9f10989-1200x800.jpg 1200w\" sizes=\"(max-width: 1536px) 100vw, 1536px\" \/><\/p>\n<h3><span style=\"font-family: tahoma, arial, helvetica, sans-serif; font-size: 14pt;\">Solidariedade<\/span><\/h3>\n<p class=\"isSelectedEnd\"><span style=\"font-family: tahoma, arial, helvetica, sans-serif; font-size: 12pt;\">Al\u00e9m das atra\u00e7\u00f5es, o <strong>2\u00ba Fly-In ter\u00e1 arrecada\u00e7\u00e3o de alimentos<\/strong> para ajudar pessoas que precisam. A organiza\u00e7\u00e3o convida os participantes a contribu\u00edrem com a a\u00e7\u00e3o social.<\/span><\/p>\n<p class=\"isSelectedEnd\"><span style=\"font-family: tahoma, arial, helvetica, sans-serif; font-size: 12pt;\">A proposta \u00e9 unir <strong>avia\u00e7\u00e3o, lazer e solidariedade<\/strong> em um \u00fanico evento.<\/span><\/p>\n<p class=\"isSelectedEnd\"><span style=\"font-family: tahoma, arial, helvetica, sans-serif; font-size: 12pt;\">\ud83d\udcc5 <strong>Data:<\/strong> 20 de setembro<\/span><br \/>\n<span style=\"font-family: tahoma, arial, helvetica, sans-serif; font-size: 12pt;\">\ud83d\udccd <strong>Local:<\/strong> Aeroclube de Pirassununga<\/span><\/p>\n<p><span style=\"font-family: tahoma, arial, helvetica, sans-serif; font-size: 12pt;\">A organiza\u00e7\u00e3o orienta o p\u00fablico a <strong>chamar a fam\u00edlia e convidar os amigos<\/strong> para participar da programa\u00e7\u00e3o.<\/span><\/p>\n<p><img decoding=\"async\" class=\"size-full wp-image-45305 aligncenter\" src=\"https:\/\/www.omovimento.com.br\/portal\/wp-content\/uploads\/2026\/07\/a68b4ffa-84a1-4ea2-a1b6-38fe8c011533.png\" alt=\"\" width=\"1024\" height=\"1536\" srcset=\"https:\/\/www.omovimento.com.br\/portal\/wp-content\/uploads\/2026\/07\/a68b4ffa-84a1-4ea2-a1b6-38fe8c011533.png 1024w, https:\/\/www.omovimento.com.br\/portal\/wp-content\/uploads\/2026\/07\/a68b4ffa-84a1-4ea2-a1b6-38fe8c011533-200x300.png 200w, https:\/\/www.omovimento.com.br\/portal\/wp-content\/uploads\/2026\/07\/a68b4ffa-84a1-4ea2-a1b6-38fe8c011533-683x1024.png 683w, https:\/\/www.omovimento.com.br\/portal\/wp-content\/uploads\/2026\/07\/a68b4ffa-84a1-4ea2-a1b6-38fe8c011533-768x1152.png 768w, https:\/\/www.omovimento.com.br\/portal\/wp-content\/uploads\/2026\/07\/a68b4ffa-84a1-4ea2-a1b6-38fe8c011533-150x225.png 150w, https:\/\/www.omovimento.com.br\/portal\/wp-content\/uploads\/2026\/07\/a68b4ffa-84a1-4ea2-a1b6-38fe8c011533-450x675.png 450w\" sizes=\"(max-width: 1024px) 100vw, 1024px\" \/><\/p>\n<p data-start=\"822\" data-end=\"1009\"><span style=\"font-family: tahoma, arial, helvetica, sans-serif;\"><span dir=\"auto\" style=\"vertical-align: inherit;\">\u270d\ufe0f <\/span><em data-start=\"1160\" data-end=\"1198\" data-is-last-node=\"\"><span dir=\"auto\" style=\"vertical-align: inherit;\">Reportagem: <\/span><a href=\"https:\/\/www.facebook.com\/jornalistatonioliveiraon\/\"><strong><span dir=\"auto\" style=\"vertical-align: inherit;\">Jornalista Toni Oliveira<\/span><\/strong><\/a><\/em><\/span><\/p>\n<p><span style=\"font-size: 14pt; color: #808080; font-family: tahoma, arial, helvetica, sans-serif;\"><em>Jorna<strong>l O Movimento<\/strong> \u00a0H\u00e1 92 anos, a principal refer\u00eancia em jornalismo na regi\u00e3o<\/em><\/span><\/p>\n<p><span style=\"font-family: tahoma, arial, helvetica, sans-serif;\"><em>( Fica proibida a reprodu\u00e7\u00e3o total ou parcial, c\u00f3pia ou distribui\u00e7\u00e3o do conte\u00fado, sem autoriza\u00e7\u00e3o expressa por parte do <strong>jornal O Movimento<\/strong><\/em><\/span><\/p>\n","protected":false},"excerpt":{"rendered":"<p>O Aeroclube de Pirassununga realiza no dia 20 de setembro o 2\u00ba Fly-In, evento que promete reunir atra\u00e7\u00f5es a\u00e9reas, exposi\u00e7\u00e3o de aeronaves, atividades para crian\u00e7as, pra\u00e7a de alimenta\u00e7\u00e3o e a\u00e7\u00f5es de solidariedade. A programa\u00e7\u00e3o foi preparada para receber fam\u00edlias, moradores da regi\u00e3o e apaixonados pelo mundo da avia\u00e7\u00e3o, que poder\u00e3o acompanhar de perto as aeronaves<\/p>\n","protected":false},"author":3,"featured_media":46348,"comment_status":"open","ping_status":"open","sticky":false,"template":"","format":"standard","meta":{"footnotes":""},"categories":[3,1],"tags":[],"class_list":["post-46347","post","type-post","status-publish","format-standard","has-post-thumbnail","category-cidade","category-geral"],"yoast_head":"<!-- This site is optimized with the Yoast SEO plugin v27.3 - https:\/\/yoast.com\/product\/yoast-seo-wordpress\/ -->\n<title>2\u00ba Fly-In do Aeroclube de Pirassununga ter\u00e1 atra\u00e7\u00f5es a\u00e9reas, exposi\u00e7\u00e3o de aeronaves e atividades para crian\u00e7as - Jornal O Movimento<\/title>\n<meta name=\"robots\" content=\"index, follow, max-snippet:-1, max-image-preview:large, max-video-preview:-1\" \/>\n<link rel=\"canonical\" href=\"https:\/\/www.omovimento.com.br\/portal\/geral\/2o-fly-in-do-aeroclube-de-pirassununga-tera-atracoes-aereas-exposicao-de-aeronaves-e-atividades-para-criancas\/\" \/>\n<meta property=\"og:locale\" content=\"pt_BR\" \/>\n<meta property=\"og:type\" content=\"article\" \/>\n<meta property=\"og:title\" content=\"2\u00ba Fly-In do Aeroclube de Pirassununga ter\u00e1 atra\u00e7\u00f5es a\u00e9reas, exposi\u00e7\u00e3o de aeronaves e atividades para crian\u00e7as - Jornal O Movimento\" \/>\n<meta property=\"og:description\" content=\"O Aeroclube de Pirassununga realiza no dia 20 de setembro o 2\u00ba Fly-In, evento que promete reunir atra\u00e7\u00f5es a\u00e9reas, exposi\u00e7\u00e3o de aeronaves, atividades para crian\u00e7as, pra\u00e7a de alimenta\u00e7\u00e3o e a\u00e7\u00f5es de solidariedade. A programa\u00e7\u00e3o foi preparada para receber fam\u00edlias, moradores da regi\u00e3o e apaixonados pelo mundo da avia\u00e7\u00e3o, que poder\u00e3o acompanhar de perto as aeronaves\" \/>\n<meta property=\"og:url\" content=\"https:\/\/www.omovimento.com.br\/portal\/geral\/2o-fly-in-do-aeroclube-de-pirassununga-tera-atracoes-aereas-exposicao-de-aeronaves-e-atividades-para-criancas\/\" \/>\n<meta property=\"og:site_name\" content=\"Jornal O Movimento\" \/>\n<meta property=\"article:published_time\" content=\"2026-09-05T19:17:57+00:00\" \/>\n<meta property=\"article:modified_time\" content=\"2026-09-05T19:34:33+00:00\" \/>\n<meta property=\"og:image\" content=\"https:\/\/www.omovimento.com.br\/portal\/wp-content\/uploads\/2026\/09\/cats-2.jpg\" \/>\n\t<meta property=\"og:image:width\" content=\"768\" \/>\n\t<meta property=\"og:image:height\" content=\"432\" \/>\n\t<meta property=\"og:image:type\" content=\"image\/jpeg\" \/>\n<meta name=\"author\" content=\"Reda\u00e7\u00e3o\" \/>\n<meta name=\"twitter:card\" content=\"summary_large_image\" \/>\n<meta name=\"twitter:label1\" content=\"Escrito por\" \/>\n\t<meta name=\"twitter:data1\" content=\"Reda\u00e7\u00e3o\" \/>\n\t<meta name=\"twitter:label2\" content=\"Est. tempo de leitura\" \/>\n\t<meta name=\"twitter:data2\" content=\"2 minutos\" \/>\n<script type=\"application\/ld+json\" class=\"yoast-schema-graph\">{\"@context\":\"https:\\\/\\\/schema.org\",\"@graph\":[{\"@type\":\"Article\",\"@id\":\"https:\\\/\\\/www.omovimento.com.br\\\/portal\\\/geral\\\/2o-fly-in-do-aeroclube-de-pirassununga-tera-atracoes-aereas-exposicao-de-aeronaves-e-atividades-para-criancas\\\/#article\",\"isPartOf\":{\"@id\":\"https:\\\/\\\/www.omovimento.com.br\\\/portal\\\/geral\\\/2o-fly-in-do-aeroclube-de-pirassununga-tera-atracoes-aereas-exposicao-de-aeronaves-e-atividades-para-criancas\\\/\"},\"author\":{\"name\":\"Reda\u00e7\u00e3o\",\"@id\":\"https:\\\/\\\/www.omovimento.com.br\\\/portal\\\/#\\\/schema\\\/person\\\/e7d3971f53952141ade7388e0033ce8d\"},\"headline\":\"2\u00ba Fly-In do Aeroclube de Pirassununga ter\u00e1 atra\u00e7\u00f5es a\u00e9reas, exposi\u00e7\u00e3o de aeronaves e atividades para crian\u00e7as\",\"datePublished\":\"2026-09-05T19:17:57+00:00\",\"dateModified\":\"2026-09-05T19:34:33+00:00\",\"mainEntityOfPage\":{\"@id\":\"https:\\\/\\\/www.omovimento.com.br\\\/portal\\\/geral\\\/2o-fly-in-do-aeroclube-de-pirassununga-tera-atracoes-aereas-exposicao-de-aeronaves-e-atividades-para-criancas\\\/\"},\"wordCount\":270,\"commentCount\":0,\"publisher\":{\"@id\":\"https:\\\/\\\/www.omovimento.com.br\\\/portal\\\/#organization\"},\"image\":{\"@id\":\"https:\\\/\\\/www.omovimento.com.br\\\/portal\\\/geral\\\/2o-fly-in-do-aeroclube-de-pirassununga-tera-atracoes-aereas-exposicao-de-aeronaves-e-atividades-para-criancas\\\/#primaryimage\"},\"thumbnailUrl\":\"https:\\\/\\\/www.omovimento.com.br\\\/portal\\\/wp-content\\\/uploads\\\/2026\\\/09\\\/cats-2.jpg\",\"articleSection\":[\"Cidade\",\"Geral\"],\"inLanguage\":\"pt-BR\",\"potentialAction\":[{\"@type\":\"CommentAction\",\"name\":\"Comment\",\"target\":[\"https:\\\/\\\/www.omovimento.com.br\\\/portal\\\/geral\\\/2o-fly-in-do-aeroclube-de-pirassununga-tera-atracoes-aereas-exposicao-de-aeronaves-e-atividades-para-criancas\\\/#respond\"]}]},{\"@type\":\"WebPage\",\"@id\":\"https:\\\/\\\/www.omovimento.com.br\\\/portal\\\/geral\\\/2o-fly-in-do-aeroclube-de-pirassununga-tera-atracoes-aereas-exposicao-de-aeronaves-e-atividades-para-criancas\\\/\",\"url\":\"https:\\\/\\\/www.omovimento.com.br\\\/portal\\\/geral\\\/2o-fly-in-do-aeroclube-de-pirassununga-tera-atracoes-aereas-exposicao-de-aeronaves-e-atividades-para-criancas\\\/\",\"name\":\"2\u00ba Fly-In do Aeroclube de Pirassununga ter\u00e1 atra\u00e7\u00f5es a\u00e9reas, exposi\u00e7\u00e3o de aeronaves e atividades para crian\u00e7as - Jornal O Movimento\",\"isPartOf\":{\"@id\":\"https:\\\/\\\/www.omovimento.com.br\\\/portal\\\/#website\"},\"primaryImageOfPage\":{\"@id\":\"https:\\\/\\\/www.omovimento.com.br\\\/portal\\\/geral\\\/2o-fly-in-do-aeroclube-de-pirassununga-tera-atracoes-aereas-exposicao-de-aeronaves-e-atividades-para-criancas\\\/#primaryimage\"},\"image\":{\"@id\":\"https:\\\/\\\/www.omovimento.com.br\\\/portal\\\/geral\\\/2o-fly-in-do-aeroclube-de-pirassununga-tera-atracoes-aereas-exposicao-de-aeronaves-e-atividades-para-criancas\\\/#primaryimage\"},\"thumbnailUrl\":\"https:\\\/\\\/www.omovimento.com.br\\\/portal\\\/wp-content\\\/uploads\\\/2026\\\/09\\\/cats-2.jpg\",\"datePublished\":\"2026-09-05T19:17:57+00:00\",\"dateModified\":\"2026-09-05T19:34:33+00:00\",\"breadcrumb\":{\"@id\":\"https:\\\/\\\/www.omovimento.com.br\\\/portal\\\/geral\\\/2o-fly-in-do-aeroclube-de-pirassununga-tera-atracoes-aereas-exposicao-de-aeronaves-e-atividades-para-criancas\\\/#breadcrumb\"},\"inLanguage\":\"pt-BR\",\"potentialAction\":[{\"@type\":\"ReadAction\",\"target\":[\"https:\\\/\\\/www.omovimento.com.br\\\/portal\\\/geral\\\/2o-fly-in-do-aeroclube-de-pirassununga-tera-atracoes-aereas-exposicao-de-aeronaves-e-atividades-para-criancas\\\/\"]}]},{\"@type\":\"ImageObject\",\"inLanguage\":\"pt-BR\",\"@id\":\"https:\\\/\\\/www.omovimento.com.br\\\/portal\\\/geral\\\/2o-fly-in-do-aeroclube-de-pirassununga-tera-atracoes-aereas-exposicao-de-aeronaves-e-atividades-para-criancas\\\/#primaryimage\",\"url\":\"https:\\\/\\\/www.omovimento.com.br\\\/portal\\\/wp-content\\\/uploads\\\/2026\\\/09\\\/cats-2.jpg\",\"contentUrl\":\"https:\\\/\\\/www.omovimento.com.br\\\/portal\\\/wp-content\\\/uploads\\\/2026\\\/09\\\/cats-2.jpg\",\"width\":768,\"height\":432,\"caption\":\"\u00a9 Aeroclube de Pirassununga\"},{\"@type\":\"BreadcrumbList\",\"@id\":\"https:\\\/\\\/www.omovimento.com.br\\\/portal\\\/geral\\\/2o-fly-in-do-aeroclube-de-pirassununga-tera-atracoes-aereas-exposicao-de-aeronaves-e-atividades-para-criancas\\\/#breadcrumb\",\"itemListElement\":[{\"@type\":\"ListItem\",\"position\":1,\"name\":\"In\u00edcio\",\"item\":\"https:\\\/\\\/www.omovimento.com.br\\\/portal\\\/\"},{\"@type\":\"ListItem\",\"position\":2,\"name\":\"2\u00ba Fly-In do Aeroclube de Pirassununga ter\u00e1 atra\u00e7\u00f5es a\u00e9reas, exposi\u00e7\u00e3o de aeronaves e atividades para crian\u00e7as\"}]},{\"@type\":\"WebSite\",\"@id\":\"https:\\\/\\\/www.omovimento.com.br\\\/portal\\\/#website\",\"url\":\"https:\\\/\\\/www.omovimento.com.br\\\/portal\\\/\",\"name\":\"Jornal O Movimento\",\"description\":\"\",\"publisher\":{\"@id\":\"https:\\\/\\\/www.omovimento.com.br\\\/portal\\\/#organization\"},\"potentialAction\":[{\"@type\":\"SearchAction\",\"target\":{\"@type\":\"EntryPoint\",\"urlTemplate\":\"https:\\\/\\\/www.omovimento.com.br\\\/portal\\\/?s={search_term_string}\"},\"query-input\":{\"@type\":\"PropertyValueSpecification\",\"valueRequired\":true,\"valueName\":\"search_term_string\"}}],\"inLanguage\":\"pt-BR\"},{\"@type\":\"Organization\",\"@id\":\"https:\\\/\\\/www.omovimento.com.br\\\/portal\\\/#organization\",\"name\":\"Jornal O Movimento\",\"url\":\"https:\\\/\\\/www.omovimento.com.br\\\/portal\\\/\",\"logo\":{\"@type\":\"ImageObject\",\"inLanguage\":\"pt-BR\",\"@id\":\"https:\\\/\\\/www.omovimento.com.br\\\/portal\\\/#\\\/schema\\\/logo\\\/image\\\/\",\"url\":\"https:\\\/\\\/www.omovimento.com.br\\\/portal\\\/wp-content\\\/uploads\\\/2026\\\/03\\\/logo_jornal_O_Movimento-1-1536x343-1-1.png\",\"contentUrl\":\"https:\\\/\\\/www.omovimento.com.br\\\/portal\\\/wp-content\\\/uploads\\\/2026\\\/03\\\/logo_jornal_O_Movimento-1-1536x343-1-1.png\",\"width\":1536,\"height\":343,\"caption\":\"Jornal O Movimento\"},\"image\":{\"@id\":\"https:\\\/\\\/www.omovimento.com.br\\\/portal\\\/#\\\/schema\\\/logo\\\/image\\\/\"}},{\"@type\":\"Person\",\"@id\":\"https:\\\/\\\/www.omovimento.com.br\\\/portal\\\/#\\\/schema\\\/person\\\/e7d3971f53952141ade7388e0033ce8d\",\"name\":\"Reda\u00e7\u00e3o\",\"image\":{\"@type\":\"ImageObject\",\"inLanguage\":\"pt-BR\",\"@id\":\"https:\\\/\\\/secure.gravatar.com\\\/avatar\\\/549ab8e14173ace5e8b1c3bd80cf838bc0d00b7e1b65a361093164d85a62d45b?s=96&d=mm&r=g\",\"url\":\"https:\\\/\\\/secure.gravatar.com\\\/avatar\\\/549ab8e14173ace5e8b1c3bd80cf838bc0d00b7e1b65a361093164d85a62d45b?s=96&d=mm&r=g\",\"contentUrl\":\"https:\\\/\\\/secure.gravatar.com\\\/avatar\\\/549ab8e14173ace5e8b1c3bd80cf838bc0d00b7e1b65a361093164d85a62d45b?s=96&d=mm&r=g\",\"caption\":\"Reda\u00e7\u00e3o\"},\"url\":\"https:\\\/\\\/www.omovimento.com.br\\\/portal\\\/author\\\/admin\\\/\"}]}<\/script>\n<!-- \/ Yoast SEO plugin. -->","yoast_head_json":{"title":"2\u00ba Fly-In do Aeroclube de Pirassununga ter\u00e1 atra\u00e7\u00f5es a\u00e9reas, exposi\u00e7\u00e3o de aeronaves e atividades para crian\u00e7as - Jornal O Movimento","robots":{"index":"index","follow":"follow","max-snippet":"max-snippet:-1","max-image-preview":"max-image-preview:large","max-video-preview":"max-video-preview:-1"},"canonical":"https:\/\/www.omovimento.com.br\/portal\/geral\/2o-fly-in-do-aeroclube-de-pirassununga-tera-atracoes-aereas-exposicao-de-aeronaves-e-atividades-para-criancas\/","og_locale":"pt_BR","og_type":"article","og_title":"2\u00ba Fly-In do Aeroclube de Pirassununga ter\u00e1 atra\u00e7\u00f5es a\u00e9reas, exposi\u00e7\u00e3o de aeronaves e atividades para crian\u00e7as - Jornal O Movimento","og_description":"O Aeroclube de Pirassununga realiza no dia 20 de setembro o 2\u00ba Fly-In, evento que promete reunir atra\u00e7\u00f5es a\u00e9reas, exposi\u00e7\u00e3o de aeronaves, atividades para crian\u00e7as, pra\u00e7a de alimenta\u00e7\u00e3o e a\u00e7\u00f5es de solidariedade. A programa\u00e7\u00e3o foi preparada para receber fam\u00edlias, moradores da regi\u00e3o e apaixonados pelo mundo da avia\u00e7\u00e3o, que poder\u00e3o acompanhar de perto as aeronaves","og_url":"https:\/\/www.omovimento.com.br\/portal\/geral\/2o-fly-in-do-aeroclube-de-pirassununga-tera-atracoes-aereas-exposicao-de-aeronaves-e-atividades-para-criancas\/","og_site_name":"Jornal O Movimento","article_published_time":"2026-09-05T19:17:57+00:00","article_modified_time":"2026-09-05T19:34:33+00:00","og_image":[{"width":768,"height":432,"url":"https:\/\/www.omovimento.com.br\/portal\/wp-content\/uploads\/2026\/09\/cats-2.jpg","type":"image\/jpeg"}],"author":"Reda\u00e7\u00e3o","twitter_card":"summary_large_image","twitter_misc":{"Escrito por":"Reda\u00e7\u00e3o","Est. tempo de leitura":"2 minutos"},"schema":{"@context":"https:\/\/schema.org","@graph":[{"@type":"Article","@id":"https:\/\/www.omovimento.com.br\/portal\/geral\/2o-fly-in-do-aeroclube-de-pirassununga-tera-atracoes-aereas-exposicao-de-aeronaves-e-atividades-para-criancas\/#article","isPartOf":{"@id":"https:\/\/www.omovimento.com.br\/portal\/geral\/2o-fly-in-do-aeroclube-de-pirassununga-tera-atracoes-aereas-exposicao-de-aeronaves-e-atividades-para-criancas\/"},"author":{"name":"Reda\u00e7\u00e3o","@id":"https:\/\/www.omovimento.com.br\/portal\/#\/schema\/person\/e7d3971f53952141ade7388e0033ce8d"},"headline":"2\u00ba Fly-In do Aeroclube de Pirassununga ter\u00e1 atra\u00e7\u00f5es a\u00e9reas, exposi\u00e7\u00e3o de aeronaves e atividades para crian\u00e7as","datePublished":"2026-09-05T19:17:57+00:00","dateModified":"2026-09-05T19:34:33+00:00","mainEntityOfPage":{"@id":"https:\/\/www.omovimento.com.br\/portal\/geral\/2o-fly-in-do-aeroclube-de-pirassununga-tera-atracoes-aereas-exposicao-de-aeronaves-e-atividades-para-criancas\/"},"wordCount":270,"commentCount":0,"publisher":{"@id":"https:\/\/www.omovimento.com.br\/portal\/#organization"},"image":{"@id":"https:\/\/www.omovimento.com.br\/portal\/geral\/2o-fly-in-do-aeroclube-de-pirassununga-tera-atracoes-aereas-exposicao-de-aeronaves-e-atividades-para-criancas\/#primaryimage"},"thumbnailUrl":"https:\/\/www.omovimento.com.br\/portal\/wp-content\/uploads\/2026\/09\/cats-2.jpg","articleSection":["Cidade","Geral"],"inLanguage":"pt-BR","potentialAction":[{"@type":"CommentAction","name":"Comment","target":["https:\/\/www.omovimento.com.br\/portal\/geral\/2o-fly-in-do-aeroclube-de-pirassununga-tera-atracoes-aereas-exposicao-de-aeronaves-e-atividades-para-criancas\/#respond"]}]},{"@type":"WebPage","@id":"https:\/\/www.omovimento.com.br\/portal\/geral\/2o-fly-in-do-aeroclube-de-pirassununga-tera-atracoes-aereas-exposicao-de-aeronaves-e-atividades-para-criancas\/","url":"https:\/\/www.omovimento.com.br\/portal\/geral\/2o-fly-in-do-aeroclube-de-pirassununga-tera-atracoes-aereas-exposicao-de-aeronaves-e-atividades-para-criancas\/","name":"2\u00ba Fly-In do Aeroclube de Pirassununga ter\u00e1 atra\u00e7\u00f5es a\u00e9reas, exposi\u00e7\u00e3o de aeronaves e atividades para crian\u00e7as - Jornal O Movimento","isPartOf":{"@id":"https:\/\/www.omovimento.com.br\/portal\/#website"},"primaryImageOfPage":{"@id":"https:\/\/www.omovimento.com.br\/portal\/geral\/2o-fly-in-do-aeroclube-de-pirassununga-tera-atracoes-aereas-exposicao-de-aeronaves-e-atividades-para-criancas\/#primaryimage"},"image":{"@id":"https:\/\/www.omovimento.com.br\/portal\/geral\/2o-fly-in-do-aeroclube-de-pirassununga-tera-atracoes-aereas-exposicao-de-aeronaves-e-atividades-para-criancas\/#primaryimage"},"thumbnailUrl":"https:\/\/www.omovimento.com.br\/portal\/wp-content\/uploads\/2026\/09\/cats-2.jpg","datePublished":"2026-09-05T19:17:57+00:00","dateModified":"2026-09-05T19:34:33+00:00","breadcrumb":{"@id":"https:\/\/www.omovimento.com.br\/portal\/geral\/2o-fly-in-do-aeroclube-de-pirassununga-tera-atracoes-aereas-exposicao-de-aeronaves-e-atividades-para-criancas\/#breadcrumb"},"inLanguage":"pt-BR","potentialAction":[{"@type":"ReadAction","target":["https:\/\/www.omovimento.com.br\/portal\/geral\/2o-fly-in-do-aeroclube-de-pirassununga-tera-atracoes-aereas-exposicao-de-aeronaves-e-atividades-para-criancas\/"]}]},{"@type":"ImageObject","inLanguage":"pt-BR","@id":"https:\/\/www.omovimento.com.br\/portal\/geral\/2o-fly-in-do-aeroclube-de-pirassununga-tera-atracoes-aereas-exposicao-de-aeronaves-e-atividades-para-criancas\/#primaryimage","url":"https:\/\/www.omovimento.com.br\/portal\/wp-content\/uploads\/2026\/09\/cats-2.jpg","contentUrl":"https:\/\/www.omovimento.com.br\/portal\/wp-content\/uploads\/2026\/09\/cats-2.jpg","width":768,"height":432,"caption":"\u00a9 Aeroclube de Pirassununga"},{"@type":"BreadcrumbList","@id":"https:\/\/www.omovimento.com.br\/portal\/geral\/2o-fly-in-do-aeroclube-de-pirassununga-tera-atracoes-aereas-exposicao-de-aeronaves-e-atividades-para-criancas\/#breadcrumb","itemListElement":[{"@type":"ListItem","position":1,"name":"In\u00edcio","item":"https:\/\/www.omovimento.com.br\/portal\/"},{"@type":"ListItem","position":2,"name":"2\u00ba Fly-In do Aeroclube de Pirassununga ter\u00e1 atra\u00e7\u00f5es a\u00e9reas, exposi\u00e7\u00e3o de aeronaves e atividades para crian\u00e7as"}]},{"@type":"WebSite","@id":"https:\/\/www.omovimento.com.br\/portal\/#website","url":"https:\/\/www.omovimento.com.br\/portal\/","name":"Jornal O Movimento","description":"","publisher":{"@id":"https:\/\/www.omovimento.com.br\/portal\/#organization"},"potentialAction":[{"@type":"SearchAction","target":{"@type":"EntryPoint","urlTemplate":"https:\/\/www.omovimento.com.br\/portal\/?s={search_term_string}"},"query-input":{"@type":"PropertyValueSpecification","valueRequired":true,"valueName":"search_term_string"}}],"inLanguage":"pt-BR"},{"@type":"Organization","@id":"https:\/\/www.omovimento.com.br\/portal\/#organization","name":"Jornal O Movimento","url":"https:\/\/www.omovimento.com.br\/portal\/","logo":{"@type":"ImageObject","inLanguage":"pt-BR","@id":"https:\/\/www.omovimento.com.br\/portal\/#\/schema\/logo\/image\/","url":"https:\/\/www.omovimento.com.br\/portal\/wp-content\/uploads\/2026\/03\/logo_jornal_O_Movimento-1-1536x343-1-1.png","contentUrl":"https:\/\/www.omovimento.com.br\/portal\/wp-content\/uploads\/2026\/03\/logo_jornal_O_Movimento-1-1536x343-1-1.png","width":1536,"height":343,"caption":"Jornal O Movimento"},"image":{"@id":"https:\/\/www.omovimento.com.br\/portal\/#\/schema\/logo\/image\/"}},{"@type":"Person","@id":"https:\/\/www.omovimento.com.br\/portal\/#\/schema\/person\/e7d3971f53952141ade7388e0033ce8d","name":"Reda\u00e7\u00e3o","image":{"@type":"ImageObject","inLanguage":"pt-BR","@id":"https:\/\/secure.gravatar.com\/avatar\/549ab8e14173ace5e8b1c3bd80cf838bc0d00b7e1b65a361093164d85a62d45b?s=96&d=mm&r=g","url":"https:\/\/secure.gravatar.com\/avatar\/549ab8e14173ace5e8b1c3bd80cf838bc0d00b7e1b65a361093164d85a62d45b?s=96&d=mm&r=g","contentUrl":"https:\/\/secure.gravatar.com\/avatar\/549ab8e14173ace5e8b1c3bd80cf838bc0d00b7e1b65a361093164d85a62d45b?s=96&d=mm&r=g","caption":"Reda\u00e7\u00e3o"},"url":"https:\/\/www.omovimento.com.br\/portal\/author\/admin\/"}]}},"_links":{"self":[{"href":"https:\/\/www.omovimento.com.br\/portal\/wp-json\/wp\/v2\/posts\/46347","targetHints":{"allow":["GET"]}}],"collection":[{"href":"https:\/\/www.omovimento.com.br\/portal\/wp-json\/wp\/v2\/posts"}],"about":[{"href":"https:\/\/www.omovimento.com.br\/portal\/wp-json\/wp\/v2\/types\/post"}],"author":[{"embeddable":true,"href":"https:\/\/www.omovimento.com.br\/portal\/wp-json\/wp\/v2\/users\/3"}],"replies":[{"embeddable":true,"href":"https:\/\/www.omovimento.com.br\/portal\/wp-json\/wp\/v2\/comments?post=46347"}],"version-history":[{"count":2,"href":"https:\/\/www.omovimento.com.br\/portal\/wp-json\/wp\/v2\/posts\/46347\/revisions"}],"predecessor-version":[{"id":46350,"href":"https:\/\/www.omovimento.com.br\/portal\/wp-json\/wp\/v2\/posts\/46347\/revisions\/46350"}],"wp:featuredmedia":[{"embeddable":true,"href":"https:\/\/www.omovimento.com.br\/portal\/wp-json\/wp\/v2\/media\/46348"}],"wp:attachment":[{"href":"https:\/\/www.omovimento.com.br\/portal\/wp-json\/wp\/v2\/media?parent=46347"}],"wp:term":[{"taxonomy":"category","embeddable":true,"href":"https:\/\/www.omovimento.com.br\/portal\/wp-json\/wp\/v2\/categories?post=46347"},{"taxonomy":"post_tag","embeddable":true,"href":"https:\/\/www.omovimento.com.br\/portal\/wp-json\/wp\/v2\/tags?post=46347"}],"curies":[{"name":"wp","href":"https:\/\/api.w.org\/{rel}","templated":true}]}}