{"id":46341,"date":"2026-09-05T14:13:04","date_gmt":"2026-09-05T17:13:04","guid":{"rendered":"https:\/\/www.omovimento.com.br\/portal\/?p=46341"},"modified":"2026-09-05T14:15:21","modified_gmt":"2026-09-05T17:15:21","slug":"moradora-denuncia-cachorro-ferido-no-jardim-planalto-e-cobra-providencias-em-pirassununga","status":"publish","type":"post","link":"https:\/\/www.omovimento.com.br\/portal\/geral\/moradora-denuncia-cachorro-ferido-no-jardim-planalto-e-cobra-providencias-em-pirassununga\/","title":{"rendered":"Moradora denuncia cachorro ferido no Jardim Planalto e cobra provid\u00eancias em Pirassununga"},"content":{"rendered":"<p class=\"isSelectedEnd\"><span style=\"font-family: tahoma, arial, helvetica, sans-serif; font-size: 12pt;\">Um <strong>cachorro ferido e com aspecto debilitado<\/strong> est\u00e1 circulando pelas ruas do <strong>Jardim Planalto, em Pirassununga (SP)<\/strong>, segundo den\u00fancia feita por uma moradora ao <strong>Jornal O Movimento<\/strong>. V\u00eddeos encaminhados \u00e0 reportagem mostram o animal com <strong>ferimentos aparentes na regi\u00e3o traseira do corpo<\/strong>, al\u00e9m de sinais de desconforto enquanto se movimenta.<\/span><\/p><div id=\"omovi-3252224125\" class=\"omovi-conteudo-2 omovi-entity-placement\"><div id=\"63534-28\"><script src=\"\/\/ads.themoneytizer.com\/s\/gen.js?type=28\"><\/script><script src=\"\/\/ads.themoneytizer.com\/s\/requestform.js?siteId=63534&formatId=28\" ><\/script><\/div><\/div>\n<p class=\"isSelectedEnd\"><span style=\"font-family: tahoma, arial, helvetica, sans-serif; font-size: 12pt;\">Preocupada com a situa\u00e7\u00e3o, a moradora procurou o jornal para <strong>cobrar provid\u00eancias das autoridades e da Prefeitura de Pirassununga<\/strong>. Ela pede que o animal seja localizado, avaliado por um veterin\u00e1rio e receba atendimento.<\/span><\/p>\n<p><img decoding=\"async\" class=\"aligncenter\" src=\"https:\/\/www.omovimento.com.br\/portal\/wp-content\/uploads\/2026\/06\/cats-2.jpg\" \/><\/p>\n<p><a href=\"https:\/\/play.google.com\/store\/apps\/details?id=com.logicahost.frequenciaum\"><img fetchpriority=\"high\" decoding=\"async\" class=\"alignnone size-full wp-image-46323\" src=\"https:\/\/www.omovimento.com.br\/portal\/wp-content\/uploads\/2026\/09\/4f646a98-bc20-4b42-aaeb-2adce1863651.png\" alt=\"\" width=\"1000\" height=\"509\" srcset=\"https:\/\/www.omovimento.com.br\/portal\/wp-content\/uploads\/2026\/09\/4f646a98-bc20-4b42-aaeb-2adce1863651.png 1000w, https:\/\/www.omovimento.com.br\/portal\/wp-content\/uploads\/2026\/09\/4f646a98-bc20-4b42-aaeb-2adce1863651-300x153.png 300w, https:\/\/www.omovimento.com.br\/portal\/wp-content\/uploads\/2026\/09\/4f646a98-bc20-4b42-aaeb-2adce1863651-768x391.png 768w, https:\/\/www.omovimento.com.br\/portal\/wp-content\/uploads\/2026\/09\/4f646a98-bc20-4b42-aaeb-2adce1863651-150x76.png 150w, https:\/\/www.omovimento.com.br\/portal\/wp-content\/uploads\/2026\/09\/4f646a98-bc20-4b42-aaeb-2adce1863651-450x229.png 450w\" sizes=\"(max-width: 1000px) 100vw, 1000px\" \/><\/a><\/p>\n<h3><span style=\"font-family: tahoma, arial, helvetica, sans-serif; font-size: 14pt;\">Moradora cobra provid\u00eancias<\/span><\/h3>\n<p class=\"isSelectedEnd\"><span style=\"font-family: tahoma, arial, helvetica, sans-serif; font-size: 12pt;\">Segundo a den\u00fancia, o cachorro permanece circulando pelas ruas mesmo apresentando sinais vis\u00edveis de les\u00e3o. A situa\u00e7\u00e3o preocupa porque o animal est\u00e1 exposto a <strong>tr\u00e2nsito, outros riscos e \u00e0 possibilidade de agravamento dos ferimentos<\/strong> sem receber assist\u00eancia.<\/span><\/p>\n<p class=\"isSelectedEnd\"><span style=\"font-family: tahoma, arial, helvetica, sans-serif; font-size: 12pt;\">A moradora questiona quem deve atuar nesses casos e cobra uma resposta do poder p\u00fablico para evitar que animais em situa\u00e7\u00e3o de vulnerabilidade permane\u00e7am sem atendimento.<\/span><\/p>\n<h3><span style=\"font-family: tahoma, arial, helvetica, sans-serif; font-size: 14pt;\">Jornal questiona Prefeitura e COMBEA<\/span><\/h3>\n<p class=\"isSelectedEnd\"><span style=\"font-family: tahoma, arial, helvetica, sans-serif; font-size: 12pt;\">Diante da den\u00fancia, o <strong>Jornal O Movimento<\/strong> questionou a <strong>Prefeitura de Pirassununga<\/strong> sobre o caso e sobre os servi\u00e7os dispon\u00edveis para atender animais abandonados ou feridos no munic\u00edpio.<\/span><\/p>\n<p class=\"isSelectedEnd\"><span style=\"font-family: tahoma, arial, helvetica, sans-serif; font-size: 12pt;\">A reportagem tamb\u00e9m procurou o <strong>Conselho Municipal de Bem-Estar Animal de Pirassununga (COMBEA)<\/strong> para saber <strong>como o \u00f3rg\u00e3o avalia a situa\u00e7\u00e3o dos animais abandonados na cidade<\/strong>, quais medidas podem ser adotadas e quais s\u00e3o os procedimentos indicados para casos como o do cachorro encontrado no Jardim Planalto.<\/span><\/p>\n<p class=\"isSelectedEnd\"><span style=\"font-family: tahoma, arial, helvetica, sans-serif; font-size: 12pt;\">O jornal tamb\u00e9m busca esclarecer <strong>como funciona a atua\u00e7\u00e3o dos \u00f3rg\u00e3os municipais e demais entidades de prote\u00e7\u00e3o animal<\/strong> e quais canais devem ser utilizados pela popula\u00e7\u00e3o quando encontrar um animal ferido, abandonado ou em situa\u00e7\u00e3o de risco.<\/span><\/p>\n<h3><span style=\"font-family: tahoma, arial, helvetica, sans-serif; font-size: 14pt;\">STF refor\u00e7a responsabilidade do poder p\u00fablico<\/span><\/h3>\n<p class=\"isSelectedEnd\"><span style=\"font-family: tahoma, arial, helvetica, sans-serif; font-size: 12pt;\">A discuss\u00e3o ocorre em um momento em que a responsabilidade do poder p\u00fablico pela prote\u00e7\u00e3o animal ganhou ainda mais destaque.<\/span><\/p>\n<p class=\"isSelectedEnd\"><span style=\"font-family: tahoma, arial, helvetica, sans-serif; font-size: 12pt;\">O <strong>Supremo Tribunal Federal (STF)<\/strong> reconheceu, em julgamento envolvendo o munic\u00edpio de <strong>Catanduva (SP)<\/strong>, a exist\u00eancia de deveres do poder p\u00fablico relacionados \u00e0 prote\u00e7\u00e3o dos animais e \u00e0 ado\u00e7\u00e3o de pol\u00edticas voltadas ao acolhimento e tratamento de c\u00e3es e gatos abandonados ou v\u00edtimas de maus-tratos.<\/span><\/p>\n<p class=\"isSelectedEnd\"><span style=\"font-family: tahoma, arial, helvetica, sans-serif; font-size: 12pt;\">A decis\u00e3o <strong>n\u00e3o significa que todos os animais de rua devam ser recolhidos imediatamente<\/strong>, mas refor\u00e7a a import\u00e2ncia de pol\u00edticas p\u00fablicas e mecanismos de atendimento e prote\u00e7\u00e3o animal.<\/span><\/p>\n<h3><span style=\"font-family: tahoma, arial, helvetica, sans-serif; font-size: 14pt;\">Caso chama aten\u00e7\u00e3o para abandono de animais<\/span><\/h3>\n<p class=\"isSelectedEnd\"><span style=\"font-family: tahoma, arial, helvetica, sans-serif; font-size: 12pt;\">O caso denunciado no Jardim Planalto tamb\u00e9m coloca em evid\u00eancia um problema que afeta diferentes bairros: <strong>animais abandonados ou em situa\u00e7\u00e3o de vulnerabilidade circulando pelas ruas sem assist\u00eancia<\/strong>.<\/span><\/p>\n<p class=\"isSelectedEnd\"><span style=\"font-family: tahoma, arial, helvetica, sans-serif; font-size: 12pt;\">Para a moradora que procurou o jornal, o cachorro precisa de atendimento e a situa\u00e7\u00e3o n\u00e3o deveria ser ignorada.<\/span><\/p>\n<p class=\"isSelectedEnd\"><span style=\"font-size: 12pt;\"><span style=\"font-family: tahoma, arial, helvetica, sans-serif;\">O <strong>Jornal O Movimento acompanha o caso e aguarda as respostas da Prefeitura de Pirassununga e do COMBEA<\/strong>. As manifesta\u00e7\u00f5es dos \u00f3rg\u00e3os ser\u00e3o inclu\u00eddas na reportagem assim que forem recebidas.<\/span><\/span><\/p>\n<p class=\"isSelectedEnd\"><span style=\"font-size: 12pt;\"><span style=\"font-family: tahoma, arial, helvetica, sans-serif;\">\ud83d\udcf9 <strong>V\u00eddeos: enviados por moradora ao Jornal O Movimento<\/strong><\/span><\/span><\/p>\n<blockquote class=\"instagram-media\" style=\"background: #FFF; border: 0; border-radius: 3px; box-shadow: 0 0 1px 0 rgba(0,0,0,0.5),0 1px 10px 0 rgba(0,0,0,0.15); margin: 1px; max-width: 540px; min-width: 326px; padding: 0; width: calc(100% - 2px);\" data-instgrm-captioned=\"\" data-instgrm-permalink=\"https:\/\/www.instagram.com\/p\/Dc6d5oaDtvK\/?utm_source=ig_embed&amp;utm_campaign=loading\" data-instgrm-version=\"14\">\n<div style=\"padding: 16px;\">\n<p>&nbsp;<\/p>\n<div style=\"display: flex; flex-direction: row; align-items: center;\">\n<div style=\"background-color: #f4f4f4; border-radius: 50%; flex-grow: 0; height: 40px; margin-right: 14px; width: 40px;\"><\/div>\n<div style=\"display: flex; flex-direction: column; flex-grow: 1; justify-content: center;\">\n<div style=\"background-color: #f4f4f4; border-radius: 4px; flex-grow: 0; height: 14px; margin-bottom: 6px; width: 100px;\"><\/div>\n<div style=\"background-color: #f4f4f4; border-radius: 4px; flex-grow: 0; height: 14px; width: 60px;\"><\/div>\n<\/div>\n<\/div>\n<div style=\"padding: 19% 0;\"><\/div>\n<div style=\"display: block; height: 50px; margin: 0 auto 12px; width: 50px;\"><\/div>\n<div style=\"padding-top: 8px;\">\n<div style=\"color: #3897f0; font-family: Arial,sans-serif; font-size: 14px; font-style: normal; font-weight: 550; line-height: 18px;\">Ver essa foto no Instagram<\/div>\n<\/div>\n<div style=\"padding: 12.5% 0;\"><\/div>\n<div style=\"display: flex; flex-direction: row; margin-bottom: 14px; align-items: center;\">\n<div>\n<div style=\"background-color: #f4f4f4; border-radius: 50%; height: 12.5px; width: 12.5px; transform: translateX(0px) translateY(7px);\"><\/div>\n<div style=\"background-color: #f4f4f4; height: 12.5px; transform: rotate(-45deg) translateX(3px) translateY(1px); width: 12.5px; flex-grow: 0; margin-right: 14px; margin-left: 2px;\"><\/div>\n<div style=\"background-color: #f4f4f4; border-radius: 50%; height: 12.5px; width: 12.5px; transform: translateX(9px) translateY(-18px);\"><\/div>\n<\/div>\n<div style=\"margin-left: 8px;\">\n<div style=\"background-color: #f4f4f4; border-radius: 50%; flex-grow: 0; height: 20px; width: 20px;\"><\/div>\n<div style=\"width: 0; height: 0; border-top: 2px solid transparent; border-left: 6px solid #f4f4f4; border-bottom: 2px solid transparent; transform: translateX(16px) translateY(-4px) rotate(30deg);\"><\/div>\n<\/div>\n<div style=\"margin-left: auto;\">\n<div style=\"width: 0px; border-top: 8px solid #F4F4F4; border-right: 8px solid transparent; transform: translateY(16px);\"><\/div>\n<div style=\"background-color: #f4f4f4; flex-grow: 0; height: 12px; width: 16px; transform: translateY(-4px);\"><\/div>\n<div style=\"width: 0; height: 0; border-top: 8px solid #F4F4F4; border-left: 8px solid transparent; transform: translateY(-4px) translateX(8px);\"><\/div>\n<\/div>\n<\/div>\n<div style=\"display: flex; flex-direction: column; flex-grow: 1; justify-content: center; margin-bottom: 24px;\">\n<div style=\"background-color: #f4f4f4; border-radius: 4px; flex-grow: 0; height: 14px; margin-bottom: 6px; width: 224px;\"><\/div>\n<div style=\"background-color: #f4f4f4; border-radius: 4px; flex-grow: 0; height: 14px; width: 144px;\"><\/div>\n<\/div>\n<p>&nbsp;<\/p>\n<p style=\"color: #c9c8cd; font-family: Arial,sans-serif; font-size: 14px; line-height: 17px; margin-bottom: 0; margin-top: 8px; overflow: hidden; padding: 8px 0 7px; text-align: center; text-overflow: ellipsis; white-space: nowrap;\"><a style=\"color: #c9c8cd; font-family: Arial,sans-serif; font-size: 14px; font-style: normal; font-weight: normal; line-height: 17px; text-decoration: none;\" href=\"https:\/\/www.instagram.com\/p\/Dc6d5oaDtvK\/?utm_source=ig_embed&amp;utm_campaign=loading\" target=\"_blank\" rel=\"noopener\">Um post compartilhado por Jornal O Movimento (@jornalomovimento)<\/a><\/p>\n<\/div>\n<\/blockquote>\n<p><script async src=\"\/\/www.instagram.com\/embed.js\"><\/script><\/p>\n<p><span style=\"font-family: tahoma, arial, helvetica, sans-serif;\"><em>As imagens mostram ferimentos aparentes. A condi\u00e7\u00e3o cl\u00ednica e a gravidade das les\u00f5es somente podem ser determinadas por avalia\u00e7\u00e3o veterin\u00e1ria.<\/em><\/span><\/p>\n<p><img decoding=\"async\" class=\"size-full wp-image-45305 aligncenter\" src=\"https:\/\/www.omovimento.com.br\/portal\/wp-content\/uploads\/2026\/07\/a68b4ffa-84a1-4ea2-a1b6-38fe8c011533.png\" alt=\"\" width=\"1024\" height=\"1536\" srcset=\"https:\/\/www.omovimento.com.br\/portal\/wp-content\/uploads\/2026\/07\/a68b4ffa-84a1-4ea2-a1b6-38fe8c011533.png 1024w, https:\/\/www.omovimento.com.br\/portal\/wp-content\/uploads\/2026\/07\/a68b4ffa-84a1-4ea2-a1b6-38fe8c011533-200x300.png 200w, https:\/\/www.omovimento.com.br\/portal\/wp-content\/uploads\/2026\/07\/a68b4ffa-84a1-4ea2-a1b6-38fe8c011533-683x1024.png 683w, https:\/\/www.omovimento.com.br\/portal\/wp-content\/uploads\/2026\/07\/a68b4ffa-84a1-4ea2-a1b6-38fe8c011533-768x1152.png 768w, https:\/\/www.omovimento.com.br\/portal\/wp-content\/uploads\/2026\/07\/a68b4ffa-84a1-4ea2-a1b6-38fe8c011533-150x225.png 150w, https:\/\/www.omovimento.com.br\/portal\/wp-content\/uploads\/2026\/07\/a68b4ffa-84a1-4ea2-a1b6-38fe8c011533-450x675.png 450w\" sizes=\"(max-width: 1024px) 100vw, 1024px\" \/><\/p>\n<p data-start=\"822\" data-end=\"1009\"><span style=\"font-family: tahoma, arial, helvetica, sans-serif;\"><span dir=\"auto\" style=\"vertical-align: inherit;\">\u270d\ufe0f <\/span><em data-start=\"1160\" data-end=\"1198\" data-is-last-node=\"\"><span dir=\"auto\" style=\"vertical-align: inherit;\">Reportagem: <\/span><a href=\"https:\/\/www.facebook.com\/jornalistatonioliveiraon\/\"><strong><span dir=\"auto\" style=\"vertical-align: inherit;\">Jornalista Toni Oliveira<\/span><\/strong><\/a><\/em><\/span><\/p>\n<p><span style=\"font-size: 14pt; color: #808080; font-family: tahoma, arial, helvetica, sans-serif;\"><em>Jorna<strong>l O Movimento<\/strong> \u00a0H\u00e1 92 anos, a principal refer\u00eancia em jornalismo na regi\u00e3o<\/em><\/span><\/p>\n<p><span style=\"font-family: tahoma, arial, helvetica, sans-serif;\"><em>( Fica proibida a reprodu\u00e7\u00e3o total ou parcial, c\u00f3pia ou distribui\u00e7\u00e3o do conte\u00fado, sem autoriza\u00e7\u00e3o expressa por parte do <strong>jornal O Movimento<\/strong><\/em><\/span><\/p>\n","protected":false},"excerpt":{"rendered":"<p>Um cachorro ferido e com aspecto debilitado est\u00e1 circulando pelas ruas do Jardim Planalto, em Pirassununga (SP), segundo den\u00fancia feita por uma moradora ao Jornal O Movimento. V\u00eddeos encaminhados \u00e0 reportagem mostram o animal com ferimentos aparentes na regi\u00e3o traseira do corpo, al\u00e9m de sinais de desconforto enquanto se movimenta. Preocupada com a situa\u00e7\u00e3o, a<\/p>\n","protected":false},"author":3,"featured_media":46343,"comment_status":"open","ping_status":"open","sticky":false,"template":"","format":"standard","meta":{"footnotes":""},"categories":[3,1],"tags":[],"class_list":["post-46341","post","type-post","status-publish","format-standard","has-post-thumbnail","category-cidade","category-geral"],"yoast_head":"<!-- This site is optimized with the Yoast SEO plugin v27.3 - https:\/\/yoast.com\/product\/yoast-seo-wordpress\/ -->\n<title>Moradora denuncia cachorro ferido no Jardim Planalto e cobra provid\u00eancias em Pirassununga - Jornal O Movimento<\/title>\n<meta name=\"robots\" content=\"index, follow, max-snippet:-1, max-image-preview:large, max-video-preview:-1\" \/>\n<link rel=\"canonical\" href=\"https:\/\/www.omovimento.com.br\/portal\/geral\/moradora-denuncia-cachorro-ferido-no-jardim-planalto-e-cobra-providencias-em-pirassununga\/\" \/>\n<meta property=\"og:locale\" content=\"pt_BR\" \/>\n<meta property=\"og:type\" content=\"article\" \/>\n<meta property=\"og:title\" content=\"Moradora denuncia cachorro ferido no Jardim Planalto e cobra provid\u00eancias em Pirassununga - Jornal O Movimento\" \/>\n<meta property=\"og:description\" content=\"Um cachorro ferido e com aspecto debilitado est\u00e1 circulando pelas ruas do Jardim Planalto, em Pirassununga (SP), segundo den\u00fancia feita por uma moradora ao Jornal O Movimento. V\u00eddeos encaminhados \u00e0 reportagem mostram o animal com ferimentos aparentes na regi\u00e3o traseira do corpo, al\u00e9m de sinais de desconforto enquanto se movimenta. Preocupada com a situa\u00e7\u00e3o, a\" \/>\n<meta property=\"og:url\" content=\"https:\/\/www.omovimento.com.br\/portal\/geral\/moradora-denuncia-cachorro-ferido-no-jardim-planalto-e-cobra-providencias-em-pirassununga\/\" \/>\n<meta property=\"og:site_name\" content=\"Jornal O Movimento\" \/>\n<meta property=\"article:published_time\" content=\"2026-09-05T17:13:04+00:00\" \/>\n<meta property=\"article:modified_time\" content=\"2026-09-05T17:15:21+00:00\" \/>\n<meta property=\"og:image\" content=\"https:\/\/www.omovimento.com.br\/portal\/wp-content\/uploads\/2026\/09\/cachorro.jpg\" \/>\n\t<meta property=\"og:image:width\" content=\"1024\" \/>\n\t<meta property=\"og:image:height\" content=\"600\" \/>\n\t<meta property=\"og:image:type\" content=\"image\/jpeg\" \/>\n<meta name=\"author\" content=\"Reda\u00e7\u00e3o\" \/>\n<meta name=\"twitter:card\" content=\"summary_large_image\" \/>\n<meta name=\"twitter:label1\" content=\"Escrito por\" \/>\n\t<meta name=\"twitter:data1\" content=\"Reda\u00e7\u00e3o\" \/>\n\t<meta name=\"twitter:label2\" content=\"Est. tempo de leitura\" \/>\n\t<meta name=\"twitter:data2\" content=\"4 minutos\" \/>\n<script type=\"application\/ld+json\" class=\"yoast-schema-graph\">{\"@context\":\"https:\\\/\\\/schema.org\",\"@graph\":[{\"@type\":\"Article\",\"@id\":\"https:\\\/\\\/www.omovimento.com.br\\\/portal\\\/geral\\\/moradora-denuncia-cachorro-ferido-no-jardim-planalto-e-cobra-providencias-em-pirassununga\\\/#article\",\"isPartOf\":{\"@id\":\"https:\\\/\\\/www.omovimento.com.br\\\/portal\\\/geral\\\/moradora-denuncia-cachorro-ferido-no-jardim-planalto-e-cobra-providencias-em-pirassununga\\\/\"},\"author\":{\"name\":\"Reda\u00e7\u00e3o\",\"@id\":\"https:\\\/\\\/www.omovimento.com.br\\\/portal\\\/#\\\/schema\\\/person\\\/e7d3971f53952141ade7388e0033ce8d\"},\"headline\":\"Moradora denuncia cachorro ferido no Jardim Planalto e cobra provid\u00eancias em Pirassununga\",\"datePublished\":\"2026-09-05T17:13:04+00:00\",\"dateModified\":\"2026-09-05T17:15:21+00:00\",\"mainEntityOfPage\":{\"@id\":\"https:\\\/\\\/www.omovimento.com.br\\\/portal\\\/geral\\\/moradora-denuncia-cachorro-ferido-no-jardim-planalto-e-cobra-providencias-em-pirassununga\\\/\"},\"wordCount\":613,\"commentCount\":0,\"publisher\":{\"@id\":\"https:\\\/\\\/www.omovimento.com.br\\\/portal\\\/#organization\"},\"image\":{\"@id\":\"https:\\\/\\\/www.omovimento.com.br\\\/portal\\\/geral\\\/moradora-denuncia-cachorro-ferido-no-jardim-planalto-e-cobra-providencias-em-pirassununga\\\/#primaryimage\"},\"thumbnailUrl\":\"https:\\\/\\\/www.omovimento.com.br\\\/portal\\\/wp-content\\\/uploads\\\/2026\\\/09\\\/cachorro.jpg\",\"articleSection\":[\"Cidade\",\"Geral\"],\"inLanguage\":\"pt-BR\",\"potentialAction\":[{\"@type\":\"CommentAction\",\"name\":\"Comment\",\"target\":[\"https:\\\/\\\/www.omovimento.com.br\\\/portal\\\/geral\\\/moradora-denuncia-cachorro-ferido-no-jardim-planalto-e-cobra-providencias-em-pirassununga\\\/#respond\"]}]},{\"@type\":\"WebPage\",\"@id\":\"https:\\\/\\\/www.omovimento.com.br\\\/portal\\\/geral\\\/moradora-denuncia-cachorro-ferido-no-jardim-planalto-e-cobra-providencias-em-pirassununga\\\/\",\"url\":\"https:\\\/\\\/www.omovimento.com.br\\\/portal\\\/geral\\\/moradora-denuncia-cachorro-ferido-no-jardim-planalto-e-cobra-providencias-em-pirassununga\\\/\",\"name\":\"Moradora denuncia cachorro ferido no Jardim Planalto e cobra provid\u00eancias em Pirassununga - Jornal O Movimento\",\"isPartOf\":{\"@id\":\"https:\\\/\\\/www.omovimento.com.br\\\/portal\\\/#website\"},\"primaryImageOfPage\":{\"@id\":\"https:\\\/\\\/www.omovimento.com.br\\\/portal\\\/geral\\\/moradora-denuncia-cachorro-ferido-no-jardim-planalto-e-cobra-providencias-em-pirassununga\\\/#primaryimage\"},\"image\":{\"@id\":\"https:\\\/\\\/www.omovimento.com.br\\\/portal\\\/geral\\\/moradora-denuncia-cachorro-ferido-no-jardim-planalto-e-cobra-providencias-em-pirassununga\\\/#primaryimage\"},\"thumbnailUrl\":\"https:\\\/\\\/www.omovimento.com.br\\\/portal\\\/wp-content\\\/uploads\\\/2026\\\/09\\\/cachorro.jpg\",\"datePublished\":\"2026-09-05T17:13:04+00:00\",\"dateModified\":\"2026-09-05T17:15:21+00:00\",\"breadcrumb\":{\"@id\":\"https:\\\/\\\/www.omovimento.com.br\\\/portal\\\/geral\\\/moradora-denuncia-cachorro-ferido-no-jardim-planalto-e-cobra-providencias-em-pirassununga\\\/#breadcrumb\"},\"inLanguage\":\"pt-BR\",\"potentialAction\":[{\"@type\":\"ReadAction\",\"target\":[\"https:\\\/\\\/www.omovimento.com.br\\\/portal\\\/geral\\\/moradora-denuncia-cachorro-ferido-no-jardim-planalto-e-cobra-providencias-em-pirassununga\\\/\"]}]},{\"@type\":\"ImageObject\",\"inLanguage\":\"pt-BR\",\"@id\":\"https:\\\/\\\/www.omovimento.com.br\\\/portal\\\/geral\\\/moradora-denuncia-cachorro-ferido-no-jardim-planalto-e-cobra-providencias-em-pirassununga\\\/#primaryimage\",\"url\":\"https:\\\/\\\/www.omovimento.com.br\\\/portal\\\/wp-content\\\/uploads\\\/2026\\\/09\\\/cachorro.jpg\",\"contentUrl\":\"https:\\\/\\\/www.omovimento.com.br\\\/portal\\\/wp-content\\\/uploads\\\/2026\\\/09\\\/cachorro.jpg\",\"width\":1024,\"height\":600,\"caption\":\"Imagens: Arquivo pessoal\"},{\"@type\":\"BreadcrumbList\",\"@id\":\"https:\\\/\\\/www.omovimento.com.br\\\/portal\\\/geral\\\/moradora-denuncia-cachorro-ferido-no-jardim-planalto-e-cobra-providencias-em-pirassununga\\\/#breadcrumb\",\"itemListElement\":[{\"@type\":\"ListItem\",\"position\":1,\"name\":\"In\u00edcio\",\"item\":\"https:\\\/\\\/www.omovimento.com.br\\\/portal\\\/\"},{\"@type\":\"ListItem\",\"position\":2,\"name\":\"Moradora denuncia cachorro ferido no Jardim Planalto e cobra provid\u00eancias em Pirassununga\"}]},{\"@type\":\"WebSite\",\"@id\":\"https:\\\/\\\/www.omovimento.com.br\\\/portal\\\/#website\",\"url\":\"https:\\\/\\\/www.omovimento.com.br\\\/portal\\\/\",\"name\":\"Jornal O Movimento\",\"description\":\"\",\"publisher\":{\"@id\":\"https:\\\/\\\/www.omovimento.com.br\\\/portal\\\/#organization\"},\"potentialAction\":[{\"@type\":\"SearchAction\",\"target\":{\"@type\":\"EntryPoint\",\"urlTemplate\":\"https:\\\/\\\/www.omovimento.com.br\\\/portal\\\/?s={search_term_string}\"},\"query-input\":{\"@type\":\"PropertyValueSpecification\",\"valueRequired\":true,\"valueName\":\"search_term_string\"}}],\"inLanguage\":\"pt-BR\"},{\"@type\":\"Organization\",\"@id\":\"https:\\\/\\\/www.omovimento.com.br\\\/portal\\\/#organization\",\"name\":\"Jornal O Movimento\",\"url\":\"https:\\\/\\\/www.omovimento.com.br\\\/portal\\\/\",\"logo\":{\"@type\":\"ImageObject\",\"inLanguage\":\"pt-BR\",\"@id\":\"https:\\\/\\\/www.omovimento.com.br\\\/portal\\\/#\\\/schema\\\/logo\\\/image\\\/\",\"url\":\"https:\\\/\\\/www.omovimento.com.br\\\/portal\\\/wp-content\\\/uploads\\\/2026\\\/03\\\/logo_jornal_O_Movimento-1-1536x343-1-1.png\",\"contentUrl\":\"https:\\\/\\\/www.omovimento.com.br\\\/portal\\\/wp-content\\\/uploads\\\/2026\\\/03\\\/logo_jornal_O_Movimento-1-1536x343-1-1.png\",\"width\":1536,\"height\":343,\"caption\":\"Jornal O Movimento\"},\"image\":{\"@id\":\"https:\\\/\\\/www.omovimento.com.br\\\/portal\\\/#\\\/schema\\\/logo\\\/image\\\/\"}},{\"@type\":\"Person\",\"@id\":\"https:\\\/\\\/www.omovimento.com.br\\\/portal\\\/#\\\/schema\\\/person\\\/e7d3971f53952141ade7388e0033ce8d\",\"name\":\"Reda\u00e7\u00e3o\",\"image\":{\"@type\":\"ImageObject\",\"inLanguage\":\"pt-BR\",\"@id\":\"https:\\\/\\\/secure.gravatar.com\\\/avatar\\\/549ab8e14173ace5e8b1c3bd80cf838bc0d00b7e1b65a361093164d85a62d45b?s=96&d=mm&r=g\",\"url\":\"https:\\\/\\\/secure.gravatar.com\\\/avatar\\\/549ab8e14173ace5e8b1c3bd80cf838bc0d00b7e1b65a361093164d85a62d45b?s=96&d=mm&r=g\",\"contentUrl\":\"https:\\\/\\\/secure.gravatar.com\\\/avatar\\\/549ab8e14173ace5e8b1c3bd80cf838bc0d00b7e1b65a361093164d85a62d45b?s=96&d=mm&r=g\",\"caption\":\"Reda\u00e7\u00e3o\"},\"url\":\"https:\\\/\\\/www.omovimento.com.br\\\/portal\\\/author\\\/admin\\\/\"}]}<\/script>\n<!-- \/ Yoast SEO plugin. -->","yoast_head_json":{"title":"Moradora denuncia cachorro ferido no Jardim Planalto e cobra provid\u00eancias em Pirassununga - Jornal O Movimento","robots":{"index":"index","follow":"follow","max-snippet":"max-snippet:-1","max-image-preview":"max-image-preview:large","max-video-preview":"max-video-preview:-1"},"canonical":"https:\/\/www.omovimento.com.br\/portal\/geral\/moradora-denuncia-cachorro-ferido-no-jardim-planalto-e-cobra-providencias-em-pirassununga\/","og_locale":"pt_BR","og_type":"article","og_title":"Moradora denuncia cachorro ferido no Jardim Planalto e cobra provid\u00eancias em Pirassununga - Jornal O Movimento","og_description":"Um cachorro ferido e com aspecto debilitado est\u00e1 circulando pelas ruas do Jardim Planalto, em Pirassununga (SP), segundo den\u00fancia feita por uma moradora ao Jornal O Movimento. V\u00eddeos encaminhados \u00e0 reportagem mostram o animal com ferimentos aparentes na regi\u00e3o traseira do corpo, al\u00e9m de sinais de desconforto enquanto se movimenta. Preocupada com a situa\u00e7\u00e3o, a","og_url":"https:\/\/www.omovimento.com.br\/portal\/geral\/moradora-denuncia-cachorro-ferido-no-jardim-planalto-e-cobra-providencias-em-pirassununga\/","og_site_name":"Jornal O Movimento","article_published_time":"2026-09-05T17:13:04+00:00","article_modified_time":"2026-09-05T17:15:21+00:00","og_image":[{"width":1024,"height":600,"url":"https:\/\/www.omovimento.com.br\/portal\/wp-content\/uploads\/2026\/09\/cachorro.jpg","type":"image\/jpeg"}],"author":"Reda\u00e7\u00e3o","twitter_card":"summary_large_image","twitter_misc":{"Escrito por":"Reda\u00e7\u00e3o","Est. tempo de leitura":"4 minutos"},"schema":{"@context":"https:\/\/schema.org","@graph":[{"@type":"Article","@id":"https:\/\/www.omovimento.com.br\/portal\/geral\/moradora-denuncia-cachorro-ferido-no-jardim-planalto-e-cobra-providencias-em-pirassununga\/#article","isPartOf":{"@id":"https:\/\/www.omovimento.com.br\/portal\/geral\/moradora-denuncia-cachorro-ferido-no-jardim-planalto-e-cobra-providencias-em-pirassununga\/"},"author":{"name":"Reda\u00e7\u00e3o","@id":"https:\/\/www.omovimento.com.br\/portal\/#\/schema\/person\/e7d3971f53952141ade7388e0033ce8d"},"headline":"Moradora denuncia cachorro ferido no Jardim Planalto e cobra provid\u00eancias em Pirassununga","datePublished":"2026-09-05T17:13:04+00:00","dateModified":"2026-09-05T17:15:21+00:00","mainEntityOfPage":{"@id":"https:\/\/www.omovimento.com.br\/portal\/geral\/moradora-denuncia-cachorro-ferido-no-jardim-planalto-e-cobra-providencias-em-pirassununga\/"},"wordCount":613,"commentCount":0,"publisher":{"@id":"https:\/\/www.omovimento.com.br\/portal\/#organization"},"image":{"@id":"https:\/\/www.omovimento.com.br\/portal\/geral\/moradora-denuncia-cachorro-ferido-no-jardim-planalto-e-cobra-providencias-em-pirassununga\/#primaryimage"},"thumbnailUrl":"https:\/\/www.omovimento.com.br\/portal\/wp-content\/uploads\/2026\/09\/cachorro.jpg","articleSection":["Cidade","Geral"],"inLanguage":"pt-BR","potentialAction":[{"@type":"CommentAction","name":"Comment","target":["https:\/\/www.omovimento.com.br\/portal\/geral\/moradora-denuncia-cachorro-ferido-no-jardim-planalto-e-cobra-providencias-em-pirassununga\/#respond"]}]},{"@type":"WebPage","@id":"https:\/\/www.omovimento.com.br\/portal\/geral\/moradora-denuncia-cachorro-ferido-no-jardim-planalto-e-cobra-providencias-em-pirassununga\/","url":"https:\/\/www.omovimento.com.br\/portal\/geral\/moradora-denuncia-cachorro-ferido-no-jardim-planalto-e-cobra-providencias-em-pirassununga\/","name":"Moradora denuncia cachorro ferido no Jardim Planalto e cobra provid\u00eancias em Pirassununga - Jornal O Movimento","isPartOf":{"@id":"https:\/\/www.omovimento.com.br\/portal\/#website"},"primaryImageOfPage":{"@id":"https:\/\/www.omovimento.com.br\/portal\/geral\/moradora-denuncia-cachorro-ferido-no-jardim-planalto-e-cobra-providencias-em-pirassununga\/#primaryimage"},"image":{"@id":"https:\/\/www.omovimento.com.br\/portal\/geral\/moradora-denuncia-cachorro-ferido-no-jardim-planalto-e-cobra-providencias-em-pirassununga\/#primaryimage"},"thumbnailUrl":"https:\/\/www.omovimento.com.br\/portal\/wp-content\/uploads\/2026\/09\/cachorro.jpg","datePublished":"2026-09-05T17:13:04+00:00","dateModified":"2026-09-05T17:15:21+00:00","breadcrumb":{"@id":"https:\/\/www.omovimento.com.br\/portal\/geral\/moradora-denuncia-cachorro-ferido-no-jardim-planalto-e-cobra-providencias-em-pirassununga\/#breadcrumb"},"inLanguage":"pt-BR","potentialAction":[{"@type":"ReadAction","target":["https:\/\/www.omovimento.com.br\/portal\/geral\/moradora-denuncia-cachorro-ferido-no-jardim-planalto-e-cobra-providencias-em-pirassununga\/"]}]},{"@type":"ImageObject","inLanguage":"pt-BR","@id":"https:\/\/www.omovimento.com.br\/portal\/geral\/moradora-denuncia-cachorro-ferido-no-jardim-planalto-e-cobra-providencias-em-pirassununga\/#primaryimage","url":"https:\/\/www.omovimento.com.br\/portal\/wp-content\/uploads\/2026\/09\/cachorro.jpg","contentUrl":"https:\/\/www.omovimento.com.br\/portal\/wp-content\/uploads\/2026\/09\/cachorro.jpg","width":1024,"height":600,"caption":"Imagens: Arquivo pessoal"},{"@type":"BreadcrumbList","@id":"https:\/\/www.omovimento.com.br\/portal\/geral\/moradora-denuncia-cachorro-ferido-no-jardim-planalto-e-cobra-providencias-em-pirassununga\/#breadcrumb","itemListElement":[{"@type":"ListItem","position":1,"name":"In\u00edcio","item":"https:\/\/www.omovimento.com.br\/portal\/"},{"@type":"ListItem","position":2,"name":"Moradora denuncia cachorro ferido no Jardim Planalto e cobra provid\u00eancias em Pirassununga"}]},{"@type":"WebSite","@id":"https:\/\/www.omovimento.com.br\/portal\/#website","url":"https:\/\/www.omovimento.com.br\/portal\/","name":"Jornal O Movimento","description":"","publisher":{"@id":"https:\/\/www.omovimento.com.br\/portal\/#organization"},"potentialAction":[{"@type":"SearchAction","target":{"@type":"EntryPoint","urlTemplate":"https:\/\/www.omovimento.com.br\/portal\/?s={search_term_string}"},"query-input":{"@type":"PropertyValueSpecification","valueRequired":true,"valueName":"search_term_string"}}],"inLanguage":"pt-BR"},{"@type":"Organization","@id":"https:\/\/www.omovimento.com.br\/portal\/#organization","name":"Jornal O Movimento","url":"https:\/\/www.omovimento.com.br\/portal\/","logo":{"@type":"ImageObject","inLanguage":"pt-BR","@id":"https:\/\/www.omovimento.com.br\/portal\/#\/schema\/logo\/image\/","url":"https:\/\/www.omovimento.com.br\/portal\/wp-content\/uploads\/2026\/03\/logo_jornal_O_Movimento-1-1536x343-1-1.png","contentUrl":"https:\/\/www.omovimento.com.br\/portal\/wp-content\/uploads\/2026\/03\/logo_jornal_O_Movimento-1-1536x343-1-1.png","width":1536,"height":343,"caption":"Jornal O Movimento"},"image":{"@id":"https:\/\/www.omovimento.com.br\/portal\/#\/schema\/logo\/image\/"}},{"@type":"Person","@id":"https:\/\/www.omovimento.com.br\/portal\/#\/schema\/person\/e7d3971f53952141ade7388e0033ce8d","name":"Reda\u00e7\u00e3o","image":{"@type":"ImageObject","inLanguage":"pt-BR","@id":"https:\/\/secure.gravatar.com\/avatar\/549ab8e14173ace5e8b1c3bd80cf838bc0d00b7e1b65a361093164d85a62d45b?s=96&d=mm&r=g","url":"https:\/\/secure.gravatar.com\/avatar\/549ab8e14173ace5e8b1c3bd80cf838bc0d00b7e1b65a361093164d85a62d45b?s=96&d=mm&r=g","contentUrl":"https:\/\/secure.gravatar.com\/avatar\/549ab8e14173ace5e8b1c3bd80cf838bc0d00b7e1b65a361093164d85a62d45b?s=96&d=mm&r=g","caption":"Reda\u00e7\u00e3o"},"url":"https:\/\/www.omovimento.com.br\/portal\/author\/admin\/"}]}},"_links":{"self":[{"href":"https:\/\/www.omovimento.com.br\/portal\/wp-json\/wp\/v2\/posts\/46341","targetHints":{"allow":["GET"]}}],"collection":[{"href":"https:\/\/www.omovimento.com.br\/portal\/wp-json\/wp\/v2\/posts"}],"about":[{"href":"https:\/\/www.omovimento.com.br\/portal\/wp-json\/wp\/v2\/types\/post"}],"author":[{"embeddable":true,"href":"https:\/\/www.omovimento.com.br\/portal\/wp-json\/wp\/v2\/users\/3"}],"replies":[{"embeddable":true,"href":"https:\/\/www.omovimento.com.br\/portal\/wp-json\/wp\/v2\/comments?post=46341"}],"version-history":[{"count":4,"href":"https:\/\/www.omovimento.com.br\/portal\/wp-json\/wp\/v2\/posts\/46341\/revisions"}],"predecessor-version":[{"id":46346,"href":"https:\/\/www.omovimento.com.br\/portal\/wp-json\/wp\/v2\/posts\/46341\/revisions\/46346"}],"wp:featuredmedia":[{"embeddable":true,"href":"https:\/\/www.omovimento.com.br\/portal\/wp-json\/wp\/v2\/media\/46343"}],"wp:attachment":[{"href":"https:\/\/www.omovimento.com.br\/portal\/wp-json\/wp\/v2\/media?parent=46341"}],"wp:term":[{"taxonomy":"category","embeddable":true,"href":"https:\/\/www.omovimento.com.br\/portal\/wp-json\/wp\/v2\/categories?post=46341"},{"taxonomy":"post_tag","embeddable":true,"href":"https:\/\/www.omovimento.com.br\/portal\/wp-json\/wp\/v2\/tags?post=46341"}],"curies":[{"name":"wp","href":"https:\/\/api.w.org\/{rel}","templated":true}]}}