{"id":46335,"date":"2026-09-05T11:03:11","date_gmt":"2026-09-05T14:03:11","guid":{"rendered":"https:\/\/www.omovimento.com.br\/portal\/?p=46335"},"modified":"2026-09-05T11:03:11","modified_gmt":"2026-09-05T14:03:11","slug":"empregados-da-caixa-rejeitam-proposta-e-aprovam-greve-a-partir-de-10-de-setembro","status":"publish","type":"post","link":"https:\/\/www.omovimento.com.br\/portal\/geral\/empregados-da-caixa-rejeitam-proposta-e-aprovam-greve-a-partir-de-10-de-setembro\/","title":{"rendered":"Empregados da Caixa rejeitam proposta e aprovam greve a partir de 10 de setembro"},"content":{"rendered":"<p class=\"isSelectedEnd\"><span style=\"font-family: tahoma, arial, helvetica, sans-serif; font-size: 12pt;\">Os empregados e empregadas da <strong>Caixa Econ\u00f4mica Federal rejeitaram, nesta sexta-feira (4), a proposta apresentada pelo banco<\/strong> para a renova\u00e7\u00e3o da <strong>Conven\u00e7\u00e3o Coletiva de Trabalho (CCT)<\/strong> e do <strong>Acordo Coletivo de Trabalho (ACT) espec\u00edfico<\/strong>. A categoria tamb\u00e9m aprovou a <strong>deflagra\u00e7\u00e3o de greve a partir de 10 de setembro<\/strong>.<\/span><\/p><div id=\"omovi-190162989\" class=\"omovi-conteudo-2 omovi-entity-placement\"><div id=\"63534-28\"><script src=\"\/\/ads.themoneytizer.com\/s\/gen.js?type=28\"><\/script><script src=\"\/\/ads.themoneytizer.com\/s\/requestform.js?siteId=63534&formatId=28\" ><\/script><\/div><\/div>\n<p class=\"isSelectedEnd\"><span style=\"font-family: tahoma, arial, helvetica, sans-serif; font-size: 12pt;\">A paralisa\u00e7\u00e3o faz parte da mobiliza\u00e7\u00e3o nacional dos trabalhadores da Caixa e ocorre em meio \u00e0s negocia\u00e7\u00f5es da campanha salarial. Entre as principais reivindica\u00e7\u00f5es est\u00e3o <strong>aumento real dos sal\u00e1rios acima da infla\u00e7\u00e3o, valoriza\u00e7\u00e3o da Participa\u00e7\u00e3o nos Lucros e Resultados (PLR), reajuste dos vales alimenta\u00e7\u00e3o e refei\u00e7\u00e3o e melhorias nas condi\u00e7\u00f5es de trabalho<\/strong>.<\/span><\/p>\n<p><img decoding=\"async\" class=\"aligncenter\" src=\"https:\/\/www.omovimento.com.br\/portal\/wp-content\/uploads\/2026\/06\/cats-2.jpg\" \/><\/p>\n<p><img fetchpriority=\"high\" decoding=\"async\" class=\"size-full wp-image-43531 aligncenter\" src=\"https:\/\/www.omovimento.com.br\/portal\/wp-content\/uploads\/2026\/04\/SINDICATO-INFORMATIVO-PDF_page-0001.jpg\" alt=\"\" width=\"738\" height=\"561\" srcset=\"https:\/\/www.omovimento.com.br\/portal\/wp-content\/uploads\/2026\/04\/SINDICATO-INFORMATIVO-PDF_page-0001.jpg 738w, https:\/\/www.omovimento.com.br\/portal\/wp-content\/uploads\/2026\/04\/SINDICATO-INFORMATIVO-PDF_page-0001-300x228.jpg 300w, https:\/\/www.omovimento.com.br\/portal\/wp-content\/uploads\/2026\/04\/SINDICATO-INFORMATIVO-PDF_page-0001-150x114.jpg 150w, https:\/\/www.omovimento.com.br\/portal\/wp-content\/uploads\/2026\/04\/SINDICATO-INFORMATIVO-PDF_page-0001-450x342.jpg 450w\" sizes=\"(max-width: 738px) 100vw, 738px\" \/><\/p>\n<h3><span style=\"font-family: tahoma, arial, helvetica, sans-serif; font-size: 14pt;\">Regi\u00e3o de Pirassununga ter\u00e1 mobiliza\u00e7\u00e3o<\/span><\/h3>\n<p class=\"isSelectedEnd\"><span style=\"font-family: tahoma, arial, helvetica, sans-serif; font-size: 12pt;\">Conforme apurou o <strong>Jornal O Movimento<\/strong>, o <strong>Sindicato dos Empregados em Estabelecimentos Banc\u00e1rios de S\u00e3o Carlos e Regi\u00e3o<\/strong> confirmou a participa\u00e7\u00e3o dos trabalhadores da Caixa na greve, juntamente com outros sindicatos do Estado de S\u00e3o Paulo.<\/span><\/p>\n<p class=\"isSelectedEnd\"><span style=\"font-family: tahoma, arial, helvetica, sans-serif; font-size: 12pt;\">O movimento busca pressionar a <strong>Federa\u00e7\u00e3o Nacional dos Bancos (Fenaban)<\/strong> nas negocia\u00e7\u00f5es por reajustes salariais e avan\u00e7os nas condi\u00e7\u00f5es de trabalho.<\/span><\/p>\n<h3><span style=\"font-family: tahoma, arial, helvetica, sans-serif; font-size: 14pt;\"><strong>Pirassununga est\u00e1 entre as cidades da base sindical<\/strong><\/span><\/h3>\n<p class=\"isSelectedEnd\"><span style=\"font-family: tahoma, arial, helvetica, sans-serif; font-size: 12pt;\">A base territorial do sindicato abrange <strong>11 munic\u00edpios da regi\u00e3o<\/strong>: <strong>S\u00e3o Carlos, Am\u00e9rico Brasiliense, Descalvado, Ibat\u00e9, Pirassununga, Porto Ferreira, Rinc\u00e3o, Santa Cruz das Palmeiras, Santa L\u00facia, Santa Rita do Passa Quatro e Tamba\u00fa<\/strong>.<\/span><\/p>\n<p class=\"isSelectedEnd\"><span style=\"font-family: tahoma, arial, helvetica, sans-serif; font-size: 12pt;\">A greve ter\u00e1 <strong>abrang\u00eancia nacional<\/strong>, mas a ades\u00e3o dos funcion\u00e1rios \u00e9 volunt\u00e1ria. Com isso, <strong>o funcionamento das ag\u00eancias poder\u00e1 variar de uma unidade para outra<\/strong>, dependendo da participa\u00e7\u00e3o dos trabalhadores.<\/span><\/p>\n<p><span style=\"font-family: tahoma, arial, helvetica, sans-serif; font-size: 12pt;\">Clientes que precisarem dos servi\u00e7os da Caixa devem ficar atentos a poss\u00edveis altera\u00e7\u00f5es no atendimento a partir do in\u00edcio da paralisa\u00e7\u00e3o.<\/span><\/p>\n<p><img decoding=\"async\" class=\"size-full wp-image-45305 aligncenter\" src=\"https:\/\/www.omovimento.com.br\/portal\/wp-content\/uploads\/2026\/07\/a68b4ffa-84a1-4ea2-a1b6-38fe8c011533.png\" alt=\"\" width=\"1024\" height=\"1536\" srcset=\"https:\/\/www.omovimento.com.br\/portal\/wp-content\/uploads\/2026\/07\/a68b4ffa-84a1-4ea2-a1b6-38fe8c011533.png 1024w, https:\/\/www.omovimento.com.br\/portal\/wp-content\/uploads\/2026\/07\/a68b4ffa-84a1-4ea2-a1b6-38fe8c011533-200x300.png 200w, https:\/\/www.omovimento.com.br\/portal\/wp-content\/uploads\/2026\/07\/a68b4ffa-84a1-4ea2-a1b6-38fe8c011533-683x1024.png 683w, https:\/\/www.omovimento.com.br\/portal\/wp-content\/uploads\/2026\/07\/a68b4ffa-84a1-4ea2-a1b6-38fe8c011533-768x1152.png 768w, https:\/\/www.omovimento.com.br\/portal\/wp-content\/uploads\/2026\/07\/a68b4ffa-84a1-4ea2-a1b6-38fe8c011533-150x225.png 150w, https:\/\/www.omovimento.com.br\/portal\/wp-content\/uploads\/2026\/07\/a68b4ffa-84a1-4ea2-a1b6-38fe8c011533-450x675.png 450w\" sizes=\"(max-width: 1024px) 100vw, 1024px\" \/><\/p>\n<p data-start=\"822\" data-end=\"1009\"><span style=\"font-family: tahoma, arial, helvetica, sans-serif;\"><span dir=\"auto\" style=\"vertical-align: inherit;\">\u270d\ufe0f <\/span><em data-start=\"1160\" data-end=\"1198\" data-is-last-node=\"\"><span dir=\"auto\" style=\"vertical-align: inherit;\">Reportagem: <\/span><a href=\"https:\/\/www.facebook.com\/jornalistatonioliveiraon\/\"><strong><span dir=\"auto\" style=\"vertical-align: inherit;\">Jornalista Toni Oliveira<\/span><\/strong><\/a><\/em><\/span><\/p>\n<p><span style=\"font-size: 14pt; color: #808080; font-family: tahoma, arial, helvetica, sans-serif;\"><em>Jorna<strong>l O Movimento<\/strong> \u00a0H\u00e1 92 anos, a principal refer\u00eancia em jornalismo na regi\u00e3o<\/em><\/span><\/p>\n<p><span style=\"font-family: tahoma, arial, helvetica, sans-serif;\"><em>( Fica proibida a reprodu\u00e7\u00e3o total ou parcial, c\u00f3pia ou distribui\u00e7\u00e3o do conte\u00fado, sem autoriza\u00e7\u00e3o expressa por parte do <strong>jornal O Movimento<\/strong><\/em><\/span><\/p>\n","protected":false},"excerpt":{"rendered":"<p>Os empregados e empregadas da Caixa Econ\u00f4mica Federal rejeitaram, nesta sexta-feira (4), a proposta apresentada pelo banco para a renova\u00e7\u00e3o da Conven\u00e7\u00e3o Coletiva de Trabalho (CCT) e do Acordo Coletivo de Trabalho (ACT) espec\u00edfico. A categoria tamb\u00e9m aprovou a deflagra\u00e7\u00e3o de greve a partir de 10 de setembro. A paralisa\u00e7\u00e3o faz parte da mobiliza\u00e7\u00e3o nacional<\/p>\n","protected":false},"author":3,"featured_media":46337,"comment_status":"open","ping_status":"open","sticky":false,"template":"","format":"standard","meta":{"footnotes":""},"categories":[5,1],"tags":[],"class_list":["post-46335","post","type-post","status-publish","format-standard","has-post-thumbnail","category-destaque","category-geral"],"yoast_head":"<!-- This site is optimized with the Yoast SEO plugin v27.3 - https:\/\/yoast.com\/product\/yoast-seo-wordpress\/ -->\n<title>Empregados da Caixa rejeitam proposta e aprovam greve a partir de 10 de setembro - Jornal O Movimento<\/title>\n<meta name=\"robots\" content=\"index, follow, max-snippet:-1, max-image-preview:large, max-video-preview:-1\" \/>\n<link rel=\"canonical\" href=\"https:\/\/www.omovimento.com.br\/portal\/geral\/empregados-da-caixa-rejeitam-proposta-e-aprovam-greve-a-partir-de-10-de-setembro\/\" \/>\n<meta property=\"og:locale\" content=\"pt_BR\" \/>\n<meta property=\"og:type\" content=\"article\" \/>\n<meta property=\"og:title\" content=\"Empregados da Caixa rejeitam proposta e aprovam greve a partir de 10 de setembro - Jornal O Movimento\" \/>\n<meta property=\"og:description\" content=\"Os empregados e empregadas da Caixa Econ\u00f4mica Federal rejeitaram, nesta sexta-feira (4), a proposta apresentada pelo banco para a renova\u00e7\u00e3o da Conven\u00e7\u00e3o Coletiva de Trabalho (CCT) e do Acordo Coletivo de Trabalho (ACT) espec\u00edfico. A categoria tamb\u00e9m aprovou a deflagra\u00e7\u00e3o de greve a partir de 10 de setembro. A paralisa\u00e7\u00e3o faz parte da mobiliza\u00e7\u00e3o nacional\" \/>\n<meta property=\"og:url\" content=\"https:\/\/www.omovimento.com.br\/portal\/geral\/empregados-da-caixa-rejeitam-proposta-e-aprovam-greve-a-partir-de-10-de-setembro\/\" \/>\n<meta property=\"og:site_name\" content=\"Jornal O Movimento\" \/>\n<meta property=\"article:published_time\" content=\"2026-09-05T14:03:11+00:00\" \/>\n<meta property=\"og:image\" content=\"https:\/\/www.omovimento.com.br\/portal\/wp-content\/uploads\/2026\/09\/greve.jpg\" \/>\n\t<meta property=\"og:image:width\" content=\"1165\" \/>\n\t<meta property=\"og:image:height\" content=\"711\" \/>\n\t<meta property=\"og:image:type\" content=\"image\/jpeg\" \/>\n<meta name=\"author\" content=\"Reda\u00e7\u00e3o\" \/>\n<meta name=\"twitter:card\" content=\"summary_large_image\" \/>\n<meta name=\"twitter:label1\" content=\"Escrito por\" \/>\n\t<meta name=\"twitter:data1\" content=\"Reda\u00e7\u00e3o\" \/>\n\t<meta name=\"twitter:label2\" content=\"Est. tempo de leitura\" \/>\n\t<meta name=\"twitter:data2\" content=\"3 minutos\" \/>\n<script type=\"application\/ld+json\" class=\"yoast-schema-graph\">{\"@context\":\"https:\\\/\\\/schema.org\",\"@graph\":[{\"@type\":\"Article\",\"@id\":\"https:\\\/\\\/www.omovimento.com.br\\\/portal\\\/geral\\\/empregados-da-caixa-rejeitam-proposta-e-aprovam-greve-a-partir-de-10-de-setembro\\\/#article\",\"isPartOf\":{\"@id\":\"https:\\\/\\\/www.omovimento.com.br\\\/portal\\\/geral\\\/empregados-da-caixa-rejeitam-proposta-e-aprovam-greve-a-partir-de-10-de-setembro\\\/\"},\"author\":{\"name\":\"Reda\u00e7\u00e3o\",\"@id\":\"https:\\\/\\\/www.omovimento.com.br\\\/portal\\\/#\\\/schema\\\/person\\\/e7d3971f53952141ade7388e0033ce8d\"},\"headline\":\"Empregados da Caixa rejeitam proposta e aprovam greve a partir de 10 de setembro\",\"datePublished\":\"2026-09-05T14:03:11+00:00\",\"mainEntityOfPage\":{\"@id\":\"https:\\\/\\\/www.omovimento.com.br\\\/portal\\\/geral\\\/empregados-da-caixa-rejeitam-proposta-e-aprovam-greve-a-partir-de-10-de-setembro\\\/\"},\"wordCount\":353,\"commentCount\":0,\"publisher\":{\"@id\":\"https:\\\/\\\/www.omovimento.com.br\\\/portal\\\/#organization\"},\"image\":{\"@id\":\"https:\\\/\\\/www.omovimento.com.br\\\/portal\\\/geral\\\/empregados-da-caixa-rejeitam-proposta-e-aprovam-greve-a-partir-de-10-de-setembro\\\/#primaryimage\"},\"thumbnailUrl\":\"https:\\\/\\\/www.omovimento.com.br\\\/portal\\\/wp-content\\\/uploads\\\/2026\\\/09\\\/greve.jpg\",\"articleSection\":[\"Destaque\",\"Geral\"],\"inLanguage\":\"pt-BR\",\"potentialAction\":[{\"@type\":\"CommentAction\",\"name\":\"Comment\",\"target\":[\"https:\\\/\\\/www.omovimento.com.br\\\/portal\\\/geral\\\/empregados-da-caixa-rejeitam-proposta-e-aprovam-greve-a-partir-de-10-de-setembro\\\/#respond\"]}]},{\"@type\":\"WebPage\",\"@id\":\"https:\\\/\\\/www.omovimento.com.br\\\/portal\\\/geral\\\/empregados-da-caixa-rejeitam-proposta-e-aprovam-greve-a-partir-de-10-de-setembro\\\/\",\"url\":\"https:\\\/\\\/www.omovimento.com.br\\\/portal\\\/geral\\\/empregados-da-caixa-rejeitam-proposta-e-aprovam-greve-a-partir-de-10-de-setembro\\\/\",\"name\":\"Empregados da Caixa rejeitam proposta e aprovam greve a partir de 10 de setembro - Jornal O Movimento\",\"isPartOf\":{\"@id\":\"https:\\\/\\\/www.omovimento.com.br\\\/portal\\\/#website\"},\"primaryImageOfPage\":{\"@id\":\"https:\\\/\\\/www.omovimento.com.br\\\/portal\\\/geral\\\/empregados-da-caixa-rejeitam-proposta-e-aprovam-greve-a-partir-de-10-de-setembro\\\/#primaryimage\"},\"image\":{\"@id\":\"https:\\\/\\\/www.omovimento.com.br\\\/portal\\\/geral\\\/empregados-da-caixa-rejeitam-proposta-e-aprovam-greve-a-partir-de-10-de-setembro\\\/#primaryimage\"},\"thumbnailUrl\":\"https:\\\/\\\/www.omovimento.com.br\\\/portal\\\/wp-content\\\/uploads\\\/2026\\\/09\\\/greve.jpg\",\"datePublished\":\"2026-09-05T14:03:11+00:00\",\"breadcrumb\":{\"@id\":\"https:\\\/\\\/www.omovimento.com.br\\\/portal\\\/geral\\\/empregados-da-caixa-rejeitam-proposta-e-aprovam-greve-a-partir-de-10-de-setembro\\\/#breadcrumb\"},\"inLanguage\":\"pt-BR\",\"potentialAction\":[{\"@type\":\"ReadAction\",\"target\":[\"https:\\\/\\\/www.omovimento.com.br\\\/portal\\\/geral\\\/empregados-da-caixa-rejeitam-proposta-e-aprovam-greve-a-partir-de-10-de-setembro\\\/\"]}]},{\"@type\":\"ImageObject\",\"inLanguage\":\"pt-BR\",\"@id\":\"https:\\\/\\\/www.omovimento.com.br\\\/portal\\\/geral\\\/empregados-da-caixa-rejeitam-proposta-e-aprovam-greve-a-partir-de-10-de-setembro\\\/#primaryimage\",\"url\":\"https:\\\/\\\/www.omovimento.com.br\\\/portal\\\/wp-content\\\/uploads\\\/2026\\\/09\\\/greve.jpg\",\"contentUrl\":\"https:\\\/\\\/www.omovimento.com.br\\\/portal\\\/wp-content\\\/uploads\\\/2026\\\/09\\\/greve.jpg\",\"width\":1165,\"height\":711,\"caption\":\"Ag\u00eancia da Caixa Econ\u00f4mica Federal de Pirassununga foi fechada no dia 20 de agosto durante paralisa\u00e7\u00e3o dos empregados. \u2014 Foto: Toni Oliveira\\\/Jornal O Movimento\"},{\"@type\":\"BreadcrumbList\",\"@id\":\"https:\\\/\\\/www.omovimento.com.br\\\/portal\\\/geral\\\/empregados-da-caixa-rejeitam-proposta-e-aprovam-greve-a-partir-de-10-de-setembro\\\/#breadcrumb\",\"itemListElement\":[{\"@type\":\"ListItem\",\"position\":1,\"name\":\"In\u00edcio\",\"item\":\"https:\\\/\\\/www.omovimento.com.br\\\/portal\\\/\"},{\"@type\":\"ListItem\",\"position\":2,\"name\":\"Empregados da Caixa rejeitam proposta e aprovam greve a partir de 10 de setembro\"}]},{\"@type\":\"WebSite\",\"@id\":\"https:\\\/\\\/www.omovimento.com.br\\\/portal\\\/#website\",\"url\":\"https:\\\/\\\/www.omovimento.com.br\\\/portal\\\/\",\"name\":\"Jornal O Movimento\",\"description\":\"\",\"publisher\":{\"@id\":\"https:\\\/\\\/www.omovimento.com.br\\\/portal\\\/#organization\"},\"potentialAction\":[{\"@type\":\"SearchAction\",\"target\":{\"@type\":\"EntryPoint\",\"urlTemplate\":\"https:\\\/\\\/www.omovimento.com.br\\\/portal\\\/?s={search_term_string}\"},\"query-input\":{\"@type\":\"PropertyValueSpecification\",\"valueRequired\":true,\"valueName\":\"search_term_string\"}}],\"inLanguage\":\"pt-BR\"},{\"@type\":\"Organization\",\"@id\":\"https:\\\/\\\/www.omovimento.com.br\\\/portal\\\/#organization\",\"name\":\"Jornal O Movimento\",\"url\":\"https:\\\/\\\/www.omovimento.com.br\\\/portal\\\/\",\"logo\":{\"@type\":\"ImageObject\",\"inLanguage\":\"pt-BR\",\"@id\":\"https:\\\/\\\/www.omovimento.com.br\\\/portal\\\/#\\\/schema\\\/logo\\\/image\\\/\",\"url\":\"https:\\\/\\\/www.omovimento.com.br\\\/portal\\\/wp-content\\\/uploads\\\/2026\\\/03\\\/logo_jornal_O_Movimento-1-1536x343-1-1.png\",\"contentUrl\":\"https:\\\/\\\/www.omovimento.com.br\\\/portal\\\/wp-content\\\/uploads\\\/2026\\\/03\\\/logo_jornal_O_Movimento-1-1536x343-1-1.png\",\"width\":1536,\"height\":343,\"caption\":\"Jornal O Movimento\"},\"image\":{\"@id\":\"https:\\\/\\\/www.omovimento.com.br\\\/portal\\\/#\\\/schema\\\/logo\\\/image\\\/\"}},{\"@type\":\"Person\",\"@id\":\"https:\\\/\\\/www.omovimento.com.br\\\/portal\\\/#\\\/schema\\\/person\\\/e7d3971f53952141ade7388e0033ce8d\",\"name\":\"Reda\u00e7\u00e3o\",\"image\":{\"@type\":\"ImageObject\",\"inLanguage\":\"pt-BR\",\"@id\":\"https:\\\/\\\/secure.gravatar.com\\\/avatar\\\/549ab8e14173ace5e8b1c3bd80cf838bc0d00b7e1b65a361093164d85a62d45b?s=96&d=mm&r=g\",\"url\":\"https:\\\/\\\/secure.gravatar.com\\\/avatar\\\/549ab8e14173ace5e8b1c3bd80cf838bc0d00b7e1b65a361093164d85a62d45b?s=96&d=mm&r=g\",\"contentUrl\":\"https:\\\/\\\/secure.gravatar.com\\\/avatar\\\/549ab8e14173ace5e8b1c3bd80cf838bc0d00b7e1b65a361093164d85a62d45b?s=96&d=mm&r=g\",\"caption\":\"Reda\u00e7\u00e3o\"},\"url\":\"https:\\\/\\\/www.omovimento.com.br\\\/portal\\\/author\\\/admin\\\/\"}]}<\/script>\n<!-- \/ Yoast SEO plugin. -->","yoast_head_json":{"title":"Empregados da Caixa rejeitam proposta e aprovam greve a partir de 10 de setembro - Jornal O Movimento","robots":{"index":"index","follow":"follow","max-snippet":"max-snippet:-1","max-image-preview":"max-image-preview:large","max-video-preview":"max-video-preview:-1"},"canonical":"https:\/\/www.omovimento.com.br\/portal\/geral\/empregados-da-caixa-rejeitam-proposta-e-aprovam-greve-a-partir-de-10-de-setembro\/","og_locale":"pt_BR","og_type":"article","og_title":"Empregados da Caixa rejeitam proposta e aprovam greve a partir de 10 de setembro - Jornal O Movimento","og_description":"Os empregados e empregadas da Caixa Econ\u00f4mica Federal rejeitaram, nesta sexta-feira (4), a proposta apresentada pelo banco para a renova\u00e7\u00e3o da Conven\u00e7\u00e3o Coletiva de Trabalho (CCT) e do Acordo Coletivo de Trabalho (ACT) espec\u00edfico. A categoria tamb\u00e9m aprovou a deflagra\u00e7\u00e3o de greve a partir de 10 de setembro. A paralisa\u00e7\u00e3o faz parte da mobiliza\u00e7\u00e3o nacional","og_url":"https:\/\/www.omovimento.com.br\/portal\/geral\/empregados-da-caixa-rejeitam-proposta-e-aprovam-greve-a-partir-de-10-de-setembro\/","og_site_name":"Jornal O Movimento","article_published_time":"2026-09-05T14:03:11+00:00","og_image":[{"width":1165,"height":711,"url":"https:\/\/www.omovimento.com.br\/portal\/wp-content\/uploads\/2026\/09\/greve.jpg","type":"image\/jpeg"}],"author":"Reda\u00e7\u00e3o","twitter_card":"summary_large_image","twitter_misc":{"Escrito por":"Reda\u00e7\u00e3o","Est. tempo de leitura":"3 minutos"},"schema":{"@context":"https:\/\/schema.org","@graph":[{"@type":"Article","@id":"https:\/\/www.omovimento.com.br\/portal\/geral\/empregados-da-caixa-rejeitam-proposta-e-aprovam-greve-a-partir-de-10-de-setembro\/#article","isPartOf":{"@id":"https:\/\/www.omovimento.com.br\/portal\/geral\/empregados-da-caixa-rejeitam-proposta-e-aprovam-greve-a-partir-de-10-de-setembro\/"},"author":{"name":"Reda\u00e7\u00e3o","@id":"https:\/\/www.omovimento.com.br\/portal\/#\/schema\/person\/e7d3971f53952141ade7388e0033ce8d"},"headline":"Empregados da Caixa rejeitam proposta e aprovam greve a partir de 10 de setembro","datePublished":"2026-09-05T14:03:11+00:00","mainEntityOfPage":{"@id":"https:\/\/www.omovimento.com.br\/portal\/geral\/empregados-da-caixa-rejeitam-proposta-e-aprovam-greve-a-partir-de-10-de-setembro\/"},"wordCount":353,"commentCount":0,"publisher":{"@id":"https:\/\/www.omovimento.com.br\/portal\/#organization"},"image":{"@id":"https:\/\/www.omovimento.com.br\/portal\/geral\/empregados-da-caixa-rejeitam-proposta-e-aprovam-greve-a-partir-de-10-de-setembro\/#primaryimage"},"thumbnailUrl":"https:\/\/www.omovimento.com.br\/portal\/wp-content\/uploads\/2026\/09\/greve.jpg","articleSection":["Destaque","Geral"],"inLanguage":"pt-BR","potentialAction":[{"@type":"CommentAction","name":"Comment","target":["https:\/\/www.omovimento.com.br\/portal\/geral\/empregados-da-caixa-rejeitam-proposta-e-aprovam-greve-a-partir-de-10-de-setembro\/#respond"]}]},{"@type":"WebPage","@id":"https:\/\/www.omovimento.com.br\/portal\/geral\/empregados-da-caixa-rejeitam-proposta-e-aprovam-greve-a-partir-de-10-de-setembro\/","url":"https:\/\/www.omovimento.com.br\/portal\/geral\/empregados-da-caixa-rejeitam-proposta-e-aprovam-greve-a-partir-de-10-de-setembro\/","name":"Empregados da Caixa rejeitam proposta e aprovam greve a partir de 10 de setembro - Jornal O Movimento","isPartOf":{"@id":"https:\/\/www.omovimento.com.br\/portal\/#website"},"primaryImageOfPage":{"@id":"https:\/\/www.omovimento.com.br\/portal\/geral\/empregados-da-caixa-rejeitam-proposta-e-aprovam-greve-a-partir-de-10-de-setembro\/#primaryimage"},"image":{"@id":"https:\/\/www.omovimento.com.br\/portal\/geral\/empregados-da-caixa-rejeitam-proposta-e-aprovam-greve-a-partir-de-10-de-setembro\/#primaryimage"},"thumbnailUrl":"https:\/\/www.omovimento.com.br\/portal\/wp-content\/uploads\/2026\/09\/greve.jpg","datePublished":"2026-09-05T14:03:11+00:00","breadcrumb":{"@id":"https:\/\/www.omovimento.com.br\/portal\/geral\/empregados-da-caixa-rejeitam-proposta-e-aprovam-greve-a-partir-de-10-de-setembro\/#breadcrumb"},"inLanguage":"pt-BR","potentialAction":[{"@type":"ReadAction","target":["https:\/\/www.omovimento.com.br\/portal\/geral\/empregados-da-caixa-rejeitam-proposta-e-aprovam-greve-a-partir-de-10-de-setembro\/"]}]},{"@type":"ImageObject","inLanguage":"pt-BR","@id":"https:\/\/www.omovimento.com.br\/portal\/geral\/empregados-da-caixa-rejeitam-proposta-e-aprovam-greve-a-partir-de-10-de-setembro\/#primaryimage","url":"https:\/\/www.omovimento.com.br\/portal\/wp-content\/uploads\/2026\/09\/greve.jpg","contentUrl":"https:\/\/www.omovimento.com.br\/portal\/wp-content\/uploads\/2026\/09\/greve.jpg","width":1165,"height":711,"caption":"Ag\u00eancia da Caixa Econ\u00f4mica Federal de Pirassununga foi fechada no dia 20 de agosto durante paralisa\u00e7\u00e3o dos empregados. \u2014 Foto: Toni Oliveira\/Jornal O Movimento"},{"@type":"BreadcrumbList","@id":"https:\/\/www.omovimento.com.br\/portal\/geral\/empregados-da-caixa-rejeitam-proposta-e-aprovam-greve-a-partir-de-10-de-setembro\/#breadcrumb","itemListElement":[{"@type":"ListItem","position":1,"name":"In\u00edcio","item":"https:\/\/www.omovimento.com.br\/portal\/"},{"@type":"ListItem","position":2,"name":"Empregados da Caixa rejeitam proposta e aprovam greve a partir de 10 de setembro"}]},{"@type":"WebSite","@id":"https:\/\/www.omovimento.com.br\/portal\/#website","url":"https:\/\/www.omovimento.com.br\/portal\/","name":"Jornal O Movimento","description":"","publisher":{"@id":"https:\/\/www.omovimento.com.br\/portal\/#organization"},"potentialAction":[{"@type":"SearchAction","target":{"@type":"EntryPoint","urlTemplate":"https:\/\/www.omovimento.com.br\/portal\/?s={search_term_string}"},"query-input":{"@type":"PropertyValueSpecification","valueRequired":true,"valueName":"search_term_string"}}],"inLanguage":"pt-BR"},{"@type":"Organization","@id":"https:\/\/www.omovimento.com.br\/portal\/#organization","name":"Jornal O Movimento","url":"https:\/\/www.omovimento.com.br\/portal\/","logo":{"@type":"ImageObject","inLanguage":"pt-BR","@id":"https:\/\/www.omovimento.com.br\/portal\/#\/schema\/logo\/image\/","url":"https:\/\/www.omovimento.com.br\/portal\/wp-content\/uploads\/2026\/03\/logo_jornal_O_Movimento-1-1536x343-1-1.png","contentUrl":"https:\/\/www.omovimento.com.br\/portal\/wp-content\/uploads\/2026\/03\/logo_jornal_O_Movimento-1-1536x343-1-1.png","width":1536,"height":343,"caption":"Jornal O Movimento"},"image":{"@id":"https:\/\/www.omovimento.com.br\/portal\/#\/schema\/logo\/image\/"}},{"@type":"Person","@id":"https:\/\/www.omovimento.com.br\/portal\/#\/schema\/person\/e7d3971f53952141ade7388e0033ce8d","name":"Reda\u00e7\u00e3o","image":{"@type":"ImageObject","inLanguage":"pt-BR","@id":"https:\/\/secure.gravatar.com\/avatar\/549ab8e14173ace5e8b1c3bd80cf838bc0d00b7e1b65a361093164d85a62d45b?s=96&d=mm&r=g","url":"https:\/\/secure.gravatar.com\/avatar\/549ab8e14173ace5e8b1c3bd80cf838bc0d00b7e1b65a361093164d85a62d45b?s=96&d=mm&r=g","contentUrl":"https:\/\/secure.gravatar.com\/avatar\/549ab8e14173ace5e8b1c3bd80cf838bc0d00b7e1b65a361093164d85a62d45b?s=96&d=mm&r=g","caption":"Reda\u00e7\u00e3o"},"url":"https:\/\/www.omovimento.com.br\/portal\/author\/admin\/"}]}},"_links":{"self":[{"href":"https:\/\/www.omovimento.com.br\/portal\/wp-json\/wp\/v2\/posts\/46335","targetHints":{"allow":["GET"]}}],"collection":[{"href":"https:\/\/www.omovimento.com.br\/portal\/wp-json\/wp\/v2\/posts"}],"about":[{"href":"https:\/\/www.omovimento.com.br\/portal\/wp-json\/wp\/v2\/types\/post"}],"author":[{"embeddable":true,"href":"https:\/\/www.omovimento.com.br\/portal\/wp-json\/wp\/v2\/users\/3"}],"replies":[{"embeddable":true,"href":"https:\/\/www.omovimento.com.br\/portal\/wp-json\/wp\/v2\/comments?post=46335"}],"version-history":[{"count":2,"href":"https:\/\/www.omovimento.com.br\/portal\/wp-json\/wp\/v2\/posts\/46335\/revisions"}],"predecessor-version":[{"id":46338,"href":"https:\/\/www.omovimento.com.br\/portal\/wp-json\/wp\/v2\/posts\/46335\/revisions\/46338"}],"wp:featuredmedia":[{"embeddable":true,"href":"https:\/\/www.omovimento.com.br\/portal\/wp-json\/wp\/v2\/media\/46337"}],"wp:attachment":[{"href":"https:\/\/www.omovimento.com.br\/portal\/wp-json\/wp\/v2\/media?parent=46335"}],"wp:term":[{"taxonomy":"category","embeddable":true,"href":"https:\/\/www.omovimento.com.br\/portal\/wp-json\/wp\/v2\/categories?post=46335"},{"taxonomy":"post_tag","embeddable":true,"href":"https:\/\/www.omovimento.com.br\/portal\/wp-json\/wp\/v2\/tags?post=46335"}],"curies":[{"name":"wp","href":"https:\/\/api.w.org\/{rel}","templated":true}]}}