{"id":46332,"date":"2026-09-04T17:37:48","date_gmt":"2026-09-04T20:37:48","guid":{"rendered":"https:\/\/www.omovimento.com.br\/portal\/?p=46332"},"modified":"2026-09-04T17:37:48","modified_gmt":"2026-09-04T20:37:48","slug":"amigos-de-infancia-reu-e-condenado-a-16-anos-e-4-meses-por-homicidio-em-pirassununga","status":"publish","type":"post","link":"https:\/\/www.omovimento.com.br\/portal\/cidade\/amigos-de-infancia-reu-e-condenado-a-16-anos-e-4-meses-por-homicidio-em-pirassununga\/","title":{"rendered":"Amigos de inf\u00e2ncia: r\u00e9u \u00e9 condenado a 16 anos e 4 meses por homic\u00eddio em Pirassununga"},"content":{"rendered":"<p class=\"isSelectedEnd\"><span style=\"font-family: tahoma, arial, helvetica, sans-serif; font-size: 12pt;\"><strong>Wanderson Soares, de 21 anos, foi condenado pelo Tribunal do J\u00fari da Comarca de Pirassununga a 16 anos e 4 meses de pris\u00e3o, em regime inicial fechado, pelo homic\u00eddio de Thiago de Souza Prado.<\/strong> A sess\u00e3o terminou por volta das <strong>20h30 desta quinta-feira (3)<\/strong>.<\/span><\/p><div id=\"omovi-1075263023\" class=\"omovi-conteudo-2 omovi-entity-placement\"><div id=\"63534-28\"><script src=\"\/\/ads.themoneytizer.com\/s\/gen.js?type=28\"><\/script><script src=\"\/\/ads.themoneytizer.com\/s\/requestform.js?siteId=63534&formatId=28\" ><\/script><\/div><\/div>\n<p class=\"isSelectedEnd\"><span style=\"font-family: tahoma, arial, helvetica, sans-serif; font-size: 12pt;\">Thiago tinha <strong>37 anos quando morreu<\/strong> e completaria <strong>39 anos no pr\u00f3ximo dia 19 de setembro<\/strong>.<\/span><\/p>\n<p class=\"isSelectedEnd\"><span style=\"font-family: tahoma, arial, helvetica, sans-serif; font-size: 12pt;\">O crime ocorreu em <strong>28 de setembro de 2024<\/strong>, por volta das 16h21, na Rua S\u00e3o Joaquim, n\u00ba 1455, na <strong>Vila Santa F\u00e9<\/strong>, ap\u00f3s um desentendimento que, segundo a acusa\u00e7\u00e3o, come\u00e7ou por causa da <strong>limpeza de um terreno<\/strong>.<\/span><\/p>\n<p class=\"isSelectedEnd\"><span style=\"font-family: tahoma, arial, helvetica, sans-serif; font-size: 12pt;\">Durante a discuss\u00e3o, Wanderson, que tinha <strong>19 anos na \u00e9poca<\/strong>, teria atingido Thiago na cabe\u00e7a com uma <strong>barra de ferro<\/strong>. Conforme a acusa\u00e7\u00e3o, um segundo golpe teria sido desferido depois que a v\u00edtima caiu.<\/span><\/p>\n<p class=\"isSelectedEnd\"><span style=\"font-family: tahoma, arial, helvetica, sans-serif; font-size: 12pt;\">Thiago sofreu <strong>politraumatismo craniano<\/strong>, foi levado \u00e0 Santa Casa de Pirassununga e permaneceu <strong>11 dias internado na UTI<\/strong>. Ele n\u00e3o resistiu aos ferimentos e morreu.<\/span><\/p>\n<p><img decoding=\"async\" class=\"aligncenter\" src=\"https:\/\/www.omovimento.com.br\/portal\/wp-content\/uploads\/2026\/06\/cats-2.jpg\" \/><\/p>\n<p><img fetchpriority=\"high\" decoding=\"async\" class=\"size-full wp-image-45596 aligncenter\" src=\"https:\/\/www.omovimento.com.br\/portal\/wp-content\/uploads\/2026\/07\/j_p.jpg\" alt=\"\" width=\"1484\" height=\"1060\" srcset=\"https:\/\/www.omovimento.com.br\/portal\/wp-content\/uploads\/2026\/07\/j_p.jpg 1484w, https:\/\/www.omovimento.com.br\/portal\/wp-content\/uploads\/2026\/07\/j_p-300x214.jpg 300w, https:\/\/www.omovimento.com.br\/portal\/wp-content\/uploads\/2026\/07\/j_p-1024x731.jpg 1024w, https:\/\/www.omovimento.com.br\/portal\/wp-content\/uploads\/2026\/07\/j_p-768x549.jpg 768w, https:\/\/www.omovimento.com.br\/portal\/wp-content\/uploads\/2026\/07\/j_p-150x107.jpg 150w, https:\/\/www.omovimento.com.br\/portal\/wp-content\/uploads\/2026\/07\/j_p-450x321.jpg 450w, https:\/\/www.omovimento.com.br\/portal\/wp-content\/uploads\/2026\/07\/j_p-1200x857.jpg 1200w\" sizes=\"(max-width: 1484px) 100vw, 1484px\" \/><\/p>\n<h2><span style=\"font-family: tahoma, arial, helvetica, sans-serif;\">Defesa alegou leg\u00edtima defesa<\/span><\/h2>\n<p class=\"isSelectedEnd\"><span style=\"font-family: tahoma, arial, helvetica, sans-serif; font-size: 12pt;\">A defesa sustentou que Wanderson teria agido em <strong>leg\u00edtima defesa<\/strong>.<\/span><\/p>\n<p class=\"isSelectedEnd\"><span style=\"font-family: tahoma, arial, helvetica, sans-serif; font-size: 12pt;\">Os jurados, por\u00e9m, condenaram o r\u00e9u e mantiveram a qualificadora de <strong>recurso que dificultou a defesa da v\u00edtima<\/strong>, resultando na pena de <strong>16 anos e 4 meses de reclus\u00e3o, em regime inicial fechado<\/strong>.<\/span><\/p>\n<p class=\"isSelectedEnd\"><span style=\"font-family: tahoma, arial, helvetica, sans-serif; font-size: 12pt;\">Wanderson chegou a ficar <strong>preso preventivamente<\/strong> durante o processo, mas atualmente respondia em <strong>liberdade provis\u00f3ria<\/strong>.<\/span><\/p>\n<h2><span style=\"font-family: tahoma, arial, helvetica, sans-serif;\">Amigos de inf\u00e2ncia<\/span><\/h2>\n<p class=\"isSelectedEnd\"><span style=\"font-family: tahoma, arial, helvetica, sans-serif; font-size: 12pt;\">O caso causou <strong>forte como\u00e7\u00e3o em Pirassununga<\/strong> porque acusado e v\u00edtima <strong>eram amigos de inf\u00e2ncia<\/strong>.<\/span><\/p>\n<p class=\"isSelectedEnd\"><span style=\"font-family: tahoma, arial, helvetica, sans-serif; font-size: 12pt;\">A equipe do <strong>Jornal O Movimento acompanhou os desdobramentos desde o registro da ocorr\u00eancia at\u00e9 a conclus\u00e3o do julgamento<\/strong>.<\/span><\/p>\n<h2><span style=\"font-family: tahoma, arial, helvetica, sans-serif;\">Defesa n\u00e3o foi localizada<\/span><\/h2>\n<p class=\"isSelectedEnd\"><span style=\"font-family: tahoma, arial, helvetica, sans-serif; font-size: 12pt;\">O <strong>Jornal O Movimento tentou contato com a defesa de Wanderson Soares<\/strong> para obter um posicionamento sobre a condena\u00e7\u00e3o e a tese apresentada no julgamento.<\/span><\/p>\n<p><span style=\"font-family: tahoma, arial, helvetica, sans-serif; font-size: 12pt;\"><strong>At\u00e9 o fechamento desta mat\u00e9ria, n\u00e3o houve retorno. O espa\u00e7o permanece aberto para manifesta\u00e7\u00e3o da defesa<\/strong>, e eventual posicionamento poder\u00e1 ser inclu\u00eddo posteriormente na reportagem.<\/span><\/p>\n<p><img decoding=\"async\" class=\"size-full wp-image-45305 aligncenter\" src=\"https:\/\/www.omovimento.com.br\/portal\/wp-content\/uploads\/2026\/07\/a68b4ffa-84a1-4ea2-a1b6-38fe8c011533.png\" alt=\"\" width=\"1024\" height=\"1536\" srcset=\"https:\/\/www.omovimento.com.br\/portal\/wp-content\/uploads\/2026\/07\/a68b4ffa-84a1-4ea2-a1b6-38fe8c011533.png 1024w, https:\/\/www.omovimento.com.br\/portal\/wp-content\/uploads\/2026\/07\/a68b4ffa-84a1-4ea2-a1b6-38fe8c011533-200x300.png 200w, https:\/\/www.omovimento.com.br\/portal\/wp-content\/uploads\/2026\/07\/a68b4ffa-84a1-4ea2-a1b6-38fe8c011533-683x1024.png 683w, https:\/\/www.omovimento.com.br\/portal\/wp-content\/uploads\/2026\/07\/a68b4ffa-84a1-4ea2-a1b6-38fe8c011533-768x1152.png 768w, https:\/\/www.omovimento.com.br\/portal\/wp-content\/uploads\/2026\/07\/a68b4ffa-84a1-4ea2-a1b6-38fe8c011533-150x225.png 150w, https:\/\/www.omovimento.com.br\/portal\/wp-content\/uploads\/2026\/07\/a68b4ffa-84a1-4ea2-a1b6-38fe8c011533-450x675.png 450w\" sizes=\"(max-width: 1024px) 100vw, 1024px\" \/><\/p>\n<p data-start=\"822\" data-end=\"1009\"><span style=\"font-family: tahoma, arial, helvetica, sans-serif;\"><span dir=\"auto\" style=\"vertical-align: inherit;\">\u270d\ufe0f <\/span><em data-start=\"1160\" data-end=\"1198\" data-is-last-node=\"\"><span dir=\"auto\" style=\"vertical-align: inherit;\">Reportagem: <\/span><a href=\"https:\/\/www.facebook.com\/jornalistatonioliveiraon\/\"><strong><span dir=\"auto\" style=\"vertical-align: inherit;\">Jornalista Toni Oliveira<\/span><\/strong><\/a><\/em><\/span><\/p>\n<p><span style=\"font-size: 14pt; color: #808080; font-family: tahoma, arial, helvetica, sans-serif;\"><em>Jorna<strong>l O Movimento<\/strong> \u00a0H\u00e1 92 anos, a principal refer\u00eancia em jornalismo na regi\u00e3o<\/em><\/span><\/p>\n<p><span style=\"font-family: tahoma, arial, helvetica, sans-serif;\"><em>( Fica proibida a reprodu\u00e7\u00e3o total ou parcial, c\u00f3pia ou distribui\u00e7\u00e3o do conte\u00fado, sem autoriza\u00e7\u00e3o expressa por parte do <strong>jornal O Movimento<\/strong><\/em><\/span><\/p>\n","protected":false},"excerpt":{"rendered":"<p>Wanderson Soares, de 21 anos, foi condenado pelo Tribunal do J\u00fari da Comarca de Pirassununga a 16 anos e 4 meses de pris\u00e3o, em regime inicial fechado, pelo homic\u00eddio de Thiago de Souza Prado. A sess\u00e3o terminou por volta das 20h30 desta quinta-feira (3). Thiago tinha 37 anos quando morreu e completaria 39 anos no<\/p>\n","protected":false},"author":3,"featured_media":46333,"comment_status":"open","ping_status":"open","sticky":false,"template":"","format":"standard","meta":{"footnotes":""},"categories":[3],"tags":[],"class_list":["post-46332","post","type-post","status-publish","format-standard","has-post-thumbnail","category-cidade"],"yoast_head":"<!-- This site is optimized with the Yoast SEO plugin v27.3 - https:\/\/yoast.com\/product\/yoast-seo-wordpress\/ -->\n<title>Amigos de inf\u00e2ncia: r\u00e9u \u00e9 condenado a 16 anos e 4 meses por homic\u00eddio em Pirassununga - Jornal O Movimento<\/title>\n<meta name=\"robots\" content=\"index, follow, max-snippet:-1, max-image-preview:large, max-video-preview:-1\" \/>\n<link rel=\"canonical\" href=\"https:\/\/www.omovimento.com.br\/portal\/cidade\/amigos-de-infancia-reu-e-condenado-a-16-anos-e-4-meses-por-homicidio-em-pirassununga\/\" \/>\n<meta property=\"og:locale\" content=\"pt_BR\" \/>\n<meta property=\"og:type\" content=\"article\" \/>\n<meta property=\"og:title\" content=\"Amigos de inf\u00e2ncia: r\u00e9u \u00e9 condenado a 16 anos e 4 meses por homic\u00eddio em Pirassununga - Jornal O Movimento\" \/>\n<meta property=\"og:description\" content=\"Wanderson Soares, de 21 anos, foi condenado pelo Tribunal do J\u00fari da Comarca de Pirassununga a 16 anos e 4 meses de pris\u00e3o, em regime inicial fechado, pelo homic\u00eddio de Thiago de Souza Prado. A sess\u00e3o terminou por volta das 20h30 desta quinta-feira (3). Thiago tinha 37 anos quando morreu e completaria 39 anos no\" \/>\n<meta property=\"og:url\" content=\"https:\/\/www.omovimento.com.br\/portal\/cidade\/amigos-de-infancia-reu-e-condenado-a-16-anos-e-4-meses-por-homicidio-em-pirassununga\/\" \/>\n<meta property=\"og:site_name\" content=\"Jornal O Movimento\" \/>\n<meta property=\"article:published_time\" content=\"2026-09-04T20:37:48+00:00\" \/>\n<meta property=\"og:image\" content=\"https:\/\/www.omovimento.com.br\/portal\/wp-content\/uploads\/2026\/09\/24845365004_09b1e89d0f_c-1.jpg\" \/>\n\t<meta property=\"og:image:width\" content=\"810\" \/>\n\t<meta property=\"og:image:height\" content=\"544\" \/>\n\t<meta property=\"og:image:type\" content=\"image\/jpeg\" \/>\n<meta name=\"author\" content=\"Reda\u00e7\u00e3o\" \/>\n<meta name=\"twitter:card\" content=\"summary_large_image\" \/>\n<meta name=\"twitter:label1\" content=\"Escrito por\" \/>\n\t<meta name=\"twitter:data1\" content=\"Reda\u00e7\u00e3o\" \/>\n\t<meta name=\"twitter:label2\" content=\"Est. tempo de leitura\" \/>\n\t<meta name=\"twitter:data2\" content=\"3 minutos\" \/>\n<script type=\"application\/ld+json\" class=\"yoast-schema-graph\">{\"@context\":\"https:\\\/\\\/schema.org\",\"@graph\":[{\"@type\":\"Article\",\"@id\":\"https:\\\/\\\/www.omovimento.com.br\\\/portal\\\/cidade\\\/amigos-de-infancia-reu-e-condenado-a-16-anos-e-4-meses-por-homicidio-em-pirassununga\\\/#article\",\"isPartOf\":{\"@id\":\"https:\\\/\\\/www.omovimento.com.br\\\/portal\\\/cidade\\\/amigos-de-infancia-reu-e-condenado-a-16-anos-e-4-meses-por-homicidio-em-pirassununga\\\/\"},\"author\":{\"name\":\"Reda\u00e7\u00e3o\",\"@id\":\"https:\\\/\\\/www.omovimento.com.br\\\/portal\\\/#\\\/schema\\\/person\\\/e7d3971f53952141ade7388e0033ce8d\"},\"headline\":\"Amigos de inf\u00e2ncia: r\u00e9u \u00e9 condenado a 16 anos e 4 meses por homic\u00eddio em Pirassununga\",\"datePublished\":\"2026-09-04T20:37:48+00:00\",\"mainEntityOfPage\":{\"@id\":\"https:\\\/\\\/www.omovimento.com.br\\\/portal\\\/cidade\\\/amigos-de-infancia-reu-e-condenado-a-16-anos-e-4-meses-por-homicidio-em-pirassununga\\\/\"},\"wordCount\":389,\"commentCount\":0,\"publisher\":{\"@id\":\"https:\\\/\\\/www.omovimento.com.br\\\/portal\\\/#organization\"},\"image\":{\"@id\":\"https:\\\/\\\/www.omovimento.com.br\\\/portal\\\/cidade\\\/amigos-de-infancia-reu-e-condenado-a-16-anos-e-4-meses-por-homicidio-em-pirassununga\\\/#primaryimage\"},\"thumbnailUrl\":\"https:\\\/\\\/www.omovimento.com.br\\\/portal\\\/wp-content\\\/uploads\\\/2026\\\/09\\\/24845365004_09b1e89d0f_c-1.jpg\",\"articleSection\":[\"Cidade\"],\"inLanguage\":\"pt-BR\",\"potentialAction\":[{\"@type\":\"CommentAction\",\"name\":\"Comment\",\"target\":[\"https:\\\/\\\/www.omovimento.com.br\\\/portal\\\/cidade\\\/amigos-de-infancia-reu-e-condenado-a-16-anos-e-4-meses-por-homicidio-em-pirassununga\\\/#respond\"]}]},{\"@type\":\"WebPage\",\"@id\":\"https:\\\/\\\/www.omovimento.com.br\\\/portal\\\/cidade\\\/amigos-de-infancia-reu-e-condenado-a-16-anos-e-4-meses-por-homicidio-em-pirassununga\\\/\",\"url\":\"https:\\\/\\\/www.omovimento.com.br\\\/portal\\\/cidade\\\/amigos-de-infancia-reu-e-condenado-a-16-anos-e-4-meses-por-homicidio-em-pirassununga\\\/\",\"name\":\"Amigos de inf\u00e2ncia: r\u00e9u \u00e9 condenado a 16 anos e 4 meses por homic\u00eddio em Pirassununga - Jornal O Movimento\",\"isPartOf\":{\"@id\":\"https:\\\/\\\/www.omovimento.com.br\\\/portal\\\/#website\"},\"primaryImageOfPage\":{\"@id\":\"https:\\\/\\\/www.omovimento.com.br\\\/portal\\\/cidade\\\/amigos-de-infancia-reu-e-condenado-a-16-anos-e-4-meses-por-homicidio-em-pirassununga\\\/#primaryimage\"},\"image\":{\"@id\":\"https:\\\/\\\/www.omovimento.com.br\\\/portal\\\/cidade\\\/amigos-de-infancia-reu-e-condenado-a-16-anos-e-4-meses-por-homicidio-em-pirassununga\\\/#primaryimage\"},\"thumbnailUrl\":\"https:\\\/\\\/www.omovimento.com.br\\\/portal\\\/wp-content\\\/uploads\\\/2026\\\/09\\\/24845365004_09b1e89d0f_c-1.jpg\",\"datePublished\":\"2026-09-04T20:37:48+00:00\",\"breadcrumb\":{\"@id\":\"https:\\\/\\\/www.omovimento.com.br\\\/portal\\\/cidade\\\/amigos-de-infancia-reu-e-condenado-a-16-anos-e-4-meses-por-homicidio-em-pirassununga\\\/#breadcrumb\"},\"inLanguage\":\"pt-BR\",\"potentialAction\":[{\"@type\":\"ReadAction\",\"target\":[\"https:\\\/\\\/www.omovimento.com.br\\\/portal\\\/cidade\\\/amigos-de-infancia-reu-e-condenado-a-16-anos-e-4-meses-por-homicidio-em-pirassununga\\\/\"]}]},{\"@type\":\"ImageObject\",\"inLanguage\":\"pt-BR\",\"@id\":\"https:\\\/\\\/www.omovimento.com.br\\\/portal\\\/cidade\\\/amigos-de-infancia-reu-e-condenado-a-16-anos-e-4-meses-por-homicidio-em-pirassununga\\\/#primaryimage\",\"url\":\"https:\\\/\\\/www.omovimento.com.br\\\/portal\\\/wp-content\\\/uploads\\\/2026\\\/09\\\/24845365004_09b1e89d0f_c-1.jpg\",\"contentUrl\":\"https:\\\/\\\/www.omovimento.com.br\\\/portal\\\/wp-content\\\/uploads\\\/2026\\\/09\\\/24845365004_09b1e89d0f_c-1.jpg\",\"width\":810,\"height\":544,\"caption\":\"Thiago de Souza Prado, v\u00edtima do crime \u2014 Foto: Reprodu\u00e7\u00e3o\\\/Redes Sociais\"},{\"@type\":\"BreadcrumbList\",\"@id\":\"https:\\\/\\\/www.omovimento.com.br\\\/portal\\\/cidade\\\/amigos-de-infancia-reu-e-condenado-a-16-anos-e-4-meses-por-homicidio-em-pirassununga\\\/#breadcrumb\",\"itemListElement\":[{\"@type\":\"ListItem\",\"position\":1,\"name\":\"In\u00edcio\",\"item\":\"https:\\\/\\\/www.omovimento.com.br\\\/portal\\\/\"},{\"@type\":\"ListItem\",\"position\":2,\"name\":\"Amigos de inf\u00e2ncia: r\u00e9u \u00e9 condenado a 16 anos e 4 meses por homic\u00eddio em Pirassununga\"}]},{\"@type\":\"WebSite\",\"@id\":\"https:\\\/\\\/www.omovimento.com.br\\\/portal\\\/#website\",\"url\":\"https:\\\/\\\/www.omovimento.com.br\\\/portal\\\/\",\"name\":\"Jornal O Movimento\",\"description\":\"\",\"publisher\":{\"@id\":\"https:\\\/\\\/www.omovimento.com.br\\\/portal\\\/#organization\"},\"potentialAction\":[{\"@type\":\"SearchAction\",\"target\":{\"@type\":\"EntryPoint\",\"urlTemplate\":\"https:\\\/\\\/www.omovimento.com.br\\\/portal\\\/?s={search_term_string}\"},\"query-input\":{\"@type\":\"PropertyValueSpecification\",\"valueRequired\":true,\"valueName\":\"search_term_string\"}}],\"inLanguage\":\"pt-BR\"},{\"@type\":\"Organization\",\"@id\":\"https:\\\/\\\/www.omovimento.com.br\\\/portal\\\/#organization\",\"name\":\"Jornal O Movimento\",\"url\":\"https:\\\/\\\/www.omovimento.com.br\\\/portal\\\/\",\"logo\":{\"@type\":\"ImageObject\",\"inLanguage\":\"pt-BR\",\"@id\":\"https:\\\/\\\/www.omovimento.com.br\\\/portal\\\/#\\\/schema\\\/logo\\\/image\\\/\",\"url\":\"https:\\\/\\\/www.omovimento.com.br\\\/portal\\\/wp-content\\\/uploads\\\/2026\\\/03\\\/logo_jornal_O_Movimento-1-1536x343-1-1.png\",\"contentUrl\":\"https:\\\/\\\/www.omovimento.com.br\\\/portal\\\/wp-content\\\/uploads\\\/2026\\\/03\\\/logo_jornal_O_Movimento-1-1536x343-1-1.png\",\"width\":1536,\"height\":343,\"caption\":\"Jornal O Movimento\"},\"image\":{\"@id\":\"https:\\\/\\\/www.omovimento.com.br\\\/portal\\\/#\\\/schema\\\/logo\\\/image\\\/\"}},{\"@type\":\"Person\",\"@id\":\"https:\\\/\\\/www.omovimento.com.br\\\/portal\\\/#\\\/schema\\\/person\\\/e7d3971f53952141ade7388e0033ce8d\",\"name\":\"Reda\u00e7\u00e3o\",\"image\":{\"@type\":\"ImageObject\",\"inLanguage\":\"pt-BR\",\"@id\":\"https:\\\/\\\/secure.gravatar.com\\\/avatar\\\/549ab8e14173ace5e8b1c3bd80cf838bc0d00b7e1b65a361093164d85a62d45b?s=96&d=mm&r=g\",\"url\":\"https:\\\/\\\/secure.gravatar.com\\\/avatar\\\/549ab8e14173ace5e8b1c3bd80cf838bc0d00b7e1b65a361093164d85a62d45b?s=96&d=mm&r=g\",\"contentUrl\":\"https:\\\/\\\/secure.gravatar.com\\\/avatar\\\/549ab8e14173ace5e8b1c3bd80cf838bc0d00b7e1b65a361093164d85a62d45b?s=96&d=mm&r=g\",\"caption\":\"Reda\u00e7\u00e3o\"},\"url\":\"https:\\\/\\\/www.omovimento.com.br\\\/portal\\\/author\\\/admin\\\/\"}]}<\/script>\n<!-- \/ Yoast SEO plugin. -->","yoast_head_json":{"title":"Amigos de inf\u00e2ncia: r\u00e9u \u00e9 condenado a 16 anos e 4 meses por homic\u00eddio em Pirassununga - Jornal O Movimento","robots":{"index":"index","follow":"follow","max-snippet":"max-snippet:-1","max-image-preview":"max-image-preview:large","max-video-preview":"max-video-preview:-1"},"canonical":"https:\/\/www.omovimento.com.br\/portal\/cidade\/amigos-de-infancia-reu-e-condenado-a-16-anos-e-4-meses-por-homicidio-em-pirassununga\/","og_locale":"pt_BR","og_type":"article","og_title":"Amigos de inf\u00e2ncia: r\u00e9u \u00e9 condenado a 16 anos e 4 meses por homic\u00eddio em Pirassununga - Jornal O Movimento","og_description":"Wanderson Soares, de 21 anos, foi condenado pelo Tribunal do J\u00fari da Comarca de Pirassununga a 16 anos e 4 meses de pris\u00e3o, em regime inicial fechado, pelo homic\u00eddio de Thiago de Souza Prado. A sess\u00e3o terminou por volta das 20h30 desta quinta-feira (3). Thiago tinha 37 anos quando morreu e completaria 39 anos no","og_url":"https:\/\/www.omovimento.com.br\/portal\/cidade\/amigos-de-infancia-reu-e-condenado-a-16-anos-e-4-meses-por-homicidio-em-pirassununga\/","og_site_name":"Jornal O Movimento","article_published_time":"2026-09-04T20:37:48+00:00","og_image":[{"width":810,"height":544,"url":"https:\/\/www.omovimento.com.br\/portal\/wp-content\/uploads\/2026\/09\/24845365004_09b1e89d0f_c-1.jpg","type":"image\/jpeg"}],"author":"Reda\u00e7\u00e3o","twitter_card":"summary_large_image","twitter_misc":{"Escrito por":"Reda\u00e7\u00e3o","Est. tempo de leitura":"3 minutos"},"schema":{"@context":"https:\/\/schema.org","@graph":[{"@type":"Article","@id":"https:\/\/www.omovimento.com.br\/portal\/cidade\/amigos-de-infancia-reu-e-condenado-a-16-anos-e-4-meses-por-homicidio-em-pirassununga\/#article","isPartOf":{"@id":"https:\/\/www.omovimento.com.br\/portal\/cidade\/amigos-de-infancia-reu-e-condenado-a-16-anos-e-4-meses-por-homicidio-em-pirassununga\/"},"author":{"name":"Reda\u00e7\u00e3o","@id":"https:\/\/www.omovimento.com.br\/portal\/#\/schema\/person\/e7d3971f53952141ade7388e0033ce8d"},"headline":"Amigos de inf\u00e2ncia: r\u00e9u \u00e9 condenado a 16 anos e 4 meses por homic\u00eddio em Pirassununga","datePublished":"2026-09-04T20:37:48+00:00","mainEntityOfPage":{"@id":"https:\/\/www.omovimento.com.br\/portal\/cidade\/amigos-de-infancia-reu-e-condenado-a-16-anos-e-4-meses-por-homicidio-em-pirassununga\/"},"wordCount":389,"commentCount":0,"publisher":{"@id":"https:\/\/www.omovimento.com.br\/portal\/#organization"},"image":{"@id":"https:\/\/www.omovimento.com.br\/portal\/cidade\/amigos-de-infancia-reu-e-condenado-a-16-anos-e-4-meses-por-homicidio-em-pirassununga\/#primaryimage"},"thumbnailUrl":"https:\/\/www.omovimento.com.br\/portal\/wp-content\/uploads\/2026\/09\/24845365004_09b1e89d0f_c-1.jpg","articleSection":["Cidade"],"inLanguage":"pt-BR","potentialAction":[{"@type":"CommentAction","name":"Comment","target":["https:\/\/www.omovimento.com.br\/portal\/cidade\/amigos-de-infancia-reu-e-condenado-a-16-anos-e-4-meses-por-homicidio-em-pirassununga\/#respond"]}]},{"@type":"WebPage","@id":"https:\/\/www.omovimento.com.br\/portal\/cidade\/amigos-de-infancia-reu-e-condenado-a-16-anos-e-4-meses-por-homicidio-em-pirassununga\/","url":"https:\/\/www.omovimento.com.br\/portal\/cidade\/amigos-de-infancia-reu-e-condenado-a-16-anos-e-4-meses-por-homicidio-em-pirassununga\/","name":"Amigos de inf\u00e2ncia: r\u00e9u \u00e9 condenado a 16 anos e 4 meses por homic\u00eddio em Pirassununga - Jornal O Movimento","isPartOf":{"@id":"https:\/\/www.omovimento.com.br\/portal\/#website"},"primaryImageOfPage":{"@id":"https:\/\/www.omovimento.com.br\/portal\/cidade\/amigos-de-infancia-reu-e-condenado-a-16-anos-e-4-meses-por-homicidio-em-pirassununga\/#primaryimage"},"image":{"@id":"https:\/\/www.omovimento.com.br\/portal\/cidade\/amigos-de-infancia-reu-e-condenado-a-16-anos-e-4-meses-por-homicidio-em-pirassununga\/#primaryimage"},"thumbnailUrl":"https:\/\/www.omovimento.com.br\/portal\/wp-content\/uploads\/2026\/09\/24845365004_09b1e89d0f_c-1.jpg","datePublished":"2026-09-04T20:37:48+00:00","breadcrumb":{"@id":"https:\/\/www.omovimento.com.br\/portal\/cidade\/amigos-de-infancia-reu-e-condenado-a-16-anos-e-4-meses-por-homicidio-em-pirassununga\/#breadcrumb"},"inLanguage":"pt-BR","potentialAction":[{"@type":"ReadAction","target":["https:\/\/www.omovimento.com.br\/portal\/cidade\/amigos-de-infancia-reu-e-condenado-a-16-anos-e-4-meses-por-homicidio-em-pirassununga\/"]}]},{"@type":"ImageObject","inLanguage":"pt-BR","@id":"https:\/\/www.omovimento.com.br\/portal\/cidade\/amigos-de-infancia-reu-e-condenado-a-16-anos-e-4-meses-por-homicidio-em-pirassununga\/#primaryimage","url":"https:\/\/www.omovimento.com.br\/portal\/wp-content\/uploads\/2026\/09\/24845365004_09b1e89d0f_c-1.jpg","contentUrl":"https:\/\/www.omovimento.com.br\/portal\/wp-content\/uploads\/2026\/09\/24845365004_09b1e89d0f_c-1.jpg","width":810,"height":544,"caption":"Thiago de Souza Prado, v\u00edtima do crime \u2014 Foto: Reprodu\u00e7\u00e3o\/Redes Sociais"},{"@type":"BreadcrumbList","@id":"https:\/\/www.omovimento.com.br\/portal\/cidade\/amigos-de-infancia-reu-e-condenado-a-16-anos-e-4-meses-por-homicidio-em-pirassununga\/#breadcrumb","itemListElement":[{"@type":"ListItem","position":1,"name":"In\u00edcio","item":"https:\/\/www.omovimento.com.br\/portal\/"},{"@type":"ListItem","position":2,"name":"Amigos de inf\u00e2ncia: r\u00e9u \u00e9 condenado a 16 anos e 4 meses por homic\u00eddio em Pirassununga"}]},{"@type":"WebSite","@id":"https:\/\/www.omovimento.com.br\/portal\/#website","url":"https:\/\/www.omovimento.com.br\/portal\/","name":"Jornal O Movimento","description":"","publisher":{"@id":"https:\/\/www.omovimento.com.br\/portal\/#organization"},"potentialAction":[{"@type":"SearchAction","target":{"@type":"EntryPoint","urlTemplate":"https:\/\/www.omovimento.com.br\/portal\/?s={search_term_string}"},"query-input":{"@type":"PropertyValueSpecification","valueRequired":true,"valueName":"search_term_string"}}],"inLanguage":"pt-BR"},{"@type":"Organization","@id":"https:\/\/www.omovimento.com.br\/portal\/#organization","name":"Jornal O Movimento","url":"https:\/\/www.omovimento.com.br\/portal\/","logo":{"@type":"ImageObject","inLanguage":"pt-BR","@id":"https:\/\/www.omovimento.com.br\/portal\/#\/schema\/logo\/image\/","url":"https:\/\/www.omovimento.com.br\/portal\/wp-content\/uploads\/2026\/03\/logo_jornal_O_Movimento-1-1536x343-1-1.png","contentUrl":"https:\/\/www.omovimento.com.br\/portal\/wp-content\/uploads\/2026\/03\/logo_jornal_O_Movimento-1-1536x343-1-1.png","width":1536,"height":343,"caption":"Jornal O Movimento"},"image":{"@id":"https:\/\/www.omovimento.com.br\/portal\/#\/schema\/logo\/image\/"}},{"@type":"Person","@id":"https:\/\/www.omovimento.com.br\/portal\/#\/schema\/person\/e7d3971f53952141ade7388e0033ce8d","name":"Reda\u00e7\u00e3o","image":{"@type":"ImageObject","inLanguage":"pt-BR","@id":"https:\/\/secure.gravatar.com\/avatar\/549ab8e14173ace5e8b1c3bd80cf838bc0d00b7e1b65a361093164d85a62d45b?s=96&d=mm&r=g","url":"https:\/\/secure.gravatar.com\/avatar\/549ab8e14173ace5e8b1c3bd80cf838bc0d00b7e1b65a361093164d85a62d45b?s=96&d=mm&r=g","contentUrl":"https:\/\/secure.gravatar.com\/avatar\/549ab8e14173ace5e8b1c3bd80cf838bc0d00b7e1b65a361093164d85a62d45b?s=96&d=mm&r=g","caption":"Reda\u00e7\u00e3o"},"url":"https:\/\/www.omovimento.com.br\/portal\/author\/admin\/"}]}},"_links":{"self":[{"href":"https:\/\/www.omovimento.com.br\/portal\/wp-json\/wp\/v2\/posts\/46332","targetHints":{"allow":["GET"]}}],"collection":[{"href":"https:\/\/www.omovimento.com.br\/portal\/wp-json\/wp\/v2\/posts"}],"about":[{"href":"https:\/\/www.omovimento.com.br\/portal\/wp-json\/wp\/v2\/types\/post"}],"author":[{"embeddable":true,"href":"https:\/\/www.omovimento.com.br\/portal\/wp-json\/wp\/v2\/users\/3"}],"replies":[{"embeddable":true,"href":"https:\/\/www.omovimento.com.br\/portal\/wp-json\/wp\/v2\/comments?post=46332"}],"version-history":[{"count":1,"href":"https:\/\/www.omovimento.com.br\/portal\/wp-json\/wp\/v2\/posts\/46332\/revisions"}],"predecessor-version":[{"id":46334,"href":"https:\/\/www.omovimento.com.br\/portal\/wp-json\/wp\/v2\/posts\/46332\/revisions\/46334"}],"wp:featuredmedia":[{"embeddable":true,"href":"https:\/\/www.omovimento.com.br\/portal\/wp-json\/wp\/v2\/media\/46333"}],"wp:attachment":[{"href":"https:\/\/www.omovimento.com.br\/portal\/wp-json\/wp\/v2\/media?parent=46332"}],"wp:term":[{"taxonomy":"category","embeddable":true,"href":"https:\/\/www.omovimento.com.br\/portal\/wp-json\/wp\/v2\/categories?post=46332"},{"taxonomy":"post_tag","embeddable":true,"href":"https:\/\/www.omovimento.com.br\/portal\/wp-json\/wp\/v2\/tags?post=46332"}],"curies":[{"name":"wp","href":"https:\/\/api.w.org\/{rel}","templated":true}]}}