{"id":46325,"date":"2026-09-04T08:04:10","date_gmt":"2026-09-04T11:04:10","guid":{"rendered":"https:\/\/www.omovimento.com.br\/portal\/?p=46325"},"modified":"2026-09-04T08:04:10","modified_gmt":"2026-09-04T11:04:10","slug":"pirassununga-tera-virada-no-tempo-no-fim-de-semana-com-chuva-trovoadas-e-queda-de-11c","status":"publish","type":"post","link":"https:\/\/www.omovimento.com.br\/portal\/cidade\/pirassununga-tera-virada-no-tempo-no-fim-de-semana-com-chuva-trovoadas-e-queda-de-11c\/","title":{"rendered":"Pirassununga ter\u00e1 virada no tempo no fim de semana, com chuva, trovoadas e queda de 11\u00b0C"},"content":{"rendered":"<p class=\"isSelectedEnd\"><span style=\"font-family: tahoma, arial, helvetica, sans-serif; font-size: 12pt;\">Pirassununga (SP) ter\u00e1 <strong>mudan\u00e7a significativa no tempo durante o fim de semana<\/strong>, com previs\u00e3o de chuva, trovoadas e queda nas temperaturas. A m\u00e1xima, que pode chegar a <strong>31\u00b0C nesta sexta-feira (4)<\/strong>, deve cair para <strong>20\u00b0C no domingo (6)<\/strong>.<\/span><\/p><div id=\"omovi-3992265038\" class=\"omovi-conteudo-2 omovi-entity-placement\"><div id=\"63534-28\"><script src=\"\/\/ads.themoneytizer.com\/s\/gen.js?type=28\"><\/script><script src=\"\/\/ads.themoneytizer.com\/s\/requestform.js?siteId=63534&formatId=28\" ><\/script><\/div><\/div>\n<p class=\"isSelectedEnd\"><span style=\"font-family: tahoma, arial, helvetica, sans-serif; font-size: 12pt;\">A instabilidade come\u00e7a no <strong>s\u00e1bado (5)<\/strong>, quando est\u00e3o previstas pancadas de chuva e trovoadas entre o fim da manh\u00e3 e a tarde. \u00c0 noite, h\u00e1 possibilidade de <strong>temporal<\/strong>. A temperatura deve variar entre <strong>17\u00b0C e 28\u00b0C<\/strong>, com previs\u00e3o de <strong>14,8 mil\u00edmetros de chuva e 76% de chance de precipita\u00e7\u00e3o<\/strong>.<\/span><\/p>\n<p class=\"isSelectedEnd\"><span style=\"font-family: tahoma, arial, helvetica, sans-serif; font-size: 12pt;\">No <strong>domingo (6)<\/strong>, a chuva continua. A previs\u00e3o indica pancadas de chuva e trovoadas pela manh\u00e3, seguidas de muitas nuvens \u00e0 tarde. \u00c0 noite, o tempo deve ficar firme.<\/span><\/p>\n<p class=\"isSelectedEnd\"><span style=\"font-family: tahoma, arial, helvetica, sans-serif; font-size: 12pt;\">Al\u00e9m da chuva, o domingo ser\u00e1 marcado pela <strong>queda acentuada da temperatura<\/strong>. Os term\u00f4metros devem registrar m\u00ednima de <strong>14\u00b0C<\/strong> e m\u00e1xima de <strong>20\u00b0C<\/strong>. A previs\u00e3o aponta <strong>12,2 mil\u00edmetros de chuva e 86% de probabilidade de precipita\u00e7\u00e3o<\/strong>.<\/span><\/p>\n<p><img decoding=\"async\" class=\"aligncenter\" src=\"https:\/\/www.omovimento.com.br\/portal\/wp-content\/uploads\/2026\/06\/cats-2.jpg\" \/><\/p>\n<p><a href=\"https:\/\/play.google.com\/store\/apps\/details?id=com.logicahost.frequenciaum\"><img fetchpriority=\"high\" decoding=\"async\" class=\"alignnone size-full wp-image-46323\" src=\"https:\/\/www.omovimento.com.br\/portal\/wp-content\/uploads\/2026\/09\/4f646a98-bc20-4b42-aaeb-2adce1863651.png\" alt=\"\" width=\"1000\" height=\"509\" srcset=\"https:\/\/www.omovimento.com.br\/portal\/wp-content\/uploads\/2026\/09\/4f646a98-bc20-4b42-aaeb-2adce1863651.png 1000w, https:\/\/www.omovimento.com.br\/portal\/wp-content\/uploads\/2026\/09\/4f646a98-bc20-4b42-aaeb-2adce1863651-300x153.png 300w, https:\/\/www.omovimento.com.br\/portal\/wp-content\/uploads\/2026\/09\/4f646a98-bc20-4b42-aaeb-2adce1863651-768x391.png 768w, https:\/\/www.omovimento.com.br\/portal\/wp-content\/uploads\/2026\/09\/4f646a98-bc20-4b42-aaeb-2adce1863651-150x76.png 150w, https:\/\/www.omovimento.com.br\/portal\/wp-content\/uploads\/2026\/09\/4f646a98-bc20-4b42-aaeb-2adce1863651-450x229.png 450w\" sizes=\"(max-width: 1000px) 100vw, 1000px\" \/><\/a><\/p>\n<h3><span style=\"font-family: tahoma, arial, helvetica, sans-serif;\">Sexta-feira<\/span><\/h3>\n<p class=\"isSelectedEnd\"><span style=\"font-family: tahoma, arial, helvetica, sans-serif; font-size: 12pt;\">Nesta sexta, o tempo permanece mais est\u00e1vel. O dia ter\u00e1 <strong>sol e muitas nuvens<\/strong>, principalmente \u00e0 tarde. N\u00e3o h\u00e1 previs\u00e3o de chuva.<\/span><\/p>\n<p class=\"isSelectedEnd\"><span style=\"font-family: tahoma, arial, helvetica, sans-serif; font-size: 12pt;\">\ud83c\udf21\ufe0f <strong>M\u00ednima: 15\u00b0C<\/strong><\/span><br \/>\n<span style=\"font-family: tahoma, arial, helvetica, sans-serif; font-size: 12pt;\">\ud83c\udf21\ufe0f <strong>M\u00e1xima: 31\u00b0C<\/strong><\/span><br \/>\n<span style=\"font-family: tahoma, arial, helvetica, sans-serif; font-size: 12pt;\">\ud83c\udf27\ufe0f <strong>Chuva: 0 mm<\/strong><\/span><\/p>\n<h3><span style=\"font-family: tahoma, arial, helvetica, sans-serif;\">S\u00e1bado<\/span><\/h3>\n<p class=\"isSelectedEnd\"><span style=\"font-family: tahoma, arial, helvetica, sans-serif; font-size: 12pt;\">O tempo muda e a nebulosidade aumenta. S\u00e3o esperadas <strong>pancadas de chuva e trovoadas<\/strong>, principalmente no fim da manh\u00e3 e durante a tarde. \u00c0 noite, pode ocorrer temporal.<\/span><\/p>\n<p class=\"isSelectedEnd\"><span style=\"font-family: tahoma, arial, helvetica, sans-serif; font-size: 12pt;\">\ud83c\udf21\ufe0f <strong>M\u00ednima: 17\u00b0C<\/strong><\/span><br \/>\n<span style=\"font-family: tahoma, arial, helvetica, sans-serif; font-size: 12pt;\">\ud83c\udf21\ufe0f <strong>M\u00e1xima: 28\u00b0C<\/strong><\/span><br \/>\n<span style=\"font-family: tahoma, arial, helvetica, sans-serif; font-size: 12pt;\">\ud83c\udf27\ufe0f <strong>Chuva: 14,8 mm<\/strong><\/span><br \/>\n<span style=\"font-family: tahoma, arial, helvetica, sans-serif; font-size: 12pt;\">\u2614 <strong>Chance de chuva: 76%<\/strong><\/span><\/p>\n<h3><span style=\"font-family: tahoma, arial, helvetica, sans-serif;\">Domingo<\/span><\/h3>\n<p class=\"isSelectedEnd\"><span style=\"font-family: tahoma, arial, helvetica, sans-serif; font-size: 12pt;\">A instabilidade permanece durante a manh\u00e3, com <strong>chuva e trovoadas<\/strong>. \u00c0 tarde, o c\u00e9u fica com muitas nuvens e, \u00e0 noite, a previs\u00e3o \u00e9 de tempo firme.<\/span><\/p>\n<p class=\"isSelectedEnd\"><span style=\"font-family: tahoma, arial, helvetica, sans-serif; font-size: 12pt;\">\ud83c\udf21\ufe0f <strong>M\u00ednima: 14\u00b0C<\/strong><\/span><br \/>\n<span style=\"font-family: tahoma, arial, helvetica, sans-serif; font-size: 12pt;\">\ud83c\udf21\ufe0f <strong>M\u00e1xima: 20\u00b0C<\/strong><\/span><br \/>\n<span style=\"font-family: tahoma, arial, helvetica, sans-serif; font-size: 12pt;\">\ud83c\udf27\ufe0f <strong>Chuva: 12,2 mm<\/strong><\/span><br \/>\n<span style=\"font-family: tahoma, arial, helvetica, sans-serif; font-size: 12pt;\">\u2614 <strong>Chance de chuva: 86%<\/strong><\/span><\/p>\n<p><span style=\"font-family: tahoma, arial, helvetica, sans-serif; font-size: 12pt;\"><strong>Fonte: Climatempo.<\/strong><\/span><\/p>\n<p><img decoding=\"async\" class=\"size-full wp-image-45305 aligncenter\" src=\"https:\/\/www.omovimento.com.br\/portal\/wp-content\/uploads\/2026\/07\/a68b4ffa-84a1-4ea2-a1b6-38fe8c011533.png\" alt=\"\" width=\"1024\" height=\"1536\" srcset=\"https:\/\/www.omovimento.com.br\/portal\/wp-content\/uploads\/2026\/07\/a68b4ffa-84a1-4ea2-a1b6-38fe8c011533.png 1024w, https:\/\/www.omovimento.com.br\/portal\/wp-content\/uploads\/2026\/07\/a68b4ffa-84a1-4ea2-a1b6-38fe8c011533-200x300.png 200w, https:\/\/www.omovimento.com.br\/portal\/wp-content\/uploads\/2026\/07\/a68b4ffa-84a1-4ea2-a1b6-38fe8c011533-683x1024.png 683w, https:\/\/www.omovimento.com.br\/portal\/wp-content\/uploads\/2026\/07\/a68b4ffa-84a1-4ea2-a1b6-38fe8c011533-768x1152.png 768w, https:\/\/www.omovimento.com.br\/portal\/wp-content\/uploads\/2026\/07\/a68b4ffa-84a1-4ea2-a1b6-38fe8c011533-150x225.png 150w, https:\/\/www.omovimento.com.br\/portal\/wp-content\/uploads\/2026\/07\/a68b4ffa-84a1-4ea2-a1b6-38fe8c011533-450x675.png 450w\" sizes=\"(max-width: 1024px) 100vw, 1024px\" \/><\/p>\n<p data-start=\"822\" data-end=\"1009\"><span style=\"font-family: tahoma, arial, helvetica, sans-serif;\"><span dir=\"auto\" style=\"vertical-align: inherit;\">\u270d\ufe0f <\/span><em data-start=\"1160\" data-end=\"1198\" data-is-last-node=\"\"><span dir=\"auto\" style=\"vertical-align: inherit;\">Reportagem: <\/span><a href=\"https:\/\/www.facebook.com\/jornalistatonioliveiraon\/\"><strong><span dir=\"auto\" style=\"vertical-align: inherit;\">Jornalista Toni Oliveira<\/span><\/strong><\/a><\/em><\/span><\/p>\n<p><span style=\"font-size: 14pt; color: #808080; font-family: tahoma, arial, helvetica, sans-serif;\"><em>Jorna<strong>l O Movimento<\/strong> \u00a0H\u00e1 92 anos, a principal refer\u00eancia em jornalismo na regi\u00e3o<\/em><\/span><\/p>\n<p><span style=\"font-family: tahoma, arial, helvetica, sans-serif;\"><em>( Fica proibida a reprodu\u00e7\u00e3o total ou parcial, c\u00f3pia ou distribui\u00e7\u00e3o do conte\u00fado, sem autoriza\u00e7\u00e3o expressa por parte do <strong>jornal O Movimento<\/strong><\/em><\/span><\/p>\n","protected":false},"excerpt":{"rendered":"<p>Pirassununga (SP) ter\u00e1 mudan\u00e7a significativa no tempo durante o fim de semana, com previs\u00e3o de chuva, trovoadas e queda nas temperaturas. A m\u00e1xima, que pode chegar a 31\u00b0C nesta sexta-feira (4), deve cair para 20\u00b0C no domingo (6). A instabilidade come\u00e7a no s\u00e1bado (5), quando est\u00e3o previstas pancadas de chuva e trovoadas entre o fim<\/p>\n","protected":false},"author":3,"featured_media":44371,"comment_status":"open","ping_status":"open","sticky":false,"template":"","format":"standard","meta":{"footnotes":""},"categories":[3],"tags":[],"class_list":["post-46325","post","type-post","status-publish","format-standard","has-post-thumbnail","category-cidade"],"yoast_head":"<!-- This site is optimized with the Yoast SEO plugin v27.3 - https:\/\/yoast.com\/product\/yoast-seo-wordpress\/ -->\n<title>Pirassununga ter\u00e1 virada no tempo no fim de semana, com chuva, trovoadas e queda de 11\u00b0C - Jornal O Movimento<\/title>\n<meta name=\"robots\" content=\"index, follow, max-snippet:-1, max-image-preview:large, max-video-preview:-1\" \/>\n<link rel=\"canonical\" href=\"https:\/\/www.omovimento.com.br\/portal\/cidade\/pirassununga-tera-virada-no-tempo-no-fim-de-semana-com-chuva-trovoadas-e-queda-de-11c\/\" \/>\n<meta property=\"og:locale\" content=\"pt_BR\" \/>\n<meta property=\"og:type\" content=\"article\" \/>\n<meta property=\"og:title\" content=\"Pirassununga ter\u00e1 virada no tempo no fim de semana, com chuva, trovoadas e queda de 11\u00b0C - Jornal O Movimento\" \/>\n<meta property=\"og:description\" content=\"Pirassununga (SP) ter\u00e1 mudan\u00e7a significativa no tempo durante o fim de semana, com previs\u00e3o de chuva, trovoadas e queda nas temperaturas. A m\u00e1xima, que pode chegar a 31\u00b0C nesta sexta-feira (4), deve cair para 20\u00b0C no domingo (6). A instabilidade come\u00e7a no s\u00e1bado (5), quando est\u00e3o previstas pancadas de chuva e trovoadas entre o fim\" \/>\n<meta property=\"og:url\" content=\"https:\/\/www.omovimento.com.br\/portal\/cidade\/pirassununga-tera-virada-no-tempo-no-fim-de-semana-com-chuva-trovoadas-e-queda-de-11c\/\" \/>\n<meta property=\"og:site_name\" content=\"Jornal O Movimento\" \/>\n<meta property=\"article:published_time\" content=\"2026-09-04T11:04:10+00:00\" \/>\n<meta property=\"og:image\" content=\"https:\/\/www.omovimento.com.br\/portal\/wp-content\/uploads\/2026\/05\/tempo-vitoria-kesya.jpg\" \/>\n\t<meta property=\"og:image:width\" content=\"1000\" \/>\n\t<meta property=\"og:image:height\" content=\"690\" \/>\n\t<meta property=\"og:image:type\" content=\"image\/jpeg\" \/>\n<meta name=\"author\" content=\"Reda\u00e7\u00e3o\" \/>\n<meta name=\"twitter:card\" content=\"summary_large_image\" \/>\n<meta name=\"twitter:label1\" content=\"Escrito por\" \/>\n\t<meta name=\"twitter:data1\" content=\"Reda\u00e7\u00e3o\" \/>\n\t<meta name=\"twitter:label2\" content=\"Est. tempo de leitura\" \/>\n\t<meta name=\"twitter:data2\" content=\"3 minutos\" \/>\n<script type=\"application\/ld+json\" class=\"yoast-schema-graph\">{\"@context\":\"https:\\\/\\\/schema.org\",\"@graph\":[{\"@type\":\"Article\",\"@id\":\"https:\\\/\\\/www.omovimento.com.br\\\/portal\\\/cidade\\\/pirassununga-tera-virada-no-tempo-no-fim-de-semana-com-chuva-trovoadas-e-queda-de-11c\\\/#article\",\"isPartOf\":{\"@id\":\"https:\\\/\\\/www.omovimento.com.br\\\/portal\\\/cidade\\\/pirassununga-tera-virada-no-tempo-no-fim-de-semana-com-chuva-trovoadas-e-queda-de-11c\\\/\"},\"author\":{\"name\":\"Reda\u00e7\u00e3o\",\"@id\":\"https:\\\/\\\/www.omovimento.com.br\\\/portal\\\/#\\\/schema\\\/person\\\/e7d3971f53952141ade7388e0033ce8d\"},\"headline\":\"Pirassununga ter\u00e1 virada no tempo no fim de semana, com chuva, trovoadas e queda de 11\u00b0C\",\"datePublished\":\"2026-09-04T11:04:10+00:00\",\"mainEntityOfPage\":{\"@id\":\"https:\\\/\\\/www.omovimento.com.br\\\/portal\\\/cidade\\\/pirassununga-tera-virada-no-tempo-no-fim-de-semana-com-chuva-trovoadas-e-queda-de-11c\\\/\"},\"wordCount\":332,\"commentCount\":0,\"publisher\":{\"@id\":\"https:\\\/\\\/www.omovimento.com.br\\\/portal\\\/#organization\"},\"image\":{\"@id\":\"https:\\\/\\\/www.omovimento.com.br\\\/portal\\\/cidade\\\/pirassununga-tera-virada-no-tempo-no-fim-de-semana-com-chuva-trovoadas-e-queda-de-11c\\\/#primaryimage\"},\"thumbnailUrl\":\"https:\\\/\\\/www.omovimento.com.br\\\/portal\\\/wp-content\\\/uploads\\\/2026\\\/05\\\/tempo-vitoria-kesya.jpg\",\"articleSection\":[\"Cidade\"],\"inLanguage\":\"pt-BR\",\"potentialAction\":[{\"@type\":\"CommentAction\",\"name\":\"Comment\",\"target\":[\"https:\\\/\\\/www.omovimento.com.br\\\/portal\\\/cidade\\\/pirassununga-tera-virada-no-tempo-no-fim-de-semana-com-chuva-trovoadas-e-queda-de-11c\\\/#respond\"]}]},{\"@type\":\"WebPage\",\"@id\":\"https:\\\/\\\/www.omovimento.com.br\\\/portal\\\/cidade\\\/pirassununga-tera-virada-no-tempo-no-fim-de-semana-com-chuva-trovoadas-e-queda-de-11c\\\/\",\"url\":\"https:\\\/\\\/www.omovimento.com.br\\\/portal\\\/cidade\\\/pirassununga-tera-virada-no-tempo-no-fim-de-semana-com-chuva-trovoadas-e-queda-de-11c\\\/\",\"name\":\"Pirassununga ter\u00e1 virada no tempo no fim de semana, com chuva, trovoadas e queda de 11\u00b0C - Jornal O Movimento\",\"isPartOf\":{\"@id\":\"https:\\\/\\\/www.omovimento.com.br\\\/portal\\\/#website\"},\"primaryImageOfPage\":{\"@id\":\"https:\\\/\\\/www.omovimento.com.br\\\/portal\\\/cidade\\\/pirassununga-tera-virada-no-tempo-no-fim-de-semana-com-chuva-trovoadas-e-queda-de-11c\\\/#primaryimage\"},\"image\":{\"@id\":\"https:\\\/\\\/www.omovimento.com.br\\\/portal\\\/cidade\\\/pirassununga-tera-virada-no-tempo-no-fim-de-semana-com-chuva-trovoadas-e-queda-de-11c\\\/#primaryimage\"},\"thumbnailUrl\":\"https:\\\/\\\/www.omovimento.com.br\\\/portal\\\/wp-content\\\/uploads\\\/2026\\\/05\\\/tempo-vitoria-kesya.jpg\",\"datePublished\":\"2026-09-04T11:04:10+00:00\",\"breadcrumb\":{\"@id\":\"https:\\\/\\\/www.omovimento.com.br\\\/portal\\\/cidade\\\/pirassununga-tera-virada-no-tempo-no-fim-de-semana-com-chuva-trovoadas-e-queda-de-11c\\\/#breadcrumb\"},\"inLanguage\":\"pt-BR\",\"potentialAction\":[{\"@type\":\"ReadAction\",\"target\":[\"https:\\\/\\\/www.omovimento.com.br\\\/portal\\\/cidade\\\/pirassununga-tera-virada-no-tempo-no-fim-de-semana-com-chuva-trovoadas-e-queda-de-11c\\\/\"]}]},{\"@type\":\"ImageObject\",\"inLanguage\":\"pt-BR\",\"@id\":\"https:\\\/\\\/www.omovimento.com.br\\\/portal\\\/cidade\\\/pirassununga-tera-virada-no-tempo-no-fim-de-semana-com-chuva-trovoadas-e-queda-de-11c\\\/#primaryimage\",\"url\":\"https:\\\/\\\/www.omovimento.com.br\\\/portal\\\/wp-content\\\/uploads\\\/2026\\\/05\\\/tempo-vitoria-kesya.jpg\",\"contentUrl\":\"https:\\\/\\\/www.omovimento.com.br\\\/portal\\\/wp-content\\\/uploads\\\/2026\\\/05\\\/tempo-vitoria-kesya.jpg\",\"width\":1000,\"height\":690,\"caption\":\"Foto: Vitoria Kesya \\\/ Arquivo pessoal\"},{\"@type\":\"BreadcrumbList\",\"@id\":\"https:\\\/\\\/www.omovimento.com.br\\\/portal\\\/cidade\\\/pirassununga-tera-virada-no-tempo-no-fim-de-semana-com-chuva-trovoadas-e-queda-de-11c\\\/#breadcrumb\",\"itemListElement\":[{\"@type\":\"ListItem\",\"position\":1,\"name\":\"In\u00edcio\",\"item\":\"https:\\\/\\\/www.omovimento.com.br\\\/portal\\\/\"},{\"@type\":\"ListItem\",\"position\":2,\"name\":\"Pirassununga ter\u00e1 virada no tempo no fim de semana, com chuva, trovoadas e queda de 11\u00b0C\"}]},{\"@type\":\"WebSite\",\"@id\":\"https:\\\/\\\/www.omovimento.com.br\\\/portal\\\/#website\",\"url\":\"https:\\\/\\\/www.omovimento.com.br\\\/portal\\\/\",\"name\":\"Jornal O Movimento\",\"description\":\"\",\"publisher\":{\"@id\":\"https:\\\/\\\/www.omovimento.com.br\\\/portal\\\/#organization\"},\"potentialAction\":[{\"@type\":\"SearchAction\",\"target\":{\"@type\":\"EntryPoint\",\"urlTemplate\":\"https:\\\/\\\/www.omovimento.com.br\\\/portal\\\/?s={search_term_string}\"},\"query-input\":{\"@type\":\"PropertyValueSpecification\",\"valueRequired\":true,\"valueName\":\"search_term_string\"}}],\"inLanguage\":\"pt-BR\"},{\"@type\":\"Organization\",\"@id\":\"https:\\\/\\\/www.omovimento.com.br\\\/portal\\\/#organization\",\"name\":\"Jornal O Movimento\",\"url\":\"https:\\\/\\\/www.omovimento.com.br\\\/portal\\\/\",\"logo\":{\"@type\":\"ImageObject\",\"inLanguage\":\"pt-BR\",\"@id\":\"https:\\\/\\\/www.omovimento.com.br\\\/portal\\\/#\\\/schema\\\/logo\\\/image\\\/\",\"url\":\"https:\\\/\\\/www.omovimento.com.br\\\/portal\\\/wp-content\\\/uploads\\\/2026\\\/03\\\/logo_jornal_O_Movimento-1-1536x343-1-1.png\",\"contentUrl\":\"https:\\\/\\\/www.omovimento.com.br\\\/portal\\\/wp-content\\\/uploads\\\/2026\\\/03\\\/logo_jornal_O_Movimento-1-1536x343-1-1.png\",\"width\":1536,\"height\":343,\"caption\":\"Jornal O Movimento\"},\"image\":{\"@id\":\"https:\\\/\\\/www.omovimento.com.br\\\/portal\\\/#\\\/schema\\\/logo\\\/image\\\/\"}},{\"@type\":\"Person\",\"@id\":\"https:\\\/\\\/www.omovimento.com.br\\\/portal\\\/#\\\/schema\\\/person\\\/e7d3971f53952141ade7388e0033ce8d\",\"name\":\"Reda\u00e7\u00e3o\",\"image\":{\"@type\":\"ImageObject\",\"inLanguage\":\"pt-BR\",\"@id\":\"https:\\\/\\\/secure.gravatar.com\\\/avatar\\\/549ab8e14173ace5e8b1c3bd80cf838bc0d00b7e1b65a361093164d85a62d45b?s=96&d=mm&r=g\",\"url\":\"https:\\\/\\\/secure.gravatar.com\\\/avatar\\\/549ab8e14173ace5e8b1c3bd80cf838bc0d00b7e1b65a361093164d85a62d45b?s=96&d=mm&r=g\",\"contentUrl\":\"https:\\\/\\\/secure.gravatar.com\\\/avatar\\\/549ab8e14173ace5e8b1c3bd80cf838bc0d00b7e1b65a361093164d85a62d45b?s=96&d=mm&r=g\",\"caption\":\"Reda\u00e7\u00e3o\"},\"url\":\"https:\\\/\\\/www.omovimento.com.br\\\/portal\\\/author\\\/admin\\\/\"}]}<\/script>\n<!-- \/ Yoast SEO plugin. -->","yoast_head_json":{"title":"Pirassununga ter\u00e1 virada no tempo no fim de semana, com chuva, trovoadas e queda de 11\u00b0C - Jornal O Movimento","robots":{"index":"index","follow":"follow","max-snippet":"max-snippet:-1","max-image-preview":"max-image-preview:large","max-video-preview":"max-video-preview:-1"},"canonical":"https:\/\/www.omovimento.com.br\/portal\/cidade\/pirassununga-tera-virada-no-tempo-no-fim-de-semana-com-chuva-trovoadas-e-queda-de-11c\/","og_locale":"pt_BR","og_type":"article","og_title":"Pirassununga ter\u00e1 virada no tempo no fim de semana, com chuva, trovoadas e queda de 11\u00b0C - Jornal O Movimento","og_description":"Pirassununga (SP) ter\u00e1 mudan\u00e7a significativa no tempo durante o fim de semana, com previs\u00e3o de chuva, trovoadas e queda nas temperaturas. A m\u00e1xima, que pode chegar a 31\u00b0C nesta sexta-feira (4), deve cair para 20\u00b0C no domingo (6). A instabilidade come\u00e7a no s\u00e1bado (5), quando est\u00e3o previstas pancadas de chuva e trovoadas entre o fim","og_url":"https:\/\/www.omovimento.com.br\/portal\/cidade\/pirassununga-tera-virada-no-tempo-no-fim-de-semana-com-chuva-trovoadas-e-queda-de-11c\/","og_site_name":"Jornal O Movimento","article_published_time":"2026-09-04T11:04:10+00:00","og_image":[{"width":1000,"height":690,"url":"https:\/\/www.omovimento.com.br\/portal\/wp-content\/uploads\/2026\/05\/tempo-vitoria-kesya.jpg","type":"image\/jpeg"}],"author":"Reda\u00e7\u00e3o","twitter_card":"summary_large_image","twitter_misc":{"Escrito por":"Reda\u00e7\u00e3o","Est. tempo de leitura":"3 minutos"},"schema":{"@context":"https:\/\/schema.org","@graph":[{"@type":"Article","@id":"https:\/\/www.omovimento.com.br\/portal\/cidade\/pirassununga-tera-virada-no-tempo-no-fim-de-semana-com-chuva-trovoadas-e-queda-de-11c\/#article","isPartOf":{"@id":"https:\/\/www.omovimento.com.br\/portal\/cidade\/pirassununga-tera-virada-no-tempo-no-fim-de-semana-com-chuva-trovoadas-e-queda-de-11c\/"},"author":{"name":"Reda\u00e7\u00e3o","@id":"https:\/\/www.omovimento.com.br\/portal\/#\/schema\/person\/e7d3971f53952141ade7388e0033ce8d"},"headline":"Pirassununga ter\u00e1 virada no tempo no fim de semana, com chuva, trovoadas e queda de 11\u00b0C","datePublished":"2026-09-04T11:04:10+00:00","mainEntityOfPage":{"@id":"https:\/\/www.omovimento.com.br\/portal\/cidade\/pirassununga-tera-virada-no-tempo-no-fim-de-semana-com-chuva-trovoadas-e-queda-de-11c\/"},"wordCount":332,"commentCount":0,"publisher":{"@id":"https:\/\/www.omovimento.com.br\/portal\/#organization"},"image":{"@id":"https:\/\/www.omovimento.com.br\/portal\/cidade\/pirassununga-tera-virada-no-tempo-no-fim-de-semana-com-chuva-trovoadas-e-queda-de-11c\/#primaryimage"},"thumbnailUrl":"https:\/\/www.omovimento.com.br\/portal\/wp-content\/uploads\/2026\/05\/tempo-vitoria-kesya.jpg","articleSection":["Cidade"],"inLanguage":"pt-BR","potentialAction":[{"@type":"CommentAction","name":"Comment","target":["https:\/\/www.omovimento.com.br\/portal\/cidade\/pirassununga-tera-virada-no-tempo-no-fim-de-semana-com-chuva-trovoadas-e-queda-de-11c\/#respond"]}]},{"@type":"WebPage","@id":"https:\/\/www.omovimento.com.br\/portal\/cidade\/pirassununga-tera-virada-no-tempo-no-fim-de-semana-com-chuva-trovoadas-e-queda-de-11c\/","url":"https:\/\/www.omovimento.com.br\/portal\/cidade\/pirassununga-tera-virada-no-tempo-no-fim-de-semana-com-chuva-trovoadas-e-queda-de-11c\/","name":"Pirassununga ter\u00e1 virada no tempo no fim de semana, com chuva, trovoadas e queda de 11\u00b0C - Jornal O Movimento","isPartOf":{"@id":"https:\/\/www.omovimento.com.br\/portal\/#website"},"primaryImageOfPage":{"@id":"https:\/\/www.omovimento.com.br\/portal\/cidade\/pirassununga-tera-virada-no-tempo-no-fim-de-semana-com-chuva-trovoadas-e-queda-de-11c\/#primaryimage"},"image":{"@id":"https:\/\/www.omovimento.com.br\/portal\/cidade\/pirassununga-tera-virada-no-tempo-no-fim-de-semana-com-chuva-trovoadas-e-queda-de-11c\/#primaryimage"},"thumbnailUrl":"https:\/\/www.omovimento.com.br\/portal\/wp-content\/uploads\/2026\/05\/tempo-vitoria-kesya.jpg","datePublished":"2026-09-04T11:04:10+00:00","breadcrumb":{"@id":"https:\/\/www.omovimento.com.br\/portal\/cidade\/pirassununga-tera-virada-no-tempo-no-fim-de-semana-com-chuva-trovoadas-e-queda-de-11c\/#breadcrumb"},"inLanguage":"pt-BR","potentialAction":[{"@type":"ReadAction","target":["https:\/\/www.omovimento.com.br\/portal\/cidade\/pirassununga-tera-virada-no-tempo-no-fim-de-semana-com-chuva-trovoadas-e-queda-de-11c\/"]}]},{"@type":"ImageObject","inLanguage":"pt-BR","@id":"https:\/\/www.omovimento.com.br\/portal\/cidade\/pirassununga-tera-virada-no-tempo-no-fim-de-semana-com-chuva-trovoadas-e-queda-de-11c\/#primaryimage","url":"https:\/\/www.omovimento.com.br\/portal\/wp-content\/uploads\/2026\/05\/tempo-vitoria-kesya.jpg","contentUrl":"https:\/\/www.omovimento.com.br\/portal\/wp-content\/uploads\/2026\/05\/tempo-vitoria-kesya.jpg","width":1000,"height":690,"caption":"Foto: Vitoria Kesya \/ Arquivo pessoal"},{"@type":"BreadcrumbList","@id":"https:\/\/www.omovimento.com.br\/portal\/cidade\/pirassununga-tera-virada-no-tempo-no-fim-de-semana-com-chuva-trovoadas-e-queda-de-11c\/#breadcrumb","itemListElement":[{"@type":"ListItem","position":1,"name":"In\u00edcio","item":"https:\/\/www.omovimento.com.br\/portal\/"},{"@type":"ListItem","position":2,"name":"Pirassununga ter\u00e1 virada no tempo no fim de semana, com chuva, trovoadas e queda de 11\u00b0C"}]},{"@type":"WebSite","@id":"https:\/\/www.omovimento.com.br\/portal\/#website","url":"https:\/\/www.omovimento.com.br\/portal\/","name":"Jornal O Movimento","description":"","publisher":{"@id":"https:\/\/www.omovimento.com.br\/portal\/#organization"},"potentialAction":[{"@type":"SearchAction","target":{"@type":"EntryPoint","urlTemplate":"https:\/\/www.omovimento.com.br\/portal\/?s={search_term_string}"},"query-input":{"@type":"PropertyValueSpecification","valueRequired":true,"valueName":"search_term_string"}}],"inLanguage":"pt-BR"},{"@type":"Organization","@id":"https:\/\/www.omovimento.com.br\/portal\/#organization","name":"Jornal O Movimento","url":"https:\/\/www.omovimento.com.br\/portal\/","logo":{"@type":"ImageObject","inLanguage":"pt-BR","@id":"https:\/\/www.omovimento.com.br\/portal\/#\/schema\/logo\/image\/","url":"https:\/\/www.omovimento.com.br\/portal\/wp-content\/uploads\/2026\/03\/logo_jornal_O_Movimento-1-1536x343-1-1.png","contentUrl":"https:\/\/www.omovimento.com.br\/portal\/wp-content\/uploads\/2026\/03\/logo_jornal_O_Movimento-1-1536x343-1-1.png","width":1536,"height":343,"caption":"Jornal O Movimento"},"image":{"@id":"https:\/\/www.omovimento.com.br\/portal\/#\/schema\/logo\/image\/"}},{"@type":"Person","@id":"https:\/\/www.omovimento.com.br\/portal\/#\/schema\/person\/e7d3971f53952141ade7388e0033ce8d","name":"Reda\u00e7\u00e3o","image":{"@type":"ImageObject","inLanguage":"pt-BR","@id":"https:\/\/secure.gravatar.com\/avatar\/549ab8e14173ace5e8b1c3bd80cf838bc0d00b7e1b65a361093164d85a62d45b?s=96&d=mm&r=g","url":"https:\/\/secure.gravatar.com\/avatar\/549ab8e14173ace5e8b1c3bd80cf838bc0d00b7e1b65a361093164d85a62d45b?s=96&d=mm&r=g","contentUrl":"https:\/\/secure.gravatar.com\/avatar\/549ab8e14173ace5e8b1c3bd80cf838bc0d00b7e1b65a361093164d85a62d45b?s=96&d=mm&r=g","caption":"Reda\u00e7\u00e3o"},"url":"https:\/\/www.omovimento.com.br\/portal\/author\/admin\/"}]}},"_links":{"self":[{"href":"https:\/\/www.omovimento.com.br\/portal\/wp-json\/wp\/v2\/posts\/46325","targetHints":{"allow":["GET"]}}],"collection":[{"href":"https:\/\/www.omovimento.com.br\/portal\/wp-json\/wp\/v2\/posts"}],"about":[{"href":"https:\/\/www.omovimento.com.br\/portal\/wp-json\/wp\/v2\/types\/post"}],"author":[{"embeddable":true,"href":"https:\/\/www.omovimento.com.br\/portal\/wp-json\/wp\/v2\/users\/3"}],"replies":[{"embeddable":true,"href":"https:\/\/www.omovimento.com.br\/portal\/wp-json\/wp\/v2\/comments?post=46325"}],"version-history":[{"count":2,"href":"https:\/\/www.omovimento.com.br\/portal\/wp-json\/wp\/v2\/posts\/46325\/revisions"}],"predecessor-version":[{"id":46327,"href":"https:\/\/www.omovimento.com.br\/portal\/wp-json\/wp\/v2\/posts\/46325\/revisions\/46327"}],"wp:featuredmedia":[{"embeddable":true,"href":"https:\/\/www.omovimento.com.br\/portal\/wp-json\/wp\/v2\/media\/44371"}],"wp:attachment":[{"href":"https:\/\/www.omovimento.com.br\/portal\/wp-json\/wp\/v2\/media?parent=46325"}],"wp:term":[{"taxonomy":"category","embeddable":true,"href":"https:\/\/www.omovimento.com.br\/portal\/wp-json\/wp\/v2\/categories?post=46325"},{"taxonomy":"post_tag","embeddable":true,"href":"https:\/\/www.omovimento.com.br\/portal\/wp-json\/wp\/v2\/tags?post=46325"}],"curies":[{"name":"wp","href":"https:\/\/api.w.org\/{rel}","templated":true}]}}