{"id":46320,"date":"2026-09-03T19:59:07","date_gmt":"2026-09-03T22:59:07","guid":{"rendered":"https:\/\/www.omovimento.com.br\/portal\/?p=46320"},"modified":"2026-09-03T19:59:07","modified_gmt":"2026-09-03T22:59:07","slug":"eleitores-da-regiao-ja-registram-denuncias-de-possiveis-irregularidades-na-propaganda-eleitoral","status":"publish","type":"post","link":"https:\/\/www.omovimento.com.br\/portal\/geral\/eleitores-da-regiao-ja-registram-denuncias-de-possiveis-irregularidades-na-propaganda-eleitoral\/","title":{"rendered":"Eleitores da regi\u00e3o j\u00e1 registram den\u00fancias de poss\u00edveis irregularidades na propaganda eleitoral"},"content":{"rendered":"<p class=\"isSelectedEnd\"><span style=\"font-family: tahoma, arial, helvetica, sans-serif; font-size: 12pt;\"><strong>At\u00e9 a tarde desta quinta-feira (3), um levantamento realizado pelo Jornal O Movimento no site do aplicativo Pardal, da Justi\u00e7a Eleitoral, identificou registros de den\u00fancias em Pirassununga, Porto Ferreira, Santa Rita do Passa Quatro e Leme.<\/strong><\/span><\/p><div id=\"omovi-885046827\" class=\"omovi-conteudo-2 omovi-entity-placement\"><div id=\"63534-28\"><script src=\"\/\/ads.themoneytizer.com\/s\/gen.js?type=28\"><\/script><script src=\"\/\/ads.themoneytizer.com\/s\/requestform.js?siteId=63534&formatId=28\" ><\/script><\/div><\/div>\n<p class=\"isSelectedEnd\"><span style=\"font-family: tahoma, arial, helvetica, sans-serif; font-size: 12pt;\">Os registros envolvem <strong>poss\u00edveis irregularidades na propaganda eleitoral<\/strong> e diferentes modalidades de divulga\u00e7\u00e3o, como propaganda em vias p\u00fablicas, internet, envio de mensagens e utiliza\u00e7\u00e3o de bens p\u00fablicos.<\/span><\/p>\n<p class=\"isSelectedEnd\"><span style=\"font-family: tahoma, arial, helvetica, sans-serif; font-size: 12pt;\">Em <strong>Pirassununga<\/strong>, foram identificadas cinco den\u00fancias na plataforma. Os registros envolvem <strong>propaganda em vias p\u00fablicas e propaganda na internet<\/strong>, com alvos relacionados \u00e0s disputas para <strong>deputado estadual e deputado federal<\/strong>.<\/span><\/p>\n<p><img decoding=\"async\" class=\"aligncenter\" src=\"https:\/\/www.omovimento.com.br\/portal\/wp-content\/uploads\/2026\/06\/cats-2.jpg\" \/><span style=\"font-size: 14px;\"><img fetchpriority=\"high\" decoding=\"async\" class=\"size-full wp-image-45596 aligncenter\" src=\"https:\/\/www.omovimento.com.br\/portal\/wp-content\/uploads\/2026\/07\/j_p.jpg\" alt=\"\" width=\"1484\" height=\"1060\" srcset=\"https:\/\/www.omovimento.com.br\/portal\/wp-content\/uploads\/2026\/07\/j_p.jpg 1484w, https:\/\/www.omovimento.com.br\/portal\/wp-content\/uploads\/2026\/07\/j_p-300x214.jpg 300w, https:\/\/www.omovimento.com.br\/portal\/wp-content\/uploads\/2026\/07\/j_p-1024x731.jpg 1024w, https:\/\/www.omovimento.com.br\/portal\/wp-content\/uploads\/2026\/07\/j_p-768x549.jpg 768w, https:\/\/www.omovimento.com.br\/portal\/wp-content\/uploads\/2026\/07\/j_p-150x107.jpg 150w, https:\/\/www.omovimento.com.br\/portal\/wp-content\/uploads\/2026\/07\/j_p-450x321.jpg 450w, https:\/\/www.omovimento.com.br\/portal\/wp-content\/uploads\/2026\/07\/j_p-1200x857.jpg 1200w\" sizes=\"(max-width: 1484px) 100vw, 1484px\" \/><\/span><\/p>\n<p class=\"isSelectedEnd\"><span style=\"font-family: tahoma, arial, helvetica, sans-serif; font-size: 12pt;\">J\u00e1 em <strong>Porto Ferreira<\/strong>, o levantamento encontrou duas den\u00fancias. Ambas est\u00e3o relacionadas \u00e0 <strong>propaganda na internet<\/strong>, sendo uma com alvo na disputa para <strong>deputado federal<\/strong> e outra relacionada \u00e0 elei\u00e7\u00e3o para <strong>presidente<\/strong>.<\/span><\/p>\n<p class=\"isSelectedEnd\"><span style=\"font-family: tahoma, arial, helvetica, sans-serif; font-size: 12pt;\">Em <strong>Leme<\/strong>, h\u00e1 um registro envolvendo <strong>envio de mensagens<\/strong>, tendo como alvo a disputa para <strong>deputado estadual<\/strong>.<\/span><\/p>\n<p class=\"isSelectedEnd\"><span style=\"font-family: tahoma, arial, helvetica, sans-serif; font-size: 12pt;\">Em <strong>Santa Rita do Passa Quatro<\/strong>, foram identificadas duas den\u00fancias relacionadas ao uso de <strong>bens p\u00fablicos<\/strong>, com <strong>partido, coliga\u00e7\u00e3o ou federa\u00e7\u00e3o<\/strong> indicado como alvo.<\/span><\/p>\n<h3><span style=\"font-family: tahoma, arial, helvetica, sans-serif; font-size: 14pt;\">2.108 den\u00fancias em S\u00e3o Paulo<\/span><\/h3>\n<p class=\"isSelectedEnd\"><span style=\"font-family: tahoma, arial, helvetica, sans-serif; font-size: 12pt;\">Em todo o estado de S\u00e3o Paulo, o aplicativo Pardal contabilizava <strong>2.108 den\u00fancias distribu\u00eddas por 174 munic\u00edpios<\/strong> at\u00e9 a tarde desta quinta-feira (3).<\/span><\/p>\n<p class=\"isSelectedEnd\"><span style=\"font-family: tahoma, arial, helvetica, sans-serif; font-size: 12pt;\">De acordo com os registros dispon\u00edveis na plataforma, <strong>propaganda em vias p\u00fablicas \u00e9 o tipo de ocorr\u00eancia mais frequente<\/strong>. Entre os cargos, <strong>deputado federal aparece como o principal alvo das den\u00fancias<\/strong>.<\/span><\/p>\n<p class=\"isSelectedEnd\"><span style=\"font-family: tahoma, arial, helvetica, sans-serif; font-size: 12pt;\">O Pardal permite que eleitores comuniquem \u00e0 Justi\u00e7a Eleitoral situa\u00e7\u00f5es que considerem suspeitas ou que possam estar em desacordo com as regras da propaganda eleitoral.<\/span><\/p>\n<h3><span style=\"font-family: tahoma, arial, helvetica, sans-serif; font-size: 14pt;\">Como denunciar<\/span><\/h3>\n<p class=\"isSelectedEnd\"><span style=\"font-family: tahoma, arial, helvetica, sans-serif; font-size: 12pt;\">O <strong>Pardal \u00e9 o aplicativo oficial da Justi\u00e7a Eleitoral para o registro de den\u00fancias relacionadas \u00e0 propaganda eleitoral<\/strong>.<\/span><\/p>\n<p class=\"isSelectedEnd\"><span style=\"font-family: tahoma, arial, helvetica, sans-serif; font-size: 12pt;\">O eleitor pode anexar <strong>fotos, v\u00eddeos, \u00e1udios ou links<\/strong> que auxiliem na an\u00e1lise da ocorr\u00eancia. Ap\u00f3s o envio, \u00e9 poss\u00edvel acompanhar o andamento do caso por meio de um protocolo.<\/span><\/p>\n<p class=\"isSelectedEnd\"><span style=\"font-family: tahoma, arial, helvetica, sans-serif; font-size: 12pt;\">A ferramenta est\u00e1 dispon\u00edvel para <strong>celulares Android e iOS<\/strong>. Tamb\u00e9m \u00e9 poss\u00edvel consultar os registros diretamente pelo site do <strong>Tribunal Superior Eleitoral (TSE)<\/strong>.<\/span><\/p>\n<h3><span style=\"font-family: tahoma, arial, helvetica, sans-serif; font-size: 14pt;\">Den\u00fancia n\u00e3o significa irregularidade comprovada<\/span><\/h3>\n<p class=\"isSelectedEnd\"><span style=\"font-family: tahoma, arial, helvetica, sans-serif; font-size: 12pt;\">A Justi\u00e7a Eleitoral ressalta que <strong>o registro de uma den\u00fancia n\u00e3o significa que a irregularidade tenha sido comprovada<\/strong>.<\/span><\/p>\n<p class=\"isSelectedEnd\"><span style=\"font-family: tahoma, arial, helvetica, sans-serif; font-size: 12pt;\">Os casos s\u00e3o analisados pelos \u00f3rg\u00e3os competentes, que avaliam as informa\u00e7\u00f5es e as provas apresentadas antes de eventual ado\u00e7\u00e3o de medidas.<\/span><\/p>\n<p><span style=\"font-family: tahoma, arial, helvetica, sans-serif; font-size: 12pt;\"><strong>Os dados citados nesta reportagem foram consultados pelo Jornal O Movimento na plataforma Pardal, da Justi\u00e7a Eleitoral, na tarde de quinta-feira (3).<\/strong><\/span><\/p>\n<p><img decoding=\"async\" class=\"size-full wp-image-45305 aligncenter\" src=\"https:\/\/www.omovimento.com.br\/portal\/wp-content\/uploads\/2026\/07\/a68b4ffa-84a1-4ea2-a1b6-38fe8c011533.png\" alt=\"\" width=\"1024\" height=\"1536\" srcset=\"https:\/\/www.omovimento.com.br\/portal\/wp-content\/uploads\/2026\/07\/a68b4ffa-84a1-4ea2-a1b6-38fe8c011533.png 1024w, https:\/\/www.omovimento.com.br\/portal\/wp-content\/uploads\/2026\/07\/a68b4ffa-84a1-4ea2-a1b6-38fe8c011533-200x300.png 200w, https:\/\/www.omovimento.com.br\/portal\/wp-content\/uploads\/2026\/07\/a68b4ffa-84a1-4ea2-a1b6-38fe8c011533-683x1024.png 683w, https:\/\/www.omovimento.com.br\/portal\/wp-content\/uploads\/2026\/07\/a68b4ffa-84a1-4ea2-a1b6-38fe8c011533-768x1152.png 768w, https:\/\/www.omovimento.com.br\/portal\/wp-content\/uploads\/2026\/07\/a68b4ffa-84a1-4ea2-a1b6-38fe8c011533-150x225.png 150w, https:\/\/www.omovimento.com.br\/portal\/wp-content\/uploads\/2026\/07\/a68b4ffa-84a1-4ea2-a1b6-38fe8c011533-450x675.png 450w\" sizes=\"(max-width: 1024px) 100vw, 1024px\" \/><\/p>\n<p data-start=\"822\" data-end=\"1009\"><span style=\"font-family: tahoma, arial, helvetica, sans-serif;\"><span dir=\"auto\" style=\"vertical-align: inherit;\">\u270d\ufe0f <\/span><em data-start=\"1160\" data-end=\"1198\" data-is-last-node=\"\"><span dir=\"auto\" style=\"vertical-align: inherit;\">Reportagem: <\/span><a href=\"https:\/\/www.facebook.com\/jornalistatonioliveiraon\/\"><strong><span dir=\"auto\" style=\"vertical-align: inherit;\">Jornalista Toni Oliveira<\/span><\/strong><\/a><\/em><\/span><\/p>\n<p><span style=\"font-size: 14pt; color: #808080; font-family: tahoma, arial, helvetica, sans-serif;\"><em>Jorna<strong>l O Movimento<\/strong> \u00a0H\u00e1 92 anos, a principal refer\u00eancia em jornalismo na regi\u00e3o<\/em><\/span><\/p>\n<p><span style=\"font-family: tahoma, arial, helvetica, sans-serif;\"><em>( Fica proibida a reprodu\u00e7\u00e3o total ou parcial, c\u00f3pia ou distribui\u00e7\u00e3o do conte\u00fado, sem autoriza\u00e7\u00e3o expressa por parte do <strong>jornal O Movimento<\/strong><\/em><\/span><\/p>\n","protected":false},"excerpt":{"rendered":"<p>At\u00e9 a tarde desta quinta-feira (3), um levantamento realizado pelo Jornal O Movimento no site do aplicativo Pardal, da Justi\u00e7a Eleitoral, identificou registros de den\u00fancias em Pirassununga, Porto Ferreira, Santa Rita do Passa Quatro e Leme. Os registros envolvem poss\u00edveis irregularidades na propaganda eleitoral e diferentes modalidades de divulga\u00e7\u00e3o, como propaganda em vias p\u00fablicas, internet,<\/p>\n","protected":false},"author":3,"featured_media":46322,"comment_status":"open","ping_status":"open","sticky":false,"template":"","format":"standard","meta":{"footnotes":""},"categories":[5,1],"tags":[],"class_list":["post-46320","post","type-post","status-publish","format-standard","has-post-thumbnail","category-destaque","category-geral"],"yoast_head":"<!-- This site is optimized with the Yoast SEO plugin v27.3 - https:\/\/yoast.com\/product\/yoast-seo-wordpress\/ -->\n<title>Eleitores da regi\u00e3o j\u00e1 registram den\u00fancias de poss\u00edveis irregularidades na propaganda eleitoral - Jornal O Movimento<\/title>\n<meta name=\"robots\" content=\"index, follow, max-snippet:-1, max-image-preview:large, max-video-preview:-1\" \/>\n<link rel=\"canonical\" href=\"https:\/\/www.omovimento.com.br\/portal\/geral\/eleitores-da-regiao-ja-registram-denuncias-de-possiveis-irregularidades-na-propaganda-eleitoral\/\" \/>\n<meta property=\"og:locale\" content=\"pt_BR\" \/>\n<meta property=\"og:type\" content=\"article\" \/>\n<meta property=\"og:title\" content=\"Eleitores da regi\u00e3o j\u00e1 registram den\u00fancias de poss\u00edveis irregularidades na propaganda eleitoral - Jornal O Movimento\" \/>\n<meta property=\"og:description\" content=\"At\u00e9 a tarde desta quinta-feira (3), um levantamento realizado pelo Jornal O Movimento no site do aplicativo Pardal, da Justi\u00e7a Eleitoral, identificou registros de den\u00fancias em Pirassununga, Porto Ferreira, Santa Rita do Passa Quatro e Leme. Os registros envolvem poss\u00edveis irregularidades na propaganda eleitoral e diferentes modalidades de divulga\u00e7\u00e3o, como propaganda em vias p\u00fablicas, internet,\" \/>\n<meta property=\"og:url\" content=\"https:\/\/www.omovimento.com.br\/portal\/geral\/eleitores-da-regiao-ja-registram-denuncias-de-possiveis-irregularidades-na-propaganda-eleitoral\/\" \/>\n<meta property=\"og:site_name\" content=\"Jornal O Movimento\" \/>\n<meta property=\"article:published_time\" content=\"2026-09-03T22:59:07+00:00\" \/>\n<meta property=\"og:image\" content=\"https:\/\/www.omovimento.com.br\/portal\/wp-content\/uploads\/2026\/09\/pardal222.jpg\" \/>\n\t<meta property=\"og:image:width\" content=\"888\" \/>\n\t<meta property=\"og:image:height\" content=\"479\" \/>\n\t<meta property=\"og:image:type\" content=\"image\/jpeg\" \/>\n<meta name=\"author\" content=\"Reda\u00e7\u00e3o\" \/>\n<meta name=\"twitter:card\" content=\"summary_large_image\" \/>\n<meta name=\"twitter:label1\" content=\"Escrito por\" \/>\n\t<meta name=\"twitter:data1\" content=\"Reda\u00e7\u00e3o\" \/>\n\t<meta name=\"twitter:label2\" content=\"Est. tempo de leitura\" \/>\n\t<meta name=\"twitter:data2\" content=\"4 minutos\" \/>\n<script type=\"application\/ld+json\" class=\"yoast-schema-graph\">{\"@context\":\"https:\\\/\\\/schema.org\",\"@graph\":[{\"@type\":\"Article\",\"@id\":\"https:\\\/\\\/www.omovimento.com.br\\\/portal\\\/geral\\\/eleitores-da-regiao-ja-registram-denuncias-de-possiveis-irregularidades-na-propaganda-eleitoral\\\/#article\",\"isPartOf\":{\"@id\":\"https:\\\/\\\/www.omovimento.com.br\\\/portal\\\/geral\\\/eleitores-da-regiao-ja-registram-denuncias-de-possiveis-irregularidades-na-propaganda-eleitoral\\\/\"},\"author\":{\"name\":\"Reda\u00e7\u00e3o\",\"@id\":\"https:\\\/\\\/www.omovimento.com.br\\\/portal\\\/#\\\/schema\\\/person\\\/e7d3971f53952141ade7388e0033ce8d\"},\"headline\":\"Eleitores da regi\u00e3o j\u00e1 registram den\u00fancias de poss\u00edveis irregularidades na propaganda eleitoral\",\"datePublished\":\"2026-09-03T22:59:07+00:00\",\"mainEntityOfPage\":{\"@id\":\"https:\\\/\\\/www.omovimento.com.br\\\/portal\\\/geral\\\/eleitores-da-regiao-ja-registram-denuncias-de-possiveis-irregularidades-na-propaganda-eleitoral\\\/\"},\"wordCount\":482,\"commentCount\":0,\"publisher\":{\"@id\":\"https:\\\/\\\/www.omovimento.com.br\\\/portal\\\/#organization\"},\"image\":{\"@id\":\"https:\\\/\\\/www.omovimento.com.br\\\/portal\\\/geral\\\/eleitores-da-regiao-ja-registram-denuncias-de-possiveis-irregularidades-na-propaganda-eleitoral\\\/#primaryimage\"},\"thumbnailUrl\":\"https:\\\/\\\/www.omovimento.com.br\\\/portal\\\/wp-content\\\/uploads\\\/2026\\\/09\\\/pardal222.jpg\",\"articleSection\":[\"Destaque\",\"Geral\"],\"inLanguage\":\"pt-BR\",\"potentialAction\":[{\"@type\":\"CommentAction\",\"name\":\"Comment\",\"target\":[\"https:\\\/\\\/www.omovimento.com.br\\\/portal\\\/geral\\\/eleitores-da-regiao-ja-registram-denuncias-de-possiveis-irregularidades-na-propaganda-eleitoral\\\/#respond\"]}]},{\"@type\":\"WebPage\",\"@id\":\"https:\\\/\\\/www.omovimento.com.br\\\/portal\\\/geral\\\/eleitores-da-regiao-ja-registram-denuncias-de-possiveis-irregularidades-na-propaganda-eleitoral\\\/\",\"url\":\"https:\\\/\\\/www.omovimento.com.br\\\/portal\\\/geral\\\/eleitores-da-regiao-ja-registram-denuncias-de-possiveis-irregularidades-na-propaganda-eleitoral\\\/\",\"name\":\"Eleitores da regi\u00e3o j\u00e1 registram den\u00fancias de poss\u00edveis irregularidades na propaganda eleitoral - Jornal O Movimento\",\"isPartOf\":{\"@id\":\"https:\\\/\\\/www.omovimento.com.br\\\/portal\\\/#website\"},\"primaryImageOfPage\":{\"@id\":\"https:\\\/\\\/www.omovimento.com.br\\\/portal\\\/geral\\\/eleitores-da-regiao-ja-registram-denuncias-de-possiveis-irregularidades-na-propaganda-eleitoral\\\/#primaryimage\"},\"image\":{\"@id\":\"https:\\\/\\\/www.omovimento.com.br\\\/portal\\\/geral\\\/eleitores-da-regiao-ja-registram-denuncias-de-possiveis-irregularidades-na-propaganda-eleitoral\\\/#primaryimage\"},\"thumbnailUrl\":\"https:\\\/\\\/www.omovimento.com.br\\\/portal\\\/wp-content\\\/uploads\\\/2026\\\/09\\\/pardal222.jpg\",\"datePublished\":\"2026-09-03T22:59:07+00:00\",\"breadcrumb\":{\"@id\":\"https:\\\/\\\/www.omovimento.com.br\\\/portal\\\/geral\\\/eleitores-da-regiao-ja-registram-denuncias-de-possiveis-irregularidades-na-propaganda-eleitoral\\\/#breadcrumb\"},\"inLanguage\":\"pt-BR\",\"potentialAction\":[{\"@type\":\"ReadAction\",\"target\":[\"https:\\\/\\\/www.omovimento.com.br\\\/portal\\\/geral\\\/eleitores-da-regiao-ja-registram-denuncias-de-possiveis-irregularidades-na-propaganda-eleitoral\\\/\"]}]},{\"@type\":\"ImageObject\",\"inLanguage\":\"pt-BR\",\"@id\":\"https:\\\/\\\/www.omovimento.com.br\\\/portal\\\/geral\\\/eleitores-da-regiao-ja-registram-denuncias-de-possiveis-irregularidades-na-propaganda-eleitoral\\\/#primaryimage\",\"url\":\"https:\\\/\\\/www.omovimento.com.br\\\/portal\\\/wp-content\\\/uploads\\\/2026\\\/09\\\/pardal222.jpg\",\"contentUrl\":\"https:\\\/\\\/www.omovimento.com.br\\\/portal\\\/wp-content\\\/uploads\\\/2026\\\/09\\\/pardal222.jpg\",\"width\":888,\"height\":479,\"caption\":\"Aplicativo Pardal, aplicativo do TSE para den\u00fancias de irregularidades nas Elei\u00e7\u00f5es \u2014 Foto: TSE\"},{\"@type\":\"BreadcrumbList\",\"@id\":\"https:\\\/\\\/www.omovimento.com.br\\\/portal\\\/geral\\\/eleitores-da-regiao-ja-registram-denuncias-de-possiveis-irregularidades-na-propaganda-eleitoral\\\/#breadcrumb\",\"itemListElement\":[{\"@type\":\"ListItem\",\"position\":1,\"name\":\"In\u00edcio\",\"item\":\"https:\\\/\\\/www.omovimento.com.br\\\/portal\\\/\"},{\"@type\":\"ListItem\",\"position\":2,\"name\":\"Eleitores da regi\u00e3o j\u00e1 registram den\u00fancias de poss\u00edveis irregularidades na propaganda eleitoral\"}]},{\"@type\":\"WebSite\",\"@id\":\"https:\\\/\\\/www.omovimento.com.br\\\/portal\\\/#website\",\"url\":\"https:\\\/\\\/www.omovimento.com.br\\\/portal\\\/\",\"name\":\"Jornal O Movimento\",\"description\":\"\",\"publisher\":{\"@id\":\"https:\\\/\\\/www.omovimento.com.br\\\/portal\\\/#organization\"},\"potentialAction\":[{\"@type\":\"SearchAction\",\"target\":{\"@type\":\"EntryPoint\",\"urlTemplate\":\"https:\\\/\\\/www.omovimento.com.br\\\/portal\\\/?s={search_term_string}\"},\"query-input\":{\"@type\":\"PropertyValueSpecification\",\"valueRequired\":true,\"valueName\":\"search_term_string\"}}],\"inLanguage\":\"pt-BR\"},{\"@type\":\"Organization\",\"@id\":\"https:\\\/\\\/www.omovimento.com.br\\\/portal\\\/#organization\",\"name\":\"Jornal O Movimento\",\"url\":\"https:\\\/\\\/www.omovimento.com.br\\\/portal\\\/\",\"logo\":{\"@type\":\"ImageObject\",\"inLanguage\":\"pt-BR\",\"@id\":\"https:\\\/\\\/www.omovimento.com.br\\\/portal\\\/#\\\/schema\\\/logo\\\/image\\\/\",\"url\":\"https:\\\/\\\/www.omovimento.com.br\\\/portal\\\/wp-content\\\/uploads\\\/2026\\\/03\\\/logo_jornal_O_Movimento-1-1536x343-1-1.png\",\"contentUrl\":\"https:\\\/\\\/www.omovimento.com.br\\\/portal\\\/wp-content\\\/uploads\\\/2026\\\/03\\\/logo_jornal_O_Movimento-1-1536x343-1-1.png\",\"width\":1536,\"height\":343,\"caption\":\"Jornal O Movimento\"},\"image\":{\"@id\":\"https:\\\/\\\/www.omovimento.com.br\\\/portal\\\/#\\\/schema\\\/logo\\\/image\\\/\"}},{\"@type\":\"Person\",\"@id\":\"https:\\\/\\\/www.omovimento.com.br\\\/portal\\\/#\\\/schema\\\/person\\\/e7d3971f53952141ade7388e0033ce8d\",\"name\":\"Reda\u00e7\u00e3o\",\"image\":{\"@type\":\"ImageObject\",\"inLanguage\":\"pt-BR\",\"@id\":\"https:\\\/\\\/secure.gravatar.com\\\/avatar\\\/549ab8e14173ace5e8b1c3bd80cf838bc0d00b7e1b65a361093164d85a62d45b?s=96&d=mm&r=g\",\"url\":\"https:\\\/\\\/secure.gravatar.com\\\/avatar\\\/549ab8e14173ace5e8b1c3bd80cf838bc0d00b7e1b65a361093164d85a62d45b?s=96&d=mm&r=g\",\"contentUrl\":\"https:\\\/\\\/secure.gravatar.com\\\/avatar\\\/549ab8e14173ace5e8b1c3bd80cf838bc0d00b7e1b65a361093164d85a62d45b?s=96&d=mm&r=g\",\"caption\":\"Reda\u00e7\u00e3o\"},\"url\":\"https:\\\/\\\/www.omovimento.com.br\\\/portal\\\/author\\\/admin\\\/\"}]}<\/script>\n<!-- \/ Yoast SEO plugin. -->","yoast_head_json":{"title":"Eleitores da regi\u00e3o j\u00e1 registram den\u00fancias de poss\u00edveis irregularidades na propaganda eleitoral - Jornal O Movimento","robots":{"index":"index","follow":"follow","max-snippet":"max-snippet:-1","max-image-preview":"max-image-preview:large","max-video-preview":"max-video-preview:-1"},"canonical":"https:\/\/www.omovimento.com.br\/portal\/geral\/eleitores-da-regiao-ja-registram-denuncias-de-possiveis-irregularidades-na-propaganda-eleitoral\/","og_locale":"pt_BR","og_type":"article","og_title":"Eleitores da regi\u00e3o j\u00e1 registram den\u00fancias de poss\u00edveis irregularidades na propaganda eleitoral - Jornal O Movimento","og_description":"At\u00e9 a tarde desta quinta-feira (3), um levantamento realizado pelo Jornal O Movimento no site do aplicativo Pardal, da Justi\u00e7a Eleitoral, identificou registros de den\u00fancias em Pirassununga, Porto Ferreira, Santa Rita do Passa Quatro e Leme. Os registros envolvem poss\u00edveis irregularidades na propaganda eleitoral e diferentes modalidades de divulga\u00e7\u00e3o, como propaganda em vias p\u00fablicas, internet,","og_url":"https:\/\/www.omovimento.com.br\/portal\/geral\/eleitores-da-regiao-ja-registram-denuncias-de-possiveis-irregularidades-na-propaganda-eleitoral\/","og_site_name":"Jornal O Movimento","article_published_time":"2026-09-03T22:59:07+00:00","og_image":[{"width":888,"height":479,"url":"https:\/\/www.omovimento.com.br\/portal\/wp-content\/uploads\/2026\/09\/pardal222.jpg","type":"image\/jpeg"}],"author":"Reda\u00e7\u00e3o","twitter_card":"summary_large_image","twitter_misc":{"Escrito por":"Reda\u00e7\u00e3o","Est. tempo de leitura":"4 minutos"},"schema":{"@context":"https:\/\/schema.org","@graph":[{"@type":"Article","@id":"https:\/\/www.omovimento.com.br\/portal\/geral\/eleitores-da-regiao-ja-registram-denuncias-de-possiveis-irregularidades-na-propaganda-eleitoral\/#article","isPartOf":{"@id":"https:\/\/www.omovimento.com.br\/portal\/geral\/eleitores-da-regiao-ja-registram-denuncias-de-possiveis-irregularidades-na-propaganda-eleitoral\/"},"author":{"name":"Reda\u00e7\u00e3o","@id":"https:\/\/www.omovimento.com.br\/portal\/#\/schema\/person\/e7d3971f53952141ade7388e0033ce8d"},"headline":"Eleitores da regi\u00e3o j\u00e1 registram den\u00fancias de poss\u00edveis irregularidades na propaganda eleitoral","datePublished":"2026-09-03T22:59:07+00:00","mainEntityOfPage":{"@id":"https:\/\/www.omovimento.com.br\/portal\/geral\/eleitores-da-regiao-ja-registram-denuncias-de-possiveis-irregularidades-na-propaganda-eleitoral\/"},"wordCount":482,"commentCount":0,"publisher":{"@id":"https:\/\/www.omovimento.com.br\/portal\/#organization"},"image":{"@id":"https:\/\/www.omovimento.com.br\/portal\/geral\/eleitores-da-regiao-ja-registram-denuncias-de-possiveis-irregularidades-na-propaganda-eleitoral\/#primaryimage"},"thumbnailUrl":"https:\/\/www.omovimento.com.br\/portal\/wp-content\/uploads\/2026\/09\/pardal222.jpg","articleSection":["Destaque","Geral"],"inLanguage":"pt-BR","potentialAction":[{"@type":"CommentAction","name":"Comment","target":["https:\/\/www.omovimento.com.br\/portal\/geral\/eleitores-da-regiao-ja-registram-denuncias-de-possiveis-irregularidades-na-propaganda-eleitoral\/#respond"]}]},{"@type":"WebPage","@id":"https:\/\/www.omovimento.com.br\/portal\/geral\/eleitores-da-regiao-ja-registram-denuncias-de-possiveis-irregularidades-na-propaganda-eleitoral\/","url":"https:\/\/www.omovimento.com.br\/portal\/geral\/eleitores-da-regiao-ja-registram-denuncias-de-possiveis-irregularidades-na-propaganda-eleitoral\/","name":"Eleitores da regi\u00e3o j\u00e1 registram den\u00fancias de poss\u00edveis irregularidades na propaganda eleitoral - Jornal O Movimento","isPartOf":{"@id":"https:\/\/www.omovimento.com.br\/portal\/#website"},"primaryImageOfPage":{"@id":"https:\/\/www.omovimento.com.br\/portal\/geral\/eleitores-da-regiao-ja-registram-denuncias-de-possiveis-irregularidades-na-propaganda-eleitoral\/#primaryimage"},"image":{"@id":"https:\/\/www.omovimento.com.br\/portal\/geral\/eleitores-da-regiao-ja-registram-denuncias-de-possiveis-irregularidades-na-propaganda-eleitoral\/#primaryimage"},"thumbnailUrl":"https:\/\/www.omovimento.com.br\/portal\/wp-content\/uploads\/2026\/09\/pardal222.jpg","datePublished":"2026-09-03T22:59:07+00:00","breadcrumb":{"@id":"https:\/\/www.omovimento.com.br\/portal\/geral\/eleitores-da-regiao-ja-registram-denuncias-de-possiveis-irregularidades-na-propaganda-eleitoral\/#breadcrumb"},"inLanguage":"pt-BR","potentialAction":[{"@type":"ReadAction","target":["https:\/\/www.omovimento.com.br\/portal\/geral\/eleitores-da-regiao-ja-registram-denuncias-de-possiveis-irregularidades-na-propaganda-eleitoral\/"]}]},{"@type":"ImageObject","inLanguage":"pt-BR","@id":"https:\/\/www.omovimento.com.br\/portal\/geral\/eleitores-da-regiao-ja-registram-denuncias-de-possiveis-irregularidades-na-propaganda-eleitoral\/#primaryimage","url":"https:\/\/www.omovimento.com.br\/portal\/wp-content\/uploads\/2026\/09\/pardal222.jpg","contentUrl":"https:\/\/www.omovimento.com.br\/portal\/wp-content\/uploads\/2026\/09\/pardal222.jpg","width":888,"height":479,"caption":"Aplicativo Pardal, aplicativo do TSE para den\u00fancias de irregularidades nas Elei\u00e7\u00f5es \u2014 Foto: TSE"},{"@type":"BreadcrumbList","@id":"https:\/\/www.omovimento.com.br\/portal\/geral\/eleitores-da-regiao-ja-registram-denuncias-de-possiveis-irregularidades-na-propaganda-eleitoral\/#breadcrumb","itemListElement":[{"@type":"ListItem","position":1,"name":"In\u00edcio","item":"https:\/\/www.omovimento.com.br\/portal\/"},{"@type":"ListItem","position":2,"name":"Eleitores da regi\u00e3o j\u00e1 registram den\u00fancias de poss\u00edveis irregularidades na propaganda eleitoral"}]},{"@type":"WebSite","@id":"https:\/\/www.omovimento.com.br\/portal\/#website","url":"https:\/\/www.omovimento.com.br\/portal\/","name":"Jornal O Movimento","description":"","publisher":{"@id":"https:\/\/www.omovimento.com.br\/portal\/#organization"},"potentialAction":[{"@type":"SearchAction","target":{"@type":"EntryPoint","urlTemplate":"https:\/\/www.omovimento.com.br\/portal\/?s={search_term_string}"},"query-input":{"@type":"PropertyValueSpecification","valueRequired":true,"valueName":"search_term_string"}}],"inLanguage":"pt-BR"},{"@type":"Organization","@id":"https:\/\/www.omovimento.com.br\/portal\/#organization","name":"Jornal O Movimento","url":"https:\/\/www.omovimento.com.br\/portal\/","logo":{"@type":"ImageObject","inLanguage":"pt-BR","@id":"https:\/\/www.omovimento.com.br\/portal\/#\/schema\/logo\/image\/","url":"https:\/\/www.omovimento.com.br\/portal\/wp-content\/uploads\/2026\/03\/logo_jornal_O_Movimento-1-1536x343-1-1.png","contentUrl":"https:\/\/www.omovimento.com.br\/portal\/wp-content\/uploads\/2026\/03\/logo_jornal_O_Movimento-1-1536x343-1-1.png","width":1536,"height":343,"caption":"Jornal O Movimento"},"image":{"@id":"https:\/\/www.omovimento.com.br\/portal\/#\/schema\/logo\/image\/"}},{"@type":"Person","@id":"https:\/\/www.omovimento.com.br\/portal\/#\/schema\/person\/e7d3971f53952141ade7388e0033ce8d","name":"Reda\u00e7\u00e3o","image":{"@type":"ImageObject","inLanguage":"pt-BR","@id":"https:\/\/secure.gravatar.com\/avatar\/549ab8e14173ace5e8b1c3bd80cf838bc0d00b7e1b65a361093164d85a62d45b?s=96&d=mm&r=g","url":"https:\/\/secure.gravatar.com\/avatar\/549ab8e14173ace5e8b1c3bd80cf838bc0d00b7e1b65a361093164d85a62d45b?s=96&d=mm&r=g","contentUrl":"https:\/\/secure.gravatar.com\/avatar\/549ab8e14173ace5e8b1c3bd80cf838bc0d00b7e1b65a361093164d85a62d45b?s=96&d=mm&r=g","caption":"Reda\u00e7\u00e3o"},"url":"https:\/\/www.omovimento.com.br\/portal\/author\/admin\/"}]}},"_links":{"self":[{"href":"https:\/\/www.omovimento.com.br\/portal\/wp-json\/wp\/v2\/posts\/46320","targetHints":{"allow":["GET"]}}],"collection":[{"href":"https:\/\/www.omovimento.com.br\/portal\/wp-json\/wp\/v2\/posts"}],"about":[{"href":"https:\/\/www.omovimento.com.br\/portal\/wp-json\/wp\/v2\/types\/post"}],"author":[{"embeddable":true,"href":"https:\/\/www.omovimento.com.br\/portal\/wp-json\/wp\/v2\/users\/3"}],"replies":[{"embeddable":true,"href":"https:\/\/www.omovimento.com.br\/portal\/wp-json\/wp\/v2\/comments?post=46320"}],"version-history":[{"count":2,"href":"https:\/\/www.omovimento.com.br\/portal\/wp-json\/wp\/v2\/posts\/46320\/revisions"}],"predecessor-version":[{"id":46324,"href":"https:\/\/www.omovimento.com.br\/portal\/wp-json\/wp\/v2\/posts\/46320\/revisions\/46324"}],"wp:featuredmedia":[{"embeddable":true,"href":"https:\/\/www.omovimento.com.br\/portal\/wp-json\/wp\/v2\/media\/46322"}],"wp:attachment":[{"href":"https:\/\/www.omovimento.com.br\/portal\/wp-json\/wp\/v2\/media?parent=46320"}],"wp:term":[{"taxonomy":"category","embeddable":true,"href":"https:\/\/www.omovimento.com.br\/portal\/wp-json\/wp\/v2\/categories?post=46320"},{"taxonomy":"post_tag","embeddable":true,"href":"https:\/\/www.omovimento.com.br\/portal\/wp-json\/wp\/v2\/tags?post=46320"}],"curies":[{"name":"wp","href":"https:\/\/api.w.org\/{rel}","templated":true}]}}