{"id":46301,"date":"2026-09-02T13:14:21","date_gmt":"2026-09-02T16:14:21","guid":{"rendered":"https:\/\/www.omovimento.com.br\/portal\/?p=46301"},"modified":"2026-09-02T13:14:21","modified_gmt":"2026-09-02T16:14:21","slug":"etec-de-pirassununga-abre-mais-de-200-vagas-para-cursos-tecnicos-veja-opcoes","status":"publish","type":"post","link":"https:\/\/www.omovimento.com.br\/portal\/geral\/etec-de-pirassununga-abre-mais-de-200-vagas-para-cursos-tecnicos-veja-opcoes\/","title":{"rendered":"Etec de Pirassununga abre mais de 200 vagas para cursos t\u00e9cnicos; veja op\u00e7\u00f5es"},"content":{"rendered":"<p class=\"isSelectedEnd\"><span style=\"font-family: tahoma, arial, helvetica, sans-serif; font-size: 12pt;\">A <strong>Etec Tenente Aviador Gustavo Klug<\/strong>, em Pirassununga (SP), abriu nesta quarta-feira (2) as inscri\u00e7\u00f5es para o <strong>Vestibulinho do primeiro semestre de 2027<\/strong>. Ao todo, s\u00e3o <strong>230 vagas gratuitas<\/strong> em seis cursos, com op\u00e7\u00f5es nos per\u00edodos da manh\u00e3, noite e integral.<\/span><\/p><div id=\"omovi-1569140023\" class=\"omovi-conteudo-2 omovi-entity-placement\"><div id=\"63534-28\"><script src=\"\/\/ads.themoneytizer.com\/s\/gen.js?type=28\"><\/script><script src=\"\/\/ads.themoneytizer.com\/s\/requestform.js?siteId=63534&formatId=28\" ><\/script><\/div><\/div>\n<p class=\"isSelectedEnd\"><span style=\"font-family: tahoma, arial, helvetica, sans-serif; font-size: 12pt;\">As inscri\u00e7\u00f5es podem ser feitas <strong>at\u00e9 as 20h do dia 3 de novembro<\/strong>, exclusivamente pela internet. A taxa \u00e9 de <strong>R$ 50<\/strong>. A prova est\u00e1 prevista para <strong>6 de dezembro<\/strong>.<\/span><\/p>\n<p class=\"isSelectedEnd\"><span style=\"font-family: tahoma, arial, helvetica, sans-serif; font-size: 12pt;\">Em todo o estado de S\u00e3o Paulo, o processo seletivo oferece <strong>mais de 89 mil vagas<\/strong>, distribu\u00eddas entre 229 Etecs e classes descentralizadas.<\/span><\/p>\n<h2><span style=\"font-family: tahoma, arial, helvetica, sans-serif;\">Cursos e vagas em Pirassununga<\/span><\/h2>\n<p class=\"isSelectedEnd\"><span style=\"font-family: tahoma, arial, helvetica, sans-serif; font-size: 12pt;\">A Etec Tenente Aviador Gustavo Klug oferece vagas para os seguintes cursos:<\/span><\/p>\n<ul data-spread=\"false\">\n<li><span style=\"font-family: tahoma, arial, helvetica, sans-serif; font-size: 12pt;\"><strong>Administra\u00e7\u00e3o:<\/strong> 30 vagas, no per\u00edodo noturno;<\/span><\/li>\n<li><span style=\"font-family: tahoma, arial, helvetica, sans-serif; font-size: 12pt;\"><strong>Enfermagem:<\/strong> 40 vagas, no per\u00edodo da manh\u00e3;<\/span><\/li>\n<li><span style=\"font-family: tahoma, arial, helvetica, sans-serif; font-size: 12pt;\"><strong>Administra\u00e7\u00e3o integrado ao Ensino M\u00e9dio (M-Tec-PI):<\/strong> 40 vagas, em per\u00edodo integral;<\/span><\/li>\n<li><span style=\"font-family: tahoma, arial, helvetica, sans-serif; font-size: 12pt;\"><strong>Desenvolvimento de Sistemas integrado ao Ensino M\u00e9dio (M-Tec-PI):<\/strong> 40 vagas, em per\u00edodo integral;<\/span><\/li>\n<li><span style=\"font-family: tahoma, arial, helvetica, sans-serif; font-size: 12pt;\"><strong>Marketing integrado ao Ensino M\u00e9dio (M-Tec-PI):<\/strong> 40 vagas, em per\u00edodo integral;<\/span><\/li>\n<li><span style=\"font-family: tahoma, arial, helvetica, sans-serif; font-size: 12pt;\"><strong>Recursos Humanos integrado ao Ensino M\u00e9dio (M-Tec):<\/strong> 40 vagas, no per\u00edodo da manh\u00e3.<\/span><\/li>\n<\/ul>\n<p class=\"isSelectedEnd\"><span style=\"font-family: tahoma, arial, helvetica, sans-serif; font-size: 12pt;\"><strong>Ao todo, s\u00e3o 230 vagas dispon\u00edveis.<\/strong><\/span><\/p>\n<p><img decoding=\"async\" class=\"aligncenter\" src=\"https:\/\/www.omovimento.com.br\/portal\/wp-content\/uploads\/2026\/06\/cats-2.jpg\" \/><\/p>\n<p><img fetchpriority=\"high\" decoding=\"async\" class=\"alignnone size-full wp-image-45183\" src=\"https:\/\/www.omovimento.com.br\/portal\/wp-content\/uploads\/2026\/07\/b1f5b565-378d-4fbf-a159-0ebcda36b841.jpg\" alt=\"\" width=\"1536\" height=\"1024\" srcset=\"https:\/\/www.omovimento.com.br\/portal\/wp-content\/uploads\/2026\/07\/b1f5b565-378d-4fbf-a159-0ebcda36b841.jpg 1536w, https:\/\/www.omovimento.com.br\/portal\/wp-content\/uploads\/2026\/07\/b1f5b565-378d-4fbf-a159-0ebcda36b841-300x200.jpg 300w, https:\/\/www.omovimento.com.br\/portal\/wp-content\/uploads\/2026\/07\/b1f5b565-378d-4fbf-a159-0ebcda36b841-1024x683.jpg 1024w, https:\/\/www.omovimento.com.br\/portal\/wp-content\/uploads\/2026\/07\/b1f5b565-378d-4fbf-a159-0ebcda36b841-768x512.jpg 768w, https:\/\/www.omovimento.com.br\/portal\/wp-content\/uploads\/2026\/07\/b1f5b565-378d-4fbf-a159-0ebcda36b841-150x100.jpg 150w, https:\/\/www.omovimento.com.br\/portal\/wp-content\/uploads\/2026\/07\/b1f5b565-378d-4fbf-a159-0ebcda36b841-450x300.jpg 450w, https:\/\/www.omovimento.com.br\/portal\/wp-content\/uploads\/2026\/07\/b1f5b565-378d-4fbf-a159-0ebcda36b841-1200x800.jpg 1200w\" sizes=\"(max-width: 1536px) 100vw, 1536px\" \/><\/p>\n<h2><span style=\"font-family: tahoma, arial, helvetica, sans-serif;\">Como fazer a inscri\u00e7\u00e3o<\/span><\/h2>\n<p class=\"isSelectedEnd\"><span style=\"font-family: tahoma, arial, helvetica, sans-serif; font-size: 12pt;\">Para participar, o candidato deve acessar o <strong>site oficial do Vestibulinho das Etecs<\/strong>, criar um cadastro com CPF e senha, preencher as informa\u00e7\u00f5es solicitadas e escolher o curso e a unidade.<\/span><\/p>\n<p class=\"isSelectedEnd\"><span style=\"font-family: tahoma, arial, helvetica, sans-serif; font-size: 12pt;\">A inscri\u00e7\u00e3o \u00e9 efetivada ap\u00f3s o pagamento da taxa de <strong>R$ 50<\/strong>, que pode ser feito por boleto banc\u00e1rio, internet banking ou cart\u00e3o de cr\u00e9dito, conforme as op\u00e7\u00f5es dispon\u00edveis na plataforma.<\/span><\/p>\n<p class=\"isSelectedEnd\"><span style=\"font-family: tahoma, arial, helvetica, sans-serif; font-size: 12pt;\"><a href=\"https:\/\/vestibulinho.etec.sp.gov.br\/home\/?utm_source=chatgpt.com\">Fa\u00e7a sua inscri\u00e7\u00e3o no Vestibulinho das Etecs<\/a><\/span><\/p>\n<p class=\"isSelectedEnd\"><span style=\"font-family: tahoma, arial, helvetica, sans-serif;\"><span style=\"font-size: 12pt;\">Para os cursos de Ensino M\u00e9dio, T\u00e9cnico presencial e Integrado, o candid<\/span>ato pode fazer <strong>at\u00e9 cinco inscri\u00e7\u00f5es diferentes<\/strong>. Cada op\u00e7\u00e3o gera um novo boleto de pagamento.<\/span><\/p>\n<h2><span style=\"font-family: tahoma, arial, helvetica, sans-serif;\">Quem pode participar<\/span><\/h2>\n<p class=\"isSelectedEnd\"><span style=\"font-family: tahoma, arial, helvetica, sans-serif; font-size: 12pt;\">Para os cursos de <strong>Ensino M\u00e9dio, Ensino M\u00e9dio integrado ao T\u00e9cnico e AMS<\/strong>, \u00e9 necess\u00e1rio atender aos requisitos de escolaridade estabelecidos no edital no momento da matr\u00edcula.<\/span><\/p>\n<p class=\"isSelectedEnd\"><span style=\"font-family: tahoma, arial, helvetica, sans-serif; font-size: 12pt;\">Nos <strong>cursos t\u00e9cnicos<\/strong>, \u00e9 preciso ter conclu\u00eddo ou estar cursando <strong>a partir da segunda s\u00e9rie do Ensino M\u00e9dio<\/strong>.<\/span><\/p>\n<p class=\"isSelectedEnd\"><span style=\"font-family: tahoma, arial, helvetica, sans-serif; font-size: 12pt;\">O edital tamb\u00e9m estabelece regras espec\u00edficas para candidatos da EJA e para quem utilizou o Encceja.<\/span><\/p>\n<p class=\"isSelectedEnd\"><span style=\"font-family: tahoma, arial, helvetica, sans-serif; font-size: 12pt;\">Para os cursos t\u00e9cnicos de <strong>Enfermagem, Servi\u00e7os de Restaurante e Bar e Viticultura e Enologia<\/strong>, o candidato precisa ter <strong>18 anos completos at\u00e9 31 de janeiro de 2027<\/strong>.<\/span><\/p>\n<p class=\"isSelectedEnd\"><span style=\"font-family: tahoma, arial, helvetica, sans-serif; font-size: 12pt;\">Estudantes que ainda n\u00e3o atendem aos requisitos tamb\u00e9m podem participar como <strong>treineiros<\/strong>, conforme as regras do processo seletivo.<\/span><\/p>\n<h2><span style=\"font-family: tahoma, arial, helvetica, sans-serif;\">Atendimento especial<\/span><\/h2>\n<p class=\"isSelectedEnd\"><span style=\"font-family: tahoma, arial, helvetica, sans-serif; font-size: 12pt;\">Candidatos que necessitam de <strong>atendimento diferenciado<\/strong>, incluindo pessoas com defici\u00eancia (PCDs), devem fazer a solicita\u00e7\u00e3o entre <strong>2 e 30 de setembro<\/strong>.<\/span><\/p>\n<p class=\"isSelectedEnd\"><span style=\"font-family: tahoma, arial, helvetica, sans-serif; font-size: 12pt;\">O resultado da an\u00e1lise ser\u00e1 divulgado em <strong>6 de outubro<\/strong>. Caso seja necess\u00e1rio, os recursos poder\u00e3o ser apresentados entre <strong>7 e 13 de outubro<\/strong>, com resultado previsto para <strong>21 de outubro<\/strong>.<\/span><\/p>\n<h2><span style=\"font-family: tahoma, arial, helvetica, sans-serif;\">Redu\u00e7\u00e3o da taxa<\/span><\/h2>\n<p class=\"isSelectedEnd\"><span style=\"font-family: tahoma, arial, helvetica, sans-serif; font-size: 12pt;\">Os candidatos que solicitaram <strong>redu\u00e7\u00e3o da taxa de inscri\u00e7\u00e3o<\/strong> poder\u00e3o consultar o resultado a partir das <strong>15h de 15 de setembro<\/strong>.<\/span><\/p>\n<p class=\"isSelectedEnd\"><span style=\"font-family: tahoma, arial, helvetica, sans-serif; font-size: 12pt;\">Em caso de negativa, ser\u00e1 poss\u00edvel apresentar recurso nos dias <strong>16 e 17 de setembro<\/strong>. O resultado est\u00e1 previsto para <strong>29 de setembro<\/strong>.<\/span><\/p>\n<h2><span style=\"font-family: tahoma, arial, helvetica, sans-serif;\">Confira as principais datas<\/span><\/h2>\n<p class=\"isSelectedEnd\"><span style=\"font-family: tahoma, arial, helvetica, sans-serif; font-size: 12pt;\">\ud83d\udcc5 <strong>3 de novembro:<\/strong> encerramento das inscri\u00e7\u00f5es, \u00e0s 20h<\/span><\/p>\n<p class=\"isSelectedEnd\"><span style=\"font-family: tahoma, arial, helvetica, sans-serif; font-size: 12pt;\">\ud83d\udccd <strong>2 de dezembro:<\/strong> divulga\u00e7\u00e3o dos locais de prova<\/span><\/p>\n<p class=\"isSelectedEnd\"><span style=\"font-family: tahoma, arial, helvetica, sans-serif; font-size: 12pt;\">\ud83d\udcdd <strong>6 de dezembro:<\/strong> realiza\u00e7\u00e3o da prova<\/span><\/p>\n<p class=\"isSelectedEnd\"><span style=\"font-family: tahoma, arial, helvetica, sans-serif; font-size: 12pt;\">\ud83d\udccb <strong>15 de dezembro:<\/strong> divulga\u00e7\u00e3o da classifica\u00e7\u00e3o da prova-teste e convoca\u00e7\u00e3o para prova de aptid\u00e3o<\/span><\/p>\n<p class=\"isSelectedEnd\"><span style=\"font-family: tahoma, arial, helvetica, sans-serif; font-size: 12pt;\">\ud83c\udfad <strong>16 e 17 de dezembro:<\/strong> provas de aptid\u00e3o para Canto, Dan\u00e7a, Teatro e Reg\u00eancia<\/span><\/p>\n<p class=\"isSelectedEnd\"><span style=\"font-family: tahoma, arial, helvetica, sans-serif; font-size: 12pt;\">\ud83d\udce2 <strong>11 de janeiro de 2027:<\/strong> divulga\u00e7\u00e3o da classifica\u00e7\u00e3o geral<\/span><\/p>\n<h2><span style=\"font-family: tahoma, arial, helvetica, sans-serif;\">Aux\u00edlio para inscri\u00e7\u00e3o<\/span><\/h2>\n<p class=\"isSelectedEnd\"><span style=\"font-family: tahoma, arial, helvetica, sans-serif; font-size: 12pt;\">As Etecs disponibilizam <strong>computadores com acesso \u00e0 internet<\/strong> para candidatos que precisam de aux\u00edlio durante o per\u00edodo de inscri\u00e7\u00e3o.<\/span><\/p>\n<p class=\"isSelectedEnd\"><span style=\"font-family: tahoma, arial, helvetica, sans-serif; font-size: 12pt;\">\u00c9 necess\u00e1rio consultar previamente a unidade para verificar os <strong>hor\u00e1rios de atendimento e disponibilidade<\/strong>.<\/span><\/p>\n<h3><span style=\"font-family: tahoma, arial, helvetica, sans-serif;\">Mais informa\u00e7\u00f5es<\/span><\/h3>\n<p class=\"isSelectedEnd\"><span style=\"font-family: tahoma, arial, helvetica, sans-serif; font-size: 12pt;\"><strong>Central de Informa\u00e7\u00f5es ao Candidato<\/strong><\/span><\/p>\n<p class=\"isSelectedEnd\"><span style=\"font-family: tahoma, arial, helvetica, sans-serif; font-size: 12pt;\">\ud83d\udcde <strong>(11) 3471-4071<\/strong> \u2014 Capital e Grande S\u00e3o Paulo<\/span><\/p>\n<p><span style=\"font-family: tahoma, arial, helvetica, sans-serif; font-size: 12pt;\">\ud83d\udcde <strong>0800 772 2829<\/strong> \u2014 demais localidades<\/span><\/p>\n<p><img decoding=\"async\" class=\"size-full wp-image-45305 aligncenter\" src=\"https:\/\/www.omovimento.com.br\/portal\/wp-content\/uploads\/2026\/07\/a68b4ffa-84a1-4ea2-a1b6-38fe8c011533.png\" alt=\"\" width=\"1024\" height=\"1536\" srcset=\"https:\/\/www.omovimento.com.br\/portal\/wp-content\/uploads\/2026\/07\/a68b4ffa-84a1-4ea2-a1b6-38fe8c011533.png 1024w, https:\/\/www.omovimento.com.br\/portal\/wp-content\/uploads\/2026\/07\/a68b4ffa-84a1-4ea2-a1b6-38fe8c011533-200x300.png 200w, https:\/\/www.omovimento.com.br\/portal\/wp-content\/uploads\/2026\/07\/a68b4ffa-84a1-4ea2-a1b6-38fe8c011533-683x1024.png 683w, https:\/\/www.omovimento.com.br\/portal\/wp-content\/uploads\/2026\/07\/a68b4ffa-84a1-4ea2-a1b6-38fe8c011533-768x1152.png 768w, https:\/\/www.omovimento.com.br\/portal\/wp-content\/uploads\/2026\/07\/a68b4ffa-84a1-4ea2-a1b6-38fe8c011533-150x225.png 150w, https:\/\/www.omovimento.com.br\/portal\/wp-content\/uploads\/2026\/07\/a68b4ffa-84a1-4ea2-a1b6-38fe8c011533-450x675.png 450w\" sizes=\"(max-width: 1024px) 100vw, 1024px\" \/><\/p>\n<p data-start=\"822\" data-end=\"1009\"><span style=\"font-family: tahoma, arial, helvetica, sans-serif;\"><span dir=\"auto\" style=\"vertical-align: inherit;\">\u270d\ufe0f <\/span><em data-start=\"1160\" data-end=\"1198\" data-is-last-node=\"\"><span dir=\"auto\" style=\"vertical-align: inherit;\">Reportagem: <\/span><a href=\"https:\/\/www.facebook.com\/jornalistatonioliveiraon\/\"><strong><span dir=\"auto\" style=\"vertical-align: inherit;\">Jornalista Toni Oliveira<\/span><\/strong><\/a><\/em><\/span><\/p>\n<p><span style=\"font-size: 14pt; color: #808080; font-family: tahoma, arial, helvetica, sans-serif;\"><em>Jorna<strong>l O Movimento<\/strong> \u00a0H\u00e1 92 anos, a principal refer\u00eancia em jornalismo na regi\u00e3o<\/em><\/span><\/p>\n<p><span style=\"font-family: tahoma, arial, helvetica, sans-serif;\"><em>( Fica proibida a reprodu\u00e7\u00e3o total ou parcial, c\u00f3pia ou distribui\u00e7\u00e3o do conte\u00fado, sem autoriza\u00e7\u00e3o expressa por parte do <strong>jornal O Movimento<\/strong><\/em><\/span><\/p>\n","protected":false},"excerpt":{"rendered":"<p>A Etec Tenente Aviador Gustavo Klug, em Pirassununga (SP), abriu nesta quarta-feira (2) as inscri\u00e7\u00f5es para o Vestibulinho do primeiro semestre de 2027. Ao todo, s\u00e3o 230 vagas gratuitas em seis cursos, com op\u00e7\u00f5es nos per\u00edodos da manh\u00e3, noite e integral. As inscri\u00e7\u00f5es podem ser feitas at\u00e9 as 20h do dia 3 de novembro, exclusivamente<\/p>\n","protected":false},"author":3,"featured_media":46303,"comment_status":"open","ping_status":"open","sticky":false,"template":"","format":"standard","meta":{"footnotes":""},"categories":[3,1],"tags":[],"class_list":["post-46301","post","type-post","status-publish","format-standard","has-post-thumbnail","category-cidade","category-geral"],"yoast_head":"<!-- This site is optimized with the Yoast SEO plugin v27.3 - https:\/\/yoast.com\/product\/yoast-seo-wordpress\/ -->\n<title>Etec de Pirassununga abre mais de 200 vagas para cursos t\u00e9cnicos; veja op\u00e7\u00f5es - Jornal O Movimento<\/title>\n<meta name=\"robots\" content=\"index, follow, max-snippet:-1, max-image-preview:large, max-video-preview:-1\" \/>\n<link rel=\"canonical\" href=\"https:\/\/www.omovimento.com.br\/portal\/geral\/etec-de-pirassununga-abre-mais-de-200-vagas-para-cursos-tecnicos-veja-opcoes\/\" \/>\n<meta property=\"og:locale\" content=\"pt_BR\" \/>\n<meta property=\"og:type\" content=\"article\" \/>\n<meta property=\"og:title\" content=\"Etec de Pirassununga abre mais de 200 vagas para cursos t\u00e9cnicos; veja op\u00e7\u00f5es - Jornal O Movimento\" \/>\n<meta property=\"og:description\" content=\"A Etec Tenente Aviador Gustavo Klug, em Pirassununga (SP), abriu nesta quarta-feira (2) as inscri\u00e7\u00f5es para o Vestibulinho do primeiro semestre de 2027. Ao todo, s\u00e3o 230 vagas gratuitas em seis cursos, com op\u00e7\u00f5es nos per\u00edodos da manh\u00e3, noite e integral. As inscri\u00e7\u00f5es podem ser feitas at\u00e9 as 20h do dia 3 de novembro, exclusivamente\" \/>\n<meta property=\"og:url\" content=\"https:\/\/www.omovimento.com.br\/portal\/geral\/etec-de-pirassununga-abre-mais-de-200-vagas-para-cursos-tecnicos-veja-opcoes\/\" \/>\n<meta property=\"og:site_name\" content=\"Jornal O Movimento\" \/>\n<meta property=\"article:published_time\" content=\"2026-09-02T16:14:21+00:00\" \/>\n<meta property=\"og:image\" content=\"https:\/\/www.omovimento.com.br\/portal\/wp-content\/uploads\/2026\/09\/etc.jpg\" \/>\n\t<meta property=\"og:image:width\" content=\"1200\" \/>\n\t<meta property=\"og:image:height\" content=\"798\" \/>\n\t<meta property=\"og:image:type\" content=\"image\/jpeg\" \/>\n<meta name=\"author\" content=\"Reda\u00e7\u00e3o\" \/>\n<meta name=\"twitter:card\" content=\"summary_large_image\" \/>\n<meta name=\"twitter:label1\" content=\"Escrito por\" \/>\n\t<meta name=\"twitter:data1\" content=\"Reda\u00e7\u00e3o\" \/>\n\t<meta name=\"twitter:label2\" content=\"Est. tempo de leitura\" \/>\n\t<meta name=\"twitter:data2\" content=\"5 minutos\" \/>\n<script type=\"application\/ld+json\" class=\"yoast-schema-graph\">{\"@context\":\"https:\\\/\\\/schema.org\",\"@graph\":[{\"@type\":\"Article\",\"@id\":\"https:\\\/\\\/www.omovimento.com.br\\\/portal\\\/geral\\\/etec-de-pirassununga-abre-mais-de-200-vagas-para-cursos-tecnicos-veja-opcoes\\\/#article\",\"isPartOf\":{\"@id\":\"https:\\\/\\\/www.omovimento.com.br\\\/portal\\\/geral\\\/etec-de-pirassununga-abre-mais-de-200-vagas-para-cursos-tecnicos-veja-opcoes\\\/\"},\"author\":{\"name\":\"Reda\u00e7\u00e3o\",\"@id\":\"https:\\\/\\\/www.omovimento.com.br\\\/portal\\\/#\\\/schema\\\/person\\\/e7d3971f53952141ade7388e0033ce8d\"},\"headline\":\"Etec de Pirassununga abre mais de 200 vagas para cursos t\u00e9cnicos; veja op\u00e7\u00f5es\",\"datePublished\":\"2026-09-02T16:14:21+00:00\",\"mainEntityOfPage\":{\"@id\":\"https:\\\/\\\/www.omovimento.com.br\\\/portal\\\/geral\\\/etec-de-pirassununga-abre-mais-de-200-vagas-para-cursos-tecnicos-veja-opcoes\\\/\"},\"wordCount\":700,\"commentCount\":0,\"publisher\":{\"@id\":\"https:\\\/\\\/www.omovimento.com.br\\\/portal\\\/#organization\"},\"image\":{\"@id\":\"https:\\\/\\\/www.omovimento.com.br\\\/portal\\\/geral\\\/etec-de-pirassununga-abre-mais-de-200-vagas-para-cursos-tecnicos-veja-opcoes\\\/#primaryimage\"},\"thumbnailUrl\":\"https:\\\/\\\/www.omovimento.com.br\\\/portal\\\/wp-content\\\/uploads\\\/2026\\\/09\\\/etc.jpg\",\"articleSection\":[\"Cidade\",\"Geral\"],\"inLanguage\":\"pt-BR\",\"potentialAction\":[{\"@type\":\"CommentAction\",\"name\":\"Comment\",\"target\":[\"https:\\\/\\\/www.omovimento.com.br\\\/portal\\\/geral\\\/etec-de-pirassununga-abre-mais-de-200-vagas-para-cursos-tecnicos-veja-opcoes\\\/#respond\"]}]},{\"@type\":\"WebPage\",\"@id\":\"https:\\\/\\\/www.omovimento.com.br\\\/portal\\\/geral\\\/etec-de-pirassununga-abre-mais-de-200-vagas-para-cursos-tecnicos-veja-opcoes\\\/\",\"url\":\"https:\\\/\\\/www.omovimento.com.br\\\/portal\\\/geral\\\/etec-de-pirassununga-abre-mais-de-200-vagas-para-cursos-tecnicos-veja-opcoes\\\/\",\"name\":\"Etec de Pirassununga abre mais de 200 vagas para cursos t\u00e9cnicos; veja op\u00e7\u00f5es - Jornal O Movimento\",\"isPartOf\":{\"@id\":\"https:\\\/\\\/www.omovimento.com.br\\\/portal\\\/#website\"},\"primaryImageOfPage\":{\"@id\":\"https:\\\/\\\/www.omovimento.com.br\\\/portal\\\/geral\\\/etec-de-pirassununga-abre-mais-de-200-vagas-para-cursos-tecnicos-veja-opcoes\\\/#primaryimage\"},\"image\":{\"@id\":\"https:\\\/\\\/www.omovimento.com.br\\\/portal\\\/geral\\\/etec-de-pirassununga-abre-mais-de-200-vagas-para-cursos-tecnicos-veja-opcoes\\\/#primaryimage\"},\"thumbnailUrl\":\"https:\\\/\\\/www.omovimento.com.br\\\/portal\\\/wp-content\\\/uploads\\\/2026\\\/09\\\/etc.jpg\",\"datePublished\":\"2026-09-02T16:14:21+00:00\",\"breadcrumb\":{\"@id\":\"https:\\\/\\\/www.omovimento.com.br\\\/portal\\\/geral\\\/etec-de-pirassununga-abre-mais-de-200-vagas-para-cursos-tecnicos-veja-opcoes\\\/#breadcrumb\"},\"inLanguage\":\"pt-BR\",\"potentialAction\":[{\"@type\":\"ReadAction\",\"target\":[\"https:\\\/\\\/www.omovimento.com.br\\\/portal\\\/geral\\\/etec-de-pirassununga-abre-mais-de-200-vagas-para-cursos-tecnicos-veja-opcoes\\\/\"]}]},{\"@type\":\"ImageObject\",\"inLanguage\":\"pt-BR\",\"@id\":\"https:\\\/\\\/www.omovimento.com.br\\\/portal\\\/geral\\\/etec-de-pirassununga-abre-mais-de-200-vagas-para-cursos-tecnicos-veja-opcoes\\\/#primaryimage\",\"url\":\"https:\\\/\\\/www.omovimento.com.br\\\/portal\\\/wp-content\\\/uploads\\\/2026\\\/09\\\/etc.jpg\",\"contentUrl\":\"https:\\\/\\\/www.omovimento.com.br\\\/portal\\\/wp-content\\\/uploads\\\/2026\\\/09\\\/etc.jpg\",\"width\":1200,\"height\":798,\"caption\":\"O valor integral da taxa de inscri\u00e7\u00e3o para o processo seletivo \u00e9 R$ 50. Foto: Divulga\u00e7\u00e3o\\\/Governo de S\u00e3o Paulo\"},{\"@type\":\"BreadcrumbList\",\"@id\":\"https:\\\/\\\/www.omovimento.com.br\\\/portal\\\/geral\\\/etec-de-pirassununga-abre-mais-de-200-vagas-para-cursos-tecnicos-veja-opcoes\\\/#breadcrumb\",\"itemListElement\":[{\"@type\":\"ListItem\",\"position\":1,\"name\":\"In\u00edcio\",\"item\":\"https:\\\/\\\/www.omovimento.com.br\\\/portal\\\/\"},{\"@type\":\"ListItem\",\"position\":2,\"name\":\"Etec de Pirassununga abre mais de 200 vagas para cursos t\u00e9cnicos; veja op\u00e7\u00f5es\"}]},{\"@type\":\"WebSite\",\"@id\":\"https:\\\/\\\/www.omovimento.com.br\\\/portal\\\/#website\",\"url\":\"https:\\\/\\\/www.omovimento.com.br\\\/portal\\\/\",\"name\":\"Jornal O Movimento\",\"description\":\"\",\"publisher\":{\"@id\":\"https:\\\/\\\/www.omovimento.com.br\\\/portal\\\/#organization\"},\"potentialAction\":[{\"@type\":\"SearchAction\",\"target\":{\"@type\":\"EntryPoint\",\"urlTemplate\":\"https:\\\/\\\/www.omovimento.com.br\\\/portal\\\/?s={search_term_string}\"},\"query-input\":{\"@type\":\"PropertyValueSpecification\",\"valueRequired\":true,\"valueName\":\"search_term_string\"}}],\"inLanguage\":\"pt-BR\"},{\"@type\":\"Organization\",\"@id\":\"https:\\\/\\\/www.omovimento.com.br\\\/portal\\\/#organization\",\"name\":\"Jornal O Movimento\",\"url\":\"https:\\\/\\\/www.omovimento.com.br\\\/portal\\\/\",\"logo\":{\"@type\":\"ImageObject\",\"inLanguage\":\"pt-BR\",\"@id\":\"https:\\\/\\\/www.omovimento.com.br\\\/portal\\\/#\\\/schema\\\/logo\\\/image\\\/\",\"url\":\"https:\\\/\\\/www.omovimento.com.br\\\/portal\\\/wp-content\\\/uploads\\\/2026\\\/03\\\/logo_jornal_O_Movimento-1-1536x343-1-1.png\",\"contentUrl\":\"https:\\\/\\\/www.omovimento.com.br\\\/portal\\\/wp-content\\\/uploads\\\/2026\\\/03\\\/logo_jornal_O_Movimento-1-1536x343-1-1.png\",\"width\":1536,\"height\":343,\"caption\":\"Jornal O Movimento\"},\"image\":{\"@id\":\"https:\\\/\\\/www.omovimento.com.br\\\/portal\\\/#\\\/schema\\\/logo\\\/image\\\/\"}},{\"@type\":\"Person\",\"@id\":\"https:\\\/\\\/www.omovimento.com.br\\\/portal\\\/#\\\/schema\\\/person\\\/e7d3971f53952141ade7388e0033ce8d\",\"name\":\"Reda\u00e7\u00e3o\",\"image\":{\"@type\":\"ImageObject\",\"inLanguage\":\"pt-BR\",\"@id\":\"https:\\\/\\\/secure.gravatar.com\\\/avatar\\\/549ab8e14173ace5e8b1c3bd80cf838bc0d00b7e1b65a361093164d85a62d45b?s=96&d=mm&r=g\",\"url\":\"https:\\\/\\\/secure.gravatar.com\\\/avatar\\\/549ab8e14173ace5e8b1c3bd80cf838bc0d00b7e1b65a361093164d85a62d45b?s=96&d=mm&r=g\",\"contentUrl\":\"https:\\\/\\\/secure.gravatar.com\\\/avatar\\\/549ab8e14173ace5e8b1c3bd80cf838bc0d00b7e1b65a361093164d85a62d45b?s=96&d=mm&r=g\",\"caption\":\"Reda\u00e7\u00e3o\"},\"url\":\"https:\\\/\\\/www.omovimento.com.br\\\/portal\\\/author\\\/admin\\\/\"}]}<\/script>\n<!-- \/ Yoast SEO plugin. -->","yoast_head_json":{"title":"Etec de Pirassununga abre mais de 200 vagas para cursos t\u00e9cnicos; veja op\u00e7\u00f5es - Jornal O Movimento","robots":{"index":"index","follow":"follow","max-snippet":"max-snippet:-1","max-image-preview":"max-image-preview:large","max-video-preview":"max-video-preview:-1"},"canonical":"https:\/\/www.omovimento.com.br\/portal\/geral\/etec-de-pirassununga-abre-mais-de-200-vagas-para-cursos-tecnicos-veja-opcoes\/","og_locale":"pt_BR","og_type":"article","og_title":"Etec de Pirassununga abre mais de 200 vagas para cursos t\u00e9cnicos; veja op\u00e7\u00f5es - Jornal O Movimento","og_description":"A Etec Tenente Aviador Gustavo Klug, em Pirassununga (SP), abriu nesta quarta-feira (2) as inscri\u00e7\u00f5es para o Vestibulinho do primeiro semestre de 2027. Ao todo, s\u00e3o 230 vagas gratuitas em seis cursos, com op\u00e7\u00f5es nos per\u00edodos da manh\u00e3, noite e integral. As inscri\u00e7\u00f5es podem ser feitas at\u00e9 as 20h do dia 3 de novembro, exclusivamente","og_url":"https:\/\/www.omovimento.com.br\/portal\/geral\/etec-de-pirassununga-abre-mais-de-200-vagas-para-cursos-tecnicos-veja-opcoes\/","og_site_name":"Jornal O Movimento","article_published_time":"2026-09-02T16:14:21+00:00","og_image":[{"width":1200,"height":798,"url":"https:\/\/www.omovimento.com.br\/portal\/wp-content\/uploads\/2026\/09\/etc.jpg","type":"image\/jpeg"}],"author":"Reda\u00e7\u00e3o","twitter_card":"summary_large_image","twitter_misc":{"Escrito por":"Reda\u00e7\u00e3o","Est. tempo de leitura":"5 minutos"},"schema":{"@context":"https:\/\/schema.org","@graph":[{"@type":"Article","@id":"https:\/\/www.omovimento.com.br\/portal\/geral\/etec-de-pirassununga-abre-mais-de-200-vagas-para-cursos-tecnicos-veja-opcoes\/#article","isPartOf":{"@id":"https:\/\/www.omovimento.com.br\/portal\/geral\/etec-de-pirassununga-abre-mais-de-200-vagas-para-cursos-tecnicos-veja-opcoes\/"},"author":{"name":"Reda\u00e7\u00e3o","@id":"https:\/\/www.omovimento.com.br\/portal\/#\/schema\/person\/e7d3971f53952141ade7388e0033ce8d"},"headline":"Etec de Pirassununga abre mais de 200 vagas para cursos t\u00e9cnicos; veja op\u00e7\u00f5es","datePublished":"2026-09-02T16:14:21+00:00","mainEntityOfPage":{"@id":"https:\/\/www.omovimento.com.br\/portal\/geral\/etec-de-pirassununga-abre-mais-de-200-vagas-para-cursos-tecnicos-veja-opcoes\/"},"wordCount":700,"commentCount":0,"publisher":{"@id":"https:\/\/www.omovimento.com.br\/portal\/#organization"},"image":{"@id":"https:\/\/www.omovimento.com.br\/portal\/geral\/etec-de-pirassununga-abre-mais-de-200-vagas-para-cursos-tecnicos-veja-opcoes\/#primaryimage"},"thumbnailUrl":"https:\/\/www.omovimento.com.br\/portal\/wp-content\/uploads\/2026\/09\/etc.jpg","articleSection":["Cidade","Geral"],"inLanguage":"pt-BR","potentialAction":[{"@type":"CommentAction","name":"Comment","target":["https:\/\/www.omovimento.com.br\/portal\/geral\/etec-de-pirassununga-abre-mais-de-200-vagas-para-cursos-tecnicos-veja-opcoes\/#respond"]}]},{"@type":"WebPage","@id":"https:\/\/www.omovimento.com.br\/portal\/geral\/etec-de-pirassununga-abre-mais-de-200-vagas-para-cursos-tecnicos-veja-opcoes\/","url":"https:\/\/www.omovimento.com.br\/portal\/geral\/etec-de-pirassununga-abre-mais-de-200-vagas-para-cursos-tecnicos-veja-opcoes\/","name":"Etec de Pirassununga abre mais de 200 vagas para cursos t\u00e9cnicos; veja op\u00e7\u00f5es - Jornal O Movimento","isPartOf":{"@id":"https:\/\/www.omovimento.com.br\/portal\/#website"},"primaryImageOfPage":{"@id":"https:\/\/www.omovimento.com.br\/portal\/geral\/etec-de-pirassununga-abre-mais-de-200-vagas-para-cursos-tecnicos-veja-opcoes\/#primaryimage"},"image":{"@id":"https:\/\/www.omovimento.com.br\/portal\/geral\/etec-de-pirassununga-abre-mais-de-200-vagas-para-cursos-tecnicos-veja-opcoes\/#primaryimage"},"thumbnailUrl":"https:\/\/www.omovimento.com.br\/portal\/wp-content\/uploads\/2026\/09\/etc.jpg","datePublished":"2026-09-02T16:14:21+00:00","breadcrumb":{"@id":"https:\/\/www.omovimento.com.br\/portal\/geral\/etec-de-pirassununga-abre-mais-de-200-vagas-para-cursos-tecnicos-veja-opcoes\/#breadcrumb"},"inLanguage":"pt-BR","potentialAction":[{"@type":"ReadAction","target":["https:\/\/www.omovimento.com.br\/portal\/geral\/etec-de-pirassununga-abre-mais-de-200-vagas-para-cursos-tecnicos-veja-opcoes\/"]}]},{"@type":"ImageObject","inLanguage":"pt-BR","@id":"https:\/\/www.omovimento.com.br\/portal\/geral\/etec-de-pirassununga-abre-mais-de-200-vagas-para-cursos-tecnicos-veja-opcoes\/#primaryimage","url":"https:\/\/www.omovimento.com.br\/portal\/wp-content\/uploads\/2026\/09\/etc.jpg","contentUrl":"https:\/\/www.omovimento.com.br\/portal\/wp-content\/uploads\/2026\/09\/etc.jpg","width":1200,"height":798,"caption":"O valor integral da taxa de inscri\u00e7\u00e3o para o processo seletivo \u00e9 R$ 50. Foto: Divulga\u00e7\u00e3o\/Governo de S\u00e3o Paulo"},{"@type":"BreadcrumbList","@id":"https:\/\/www.omovimento.com.br\/portal\/geral\/etec-de-pirassununga-abre-mais-de-200-vagas-para-cursos-tecnicos-veja-opcoes\/#breadcrumb","itemListElement":[{"@type":"ListItem","position":1,"name":"In\u00edcio","item":"https:\/\/www.omovimento.com.br\/portal\/"},{"@type":"ListItem","position":2,"name":"Etec de Pirassununga abre mais de 200 vagas para cursos t\u00e9cnicos; veja op\u00e7\u00f5es"}]},{"@type":"WebSite","@id":"https:\/\/www.omovimento.com.br\/portal\/#website","url":"https:\/\/www.omovimento.com.br\/portal\/","name":"Jornal O Movimento","description":"","publisher":{"@id":"https:\/\/www.omovimento.com.br\/portal\/#organization"},"potentialAction":[{"@type":"SearchAction","target":{"@type":"EntryPoint","urlTemplate":"https:\/\/www.omovimento.com.br\/portal\/?s={search_term_string}"},"query-input":{"@type":"PropertyValueSpecification","valueRequired":true,"valueName":"search_term_string"}}],"inLanguage":"pt-BR"},{"@type":"Organization","@id":"https:\/\/www.omovimento.com.br\/portal\/#organization","name":"Jornal O Movimento","url":"https:\/\/www.omovimento.com.br\/portal\/","logo":{"@type":"ImageObject","inLanguage":"pt-BR","@id":"https:\/\/www.omovimento.com.br\/portal\/#\/schema\/logo\/image\/","url":"https:\/\/www.omovimento.com.br\/portal\/wp-content\/uploads\/2026\/03\/logo_jornal_O_Movimento-1-1536x343-1-1.png","contentUrl":"https:\/\/www.omovimento.com.br\/portal\/wp-content\/uploads\/2026\/03\/logo_jornal_O_Movimento-1-1536x343-1-1.png","width":1536,"height":343,"caption":"Jornal O Movimento"},"image":{"@id":"https:\/\/www.omovimento.com.br\/portal\/#\/schema\/logo\/image\/"}},{"@type":"Person","@id":"https:\/\/www.omovimento.com.br\/portal\/#\/schema\/person\/e7d3971f53952141ade7388e0033ce8d","name":"Reda\u00e7\u00e3o","image":{"@type":"ImageObject","inLanguage":"pt-BR","@id":"https:\/\/secure.gravatar.com\/avatar\/549ab8e14173ace5e8b1c3bd80cf838bc0d00b7e1b65a361093164d85a62d45b?s=96&d=mm&r=g","url":"https:\/\/secure.gravatar.com\/avatar\/549ab8e14173ace5e8b1c3bd80cf838bc0d00b7e1b65a361093164d85a62d45b?s=96&d=mm&r=g","contentUrl":"https:\/\/secure.gravatar.com\/avatar\/549ab8e14173ace5e8b1c3bd80cf838bc0d00b7e1b65a361093164d85a62d45b?s=96&d=mm&r=g","caption":"Reda\u00e7\u00e3o"},"url":"https:\/\/www.omovimento.com.br\/portal\/author\/admin\/"}]}},"_links":{"self":[{"href":"https:\/\/www.omovimento.com.br\/portal\/wp-json\/wp\/v2\/posts\/46301","targetHints":{"allow":["GET"]}}],"collection":[{"href":"https:\/\/www.omovimento.com.br\/portal\/wp-json\/wp\/v2\/posts"}],"about":[{"href":"https:\/\/www.omovimento.com.br\/portal\/wp-json\/wp\/v2\/types\/post"}],"author":[{"embeddable":true,"href":"https:\/\/www.omovimento.com.br\/portal\/wp-json\/wp\/v2\/users\/3"}],"replies":[{"embeddable":true,"href":"https:\/\/www.omovimento.com.br\/portal\/wp-json\/wp\/v2\/comments?post=46301"}],"version-history":[{"count":2,"href":"https:\/\/www.omovimento.com.br\/portal\/wp-json\/wp\/v2\/posts\/46301\/revisions"}],"predecessor-version":[{"id":46304,"href":"https:\/\/www.omovimento.com.br\/portal\/wp-json\/wp\/v2\/posts\/46301\/revisions\/46304"}],"wp:featuredmedia":[{"embeddable":true,"href":"https:\/\/www.omovimento.com.br\/portal\/wp-json\/wp\/v2\/media\/46303"}],"wp:attachment":[{"href":"https:\/\/www.omovimento.com.br\/portal\/wp-json\/wp\/v2\/media?parent=46301"}],"wp:term":[{"taxonomy":"category","embeddable":true,"href":"https:\/\/www.omovimento.com.br\/portal\/wp-json\/wp\/v2\/categories?post=46301"},{"taxonomy":"post_tag","embeddable":true,"href":"https:\/\/www.omovimento.com.br\/portal\/wp-json\/wp\/v2\/tags?post=46301"}],"curies":[{"name":"wp","href":"https:\/\/api.w.org\/{rel}","templated":true}]}}