{"id":46284,"date":"2026-09-01T15:54:35","date_gmt":"2026-09-01T18:54:35","guid":{"rendered":"https:\/\/www.omovimento.com.br\/portal\/?p=46284"},"modified":"2026-09-01T15:57:10","modified_gmt":"2026-09-01T18:57:10","slug":"pirassununguense-conquista-1o-lugar-no-premio-mulheres-do-agro-com-praticas-sustentaveis","status":"publish","type":"post","link":"https:\/\/www.omovimento.com.br\/portal\/geral\/pirassununguense-conquista-1o-lugar-no-premio-mulheres-do-agro-com-praticas-sustentaveis\/","title":{"rendered":"Pirassununguense conquista 1\u00ba lugar no Pr\u00eamio Mulheres do Agro com pr\u00e1ticas sustent\u00e1veis"},"content":{"rendered":"<div class=\"flex max-w-full flex-col gap-4 grow\">\n<div class=\"min-h-8 text-message relative flex w-full flex-col items-end gap-2 text-start break-words whitespace-normal outline-none keyboard-focused:focus-ring [.text-message+&amp;]:mt-1\" dir=\"auto\" tabindex=\"0\" data-message-author-role=\"assistant\" data-message-id=\"b0480517-e64c-4922-8a76-3543c5697eb2\" data-message-model-slug=\"gpt-5-6\" data-turn-start-message=\"true\">\n<div class=\"flex w-full flex-col gap-1 empty:hidden\">\n<div class=\"fbskMG_root markdown prose dark:prose-invert wrap-break-word w-full light markdown-new-styling\">\n<p class=\"isSelectedEnd\"><span style=\"font-family: tahoma, arial, helvetica, sans-serif; font-size: 12pt;\"><strong>A produtora rural Aline Baldim Vick, de Pirassununga (SP), foi reconhecida nacionalmente por seu trabalho \u00e0 frente da Fazenda Est\u00e2ncia.<\/strong> Ela conquistou o <strong>1\u00ba lugar na categoria Grande Propriedade do Pr\u00eamio Mulheres do Agro<\/strong>, iniciativa da Bayer em parceria com a Associa\u00e7\u00e3o Brasileira do Agroneg\u00f3cio (Abag).<\/span><\/p><div id=\"omovi-3385080358\" class=\"omovi-conteudo-2 omovi-entity-placement\"><div id=\"63534-28\"><script src=\"\/\/ads.themoneytizer.com\/s\/gen.js?type=28\"><\/script><script src=\"\/\/ads.themoneytizer.com\/s\/requestform.js?siteId=63534&formatId=28\" ><\/script><\/div><\/div>\n<p class=\"isSelectedEnd\"><span style=\"font-family: tahoma, arial, helvetica, sans-serif; font-size: 12pt;\">A premia\u00e7\u00e3o reconheceu, na \u00faltima semana, <strong>10 mulheres que se destacam no agroneg\u00f3cio brasileiro<\/strong>, entre produtoras rurais e pesquisadoras.<\/span><\/p>\n<p><span style=\"font-family: tahoma, arial, helvetica, sans-serif; font-size: 12pt;\">Economista, Aline atuou anteriormente no setor financeiro antes de retornar \u00e0 Fazenda Est\u00e2ncia, onde passou a participar da gest\u00e3o da propriedade familiar. <strong>Com 1.200 hectares, a fazenda produz soja, milho, sorgo, mandioca e cana-de-a\u00e7\u00facar.<\/strong><\/span><\/p>\n<p><img decoding=\"async\" class=\"aligncenter\" src=\"https:\/\/www.omovimento.com.br\/portal\/wp-content\/uploads\/2026\/06\/cats-2.jpg\" \/><\/p>\n<p><img fetchpriority=\"high\" decoding=\"async\" class=\"size-full wp-image-43531 aligncenter\" src=\"https:\/\/www.omovimento.com.br\/portal\/wp-content\/uploads\/2026\/04\/SINDICATO-INFORMATIVO-PDF_page-0001.jpg\" alt=\"\" width=\"738\" height=\"561\" srcset=\"https:\/\/www.omovimento.com.br\/portal\/wp-content\/uploads\/2026\/04\/SINDICATO-INFORMATIVO-PDF_page-0001.jpg 738w, https:\/\/www.omovimento.com.br\/portal\/wp-content\/uploads\/2026\/04\/SINDICATO-INFORMATIVO-PDF_page-0001-300x228.jpg 300w, https:\/\/www.omovimento.com.br\/portal\/wp-content\/uploads\/2026\/04\/SINDICATO-INFORMATIVO-PDF_page-0001-150x114.jpg 150w, https:\/\/www.omovimento.com.br\/portal\/wp-content\/uploads\/2026\/04\/SINDICATO-INFORMATIVO-PDF_page-0001-450x342.jpg 450w\" sizes=\"(max-width: 738px) 100vw, 738px\" \/><\/p>\n<h2><span style=\"font-family: tahoma, arial, helvetica, sans-serif;\">Agricultura regenerativa \u00e9 foco da propriedade<\/span><\/h2>\n<p class=\"isSelectedEnd\"><span style=\"font-family: tahoma, arial, helvetica, sans-serif; font-size: 12pt;\">Ao lado da irm\u00e3, Aline ampliou pr\u00e1ticas de <strong>agricultura regenerativa<\/strong>, colocando a conserva\u00e7\u00e3o do solo entre as prioridades da gest\u00e3o.<\/span><\/p>\n<p class=\"isSelectedEnd\"><span style=\"font-family: tahoma, arial, helvetica, sans-serif; font-size: 12pt;\">A propriedade utiliza <strong>rota\u00e7\u00e3o de culturas e plantas de cobertura<\/strong>, mantendo o solo protegido durante o ano. A estrat\u00e9gia ajuda a conservar a umidade, controlar a temperatura da terra e melhorar as condi\u00e7\u00f5es para o desenvolvimento das ra\u00edzes.<\/span><\/p>\n<p class=\"isSelectedEnd\"><span style=\"font-family: tahoma, arial, helvetica, sans-serif; font-size: 12pt;\">Outro diferencial \u00e9 a aplica\u00e7\u00e3o direcionada de insumos de acordo com as caracter\u00edsticas de cada talh\u00e3o. <strong>O planejamento permite utilizar os recursos de maneira mais eficiente e melhorar o desempenho das lavouras.<\/strong><\/span><\/p>\n<p><span style=\"font-family: tahoma, arial, helvetica, sans-serif; font-size: 12pt;\">Segundo os resultados apresentados sobre a propriedade, algumas \u00e1reas alcan\u00e7aram <strong>produtividade at\u00e9 25% superior \u00e0 m\u00e9dia regional<\/strong>.<\/span><\/p>\n<figure id=\"attachment_46287\" aria-describedby=\"caption-attachment-46287\" style=\"width: 800px\" class=\"wp-caption aligncenter\"><img decoding=\"async\" class=\"wp-image-46287 size-full\" src=\"https:\/\/www.omovimento.com.br\/portal\/wp-content\/uploads\/2026\/09\/cats-1.jpg\" alt=\"\" width=\"800\" height=\"640\" srcset=\"https:\/\/www.omovimento.com.br\/portal\/wp-content\/uploads\/2026\/09\/cats-1.jpg 800w, https:\/\/www.omovimento.com.br\/portal\/wp-content\/uploads\/2026\/09\/cats-1-300x240.jpg 300w, https:\/\/www.omovimento.com.br\/portal\/wp-content\/uploads\/2026\/09\/cats-1-768x614.jpg 768w, https:\/\/www.omovimento.com.br\/portal\/wp-content\/uploads\/2026\/09\/cats-1-150x120.jpg 150w, https:\/\/www.omovimento.com.br\/portal\/wp-content\/uploads\/2026\/09\/cats-1-450x360.jpg 450w\" sizes=\"(max-width: 800px) 100vw, 800px\" \/><figcaption id=\"caption-attachment-46287\" class=\"wp-caption-text\">Aline Baldim Vick, Ana Karina Klinke e K\u00e1tia Helena Fenner Rodrigues venceram, respectivamente, as categorias Grande, Pequena e M\u00e9dia Propriedade do Pr\u00eamio Mulheres do Agro 2026 | Foto: Arquivo Pessoal \/ Divulga\u00e7\u00e3o \/ Montagem CP<\/figcaption><\/figure>\n<h2><span style=\"font-family: tahoma, arial, helvetica, sans-serif;\">Estrat\u00e9gia tamb\u00e9m ajuda a enfrentar o clima<\/span><\/h2>\n<p class=\"isSelectedEnd\"><span style=\"font-family: tahoma, arial, helvetica, sans-serif; font-size: 12pt;\">Para Aline, o clima \u00e9 um dos principais desafios da produ\u00e7\u00e3o agr\u00edcola. <strong>Per\u00edodos prolongados de estiagem, temperaturas elevadas e chuvas concentradas em pouco tempo podem provocar perdas no campo.<\/strong><\/span><\/p>\n<p class=\"isSelectedEnd\"><span style=\"font-family: tahoma, arial, helvetica, sans-serif; font-size: 12pt;\">A cobertura permanente do solo \u00e9 uma das estrat\u00e9gias utilizadas pela Fazenda Est\u00e2ncia para enfrentar essas condi\u00e7\u00f5es.<\/span><\/p>\n<p class=\"isSelectedEnd\"><span style=\"font-family: tahoma, arial, helvetica, sans-serif; font-size: 12pt;\">A produtora tamb\u00e9m destaca o uso de <strong>bioinsumos<\/strong> como ferramenta para auxiliar as plantas durante per\u00edodos de estresse.<\/span><\/p>\n<blockquote><p><span style=\"font-family: tahoma, arial, helvetica, sans-serif; font-size: 12pt;\">\u201cO clima sempre \u00e9 uma preocupa\u00e7\u00e3o. \u00c9 dif\u00edcil porque \u00e9 um neg\u00f3cio que n\u00e3o est\u00e1 no nosso controle, mas a agricultura regenerativa ajuda justamente nisso: segurar \u00e1gua dentro do solo.\u201d<\/span><\/p><\/blockquote>\n<h2><span style=\"font-family: tahoma, arial, helvetica, sans-serif;\">Menor impacto ambiental<\/span><\/h2>\n<p class=\"isSelectedEnd\"><span style=\"font-size: 12pt; font-family: tahoma, arial, helvetica, sans-serif;\">Al\u00e9m dos ganhos de produtividade, o modelo adotado na Fazenda Est\u00e2ncia busca reduzir os impactos ambientais da produ\u00e7\u00e3o.<\/span><\/p>\n<p class=\"isSelectedEnd\"><span style=\"font-size: 12pt; font-family: tahoma, arial, helvetica, sans-serif;\"><strong>A pegada de carbono da produ\u00e7\u00e3o de gr\u00e3os ficou abaixo da m\u00e9dia nacional<\/strong>, segundo os indicadores apresentados sobre a propriedade.<\/span><\/p>\n<p class=\"isSelectedEnd\"><span style=\"font-size: 12pt; font-family: tahoma, arial, helvetica, sans-serif;\">O objetivo \u00e9 combinar conserva\u00e7\u00e3o do solo, efici\u00eancia produtiva e rentabilidade, sem deixar de lado a preserva\u00e7\u00e3o ambiental.<\/span><\/p>\n<figure id=\"attachment_46290\" aria-describedby=\"caption-attachment-46290\" style=\"width: 1024px\" class=\"wp-caption aligncenter\"><img decoding=\"async\" class=\"wp-image-46290 size-full\" src=\"https:\/\/www.omovimento.com.br\/portal\/wp-content\/uploads\/2026\/09\/32-Brotos-de-soja-em-1024x614-1.jpg\" alt=\"\" width=\"1024\" height=\"614\" srcset=\"https:\/\/www.omovimento.com.br\/portal\/wp-content\/uploads\/2026\/09\/32-Brotos-de-soja-em-1024x614-1.jpg 1024w, https:\/\/www.omovimento.com.br\/portal\/wp-content\/uploads\/2026\/09\/32-Brotos-de-soja-em-1024x614-1-300x180.jpg 300w, https:\/\/www.omovimento.com.br\/portal\/wp-content\/uploads\/2026\/09\/32-Brotos-de-soja-em-1024x614-1-768x461.jpg 768w, https:\/\/www.omovimento.com.br\/portal\/wp-content\/uploads\/2026\/09\/32-Brotos-de-soja-em-1024x614-1-150x90.jpg 150w, https:\/\/www.omovimento.com.br\/portal\/wp-content\/uploads\/2026\/09\/32-Brotos-de-soja-em-1024x614-1-450x270.jpg 450w\" sizes=\"(max-width: 1024px) 100vw, 1024px\" \/><figcaption id=\"caption-attachment-46290\" class=\"wp-caption-text\">A transi\u00e7\u00e3o para o manejo biol\u00f3gico do solo elevou os resultados da lavoura em at\u00e9 25% acima da m\u00e9dia regional. Imagem: Reprodu\u00e7\u00e3o<\/figcaption><\/figure>\n<h2><span style=\"font-family: tahoma, arial, helvetica, sans-serif;\">Reconhecimento surpreendeu produtora<\/span><\/h2>\n<p class=\"isSelectedEnd\"><span style=\"font-family: tahoma, arial, helvetica, sans-serif; font-size: 12pt;\">Aline afirmou que n\u00e3o esperava conquistar o pr\u00eamio e classificou o reconhecimento como uma valoriza\u00e7\u00e3o de sua trajet\u00f3ria no agroneg\u00f3cio.<\/span><\/p>\n<blockquote>\n<p class=\"isSelectedEnd\"><span style=\"font-family: tahoma, arial, helvetica, sans-serif; font-size: 12pt;\">\u201cFoi muito inesperado receber o pr\u00eamio. Eu n\u00e3o estava esperando, mas \u00e9 muito gratificante ter esse reconhecimento.\u201d<\/span><\/p>\n<\/blockquote>\n<p class=\"isSelectedEnd\"><span style=\"font-family: tahoma, arial, helvetica, sans-serif; font-size: 12pt;\">Ela tamb\u00e9m destacou que grande parte do aprendizado acontece diariamente, acompanhando as atividades no campo e trabalhando diretamente com a equipe.<\/span><\/p>\n<p class=\"isSelectedEnd\"><span style=\"font-family: tahoma, arial, helvetica, sans-serif; font-size: 12pt;\"><strong>A Fazenda Est\u00e2ncia mant\u00e9m ainda as portas abertas para compartilhar as pr\u00e1ticas adotadas na propriedade<\/strong>, permitindo que outras pessoas conhe\u00e7am as t\u00e9cnicas de agricultura sustent\u00e1vel utilizadas em Pirassununga.<\/span><\/p>\n<p><span style=\"font-family: tahoma, arial, helvetica, sans-serif; font-size: 12pt;\">A conquista de Aline coloca <strong>Pirassununga em destaque no cen\u00e1rio nacional do agroneg\u00f3cio<\/strong> e mostra como iniciativas de gest\u00e3o, tecnologia e conserva\u00e7\u00e3o do solo podem caminhar juntas para aumentar a efici\u00eancia da produ\u00e7\u00e3o rural.<\/span><\/p>\n<p><img loading=\"lazy\" decoding=\"async\" class=\"size-full wp-image-45305 aligncenter\" src=\"https:\/\/www.omovimento.com.br\/portal\/wp-content\/uploads\/2026\/07\/a68b4ffa-84a1-4ea2-a1b6-38fe8c011533.png\" alt=\"\" width=\"1024\" height=\"1536\" srcset=\"https:\/\/www.omovimento.com.br\/portal\/wp-content\/uploads\/2026\/07\/a68b4ffa-84a1-4ea2-a1b6-38fe8c011533.png 1024w, https:\/\/www.omovimento.com.br\/portal\/wp-content\/uploads\/2026\/07\/a68b4ffa-84a1-4ea2-a1b6-38fe8c011533-200x300.png 200w, https:\/\/www.omovimento.com.br\/portal\/wp-content\/uploads\/2026\/07\/a68b4ffa-84a1-4ea2-a1b6-38fe8c011533-683x1024.png 683w, https:\/\/www.omovimento.com.br\/portal\/wp-content\/uploads\/2026\/07\/a68b4ffa-84a1-4ea2-a1b6-38fe8c011533-768x1152.png 768w, https:\/\/www.omovimento.com.br\/portal\/wp-content\/uploads\/2026\/07\/a68b4ffa-84a1-4ea2-a1b6-38fe8c011533-150x225.png 150w, https:\/\/www.omovimento.com.br\/portal\/wp-content\/uploads\/2026\/07\/a68b4ffa-84a1-4ea2-a1b6-38fe8c011533-450x675.png 450w\" sizes=\"(max-width: 1024px) 100vw, 1024px\" \/><\/p>\n<p data-start=\"822\" data-end=\"1009\"><span style=\"font-family: tahoma, arial, helvetica, sans-serif;\"><span dir=\"auto\" style=\"vertical-align: inherit;\">\u270d\ufe0f <\/span><em data-start=\"1160\" data-end=\"1198\" data-is-last-node=\"\"><span dir=\"auto\" style=\"vertical-align: inherit;\">Reportagem: <\/span><a href=\"https:\/\/www.facebook.com\/jornalistatonioliveiraon\/\"><strong><span dir=\"auto\" style=\"vertical-align: inherit;\">Jornalista Toni Oliveira<\/span><\/strong><\/a><\/em><\/span><\/p>\n<p><span style=\"font-size: 14pt; color: #808080; font-family: tahoma, arial, helvetica, sans-serif;\"><em>Jorna<strong>l O Movimento<\/strong> \u00a0H\u00e1 92 anos, a principal refer\u00eancia em jornalismo na regi\u00e3o<\/em><\/span><\/p>\n<p><span style=\"font-family: tahoma, arial, helvetica, sans-serif;\"><em>( Fica proibida a reprodu\u00e7\u00e3o total ou parcial, c\u00f3pia ou distribui\u00e7\u00e3o do conte\u00fado, sem autoriza\u00e7\u00e3o expressa por parte do <strong>jornal O Movimento<\/strong><\/em><\/span><\/p>\n<\/div>\n<\/div>\n<\/div>\n<\/div>\n","protected":false},"excerpt":{"rendered":"<p>A produtora rural Aline Baldim Vick, de Pirassununga (SP), foi reconhecida nacionalmente por seu trabalho \u00e0 frente da Fazenda Est\u00e2ncia. Ela conquistou o 1\u00ba lugar na categoria Grande Propriedade do Pr\u00eamio Mulheres do Agro, iniciativa da Bayer em parceria com a Associa\u00e7\u00e3o Brasileira do Agroneg\u00f3cio (Abag). A premia\u00e7\u00e3o reconheceu, na \u00faltima semana, 10 mulheres que<\/p>\n","protected":false},"author":3,"featured_media":46289,"comment_status":"open","ping_status":"open","sticky":false,"template":"","format":"standard","meta":{"footnotes":""},"categories":[5,1],"tags":[],"class_list":["post-46284","post","type-post","status-publish","format-standard","has-post-thumbnail","category-destaque","category-geral"],"yoast_head":"<!-- This site is optimized with the Yoast SEO plugin v27.3 - https:\/\/yoast.com\/product\/yoast-seo-wordpress\/ -->\n<title>Pirassununguense conquista 1\u00ba lugar no Pr\u00eamio Mulheres do Agro com pr\u00e1ticas sustent\u00e1veis - Jornal O Movimento<\/title>\n<meta name=\"robots\" content=\"index, follow, max-snippet:-1, max-image-preview:large, max-video-preview:-1\" \/>\n<link rel=\"canonical\" href=\"https:\/\/www.omovimento.com.br\/portal\/geral\/pirassununguense-conquista-1o-lugar-no-premio-mulheres-do-agro-com-praticas-sustentaveis\/\" \/>\n<meta property=\"og:locale\" content=\"pt_BR\" \/>\n<meta property=\"og:type\" content=\"article\" \/>\n<meta property=\"og:title\" content=\"Pirassununguense conquista 1\u00ba lugar no Pr\u00eamio Mulheres do Agro com pr\u00e1ticas sustent\u00e1veis - Jornal O Movimento\" \/>\n<meta property=\"og:description\" content=\"A produtora rural Aline Baldim Vick, de Pirassununga (SP), foi reconhecida nacionalmente por seu trabalho \u00e0 frente da Fazenda Est\u00e2ncia. Ela conquistou o 1\u00ba lugar na categoria Grande Propriedade do Pr\u00eamio Mulheres do Agro, iniciativa da Bayer em parceria com a Associa\u00e7\u00e3o Brasileira do Agroneg\u00f3cio (Abag). A premia\u00e7\u00e3o reconheceu, na \u00faltima semana, 10 mulheres que\" \/>\n<meta property=\"og:url\" content=\"https:\/\/www.omovimento.com.br\/portal\/geral\/pirassununguense-conquista-1o-lugar-no-premio-mulheres-do-agro-com-praticas-sustentaveis\/\" \/>\n<meta property=\"og:site_name\" content=\"Jornal O Movimento\" \/>\n<meta property=\"article:published_time\" content=\"2026-09-01T18:54:35+00:00\" \/>\n<meta property=\"article:modified_time\" content=\"2026-09-01T18:57:10+00:00\" \/>\n<meta property=\"og:image\" content=\"https:\/\/www.omovimento.com.br\/portal\/wp-content\/uploads\/2026\/09\/aline.jpg\" \/>\n\t<meta property=\"og:image:width\" content=\"1024\" \/>\n\t<meta property=\"og:image:height\" content=\"683\" \/>\n\t<meta property=\"og:image:type\" content=\"image\/jpeg\" \/>\n<meta name=\"author\" content=\"Reda\u00e7\u00e3o\" \/>\n<meta name=\"twitter:card\" content=\"summary_large_image\" \/>\n<meta name=\"twitter:label1\" content=\"Escrito por\" \/>\n\t<meta name=\"twitter:data1\" content=\"Reda\u00e7\u00e3o\" \/>\n\t<meta name=\"twitter:label2\" content=\"Est. tempo de leitura\" \/>\n\t<meta name=\"twitter:data2\" content=\"5 minutos\" \/>\n<script type=\"application\/ld+json\" class=\"yoast-schema-graph\">{\"@context\":\"https:\\\/\\\/schema.org\",\"@graph\":[{\"@type\":\"Article\",\"@id\":\"https:\\\/\\\/www.omovimento.com.br\\\/portal\\\/geral\\\/pirassununguense-conquista-1o-lugar-no-premio-mulheres-do-agro-com-praticas-sustentaveis\\\/#article\",\"isPartOf\":{\"@id\":\"https:\\\/\\\/www.omovimento.com.br\\\/portal\\\/geral\\\/pirassununguense-conquista-1o-lugar-no-premio-mulheres-do-agro-com-praticas-sustentaveis\\\/\"},\"author\":{\"name\":\"Reda\u00e7\u00e3o\",\"@id\":\"https:\\\/\\\/www.omovimento.com.br\\\/portal\\\/#\\\/schema\\\/person\\\/e7d3971f53952141ade7388e0033ce8d\"},\"headline\":\"Pirassununguense conquista 1\u00ba lugar no Pr\u00eamio Mulheres do Agro com pr\u00e1ticas sustent\u00e1veis\",\"datePublished\":\"2026-09-01T18:54:35+00:00\",\"dateModified\":\"2026-09-01T18:57:10+00:00\",\"mainEntityOfPage\":{\"@id\":\"https:\\\/\\\/www.omovimento.com.br\\\/portal\\\/geral\\\/pirassununguense-conquista-1o-lugar-no-premio-mulheres-do-agro-com-praticas-sustentaveis\\\/\"},\"wordCount\":675,\"commentCount\":0,\"publisher\":{\"@id\":\"https:\\\/\\\/www.omovimento.com.br\\\/portal\\\/#organization\"},\"image\":{\"@id\":\"https:\\\/\\\/www.omovimento.com.br\\\/portal\\\/geral\\\/pirassununguense-conquista-1o-lugar-no-premio-mulheres-do-agro-com-praticas-sustentaveis\\\/#primaryimage\"},\"thumbnailUrl\":\"https:\\\/\\\/www.omovimento.com.br\\\/portal\\\/wp-content\\\/uploads\\\/2026\\\/09\\\/aline.jpg\",\"articleSection\":[\"Destaque\",\"Geral\"],\"inLanguage\":\"pt-BR\",\"potentialAction\":[{\"@type\":\"CommentAction\",\"name\":\"Comment\",\"target\":[\"https:\\\/\\\/www.omovimento.com.br\\\/portal\\\/geral\\\/pirassununguense-conquista-1o-lugar-no-premio-mulheres-do-agro-com-praticas-sustentaveis\\\/#respond\"]}]},{\"@type\":\"WebPage\",\"@id\":\"https:\\\/\\\/www.omovimento.com.br\\\/portal\\\/geral\\\/pirassununguense-conquista-1o-lugar-no-premio-mulheres-do-agro-com-praticas-sustentaveis\\\/\",\"url\":\"https:\\\/\\\/www.omovimento.com.br\\\/portal\\\/geral\\\/pirassununguense-conquista-1o-lugar-no-premio-mulheres-do-agro-com-praticas-sustentaveis\\\/\",\"name\":\"Pirassununguense conquista 1\u00ba lugar no Pr\u00eamio Mulheres do Agro com pr\u00e1ticas sustent\u00e1veis - Jornal O Movimento\",\"isPartOf\":{\"@id\":\"https:\\\/\\\/www.omovimento.com.br\\\/portal\\\/#website\"},\"primaryImageOfPage\":{\"@id\":\"https:\\\/\\\/www.omovimento.com.br\\\/portal\\\/geral\\\/pirassununguense-conquista-1o-lugar-no-premio-mulheres-do-agro-com-praticas-sustentaveis\\\/#primaryimage\"},\"image\":{\"@id\":\"https:\\\/\\\/www.omovimento.com.br\\\/portal\\\/geral\\\/pirassununguense-conquista-1o-lugar-no-premio-mulheres-do-agro-com-praticas-sustentaveis\\\/#primaryimage\"},\"thumbnailUrl\":\"https:\\\/\\\/www.omovimento.com.br\\\/portal\\\/wp-content\\\/uploads\\\/2026\\\/09\\\/aline.jpg\",\"datePublished\":\"2026-09-01T18:54:35+00:00\",\"dateModified\":\"2026-09-01T18:57:10+00:00\",\"breadcrumb\":{\"@id\":\"https:\\\/\\\/www.omovimento.com.br\\\/portal\\\/geral\\\/pirassununguense-conquista-1o-lugar-no-premio-mulheres-do-agro-com-praticas-sustentaveis\\\/#breadcrumb\"},\"inLanguage\":\"pt-BR\",\"potentialAction\":[{\"@type\":\"ReadAction\",\"target\":[\"https:\\\/\\\/www.omovimento.com.br\\\/portal\\\/geral\\\/pirassununguense-conquista-1o-lugar-no-premio-mulheres-do-agro-com-praticas-sustentaveis\\\/\"]}]},{\"@type\":\"ImageObject\",\"inLanguage\":\"pt-BR\",\"@id\":\"https:\\\/\\\/www.omovimento.com.br\\\/portal\\\/geral\\\/pirassununguense-conquista-1o-lugar-no-premio-mulheres-do-agro-com-praticas-sustentaveis\\\/#primaryimage\",\"url\":\"https:\\\/\\\/www.omovimento.com.br\\\/portal\\\/wp-content\\\/uploads\\\/2026\\\/09\\\/aline.jpg\",\"contentUrl\":\"https:\\\/\\\/www.omovimento.com.br\\\/portal\\\/wp-content\\\/uploads\\\/2026\\\/09\\\/aline.jpg\",\"width\":1024,\"height\":683,\"caption\":\"Aline Vick recebe o pr\u00eamio de Grade Propriedade. Foto: J\u00falio Ogata\\\/Bayer\"},{\"@type\":\"BreadcrumbList\",\"@id\":\"https:\\\/\\\/www.omovimento.com.br\\\/portal\\\/geral\\\/pirassununguense-conquista-1o-lugar-no-premio-mulheres-do-agro-com-praticas-sustentaveis\\\/#breadcrumb\",\"itemListElement\":[{\"@type\":\"ListItem\",\"position\":1,\"name\":\"In\u00edcio\",\"item\":\"https:\\\/\\\/www.omovimento.com.br\\\/portal\\\/\"},{\"@type\":\"ListItem\",\"position\":2,\"name\":\"Pirassununguense conquista 1\u00ba lugar no Pr\u00eamio Mulheres do Agro com pr\u00e1ticas sustent\u00e1veis\"}]},{\"@type\":\"WebSite\",\"@id\":\"https:\\\/\\\/www.omovimento.com.br\\\/portal\\\/#website\",\"url\":\"https:\\\/\\\/www.omovimento.com.br\\\/portal\\\/\",\"name\":\"Jornal O Movimento\",\"description\":\"\",\"publisher\":{\"@id\":\"https:\\\/\\\/www.omovimento.com.br\\\/portal\\\/#organization\"},\"potentialAction\":[{\"@type\":\"SearchAction\",\"target\":{\"@type\":\"EntryPoint\",\"urlTemplate\":\"https:\\\/\\\/www.omovimento.com.br\\\/portal\\\/?s={search_term_string}\"},\"query-input\":{\"@type\":\"PropertyValueSpecification\",\"valueRequired\":true,\"valueName\":\"search_term_string\"}}],\"inLanguage\":\"pt-BR\"},{\"@type\":\"Organization\",\"@id\":\"https:\\\/\\\/www.omovimento.com.br\\\/portal\\\/#organization\",\"name\":\"Jornal O Movimento\",\"url\":\"https:\\\/\\\/www.omovimento.com.br\\\/portal\\\/\",\"logo\":{\"@type\":\"ImageObject\",\"inLanguage\":\"pt-BR\",\"@id\":\"https:\\\/\\\/www.omovimento.com.br\\\/portal\\\/#\\\/schema\\\/logo\\\/image\\\/\",\"url\":\"https:\\\/\\\/www.omovimento.com.br\\\/portal\\\/wp-content\\\/uploads\\\/2026\\\/03\\\/logo_jornal_O_Movimento-1-1536x343-1-1.png\",\"contentUrl\":\"https:\\\/\\\/www.omovimento.com.br\\\/portal\\\/wp-content\\\/uploads\\\/2026\\\/03\\\/logo_jornal_O_Movimento-1-1536x343-1-1.png\",\"width\":1536,\"height\":343,\"caption\":\"Jornal O Movimento\"},\"image\":{\"@id\":\"https:\\\/\\\/www.omovimento.com.br\\\/portal\\\/#\\\/schema\\\/logo\\\/image\\\/\"}},{\"@type\":\"Person\",\"@id\":\"https:\\\/\\\/www.omovimento.com.br\\\/portal\\\/#\\\/schema\\\/person\\\/e7d3971f53952141ade7388e0033ce8d\",\"name\":\"Reda\u00e7\u00e3o\",\"image\":{\"@type\":\"ImageObject\",\"inLanguage\":\"pt-BR\",\"@id\":\"https:\\\/\\\/secure.gravatar.com\\\/avatar\\\/549ab8e14173ace5e8b1c3bd80cf838bc0d00b7e1b65a361093164d85a62d45b?s=96&d=mm&r=g\",\"url\":\"https:\\\/\\\/secure.gravatar.com\\\/avatar\\\/549ab8e14173ace5e8b1c3bd80cf838bc0d00b7e1b65a361093164d85a62d45b?s=96&d=mm&r=g\",\"contentUrl\":\"https:\\\/\\\/secure.gravatar.com\\\/avatar\\\/549ab8e14173ace5e8b1c3bd80cf838bc0d00b7e1b65a361093164d85a62d45b?s=96&d=mm&r=g\",\"caption\":\"Reda\u00e7\u00e3o\"},\"url\":\"https:\\\/\\\/www.omovimento.com.br\\\/portal\\\/author\\\/admin\\\/\"}]}<\/script>\n<!-- \/ Yoast SEO plugin. -->","yoast_head_json":{"title":"Pirassununguense conquista 1\u00ba lugar no Pr\u00eamio Mulheres do Agro com pr\u00e1ticas sustent\u00e1veis - Jornal O Movimento","robots":{"index":"index","follow":"follow","max-snippet":"max-snippet:-1","max-image-preview":"max-image-preview:large","max-video-preview":"max-video-preview:-1"},"canonical":"https:\/\/www.omovimento.com.br\/portal\/geral\/pirassununguense-conquista-1o-lugar-no-premio-mulheres-do-agro-com-praticas-sustentaveis\/","og_locale":"pt_BR","og_type":"article","og_title":"Pirassununguense conquista 1\u00ba lugar no Pr\u00eamio Mulheres do Agro com pr\u00e1ticas sustent\u00e1veis - Jornal O Movimento","og_description":"A produtora rural Aline Baldim Vick, de Pirassununga (SP), foi reconhecida nacionalmente por seu trabalho \u00e0 frente da Fazenda Est\u00e2ncia. Ela conquistou o 1\u00ba lugar na categoria Grande Propriedade do Pr\u00eamio Mulheres do Agro, iniciativa da Bayer em parceria com a Associa\u00e7\u00e3o Brasileira do Agroneg\u00f3cio (Abag). A premia\u00e7\u00e3o reconheceu, na \u00faltima semana, 10 mulheres que","og_url":"https:\/\/www.omovimento.com.br\/portal\/geral\/pirassununguense-conquista-1o-lugar-no-premio-mulheres-do-agro-com-praticas-sustentaveis\/","og_site_name":"Jornal O Movimento","article_published_time":"2026-09-01T18:54:35+00:00","article_modified_time":"2026-09-01T18:57:10+00:00","og_image":[{"width":1024,"height":683,"url":"https:\/\/www.omovimento.com.br\/portal\/wp-content\/uploads\/2026\/09\/aline.jpg","type":"image\/jpeg"}],"author":"Reda\u00e7\u00e3o","twitter_card":"summary_large_image","twitter_misc":{"Escrito por":"Reda\u00e7\u00e3o","Est. tempo de leitura":"5 minutos"},"schema":{"@context":"https:\/\/schema.org","@graph":[{"@type":"Article","@id":"https:\/\/www.omovimento.com.br\/portal\/geral\/pirassununguense-conquista-1o-lugar-no-premio-mulheres-do-agro-com-praticas-sustentaveis\/#article","isPartOf":{"@id":"https:\/\/www.omovimento.com.br\/portal\/geral\/pirassununguense-conquista-1o-lugar-no-premio-mulheres-do-agro-com-praticas-sustentaveis\/"},"author":{"name":"Reda\u00e7\u00e3o","@id":"https:\/\/www.omovimento.com.br\/portal\/#\/schema\/person\/e7d3971f53952141ade7388e0033ce8d"},"headline":"Pirassununguense conquista 1\u00ba lugar no Pr\u00eamio Mulheres do Agro com pr\u00e1ticas sustent\u00e1veis","datePublished":"2026-09-01T18:54:35+00:00","dateModified":"2026-09-01T18:57:10+00:00","mainEntityOfPage":{"@id":"https:\/\/www.omovimento.com.br\/portal\/geral\/pirassununguense-conquista-1o-lugar-no-premio-mulheres-do-agro-com-praticas-sustentaveis\/"},"wordCount":675,"commentCount":0,"publisher":{"@id":"https:\/\/www.omovimento.com.br\/portal\/#organization"},"image":{"@id":"https:\/\/www.omovimento.com.br\/portal\/geral\/pirassununguense-conquista-1o-lugar-no-premio-mulheres-do-agro-com-praticas-sustentaveis\/#primaryimage"},"thumbnailUrl":"https:\/\/www.omovimento.com.br\/portal\/wp-content\/uploads\/2026\/09\/aline.jpg","articleSection":["Destaque","Geral"],"inLanguage":"pt-BR","potentialAction":[{"@type":"CommentAction","name":"Comment","target":["https:\/\/www.omovimento.com.br\/portal\/geral\/pirassununguense-conquista-1o-lugar-no-premio-mulheres-do-agro-com-praticas-sustentaveis\/#respond"]}]},{"@type":"WebPage","@id":"https:\/\/www.omovimento.com.br\/portal\/geral\/pirassununguense-conquista-1o-lugar-no-premio-mulheres-do-agro-com-praticas-sustentaveis\/","url":"https:\/\/www.omovimento.com.br\/portal\/geral\/pirassununguense-conquista-1o-lugar-no-premio-mulheres-do-agro-com-praticas-sustentaveis\/","name":"Pirassununguense conquista 1\u00ba lugar no Pr\u00eamio Mulheres do Agro com pr\u00e1ticas sustent\u00e1veis - Jornal O Movimento","isPartOf":{"@id":"https:\/\/www.omovimento.com.br\/portal\/#website"},"primaryImageOfPage":{"@id":"https:\/\/www.omovimento.com.br\/portal\/geral\/pirassununguense-conquista-1o-lugar-no-premio-mulheres-do-agro-com-praticas-sustentaveis\/#primaryimage"},"image":{"@id":"https:\/\/www.omovimento.com.br\/portal\/geral\/pirassununguense-conquista-1o-lugar-no-premio-mulheres-do-agro-com-praticas-sustentaveis\/#primaryimage"},"thumbnailUrl":"https:\/\/www.omovimento.com.br\/portal\/wp-content\/uploads\/2026\/09\/aline.jpg","datePublished":"2026-09-01T18:54:35+00:00","dateModified":"2026-09-01T18:57:10+00:00","breadcrumb":{"@id":"https:\/\/www.omovimento.com.br\/portal\/geral\/pirassununguense-conquista-1o-lugar-no-premio-mulheres-do-agro-com-praticas-sustentaveis\/#breadcrumb"},"inLanguage":"pt-BR","potentialAction":[{"@type":"ReadAction","target":["https:\/\/www.omovimento.com.br\/portal\/geral\/pirassununguense-conquista-1o-lugar-no-premio-mulheres-do-agro-com-praticas-sustentaveis\/"]}]},{"@type":"ImageObject","inLanguage":"pt-BR","@id":"https:\/\/www.omovimento.com.br\/portal\/geral\/pirassununguense-conquista-1o-lugar-no-premio-mulheres-do-agro-com-praticas-sustentaveis\/#primaryimage","url":"https:\/\/www.omovimento.com.br\/portal\/wp-content\/uploads\/2026\/09\/aline.jpg","contentUrl":"https:\/\/www.omovimento.com.br\/portal\/wp-content\/uploads\/2026\/09\/aline.jpg","width":1024,"height":683,"caption":"Aline Vick recebe o pr\u00eamio de Grade Propriedade. Foto: J\u00falio Ogata\/Bayer"},{"@type":"BreadcrumbList","@id":"https:\/\/www.omovimento.com.br\/portal\/geral\/pirassununguense-conquista-1o-lugar-no-premio-mulheres-do-agro-com-praticas-sustentaveis\/#breadcrumb","itemListElement":[{"@type":"ListItem","position":1,"name":"In\u00edcio","item":"https:\/\/www.omovimento.com.br\/portal\/"},{"@type":"ListItem","position":2,"name":"Pirassununguense conquista 1\u00ba lugar no Pr\u00eamio Mulheres do Agro com pr\u00e1ticas sustent\u00e1veis"}]},{"@type":"WebSite","@id":"https:\/\/www.omovimento.com.br\/portal\/#website","url":"https:\/\/www.omovimento.com.br\/portal\/","name":"Jornal O Movimento","description":"","publisher":{"@id":"https:\/\/www.omovimento.com.br\/portal\/#organization"},"potentialAction":[{"@type":"SearchAction","target":{"@type":"EntryPoint","urlTemplate":"https:\/\/www.omovimento.com.br\/portal\/?s={search_term_string}"},"query-input":{"@type":"PropertyValueSpecification","valueRequired":true,"valueName":"search_term_string"}}],"inLanguage":"pt-BR"},{"@type":"Organization","@id":"https:\/\/www.omovimento.com.br\/portal\/#organization","name":"Jornal O Movimento","url":"https:\/\/www.omovimento.com.br\/portal\/","logo":{"@type":"ImageObject","inLanguage":"pt-BR","@id":"https:\/\/www.omovimento.com.br\/portal\/#\/schema\/logo\/image\/","url":"https:\/\/www.omovimento.com.br\/portal\/wp-content\/uploads\/2026\/03\/logo_jornal_O_Movimento-1-1536x343-1-1.png","contentUrl":"https:\/\/www.omovimento.com.br\/portal\/wp-content\/uploads\/2026\/03\/logo_jornal_O_Movimento-1-1536x343-1-1.png","width":1536,"height":343,"caption":"Jornal O Movimento"},"image":{"@id":"https:\/\/www.omovimento.com.br\/portal\/#\/schema\/logo\/image\/"}},{"@type":"Person","@id":"https:\/\/www.omovimento.com.br\/portal\/#\/schema\/person\/e7d3971f53952141ade7388e0033ce8d","name":"Reda\u00e7\u00e3o","image":{"@type":"ImageObject","inLanguage":"pt-BR","@id":"https:\/\/secure.gravatar.com\/avatar\/549ab8e14173ace5e8b1c3bd80cf838bc0d00b7e1b65a361093164d85a62d45b?s=96&d=mm&r=g","url":"https:\/\/secure.gravatar.com\/avatar\/549ab8e14173ace5e8b1c3bd80cf838bc0d00b7e1b65a361093164d85a62d45b?s=96&d=mm&r=g","contentUrl":"https:\/\/secure.gravatar.com\/avatar\/549ab8e14173ace5e8b1c3bd80cf838bc0d00b7e1b65a361093164d85a62d45b?s=96&d=mm&r=g","caption":"Reda\u00e7\u00e3o"},"url":"https:\/\/www.omovimento.com.br\/portal\/author\/admin\/"}]}},"_links":{"self":[{"href":"https:\/\/www.omovimento.com.br\/portal\/wp-json\/wp\/v2\/posts\/46284","targetHints":{"allow":["GET"]}}],"collection":[{"href":"https:\/\/www.omovimento.com.br\/portal\/wp-json\/wp\/v2\/posts"}],"about":[{"href":"https:\/\/www.omovimento.com.br\/portal\/wp-json\/wp\/v2\/types\/post"}],"author":[{"embeddable":true,"href":"https:\/\/www.omovimento.com.br\/portal\/wp-json\/wp\/v2\/users\/3"}],"replies":[{"embeddable":true,"href":"https:\/\/www.omovimento.com.br\/portal\/wp-json\/wp\/v2\/comments?post=46284"}],"version-history":[{"count":5,"href":"https:\/\/www.omovimento.com.br\/portal\/wp-json\/wp\/v2\/posts\/46284\/revisions"}],"predecessor-version":[{"id":46293,"href":"https:\/\/www.omovimento.com.br\/portal\/wp-json\/wp\/v2\/posts\/46284\/revisions\/46293"}],"wp:featuredmedia":[{"embeddable":true,"href":"https:\/\/www.omovimento.com.br\/portal\/wp-json\/wp\/v2\/media\/46289"}],"wp:attachment":[{"href":"https:\/\/www.omovimento.com.br\/portal\/wp-json\/wp\/v2\/media?parent=46284"}],"wp:term":[{"taxonomy":"category","embeddable":true,"href":"https:\/\/www.omovimento.com.br\/portal\/wp-json\/wp\/v2\/categories?post=46284"},{"taxonomy":"post_tag","embeddable":true,"href":"https:\/\/www.omovimento.com.br\/portal\/wp-json\/wp\/v2\/tags?post=46284"}],"curies":[{"name":"wp","href":"https:\/\/api.w.org\/{rel}","templated":true}]}}