{"id":46277,"date":"2026-09-01T12:54:50","date_gmt":"2026-09-01T15:54:50","guid":{"rendered":"https:\/\/www.omovimento.com.br\/portal\/?p=46277"},"modified":"2026-09-01T12:54:50","modified_gmt":"2026-09-01T15:54:50","slug":"policia-civil-apura-morte-de-cantor-gospel-a-facadas-em-pesqueiro-de-porto-ferreira","status":"publish","type":"post","link":"https:\/\/www.omovimento.com.br\/portal\/geral\/policia-civil-apura-morte-de-cantor-gospel-a-facadas-em-pesqueiro-de-porto-ferreira\/","title":{"rendered":"Pol\u00edcia Civil apura morte de cantor gospel a facadas em pesqueiro de Porto Ferreira"},"content":{"rendered":"<p class=\"isSelectedEnd\"><span style=\"font-family: tahoma, arial, helvetica, sans-serif; font-size: 12pt;\"><strong>A Pol\u00edcia Civil investiga a morte do cantor gospel Luiz Carlos da Silva, de 42 anos, assassinado a facadas na noite de domingo (30), em um pesqueiro de Porto Ferreira (SP).<\/strong> Dois suspeitos, um adolescente de 17 anos e um homem de 20, s\u00e3o apontados no Boletim de Ocorr\u00eancia como envolvidos no crime e fugiram ap\u00f3s o ataque.<\/span><\/p><div id=\"omovi-3987963817\" class=\"omovi-conteudo-2 omovi-entity-placement\"><div id=\"63534-28\"><script src=\"\/\/ads.themoneytizer.com\/s\/gen.js?type=28\"><\/script><script src=\"\/\/ads.themoneytizer.com\/s\/requestform.js?siteId=63534&formatId=28\" ><\/script><\/div><\/div>\n<p class=\"isSelectedEnd\"><span style=\"font-family: tahoma, arial, helvetica, sans-serif; font-size: 12pt;\"><strong>At\u00e9 a \u00faltima atualiza\u00e7\u00e3o, ningu\u00e9m havia sido preso.<\/strong> A investiga\u00e7\u00e3o busca esclarecer a din\u00e2mica do homic\u00eddio, a participa\u00e7\u00e3o de cada suspeito e a motiva\u00e7\u00e3o do crime.<\/span><\/p>\n<p><img decoding=\"async\" class=\"aligncenter\" src=\"https:\/\/www.omovimento.com.br\/portal\/wp-content\/uploads\/2026\/06\/cats-2.jpg\" \/><\/p>\n<p><img fetchpriority=\"high\" decoding=\"async\" class=\"size-full wp-image-45717 aligncenter\" src=\"https:\/\/www.omovimento.com.br\/portal\/wp-content\/uploads\/2026\/08\/743824717_1594420588923438_8335852153587332472_n.jpg\" alt=\"\" width=\"1254\" height=\"1254\" srcset=\"https:\/\/www.omovimento.com.br\/portal\/wp-content\/uploads\/2026\/08\/743824717_1594420588923438_8335852153587332472_n.jpg 1254w, https:\/\/www.omovimento.com.br\/portal\/wp-content\/uploads\/2026\/08\/743824717_1594420588923438_8335852153587332472_n-300x300.jpg 300w, https:\/\/www.omovimento.com.br\/portal\/wp-content\/uploads\/2026\/08\/743824717_1594420588923438_8335852153587332472_n-1024x1024.jpg 1024w, https:\/\/www.omovimento.com.br\/portal\/wp-content\/uploads\/2026\/08\/743824717_1594420588923438_8335852153587332472_n-150x150.jpg 150w, https:\/\/www.omovimento.com.br\/portal\/wp-content\/uploads\/2026\/08\/743824717_1594420588923438_8335852153587332472_n-768x768.jpg 768w, https:\/\/www.omovimento.com.br\/portal\/wp-content\/uploads\/2026\/08\/743824717_1594420588923438_8335852153587332472_n-450x450.jpg 450w, https:\/\/www.omovimento.com.br\/portal\/wp-content\/uploads\/2026\/08\/743824717_1594420588923438_8335852153587332472_n-1200x1200.jpg 1200w\" sizes=\"(max-width: 1254px) 100vw, 1254px\" \/><\/p>\n<h3><span style=\"font-family: tahoma, arial, helvetica, sans-serif; font-size: 14pt;\">Cantor foi encontrado ferido<\/span><\/h3>\n<p class=\"isSelectedEnd\"><span style=\"font-family: tahoma, arial, helvetica, sans-serif; font-size: 12pt;\">A Pol\u00edcia Militar foi acionada para atender \u00e0 ocorr\u00eancia depois que testemunhas relataram ter visto <strong>Luiz Carlos ensanguentado e pedindo ajuda<\/strong> no pesqueiro.<\/span><\/p>\n<p class=\"isSelectedEnd\"><span style=\"font-family: tahoma, arial, helvetica, sans-serif; font-size: 12pt;\">Segundo os relatos registrados no boletim, pouco depois o cantor teria desmaiado em raz\u00e3o dos ferimentos.<\/span><\/p>\n<p class=\"isSelectedEnd\"><span style=\"font-family: tahoma, arial, helvetica, sans-serif; font-size: 12pt;\">O Instituto de Criminal\u00edstica foi acionado e realizou a per\u00edcia no local. <strong>O corpo da v\u00edtima foi encaminhado ao Instituto M\u00e9dico Legal (IML) de S\u00e3o Carlos.<\/strong><\/span><\/p>\n<figure id=\"attachment_46281\" aria-describedby=\"caption-attachment-46281\" style=\"width: 1000px\" class=\"wp-caption aligncenter\"><img decoding=\"async\" class=\"wp-image-46281 size-full\" src=\"https:\/\/www.omovimento.com.br\/portal\/wp-content\/uploads\/2026\/09\/cats.jpg\" alt=\"\" width=\"1000\" height=\"750\" srcset=\"https:\/\/www.omovimento.com.br\/portal\/wp-content\/uploads\/2026\/09\/cats.jpg 1000w, https:\/\/www.omovimento.com.br\/portal\/wp-content\/uploads\/2026\/09\/cats-300x225.jpg 300w, https:\/\/www.omovimento.com.br\/portal\/wp-content\/uploads\/2026\/09\/cats-768x576.jpg 768w, https:\/\/www.omovimento.com.br\/portal\/wp-content\/uploads\/2026\/09\/cats-150x113.jpg 150w, https:\/\/www.omovimento.com.br\/portal\/wp-content\/uploads\/2026\/09\/cats-450x338.jpg 450w\" sizes=\"(max-width: 1000px) 100vw, 1000px\" \/><figcaption id=\"caption-attachment-46281\" class=\"wp-caption-text\">Luiz Carlos da Silva, de 42 anos, foi morto na noite de domingo (30), em Porto Ferreira (SP). \u2014 Foto: Reprodu\u00e7\u00e3o\/Facebook<\/figcaption><\/figure>\n<h3><span style=\"font-family: tahoma, arial, helvetica, sans-serif; font-size: 14pt;\">Relato de adolescente \u00e9 apurado<\/span><\/h3>\n<p class=\"isSelectedEnd\"><span style=\"font-family: tahoma, arial, helvetica, sans-serif; font-size: 12pt;\">Durante o registro da ocorr\u00eancia, <strong>uma adolescente de 17 anos afirmou \u00e0 pol\u00edcia que Luiz Carlos teria enviado mensagens de cunho sexual para ela<\/strong>.<\/span><\/p>\n<p class=\"isSelectedEnd\"><span style=\"font-family: tahoma, arial, helvetica, sans-serif; font-size: 12pt;\">Segundo o depoimento, o namorado da jovem teria planejado inicialmente <strong>\u201cdar um susto\u201d no cantor<\/strong>.<\/span><\/p>\n<p class=\"isSelectedEnd\"><span style=\"font-family: tahoma, arial, helvetica, sans-serif; font-size: 12pt;\">A alega\u00e7\u00e3o de importuna\u00e7\u00e3o sexual consta no relato apresentado \u00e0 pol\u00edcia e <strong>ser\u00e1 apurada durante a investiga\u00e7\u00e3o<\/strong>. A Pol\u00edcia Civil tamb\u00e9m dever\u00e1 verificar se existe rela\u00e7\u00e3o entre as mensagens mencionadas pela adolescente e o homic\u00eddio.<\/span><\/p>\n<h3><span style=\"font-family: tahoma, arial, helvetica, sans-serif; font-size: 14pt;\">Investiga\u00e7\u00e3o<\/span><\/h3>\n<p class=\"isSelectedEnd\"><span style=\"font-family: tahoma, arial, helvetica, sans-serif; font-size: 12pt;\">O caso foi registrado na <strong>Delegacia Seccional de S\u00e3o Carlos<\/strong>. A Pol\u00edcia Civil realiza dilig\u00eancias para esclarecer as circunst\u00e2ncias do assassinato e localizar os suspeitos.<\/span><\/p>\n<p class=\"isSelectedEnd\"><span style=\"font-family: tahoma, arial, helvetica, sans-serif; font-size: 12pt;\">Os investigadores dever\u00e3o analisar <strong>depoimentos de testemunhas, informa\u00e7\u00f5es reunidas no local e os elementos obtidos pela per\u00edcia<\/strong> para reconstruir a sequ\u00eancia dos acontecimentos.<\/span><\/p>\n<p class=\"isSelectedEnd\"><span style=\"font-family: tahoma, arial, helvetica, sans-serif; font-size: 12pt;\"><strong>O Jornal O Movimento acompanha o caso e atualizar\u00e1 esta reportagem conforme novas informa\u00e7\u00f5es forem divulgadas pelas autoridades.<\/strong><\/span><\/p>\n<p><img decoding=\"async\" class=\"size-full wp-image-45305 aligncenter\" src=\"https:\/\/www.omovimento.com.br\/portal\/wp-content\/uploads\/2026\/07\/a68b4ffa-84a1-4ea2-a1b6-38fe8c011533.png\" alt=\"\" width=\"1024\" height=\"1536\" srcset=\"https:\/\/www.omovimento.com.br\/portal\/wp-content\/uploads\/2026\/07\/a68b4ffa-84a1-4ea2-a1b6-38fe8c011533.png 1024w, https:\/\/www.omovimento.com.br\/portal\/wp-content\/uploads\/2026\/07\/a68b4ffa-84a1-4ea2-a1b6-38fe8c011533-200x300.png 200w, https:\/\/www.omovimento.com.br\/portal\/wp-content\/uploads\/2026\/07\/a68b4ffa-84a1-4ea2-a1b6-38fe8c011533-683x1024.png 683w, https:\/\/www.omovimento.com.br\/portal\/wp-content\/uploads\/2026\/07\/a68b4ffa-84a1-4ea2-a1b6-38fe8c011533-768x1152.png 768w, https:\/\/www.omovimento.com.br\/portal\/wp-content\/uploads\/2026\/07\/a68b4ffa-84a1-4ea2-a1b6-38fe8c011533-150x225.png 150w, https:\/\/www.omovimento.com.br\/portal\/wp-content\/uploads\/2026\/07\/a68b4ffa-84a1-4ea2-a1b6-38fe8c011533-450x675.png 450w\" sizes=\"(max-width: 1024px) 100vw, 1024px\" \/><\/p>\n<p data-start=\"822\" data-end=\"1009\"><span style=\"font-family: tahoma, arial, helvetica, sans-serif;\"><span dir=\"auto\" style=\"vertical-align: inherit;\">\u270d\ufe0f <\/span><em data-start=\"1160\" data-end=\"1198\" data-is-last-node=\"\"><span dir=\"auto\" style=\"vertical-align: inherit;\">Reportagem: <\/span><a href=\"https:\/\/www.facebook.com\/jornalistatonioliveiraon\/\"><strong><span dir=\"auto\" style=\"vertical-align: inherit;\">Jornalista Toni Oliveira<\/span><\/strong><\/a><\/em><\/span><\/p>\n<p><span style=\"font-size: 14pt; color: #808080; font-family: tahoma, arial, helvetica, sans-serif;\"><em>Jorna<strong>l O Movimento<\/strong> \u00a0H\u00e1 92 anos, a principal refer\u00eancia em jornalismo na regi\u00e3o<\/em><\/span><\/p>\n<p><span style=\"font-family: tahoma, arial, helvetica, sans-serif;\"><em>( Fica proibida a reprodu\u00e7\u00e3o total ou parcial, c\u00f3pia ou distribui\u00e7\u00e3o do conte\u00fado, sem autoriza\u00e7\u00e3o expressa por parte do <strong>jornal O Movimento<\/strong><\/em><\/span><\/p>\n","protected":false},"excerpt":{"rendered":"<p>A Pol\u00edcia Civil investiga a morte do cantor gospel Luiz Carlos da Silva, de 42 anos, assassinado a facadas na noite de domingo (30), em um pesqueiro de Porto Ferreira (SP). Dois suspeitos, um adolescente de 17 anos e um homem de 20, s\u00e3o apontados no Boletim de Ocorr\u00eancia como envolvidos no crime e fugiram<\/p>\n","protected":false},"author":3,"featured_media":46280,"comment_status":"open","ping_status":"open","sticky":false,"template":"","format":"standard","meta":{"footnotes":""},"categories":[5,1],"tags":[],"class_list":["post-46277","post","type-post","status-publish","format-standard","has-post-thumbnail","category-destaque","category-geral"],"yoast_head":"<!-- This site is optimized with the Yoast SEO plugin v27.3 - https:\/\/yoast.com\/product\/yoast-seo-wordpress\/ -->\n<title>Pol\u00edcia Civil apura morte de cantor gospel a facadas em pesqueiro de Porto Ferreira - Jornal O Movimento<\/title>\n<meta name=\"robots\" content=\"index, follow, max-snippet:-1, max-image-preview:large, max-video-preview:-1\" \/>\n<link rel=\"canonical\" href=\"https:\/\/www.omovimento.com.br\/portal\/geral\/policia-civil-apura-morte-de-cantor-gospel-a-facadas-em-pesqueiro-de-porto-ferreira\/\" \/>\n<meta property=\"og:locale\" content=\"pt_BR\" \/>\n<meta property=\"og:type\" content=\"article\" \/>\n<meta property=\"og:title\" content=\"Pol\u00edcia Civil apura morte de cantor gospel a facadas em pesqueiro de Porto Ferreira - Jornal O Movimento\" \/>\n<meta property=\"og:description\" content=\"A Pol\u00edcia Civil investiga a morte do cantor gospel Luiz Carlos da Silva, de 42 anos, assassinado a facadas na noite de domingo (30), em um pesqueiro de Porto Ferreira (SP). Dois suspeitos, um adolescente de 17 anos e um homem de 20, s\u00e3o apontados no Boletim de Ocorr\u00eancia como envolvidos no crime e fugiram\" \/>\n<meta property=\"og:url\" content=\"https:\/\/www.omovimento.com.br\/portal\/geral\/policia-civil-apura-morte-de-cantor-gospel-a-facadas-em-pesqueiro-de-porto-ferreira\/\" \/>\n<meta property=\"og:site_name\" content=\"Jornal O Movimento\" \/>\n<meta property=\"article:published_time\" content=\"2026-09-01T15:54:50+00:00\" \/>\n<meta property=\"og:image\" content=\"https:\/\/www.omovimento.com.br\/portal\/wp-content\/uploads\/2026\/09\/gospel.jpg\" \/>\n\t<meta property=\"og:image:width\" content=\"1200\" \/>\n\t<meta property=\"og:image:height\" content=\"800\" \/>\n\t<meta property=\"og:image:type\" content=\"image\/jpeg\" \/>\n<meta name=\"author\" content=\"Reda\u00e7\u00e3o\" \/>\n<meta name=\"twitter:card\" content=\"summary_large_image\" \/>\n<meta name=\"twitter:label1\" content=\"Escrito por\" \/>\n\t<meta name=\"twitter:data1\" content=\"Reda\u00e7\u00e3o\" \/>\n\t<meta name=\"twitter:label2\" content=\"Est. tempo de leitura\" \/>\n\t<meta name=\"twitter:data2\" content=\"4 minutos\" \/>\n<script type=\"application\/ld+json\" class=\"yoast-schema-graph\">{\"@context\":\"https:\\\/\\\/schema.org\",\"@graph\":[{\"@type\":\"Article\",\"@id\":\"https:\\\/\\\/www.omovimento.com.br\\\/portal\\\/geral\\\/policia-civil-apura-morte-de-cantor-gospel-a-facadas-em-pesqueiro-de-porto-ferreira\\\/#article\",\"isPartOf\":{\"@id\":\"https:\\\/\\\/www.omovimento.com.br\\\/portal\\\/geral\\\/policia-civil-apura-morte-de-cantor-gospel-a-facadas-em-pesqueiro-de-porto-ferreira\\\/\"},\"author\":{\"name\":\"Reda\u00e7\u00e3o\",\"@id\":\"https:\\\/\\\/www.omovimento.com.br\\\/portal\\\/#\\\/schema\\\/person\\\/e7d3971f53952141ade7388e0033ce8d\"},\"headline\":\"Pol\u00edcia Civil apura morte de cantor gospel a facadas em pesqueiro de Porto Ferreira\",\"datePublished\":\"2026-09-01T15:54:50+00:00\",\"mainEntityOfPage\":{\"@id\":\"https:\\\/\\\/www.omovimento.com.br\\\/portal\\\/geral\\\/policia-civil-apura-morte-de-cantor-gospel-a-facadas-em-pesqueiro-de-porto-ferreira\\\/\"},\"wordCount\":415,\"commentCount\":0,\"publisher\":{\"@id\":\"https:\\\/\\\/www.omovimento.com.br\\\/portal\\\/#organization\"},\"image\":{\"@id\":\"https:\\\/\\\/www.omovimento.com.br\\\/portal\\\/geral\\\/policia-civil-apura-morte-de-cantor-gospel-a-facadas-em-pesqueiro-de-porto-ferreira\\\/#primaryimage\"},\"thumbnailUrl\":\"https:\\\/\\\/www.omovimento.com.br\\\/portal\\\/wp-content\\\/uploads\\\/2026\\\/09\\\/gospel.jpg\",\"articleSection\":[\"Destaque\",\"Geral\"],\"inLanguage\":\"pt-BR\",\"potentialAction\":[{\"@type\":\"CommentAction\",\"name\":\"Comment\",\"target\":[\"https:\\\/\\\/www.omovimento.com.br\\\/portal\\\/geral\\\/policia-civil-apura-morte-de-cantor-gospel-a-facadas-em-pesqueiro-de-porto-ferreira\\\/#respond\"]}]},{\"@type\":\"WebPage\",\"@id\":\"https:\\\/\\\/www.omovimento.com.br\\\/portal\\\/geral\\\/policia-civil-apura-morte-de-cantor-gospel-a-facadas-em-pesqueiro-de-porto-ferreira\\\/\",\"url\":\"https:\\\/\\\/www.omovimento.com.br\\\/portal\\\/geral\\\/policia-civil-apura-morte-de-cantor-gospel-a-facadas-em-pesqueiro-de-porto-ferreira\\\/\",\"name\":\"Pol\u00edcia Civil apura morte de cantor gospel a facadas em pesqueiro de Porto Ferreira - Jornal O Movimento\",\"isPartOf\":{\"@id\":\"https:\\\/\\\/www.omovimento.com.br\\\/portal\\\/#website\"},\"primaryImageOfPage\":{\"@id\":\"https:\\\/\\\/www.omovimento.com.br\\\/portal\\\/geral\\\/policia-civil-apura-morte-de-cantor-gospel-a-facadas-em-pesqueiro-de-porto-ferreira\\\/#primaryimage\"},\"image\":{\"@id\":\"https:\\\/\\\/www.omovimento.com.br\\\/portal\\\/geral\\\/policia-civil-apura-morte-de-cantor-gospel-a-facadas-em-pesqueiro-de-porto-ferreira\\\/#primaryimage\"},\"thumbnailUrl\":\"https:\\\/\\\/www.omovimento.com.br\\\/portal\\\/wp-content\\\/uploads\\\/2026\\\/09\\\/gospel.jpg\",\"datePublished\":\"2026-09-01T15:54:50+00:00\",\"breadcrumb\":{\"@id\":\"https:\\\/\\\/www.omovimento.com.br\\\/portal\\\/geral\\\/policia-civil-apura-morte-de-cantor-gospel-a-facadas-em-pesqueiro-de-porto-ferreira\\\/#breadcrumb\"},\"inLanguage\":\"pt-BR\",\"potentialAction\":[{\"@type\":\"ReadAction\",\"target\":[\"https:\\\/\\\/www.omovimento.com.br\\\/portal\\\/geral\\\/policia-civil-apura-morte-de-cantor-gospel-a-facadas-em-pesqueiro-de-porto-ferreira\\\/\"]}]},{\"@type\":\"ImageObject\",\"inLanguage\":\"pt-BR\",\"@id\":\"https:\\\/\\\/www.omovimento.com.br\\\/portal\\\/geral\\\/policia-civil-apura-morte-de-cantor-gospel-a-facadas-em-pesqueiro-de-porto-ferreira\\\/#primaryimage\",\"url\":\"https:\\\/\\\/www.omovimento.com.br\\\/portal\\\/wp-content\\\/uploads\\\/2026\\\/09\\\/gospel.jpg\",\"contentUrl\":\"https:\\\/\\\/www.omovimento.com.br\\\/portal\\\/wp-content\\\/uploads\\\/2026\\\/09\\\/gospel.jpg\",\"width\":1200,\"height\":800,\"caption\":\"Luiz Carlos da Silva, de 42 anos, era cantor gospel e foi v\u00edtima de um homic\u00eddio em Porto Ferreira (SP). \u2014 Foto: Reprodu\u00e7\u00e3o\\\/Facebook\"},{\"@type\":\"BreadcrumbList\",\"@id\":\"https:\\\/\\\/www.omovimento.com.br\\\/portal\\\/geral\\\/policia-civil-apura-morte-de-cantor-gospel-a-facadas-em-pesqueiro-de-porto-ferreira\\\/#breadcrumb\",\"itemListElement\":[{\"@type\":\"ListItem\",\"position\":1,\"name\":\"In\u00edcio\",\"item\":\"https:\\\/\\\/www.omovimento.com.br\\\/portal\\\/\"},{\"@type\":\"ListItem\",\"position\":2,\"name\":\"Pol\u00edcia Civil apura morte de cantor gospel a facadas em pesqueiro de Porto Ferreira\"}]},{\"@type\":\"WebSite\",\"@id\":\"https:\\\/\\\/www.omovimento.com.br\\\/portal\\\/#website\",\"url\":\"https:\\\/\\\/www.omovimento.com.br\\\/portal\\\/\",\"name\":\"Jornal O Movimento\",\"description\":\"\",\"publisher\":{\"@id\":\"https:\\\/\\\/www.omovimento.com.br\\\/portal\\\/#organization\"},\"potentialAction\":[{\"@type\":\"SearchAction\",\"target\":{\"@type\":\"EntryPoint\",\"urlTemplate\":\"https:\\\/\\\/www.omovimento.com.br\\\/portal\\\/?s={search_term_string}\"},\"query-input\":{\"@type\":\"PropertyValueSpecification\",\"valueRequired\":true,\"valueName\":\"search_term_string\"}}],\"inLanguage\":\"pt-BR\"},{\"@type\":\"Organization\",\"@id\":\"https:\\\/\\\/www.omovimento.com.br\\\/portal\\\/#organization\",\"name\":\"Jornal O Movimento\",\"url\":\"https:\\\/\\\/www.omovimento.com.br\\\/portal\\\/\",\"logo\":{\"@type\":\"ImageObject\",\"inLanguage\":\"pt-BR\",\"@id\":\"https:\\\/\\\/www.omovimento.com.br\\\/portal\\\/#\\\/schema\\\/logo\\\/image\\\/\",\"url\":\"https:\\\/\\\/www.omovimento.com.br\\\/portal\\\/wp-content\\\/uploads\\\/2026\\\/03\\\/logo_jornal_O_Movimento-1-1536x343-1-1.png\",\"contentUrl\":\"https:\\\/\\\/www.omovimento.com.br\\\/portal\\\/wp-content\\\/uploads\\\/2026\\\/03\\\/logo_jornal_O_Movimento-1-1536x343-1-1.png\",\"width\":1536,\"height\":343,\"caption\":\"Jornal O Movimento\"},\"image\":{\"@id\":\"https:\\\/\\\/www.omovimento.com.br\\\/portal\\\/#\\\/schema\\\/logo\\\/image\\\/\"}},{\"@type\":\"Person\",\"@id\":\"https:\\\/\\\/www.omovimento.com.br\\\/portal\\\/#\\\/schema\\\/person\\\/e7d3971f53952141ade7388e0033ce8d\",\"name\":\"Reda\u00e7\u00e3o\",\"image\":{\"@type\":\"ImageObject\",\"inLanguage\":\"pt-BR\",\"@id\":\"https:\\\/\\\/secure.gravatar.com\\\/avatar\\\/549ab8e14173ace5e8b1c3bd80cf838bc0d00b7e1b65a361093164d85a62d45b?s=96&d=mm&r=g\",\"url\":\"https:\\\/\\\/secure.gravatar.com\\\/avatar\\\/549ab8e14173ace5e8b1c3bd80cf838bc0d00b7e1b65a361093164d85a62d45b?s=96&d=mm&r=g\",\"contentUrl\":\"https:\\\/\\\/secure.gravatar.com\\\/avatar\\\/549ab8e14173ace5e8b1c3bd80cf838bc0d00b7e1b65a361093164d85a62d45b?s=96&d=mm&r=g\",\"caption\":\"Reda\u00e7\u00e3o\"},\"url\":\"https:\\\/\\\/www.omovimento.com.br\\\/portal\\\/author\\\/admin\\\/\"}]}<\/script>\n<!-- \/ Yoast SEO plugin. -->","yoast_head_json":{"title":"Pol\u00edcia Civil apura morte de cantor gospel a facadas em pesqueiro de Porto Ferreira - Jornal O Movimento","robots":{"index":"index","follow":"follow","max-snippet":"max-snippet:-1","max-image-preview":"max-image-preview:large","max-video-preview":"max-video-preview:-1"},"canonical":"https:\/\/www.omovimento.com.br\/portal\/geral\/policia-civil-apura-morte-de-cantor-gospel-a-facadas-em-pesqueiro-de-porto-ferreira\/","og_locale":"pt_BR","og_type":"article","og_title":"Pol\u00edcia Civil apura morte de cantor gospel a facadas em pesqueiro de Porto Ferreira - Jornal O Movimento","og_description":"A Pol\u00edcia Civil investiga a morte do cantor gospel Luiz Carlos da Silva, de 42 anos, assassinado a facadas na noite de domingo (30), em um pesqueiro de Porto Ferreira (SP). Dois suspeitos, um adolescente de 17 anos e um homem de 20, s\u00e3o apontados no Boletim de Ocorr\u00eancia como envolvidos no crime e fugiram","og_url":"https:\/\/www.omovimento.com.br\/portal\/geral\/policia-civil-apura-morte-de-cantor-gospel-a-facadas-em-pesqueiro-de-porto-ferreira\/","og_site_name":"Jornal O Movimento","article_published_time":"2026-09-01T15:54:50+00:00","og_image":[{"width":1200,"height":800,"url":"https:\/\/www.omovimento.com.br\/portal\/wp-content\/uploads\/2026\/09\/gospel.jpg","type":"image\/jpeg"}],"author":"Reda\u00e7\u00e3o","twitter_card":"summary_large_image","twitter_misc":{"Escrito por":"Reda\u00e7\u00e3o","Est. tempo de leitura":"4 minutos"},"schema":{"@context":"https:\/\/schema.org","@graph":[{"@type":"Article","@id":"https:\/\/www.omovimento.com.br\/portal\/geral\/policia-civil-apura-morte-de-cantor-gospel-a-facadas-em-pesqueiro-de-porto-ferreira\/#article","isPartOf":{"@id":"https:\/\/www.omovimento.com.br\/portal\/geral\/policia-civil-apura-morte-de-cantor-gospel-a-facadas-em-pesqueiro-de-porto-ferreira\/"},"author":{"name":"Reda\u00e7\u00e3o","@id":"https:\/\/www.omovimento.com.br\/portal\/#\/schema\/person\/e7d3971f53952141ade7388e0033ce8d"},"headline":"Pol\u00edcia Civil apura morte de cantor gospel a facadas em pesqueiro de Porto Ferreira","datePublished":"2026-09-01T15:54:50+00:00","mainEntityOfPage":{"@id":"https:\/\/www.omovimento.com.br\/portal\/geral\/policia-civil-apura-morte-de-cantor-gospel-a-facadas-em-pesqueiro-de-porto-ferreira\/"},"wordCount":415,"commentCount":0,"publisher":{"@id":"https:\/\/www.omovimento.com.br\/portal\/#organization"},"image":{"@id":"https:\/\/www.omovimento.com.br\/portal\/geral\/policia-civil-apura-morte-de-cantor-gospel-a-facadas-em-pesqueiro-de-porto-ferreira\/#primaryimage"},"thumbnailUrl":"https:\/\/www.omovimento.com.br\/portal\/wp-content\/uploads\/2026\/09\/gospel.jpg","articleSection":["Destaque","Geral"],"inLanguage":"pt-BR","potentialAction":[{"@type":"CommentAction","name":"Comment","target":["https:\/\/www.omovimento.com.br\/portal\/geral\/policia-civil-apura-morte-de-cantor-gospel-a-facadas-em-pesqueiro-de-porto-ferreira\/#respond"]}]},{"@type":"WebPage","@id":"https:\/\/www.omovimento.com.br\/portal\/geral\/policia-civil-apura-morte-de-cantor-gospel-a-facadas-em-pesqueiro-de-porto-ferreira\/","url":"https:\/\/www.omovimento.com.br\/portal\/geral\/policia-civil-apura-morte-de-cantor-gospel-a-facadas-em-pesqueiro-de-porto-ferreira\/","name":"Pol\u00edcia Civil apura morte de cantor gospel a facadas em pesqueiro de Porto Ferreira - Jornal O Movimento","isPartOf":{"@id":"https:\/\/www.omovimento.com.br\/portal\/#website"},"primaryImageOfPage":{"@id":"https:\/\/www.omovimento.com.br\/portal\/geral\/policia-civil-apura-morte-de-cantor-gospel-a-facadas-em-pesqueiro-de-porto-ferreira\/#primaryimage"},"image":{"@id":"https:\/\/www.omovimento.com.br\/portal\/geral\/policia-civil-apura-morte-de-cantor-gospel-a-facadas-em-pesqueiro-de-porto-ferreira\/#primaryimage"},"thumbnailUrl":"https:\/\/www.omovimento.com.br\/portal\/wp-content\/uploads\/2026\/09\/gospel.jpg","datePublished":"2026-09-01T15:54:50+00:00","breadcrumb":{"@id":"https:\/\/www.omovimento.com.br\/portal\/geral\/policia-civil-apura-morte-de-cantor-gospel-a-facadas-em-pesqueiro-de-porto-ferreira\/#breadcrumb"},"inLanguage":"pt-BR","potentialAction":[{"@type":"ReadAction","target":["https:\/\/www.omovimento.com.br\/portal\/geral\/policia-civil-apura-morte-de-cantor-gospel-a-facadas-em-pesqueiro-de-porto-ferreira\/"]}]},{"@type":"ImageObject","inLanguage":"pt-BR","@id":"https:\/\/www.omovimento.com.br\/portal\/geral\/policia-civil-apura-morte-de-cantor-gospel-a-facadas-em-pesqueiro-de-porto-ferreira\/#primaryimage","url":"https:\/\/www.omovimento.com.br\/portal\/wp-content\/uploads\/2026\/09\/gospel.jpg","contentUrl":"https:\/\/www.omovimento.com.br\/portal\/wp-content\/uploads\/2026\/09\/gospel.jpg","width":1200,"height":800,"caption":"Luiz Carlos da Silva, de 42 anos, era cantor gospel e foi v\u00edtima de um homic\u00eddio em Porto Ferreira (SP). \u2014 Foto: Reprodu\u00e7\u00e3o\/Facebook"},{"@type":"BreadcrumbList","@id":"https:\/\/www.omovimento.com.br\/portal\/geral\/policia-civil-apura-morte-de-cantor-gospel-a-facadas-em-pesqueiro-de-porto-ferreira\/#breadcrumb","itemListElement":[{"@type":"ListItem","position":1,"name":"In\u00edcio","item":"https:\/\/www.omovimento.com.br\/portal\/"},{"@type":"ListItem","position":2,"name":"Pol\u00edcia Civil apura morte de cantor gospel a facadas em pesqueiro de Porto Ferreira"}]},{"@type":"WebSite","@id":"https:\/\/www.omovimento.com.br\/portal\/#website","url":"https:\/\/www.omovimento.com.br\/portal\/","name":"Jornal O Movimento","description":"","publisher":{"@id":"https:\/\/www.omovimento.com.br\/portal\/#organization"},"potentialAction":[{"@type":"SearchAction","target":{"@type":"EntryPoint","urlTemplate":"https:\/\/www.omovimento.com.br\/portal\/?s={search_term_string}"},"query-input":{"@type":"PropertyValueSpecification","valueRequired":true,"valueName":"search_term_string"}}],"inLanguage":"pt-BR"},{"@type":"Organization","@id":"https:\/\/www.omovimento.com.br\/portal\/#organization","name":"Jornal O Movimento","url":"https:\/\/www.omovimento.com.br\/portal\/","logo":{"@type":"ImageObject","inLanguage":"pt-BR","@id":"https:\/\/www.omovimento.com.br\/portal\/#\/schema\/logo\/image\/","url":"https:\/\/www.omovimento.com.br\/portal\/wp-content\/uploads\/2026\/03\/logo_jornal_O_Movimento-1-1536x343-1-1.png","contentUrl":"https:\/\/www.omovimento.com.br\/portal\/wp-content\/uploads\/2026\/03\/logo_jornal_O_Movimento-1-1536x343-1-1.png","width":1536,"height":343,"caption":"Jornal O Movimento"},"image":{"@id":"https:\/\/www.omovimento.com.br\/portal\/#\/schema\/logo\/image\/"}},{"@type":"Person","@id":"https:\/\/www.omovimento.com.br\/portal\/#\/schema\/person\/e7d3971f53952141ade7388e0033ce8d","name":"Reda\u00e7\u00e3o","image":{"@type":"ImageObject","inLanguage":"pt-BR","@id":"https:\/\/secure.gravatar.com\/avatar\/549ab8e14173ace5e8b1c3bd80cf838bc0d00b7e1b65a361093164d85a62d45b?s=96&d=mm&r=g","url":"https:\/\/secure.gravatar.com\/avatar\/549ab8e14173ace5e8b1c3bd80cf838bc0d00b7e1b65a361093164d85a62d45b?s=96&d=mm&r=g","contentUrl":"https:\/\/secure.gravatar.com\/avatar\/549ab8e14173ace5e8b1c3bd80cf838bc0d00b7e1b65a361093164d85a62d45b?s=96&d=mm&r=g","caption":"Reda\u00e7\u00e3o"},"url":"https:\/\/www.omovimento.com.br\/portal\/author\/admin\/"}]}},"_links":{"self":[{"href":"https:\/\/www.omovimento.com.br\/portal\/wp-json\/wp\/v2\/posts\/46277","targetHints":{"allow":["GET"]}}],"collection":[{"href":"https:\/\/www.omovimento.com.br\/portal\/wp-json\/wp\/v2\/posts"}],"about":[{"href":"https:\/\/www.omovimento.com.br\/portal\/wp-json\/wp\/v2\/types\/post"}],"author":[{"embeddable":true,"href":"https:\/\/www.omovimento.com.br\/portal\/wp-json\/wp\/v2\/users\/3"}],"replies":[{"embeddable":true,"href":"https:\/\/www.omovimento.com.br\/portal\/wp-json\/wp\/v2\/comments?post=46277"}],"version-history":[{"count":4,"href":"https:\/\/www.omovimento.com.br\/portal\/wp-json\/wp\/v2\/posts\/46277\/revisions"}],"predecessor-version":[{"id":46283,"href":"https:\/\/www.omovimento.com.br\/portal\/wp-json\/wp\/v2\/posts\/46277\/revisions\/46283"}],"wp:featuredmedia":[{"embeddable":true,"href":"https:\/\/www.omovimento.com.br\/portal\/wp-json\/wp\/v2\/media\/46280"}],"wp:attachment":[{"href":"https:\/\/www.omovimento.com.br\/portal\/wp-json\/wp\/v2\/media?parent=46277"}],"wp:term":[{"taxonomy":"category","embeddable":true,"href":"https:\/\/www.omovimento.com.br\/portal\/wp-json\/wp\/v2\/categories?post=46277"},{"taxonomy":"post_tag","embeddable":true,"href":"https:\/\/www.omovimento.com.br\/portal\/wp-json\/wp\/v2\/tags?post=46277"}],"curies":[{"name":"wp","href":"https:\/\/api.w.org\/{rel}","templated":true}]}}