{"id":46253,"date":"2026-08-31T15:51:34","date_gmt":"2026-08-31T18:51:34","guid":{"rendered":"https:\/\/www.omovimento.com.br\/portal\/?p=46253"},"modified":"2026-08-31T15:51:34","modified_gmt":"2026-08-31T18:51:34","slug":"pirassununga-fecha-julho-com-saldo-negativo-de-100-empregos-aponta-novo-caged","status":"publish","type":"post","link":"https:\/\/www.omovimento.com.br\/portal\/geral\/pirassununga-fecha-julho-com-saldo-negativo-de-100-empregos-aponta-novo-caged\/","title":{"rendered":"Pirassununga fecha julho com saldo negativo de 100 empregos, aponta Novo Caged"},"content":{"rendered":"<div class=\"relative basis-auto flex-col -mb-(--composer-overlap-px) pb-(--composer-overlap-px) [--composer-overlap-px:28px] grow flex\">\n<div class=\"flex min-h-0 grow flex-col text-sm\">\n<div class=\"qMYqUG_convSearchResultHighlightRoot\">\n<div class=\"\" data-turn-id-container=\"request-WEB:2ed00b03-7bee-4b8f-abc8-7f0ce027e911-8\" data-is-intersecting=\"true\">\n<section class=\"text-token-text-primary w-full focus:outline-none has-data-writing-block:pointer-events-none [&amp;:has([data-writing-block])&gt;*]:pointer-events-auto R6Vx5W_threadScrollVars scroll-mb-[calc(var(--scroll-root-safe-area-inset-bottom,0px)+var(--thread-response-height))] scroll-mt-[calc(var(--header-height)+min(200px,max(70px,20svh)))]\" dir=\"auto\" data-turn-id=\"request-WEB:2ed00b03-7bee-4b8f-abc8-7f0ce027e911-8\" data-turn-id-container=\"request-WEB:2ed00b03-7bee-4b8f-abc8-7f0ce027e911-8\" data-testid=\"conversation-turn-2\" data-turn=\"assistant\">\n<div class=\"text-base my-auto mx-auto [--thread-content-margin:var(--thread-content-margin-xs,calc(var(--spacing)*4))] @w-sm\/main:[--thread-content-margin:var(--thread-content-margin-sm,calc(var(--spacing)*6))] @w-lg\/main:[--thread-content-margin:var(--thread-content-margin-lg,calc(var(--spacing)*16))] px-(--thread-content-margin)\">\n<div class=\"[--thread-content-max-width:40rem] @w-lg\/main:[--thread-content-max-width:48rem] mx-auto max-w-(--thread-content-max-width) flex-1 group\/turn-messages focus-visible:outline-hidden relative flex w-full min-w-0 flex-col agent-turn\" data-conversation-screenshot-content=\"\">\n<div class=\"flex max-w-full flex-col gap-4 grow\">\n<div class=\"min-h-8 text-message relative flex w-full flex-col items-end gap-2 text-start break-words whitespace-normal outline-none keyboard-focused:focus-ring [.text-message+&amp;]:mt-1\" dir=\"auto\" data-message-author-role=\"assistant\" data-message-id=\"608f1f0e-00dc-44c3-81f4-d2b7787c11cb\" data-message-model-slug=\"gpt-5-6\">\n<div class=\"flex w-full flex-col gap-1 empty:hidden\">\n<div class=\"markdown prose dark:prose-invert wrap-break-word w-full light markdown-new-styling\">\n<p class=\"PDq2pG_selectionAnchorContainer\" data-start=\"195\" data-end=\"375\"><span style=\"font-family: tahoma, arial, helvetica, sans-serif; font-size: 12pt;\">Pirassununga terminou <strong data-start=\"217\" data-end=\"277\">julho de 2026 com saldo negativo de 100 empregos formais<\/strong>, segundo os dados do <strong data-start=\"299\" data-end=\"313\">Novo Caged<\/strong> apresentados no painel de informa\u00e7\u00f5es do mercado de trabalho.<\/span><\/p><div id=\"omovi-2289299788\" class=\"omovi-conteudo-2 omovi-entity-placement\"><div id=\"63534-28\"><script src=\"\/\/ads.themoneytizer.com\/s\/gen.js?type=28\"><\/script><script src=\"\/\/ads.themoneytizer.com\/s\/requestform.js?siteId=63534&formatId=28\" ><\/script><\/div><\/div>\n<p data-start=\"377\" data-end=\"555\"><span style=\"font-family: tahoma, arial, helvetica, sans-serif; font-size: 12pt;\">No m\u00eas, o munic\u00edpio registrou <strong data-start=\"407\" data-end=\"424\">527 admiss\u00f5es<\/strong> e <strong data-start=\"427\" data-end=\"448\">627 desligamentos<\/strong>, resultado que representa mais demiss\u00f5es do que contrata\u00e7\u00f5es no mercado de trabalho com carteira assinada.<\/span><\/p>\n<p data-start=\"557\" data-end=\"641\"><span style=\"font-family: tahoma, arial, helvetica, sans-serif; font-size: 12pt;\">O estoque de trabalhadores formais informado no painel ficou em <strong data-start=\"621\" data-end=\"640\">21.725 v\u00ednculos<\/strong>.<\/span><\/p>\n<p><img decoding=\"async\" class=\"aligncenter\" src=\"https:\/\/www.omovimento.com.br\/portal\/wp-content\/uploads\/2026\/06\/cats-2.jpg\" \/><\/p>\n<p><img fetchpriority=\"high\" decoding=\"async\" class=\"size-full wp-image-45596 aligncenter\" src=\"https:\/\/www.omovimento.com.br\/portal\/wp-content\/uploads\/2026\/07\/j_p.jpg\" alt=\"\" width=\"1484\" height=\"1060\" srcset=\"https:\/\/www.omovimento.com.br\/portal\/wp-content\/uploads\/2026\/07\/j_p.jpg 1484w, https:\/\/www.omovimento.com.br\/portal\/wp-content\/uploads\/2026\/07\/j_p-300x214.jpg 300w, https:\/\/www.omovimento.com.br\/portal\/wp-content\/uploads\/2026\/07\/j_p-1024x731.jpg 1024w, https:\/\/www.omovimento.com.br\/portal\/wp-content\/uploads\/2026\/07\/j_p-768x549.jpg 768w, https:\/\/www.omovimento.com.br\/portal\/wp-content\/uploads\/2026\/07\/j_p-150x107.jpg 150w, https:\/\/www.omovimento.com.br\/portal\/wp-content\/uploads\/2026\/07\/j_p-450x321.jpg 450w, https:\/\/www.omovimento.com.br\/portal\/wp-content\/uploads\/2026\/07\/j_p-1200x857.jpg 1200w\" sizes=\"(max-width: 1484px) 100vw, 1484px\" \/><\/p>\n<h3 data-section-id=\"12g14ej\" data-start=\"643\" data-end=\"681\"><span style=\"font-family: tahoma, arial, helvetica, sans-serif; font-size: 14pt;\">Servi\u00e7os lideram perda de empregos<\/span><\/h3>\n<p data-start=\"683\" data-end=\"876\"><span style=\"font-family: tahoma, arial, helvetica, sans-serif; font-size: 12pt;\">Entre os grandes grupos de atividade econ\u00f4mica, o <strong data-start=\"733\" data-end=\"791\">setor de servi\u00e7os apresentou o pior resultado em julho<\/strong>, com <strong data-start=\"797\" data-end=\"834\">178 admiss\u00f5es e 229 desligamentos<\/strong>, resultando em um saldo de <strong data-start=\"862\" data-end=\"875\">-51 vagas<\/strong>.<\/span><\/p>\n<p data-start=\"878\" data-end=\"1008\"><span style=\"font-family: tahoma, arial, helvetica, sans-serif; font-size: 12pt;\">A <strong data-start=\"880\" data-end=\"893\">ind\u00fastria<\/strong> tamb\u00e9m terminou o m\u00eas no vermelho. Foram <strong data-start=\"935\" data-end=\"980\">108 contrata\u00e7\u00f5es contra 142 desligamentos<\/strong>, saldo de <strong data-start=\"991\" data-end=\"1007\">-34 empregos<\/strong>.<\/span><\/p>\n<p data-start=\"1010\" data-end=\"1120\"><span style=\"font-family: tahoma, arial, helvetica, sans-serif; font-size: 12pt;\">No <strong data-start=\"1013\" data-end=\"1025\">com\u00e9rcio<\/strong>, o resultado foi de <strong data-start=\"1046\" data-end=\"1083\">170 admiss\u00f5es e 188 desligamentos<\/strong>, com saldo negativo de <strong data-start=\"1107\" data-end=\"1119\">18 vagas<\/strong>.<\/span><\/p>\n<p data-start=\"1122\" data-end=\"1236\"><span style=\"font-family: tahoma, arial, helvetica, sans-serif; font-size: 12pt;\">J\u00e1 a <strong data-start=\"1127\" data-end=\"1141\">constru\u00e7\u00e3o<\/strong> registrou <strong data-start=\"1152\" data-end=\"1187\">26 admiss\u00f5es e 38 desligamentos<\/strong>, encerrando o m\u00eas com saldo de <strong data-start=\"1219\" data-end=\"1235\">-12 empregos<\/strong>.<\/span><\/p>\n<p data-start=\"1238\" data-end=\"1386\"><span style=\"font-family: tahoma, arial, helvetica, sans-serif; font-size: 12pt;\">O \u00fanico setor com resultado positivo foi a <strong data-start=\"1281\" data-end=\"1297\">agropecu\u00e1ria<\/strong>, que teve <strong data-start=\"1308\" data-end=\"1343\">45 admiss\u00f5es e 30 desligamentos<\/strong>, gerando saldo de <strong data-start=\"1362\" data-end=\"1385\">15 empregos formais<\/strong>.<\/span><\/p>\n<h3 data-section-id=\"1338p1c\" data-start=\"1388\" data-end=\"1414\"><span style=\"font-family: tahoma, arial, helvetica, sans-serif;\">\ud83d\udcca Resultado por setor<\/span><\/h3>\n<div class=\"group TyagGW_tableContainer\">\n<div class=\"TyagGW_tableWrapper flex flex-col-reverse w-fit\" tabindex=\"-1\">\n<table class=\"w-fit min-w-(--thread-content-width)\" data-start=\"1416\" data-end=\"1725\">\n<thead data-start=\"1416\" data-end=\"1461\">\n<tr data-start=\"1416\" data-end=\"1461\">\n<th class=\"last:pe-10\" data-start=\"1416\" data-end=\"1424\" data-col-size=\"sm\"><span style=\"font-family: tahoma, arial, helvetica, sans-serif; font-size: 12pt;\">Setor<\/span><\/th>\n<th class=\"last:pe-10\" data-start=\"1424\" data-end=\"1436\" data-col-size=\"sm\"><span style=\"font-family: tahoma, arial, helvetica, sans-serif; font-size: 12pt;\">Admiss\u00f5es<\/span><\/th>\n<th class=\"last:pe-10\" data-start=\"1436\" data-end=\"1452\" data-col-size=\"sm\"><span style=\"font-family: tahoma, arial, helvetica, sans-serif; font-size: 12pt;\">Desligamentos<\/span><\/th>\n<th class=\"last:pe-10\" data-start=\"1452\" data-end=\"1461\" data-col-size=\"sm\"><span style=\"font-family: tahoma, arial, helvetica, sans-serif; font-size: 12pt;\">Saldo<\/span><\/th>\n<\/tr>\n<\/thead>\n<tbody data-start=\"1483\" data-end=\"1725\">\n<tr data-start=\"1483\" data-end=\"1523\">\n<td data-start=\"1483\" data-end=\"1502\" data-col-size=\"sm\"><span style=\"font-family: tahoma, arial, helvetica, sans-serif; font-size: 12pt;\"><strong data-start=\"1485\" data-end=\"1501\">Agropecu\u00e1ria<\/strong><\/span><\/td>\n<td data-col-size=\"sm\" data-start=\"1502\" data-end=\"1507\"><span style=\"font-family: tahoma, arial, helvetica, sans-serif; font-size: 12pt;\">45<\/span><\/td>\n<td data-col-size=\"sm\" data-start=\"1507\" data-end=\"1512\"><span style=\"font-family: tahoma, arial, helvetica, sans-serif; font-size: 12pt;\">30<\/span><\/td>\n<td data-col-size=\"sm\" data-start=\"1512\" data-end=\"1523\"><span style=\"font-family: tahoma, arial, helvetica, sans-serif; font-size: 12pt;\"><strong data-start=\"1514\" data-end=\"1521\">+15<\/strong><\/span><\/td>\n<\/tr>\n<tr data-start=\"1524\" data-end=\"1563\">\n<td data-start=\"1524\" data-end=\"1540\" data-col-size=\"sm\"><span style=\"font-family: tahoma, arial, helvetica, sans-serif; font-size: 12pt;\"><strong data-start=\"1526\" data-end=\"1539\">Ind\u00fastria<\/strong><\/span><\/td>\n<td data-start=\"1540\" data-end=\"1546\" data-col-size=\"sm\"><span style=\"font-family: tahoma, arial, helvetica, sans-serif; font-size: 12pt;\">108<\/span><\/td>\n<td data-col-size=\"sm\" data-start=\"1546\" data-end=\"1552\"><span style=\"font-family: tahoma, arial, helvetica, sans-serif; font-size: 12pt;\">142<\/span><\/td>\n<td data-col-size=\"sm\" data-start=\"1552\" data-end=\"1563\"><span style=\"font-family: tahoma, arial, helvetica, sans-serif; font-size: 12pt;\"><strong data-start=\"1554\" data-end=\"1561\">-34<\/strong><\/span><\/td>\n<\/tr>\n<tr data-start=\"1564\" data-end=\"1602\">\n<td data-start=\"1564\" data-end=\"1581\" data-col-size=\"sm\"><span style=\"font-family: tahoma, arial, helvetica, sans-serif; font-size: 12pt;\"><strong data-start=\"1566\" data-end=\"1580\">Constru\u00e7\u00e3o<\/strong><\/span><\/td>\n<td data-col-size=\"sm\" data-start=\"1581\" data-end=\"1586\"><span style=\"font-family: tahoma, arial, helvetica, sans-serif; font-size: 12pt;\">26<\/span><\/td>\n<td data-col-size=\"sm\" data-start=\"1586\" data-end=\"1591\"><span style=\"font-family: tahoma, arial, helvetica, sans-serif; font-size: 12pt;\">38<\/span><\/td>\n<td data-col-size=\"sm\" data-start=\"1591\" data-end=\"1602\"><span style=\"font-family: tahoma, arial, helvetica, sans-serif; font-size: 12pt;\"><strong data-start=\"1593\" data-end=\"1600\">-12<\/strong><\/span><\/td>\n<\/tr>\n<tr data-start=\"1603\" data-end=\"1641\">\n<td data-start=\"1603\" data-end=\"1618\" data-col-size=\"sm\"><span style=\"font-family: tahoma, arial, helvetica, sans-serif; font-size: 12pt;\"><strong data-start=\"1605\" data-end=\"1617\">Com\u00e9rcio<\/strong><\/span><\/td>\n<td data-col-size=\"sm\" data-start=\"1618\" data-end=\"1624\"><span style=\"font-family: tahoma, arial, helvetica, sans-serif; font-size: 12pt;\">170<\/span><\/td>\n<td data-col-size=\"sm\" data-start=\"1624\" data-end=\"1630\"><span style=\"font-family: tahoma, arial, helvetica, sans-serif; font-size: 12pt;\">188<\/span><\/td>\n<td data-col-size=\"sm\" data-start=\"1630\" data-end=\"1641\"><span style=\"font-family: tahoma, arial, helvetica, sans-serif; font-size: 12pt;\"><strong data-start=\"1632\" data-end=\"1639\">-18<\/strong><\/span><\/td>\n<\/tr>\n<tr data-start=\"1642\" data-end=\"1680\">\n<td data-start=\"1642\" data-end=\"1657\" data-col-size=\"sm\"><span style=\"font-family: tahoma, arial, helvetica, sans-serif; font-size: 12pt;\"><strong data-start=\"1644\" data-end=\"1656\">Servi\u00e7os<\/strong><\/span><\/td>\n<td data-col-size=\"sm\" data-start=\"1657\" data-end=\"1663\"><span style=\"font-family: tahoma, arial, helvetica, sans-serif; font-size: 12pt;\">178<\/span><\/td>\n<td data-col-size=\"sm\" data-start=\"1663\" data-end=\"1669\"><span style=\"font-family: tahoma, arial, helvetica, sans-serif; font-size: 12pt;\">229<\/span><\/td>\n<td data-col-size=\"sm\" data-start=\"1669\" data-end=\"1680\"><span style=\"font-family: tahoma, arial, helvetica, sans-serif; font-size: 12pt;\"><strong data-start=\"1671\" data-end=\"1678\">-51<\/strong><\/span><\/td>\n<\/tr>\n<tr data-start=\"1681\" data-end=\"1725\">\n<td data-start=\"1681\" data-end=\"1693\" data-col-size=\"sm\"><span style=\"font-family: tahoma, arial, helvetica, sans-serif; font-size: 12pt;\"><strong data-start=\"1683\" data-end=\"1692\">Total<\/strong><\/span><\/td>\n<td data-col-size=\"sm\" data-start=\"1693\" data-end=\"1703\"><span style=\"font-family: tahoma, arial, helvetica, sans-serif; font-size: 12pt;\"><strong data-start=\"1695\" data-end=\"1702\">527<\/strong><\/span><\/td>\n<td data-col-size=\"sm\" data-start=\"1703\" data-end=\"1713\"><span style=\"font-family: tahoma, arial, helvetica, sans-serif; font-size: 12pt;\"><strong data-start=\"1705\" data-end=\"1712\">627<\/strong><\/span><\/td>\n<td data-col-size=\"sm\" data-start=\"1713\" data-end=\"1725\"><span style=\"font-family: tahoma, arial, helvetica, sans-serif; font-size: 12pt;\"><strong data-start=\"1715\" data-end=\"1723\">-100<\/strong><\/span><\/td>\n<\/tr>\n<\/tbody>\n<\/table>\n<\/div>\n<\/div>\n<h3 data-section-id=\"dexy0b\" data-start=\"1727\" data-end=\"1770\"><span style=\"font-family: tahoma, arial, helvetica, sans-serif;\">\ud83d\udcc9<span style=\"font-size: 14pt;\"> Cinco meses depois, cen\u00e1rio negativo<\/span><\/span><\/h3>\n<p data-start=\"1772\" data-end=\"1954\"><span style=\"font-family: tahoma, arial, helvetica, sans-serif; font-size: 12pt;\">Os n\u00fameros mostram que, em julho, <strong data-start=\"1806\" data-end=\"1876\">quatro dos cinco grandes setores analisados tiveram saldo negativo<\/strong>, enquanto apenas a agropecu\u00e1ria apresentou crescimento no n\u00famero de empregos.<\/span><\/p>\n<p data-start=\"1956\" data-end=\"2153\"><span style=\"font-family: tahoma, arial, helvetica, sans-serif; font-size: 12pt;\">O resultado de <strong data-start=\"1971\" data-end=\"1985\">-100 vagas<\/strong> significa que, para cada contrata\u00e7\u00e3o registrada no per\u00edodo, houve um n\u00famero maior de desligamentos, pressionando para baixo o estoque de empregos formais do munic\u00edpio.<\/span><\/p>\n<p data-start=\"2155\" data-end=\"2303\"><span style=\"font-family: tahoma, arial, helvetica, sans-serif; font-size: 12pt;\">De acordo com o painel do Novo Caged, o estoque mensal de v\u00ednculos formais em Pirassununga era de <strong data-start=\"2253\" data-end=\"2272\">21.725 empregos<\/strong> ao final do per\u00edodo analisado.<\/span><\/p>\n<figure id=\"attachment_46256\" aria-describedby=\"caption-attachment-46256\" style=\"width: 2560px\" class=\"wp-caption aligncenter\"><img decoding=\"async\" class=\"wp-image-46256 size-full\" src=\"https:\/\/www.omovimento.com.br\/portal\/wp-content\/uploads\/2026\/08\/grafico_novo_caged_pirassununga_julho_2026-scaled.png\" alt=\"\" width=\"2560\" height=\"1533\" srcset=\"https:\/\/www.omovimento.com.br\/portal\/wp-content\/uploads\/2026\/08\/grafico_novo_caged_pirassununga_julho_2026-scaled.png 2560w, https:\/\/www.omovimento.com.br\/portal\/wp-content\/uploads\/2026\/08\/grafico_novo_caged_pirassununga_julho_2026-300x180.png 300w, https:\/\/www.omovimento.com.br\/portal\/wp-content\/uploads\/2026\/08\/grafico_novo_caged_pirassununga_julho_2026-1024x613.png 1024w, https:\/\/www.omovimento.com.br\/portal\/wp-content\/uploads\/2026\/08\/grafico_novo_caged_pirassununga_julho_2026-768x460.png 768w, https:\/\/www.omovimento.com.br\/portal\/wp-content\/uploads\/2026\/08\/grafico_novo_caged_pirassununga_julho_2026-1536x920.png 1536w, https:\/\/www.omovimento.com.br\/portal\/wp-content\/uploads\/2026\/08\/grafico_novo_caged_pirassununga_julho_2026-2048x1227.png 2048w, https:\/\/www.omovimento.com.br\/portal\/wp-content\/uploads\/2026\/08\/grafico_novo_caged_pirassununga_julho_2026-150x90.png 150w, https:\/\/www.omovimento.com.br\/portal\/wp-content\/uploads\/2026\/08\/grafico_novo_caged_pirassununga_julho_2026-450x270.png 450w, https:\/\/www.omovimento.com.br\/portal\/wp-content\/uploads\/2026\/08\/grafico_novo_caged_pirassununga_julho_2026-1200x719.png 1200w\" sizes=\"(max-width: 2560px) 100vw, 2560px\" \/><figcaption id=\"caption-attachment-46256\" class=\"wp-caption-text\">Imagem: Novo Caged<\/figcaption><\/figure>\n<h3 data-section-id=\"watf2m\" data-start=\"2305\" data-end=\"2336\"><span style=\"font-family: tahoma, arial, helvetica, sans-serif; font-size: 14pt;\">\ud83d\udd0e O que mostram os n\u00fameros<\/span><\/h3>\n<p data-start=\"2338\" data-end=\"2547\"><span style=\"font-family: tahoma, arial, helvetica, sans-serif; font-size: 12pt;\">O desempenho de julho foi puxado principalmente pelo setor de <strong data-start=\"2400\" data-end=\"2412\">servi\u00e7os<\/strong>, respons\u00e1vel por mais da metade do saldo negativo registrado no munic\u00edpio. Na sequ\u00eancia aparecem <strong data-start=\"2510\" data-end=\"2546\">ind\u00fastria, com\u00e9rcio e constru\u00e7\u00e3o<\/strong>.<\/span><\/p>\n<p data-start=\"2549\" data-end=\"2628\"><span style=\"font-family: tahoma, arial, helvetica, sans-serif; font-size: 12pt;\">A agropecu\u00e1ria foi a exce\u00e7\u00e3o, com gera\u00e7\u00e3o l\u00edquida de <strong data-start=\"2602\" data-end=\"2627\">15 postos de trabalho<\/strong>.<\/span><\/p>\n<p data-start=\"2630\" data-end=\"2777\"><span style=\"font-family: tahoma, arial, helvetica, sans-serif; font-size: 12pt;\">Os dados apresentados correspondem ao recorte de <strong data-start=\"2679\" data-end=\"2724\">Pirassununga, S\u00e3o Paulo, em julho de 2026<\/strong>, conforme o painel de informa\u00e7\u00f5es do <strong data-start=\"2762\" data-end=\"2776\">Novo Caged<\/strong>.<\/span><\/p>\n<p data-start=\"2779\" data-end=\"2839\" data-is-last-node=\"\" data-is-only-node=\"\"><em><span style=\"font-family: tahoma, arial, helvetica, sans-serif; font-size: 12pt;\"><strong data-start=\"2779\" data-end=\"2839\" data-is-last-node=\"\">Fonte: Novo Caged \u2013 Painel de Informa\u00e7\u00f5es do Novo Caged.<\/strong><\/span><\/em><\/p>\n<p><img decoding=\"async\" class=\"size-full wp-image-45305 aligncenter\" src=\"https:\/\/www.omovimento.com.br\/portal\/wp-content\/uploads\/2026\/07\/a68b4ffa-84a1-4ea2-a1b6-38fe8c011533.png\" alt=\"\" width=\"1024\" height=\"1536\" srcset=\"https:\/\/www.omovimento.com.br\/portal\/wp-content\/uploads\/2026\/07\/a68b4ffa-84a1-4ea2-a1b6-38fe8c011533.png 1024w, https:\/\/www.omovimento.com.br\/portal\/wp-content\/uploads\/2026\/07\/a68b4ffa-84a1-4ea2-a1b6-38fe8c011533-200x300.png 200w, https:\/\/www.omovimento.com.br\/portal\/wp-content\/uploads\/2026\/07\/a68b4ffa-84a1-4ea2-a1b6-38fe8c011533-683x1024.png 683w, https:\/\/www.omovimento.com.br\/portal\/wp-content\/uploads\/2026\/07\/a68b4ffa-84a1-4ea2-a1b6-38fe8c011533-768x1152.png 768w, https:\/\/www.omovimento.com.br\/portal\/wp-content\/uploads\/2026\/07\/a68b4ffa-84a1-4ea2-a1b6-38fe8c011533-150x225.png 150w, https:\/\/www.omovimento.com.br\/portal\/wp-content\/uploads\/2026\/07\/a68b4ffa-84a1-4ea2-a1b6-38fe8c011533-450x675.png 450w\" sizes=\"(max-width: 1024px) 100vw, 1024px\" \/><\/p>\n<p data-start=\"822\" data-end=\"1009\"><span style=\"font-family: tahoma, arial, helvetica, sans-serif;\"><span dir=\"auto\" style=\"vertical-align: inherit;\">\u270d\ufe0f <\/span><em data-start=\"1160\" data-end=\"1198\" data-is-last-node=\"\"><span dir=\"auto\" style=\"vertical-align: inherit;\">Reportagem: <\/span><a href=\"https:\/\/www.facebook.com\/jornalistatonioliveiraon\/\"><strong><span dir=\"auto\" style=\"vertical-align: inherit;\">Jornalista Toni Oliveira<\/span><\/strong><\/a><\/em><\/span><\/p>\n<p><span style=\"font-size: 14pt; color: #808080; font-family: tahoma, arial, helvetica, sans-serif;\"><em>Jorna<strong>l O Movimento<\/strong> \u00a0H\u00e1 92 anos, a principal refer\u00eancia em jornalismo na regi\u00e3o<\/em><\/span><\/p>\n<p><span style=\"font-family: tahoma, arial, helvetica, sans-serif;\"><em>( Fica proibida a reprodu\u00e7\u00e3o total ou parcial, c\u00f3pia ou distribui\u00e7\u00e3o do conte\u00fado, sem autoriza\u00e7\u00e3o expressa por parte do <strong>jornal O Movimento<\/strong><\/em><\/span><\/p>\n<\/div>\n<\/div>\n<\/div>\n<\/div>\n<\/div>\n<\/div>\n<\/section>\n<\/div>\n<\/div>\n<\/div>\n<\/div>\n","protected":false},"excerpt":{"rendered":"<p>Pirassununga terminou julho de 2026 com saldo negativo de 100 empregos formais, segundo os dados do Novo Caged apresentados no painel de informa\u00e7\u00f5es do mercado de trabalho. No m\u00eas, o munic\u00edpio registrou 527 admiss\u00f5es e 627 desligamentos, resultado que representa mais demiss\u00f5es do que contrata\u00e7\u00f5es no mercado de trabalho com carteira assinada. O estoque de<\/p>\n","protected":false},"author":3,"featured_media":46255,"comment_status":"open","ping_status":"open","sticky":false,"template":"","format":"standard","meta":{"footnotes":""},"categories":[3,1],"tags":[],"class_list":["post-46253","post","type-post","status-publish","format-standard","has-post-thumbnail","category-cidade","category-geral"],"yoast_head":"<!-- This site is optimized with the Yoast SEO plugin v27.3 - https:\/\/yoast.com\/product\/yoast-seo-wordpress\/ -->\n<title>Pirassununga fecha julho com saldo negativo de 100 empregos, aponta Novo Caged - Jornal O Movimento<\/title>\n<meta name=\"robots\" content=\"index, follow, max-snippet:-1, max-image-preview:large, max-video-preview:-1\" \/>\n<link rel=\"canonical\" href=\"https:\/\/www.omovimento.com.br\/portal\/geral\/pirassununga-fecha-julho-com-saldo-negativo-de-100-empregos-aponta-novo-caged\/\" \/>\n<meta property=\"og:locale\" content=\"pt_BR\" \/>\n<meta property=\"og:type\" content=\"article\" \/>\n<meta property=\"og:title\" content=\"Pirassununga fecha julho com saldo negativo de 100 empregos, aponta Novo Caged - Jornal O Movimento\" \/>\n<meta property=\"og:description\" content=\"Pirassununga terminou julho de 2026 com saldo negativo de 100 empregos formais, segundo os dados do Novo Caged apresentados no painel de informa\u00e7\u00f5es do mercado de trabalho. No m\u00eas, o munic\u00edpio registrou 527 admiss\u00f5es e 627 desligamentos, resultado que representa mais demiss\u00f5es do que contrata\u00e7\u00f5es no mercado de trabalho com carteira assinada. O estoque de\" \/>\n<meta property=\"og:url\" content=\"https:\/\/www.omovimento.com.br\/portal\/geral\/pirassununga-fecha-julho-com-saldo-negativo-de-100-empregos-aponta-novo-caged\/\" \/>\n<meta property=\"og:site_name\" content=\"Jornal O Movimento\" \/>\n<meta property=\"article:published_time\" content=\"2026-08-31T18:51:34+00:00\" \/>\n<meta property=\"og:image\" content=\"https:\/\/www.omovimento.com.br\/portal\/wp-content\/uploads\/2026\/08\/05062756_Caged_Abri.jpeg\" \/>\n\t<meta property=\"og:image:width\" content=\"1013\" \/>\n\t<meta property=\"og:image:height\" content=\"675\" \/>\n\t<meta property=\"og:image:type\" content=\"image\/jpeg\" \/>\n<meta name=\"author\" content=\"Reda\u00e7\u00e3o\" \/>\n<meta name=\"twitter:card\" content=\"summary_large_image\" \/>\n<meta name=\"twitter:label1\" content=\"Escrito por\" \/>\n\t<meta name=\"twitter:data1\" content=\"Reda\u00e7\u00e3o\" \/>\n\t<meta name=\"twitter:label2\" content=\"Est. tempo de leitura\" \/>\n\t<meta name=\"twitter:data2\" content=\"4 minutos\" \/>\n<script type=\"application\/ld+json\" class=\"yoast-schema-graph\">{\"@context\":\"https:\\\/\\\/schema.org\",\"@graph\":[{\"@type\":\"Article\",\"@id\":\"https:\\\/\\\/www.omovimento.com.br\\\/portal\\\/geral\\\/pirassununga-fecha-julho-com-saldo-negativo-de-100-empregos-aponta-novo-caged\\\/#article\",\"isPartOf\":{\"@id\":\"https:\\\/\\\/www.omovimento.com.br\\\/portal\\\/geral\\\/pirassununga-fecha-julho-com-saldo-negativo-de-100-empregos-aponta-novo-caged\\\/\"},\"author\":{\"name\":\"Reda\u00e7\u00e3o\",\"@id\":\"https:\\\/\\\/www.omovimento.com.br\\\/portal\\\/#\\\/schema\\\/person\\\/e7d3971f53952141ade7388e0033ce8d\"},\"headline\":\"Pirassununga fecha julho com saldo negativo de 100 empregos, aponta Novo Caged\",\"datePublished\":\"2026-08-31T18:51:34+00:00\",\"mainEntityOfPage\":{\"@id\":\"https:\\\/\\\/www.omovimento.com.br\\\/portal\\\/geral\\\/pirassununga-fecha-julho-com-saldo-negativo-de-100-empregos-aponta-novo-caged\\\/\"},\"wordCount\":451,\"commentCount\":0,\"publisher\":{\"@id\":\"https:\\\/\\\/www.omovimento.com.br\\\/portal\\\/#organization\"},\"image\":{\"@id\":\"https:\\\/\\\/www.omovimento.com.br\\\/portal\\\/geral\\\/pirassununga-fecha-julho-com-saldo-negativo-de-100-empregos-aponta-novo-caged\\\/#primaryimage\"},\"thumbnailUrl\":\"https:\\\/\\\/www.omovimento.com.br\\\/portal\\\/wp-content\\\/uploads\\\/2026\\\/08\\\/05062756_Caged_Abri.jpeg\",\"articleSection\":[\"Cidade\",\"Geral\"],\"inLanguage\":\"pt-BR\",\"potentialAction\":[{\"@type\":\"CommentAction\",\"name\":\"Comment\",\"target\":[\"https:\\\/\\\/www.omovimento.com.br\\\/portal\\\/geral\\\/pirassununga-fecha-julho-com-saldo-negativo-de-100-empregos-aponta-novo-caged\\\/#respond\"]}]},{\"@type\":\"WebPage\",\"@id\":\"https:\\\/\\\/www.omovimento.com.br\\\/portal\\\/geral\\\/pirassununga-fecha-julho-com-saldo-negativo-de-100-empregos-aponta-novo-caged\\\/\",\"url\":\"https:\\\/\\\/www.omovimento.com.br\\\/portal\\\/geral\\\/pirassununga-fecha-julho-com-saldo-negativo-de-100-empregos-aponta-novo-caged\\\/\",\"name\":\"Pirassununga fecha julho com saldo negativo de 100 empregos, aponta Novo Caged - Jornal O Movimento\",\"isPartOf\":{\"@id\":\"https:\\\/\\\/www.omovimento.com.br\\\/portal\\\/#website\"},\"primaryImageOfPage\":{\"@id\":\"https:\\\/\\\/www.omovimento.com.br\\\/portal\\\/geral\\\/pirassununga-fecha-julho-com-saldo-negativo-de-100-empregos-aponta-novo-caged\\\/#primaryimage\"},\"image\":{\"@id\":\"https:\\\/\\\/www.omovimento.com.br\\\/portal\\\/geral\\\/pirassununga-fecha-julho-com-saldo-negativo-de-100-empregos-aponta-novo-caged\\\/#primaryimage\"},\"thumbnailUrl\":\"https:\\\/\\\/www.omovimento.com.br\\\/portal\\\/wp-content\\\/uploads\\\/2026\\\/08\\\/05062756_Caged_Abri.jpeg\",\"datePublished\":\"2026-08-31T18:51:34+00:00\",\"breadcrumb\":{\"@id\":\"https:\\\/\\\/www.omovimento.com.br\\\/portal\\\/geral\\\/pirassununga-fecha-julho-com-saldo-negativo-de-100-empregos-aponta-novo-caged\\\/#breadcrumb\"},\"inLanguage\":\"pt-BR\",\"potentialAction\":[{\"@type\":\"ReadAction\",\"target\":[\"https:\\\/\\\/www.omovimento.com.br\\\/portal\\\/geral\\\/pirassununga-fecha-julho-com-saldo-negativo-de-100-empregos-aponta-novo-caged\\\/\"]}]},{\"@type\":\"ImageObject\",\"inLanguage\":\"pt-BR\",\"@id\":\"https:\\\/\\\/www.omovimento.com.br\\\/portal\\\/geral\\\/pirassununga-fecha-julho-com-saldo-negativo-de-100-empregos-aponta-novo-caged\\\/#primaryimage\",\"url\":\"https:\\\/\\\/www.omovimento.com.br\\\/portal\\\/wp-content\\\/uploads\\\/2026\\\/08\\\/05062756_Caged_Abri.jpeg\",\"contentUrl\":\"https:\\\/\\\/www.omovimento.com.br\\\/portal\\\/wp-content\\\/uploads\\\/2026\\\/08\\\/05062756_Caged_Abri.jpeg\",\"width\":1013,\"height\":675,\"caption\":\"Foto: Divulga\u00e7\u00e3o\\\/Ag\u00eancia Brasil\"},{\"@type\":\"BreadcrumbList\",\"@id\":\"https:\\\/\\\/www.omovimento.com.br\\\/portal\\\/geral\\\/pirassununga-fecha-julho-com-saldo-negativo-de-100-empregos-aponta-novo-caged\\\/#breadcrumb\",\"itemListElement\":[{\"@type\":\"ListItem\",\"position\":1,\"name\":\"In\u00edcio\",\"item\":\"https:\\\/\\\/www.omovimento.com.br\\\/portal\\\/\"},{\"@type\":\"ListItem\",\"position\":2,\"name\":\"Pirassununga fecha julho com saldo negativo de 100 empregos, aponta Novo Caged\"}]},{\"@type\":\"WebSite\",\"@id\":\"https:\\\/\\\/www.omovimento.com.br\\\/portal\\\/#website\",\"url\":\"https:\\\/\\\/www.omovimento.com.br\\\/portal\\\/\",\"name\":\"Jornal O Movimento\",\"description\":\"\",\"publisher\":{\"@id\":\"https:\\\/\\\/www.omovimento.com.br\\\/portal\\\/#organization\"},\"potentialAction\":[{\"@type\":\"SearchAction\",\"target\":{\"@type\":\"EntryPoint\",\"urlTemplate\":\"https:\\\/\\\/www.omovimento.com.br\\\/portal\\\/?s={search_term_string}\"},\"query-input\":{\"@type\":\"PropertyValueSpecification\",\"valueRequired\":true,\"valueName\":\"search_term_string\"}}],\"inLanguage\":\"pt-BR\"},{\"@type\":\"Organization\",\"@id\":\"https:\\\/\\\/www.omovimento.com.br\\\/portal\\\/#organization\",\"name\":\"Jornal O Movimento\",\"url\":\"https:\\\/\\\/www.omovimento.com.br\\\/portal\\\/\",\"logo\":{\"@type\":\"ImageObject\",\"inLanguage\":\"pt-BR\",\"@id\":\"https:\\\/\\\/www.omovimento.com.br\\\/portal\\\/#\\\/schema\\\/logo\\\/image\\\/\",\"url\":\"https:\\\/\\\/www.omovimento.com.br\\\/portal\\\/wp-content\\\/uploads\\\/2026\\\/03\\\/logo_jornal_O_Movimento-1-1536x343-1-1.png\",\"contentUrl\":\"https:\\\/\\\/www.omovimento.com.br\\\/portal\\\/wp-content\\\/uploads\\\/2026\\\/03\\\/logo_jornal_O_Movimento-1-1536x343-1-1.png\",\"width\":1536,\"height\":343,\"caption\":\"Jornal O Movimento\"},\"image\":{\"@id\":\"https:\\\/\\\/www.omovimento.com.br\\\/portal\\\/#\\\/schema\\\/logo\\\/image\\\/\"}},{\"@type\":\"Person\",\"@id\":\"https:\\\/\\\/www.omovimento.com.br\\\/portal\\\/#\\\/schema\\\/person\\\/e7d3971f53952141ade7388e0033ce8d\",\"name\":\"Reda\u00e7\u00e3o\",\"image\":{\"@type\":\"ImageObject\",\"inLanguage\":\"pt-BR\",\"@id\":\"https:\\\/\\\/secure.gravatar.com\\\/avatar\\\/549ab8e14173ace5e8b1c3bd80cf838bc0d00b7e1b65a361093164d85a62d45b?s=96&d=mm&r=g\",\"url\":\"https:\\\/\\\/secure.gravatar.com\\\/avatar\\\/549ab8e14173ace5e8b1c3bd80cf838bc0d00b7e1b65a361093164d85a62d45b?s=96&d=mm&r=g\",\"contentUrl\":\"https:\\\/\\\/secure.gravatar.com\\\/avatar\\\/549ab8e14173ace5e8b1c3bd80cf838bc0d00b7e1b65a361093164d85a62d45b?s=96&d=mm&r=g\",\"caption\":\"Reda\u00e7\u00e3o\"},\"url\":\"https:\\\/\\\/www.omovimento.com.br\\\/portal\\\/author\\\/admin\\\/\"}]}<\/script>\n<!-- \/ Yoast SEO plugin. -->","yoast_head_json":{"title":"Pirassununga fecha julho com saldo negativo de 100 empregos, aponta Novo Caged - Jornal O Movimento","robots":{"index":"index","follow":"follow","max-snippet":"max-snippet:-1","max-image-preview":"max-image-preview:large","max-video-preview":"max-video-preview:-1"},"canonical":"https:\/\/www.omovimento.com.br\/portal\/geral\/pirassununga-fecha-julho-com-saldo-negativo-de-100-empregos-aponta-novo-caged\/","og_locale":"pt_BR","og_type":"article","og_title":"Pirassununga fecha julho com saldo negativo de 100 empregos, aponta Novo Caged - Jornal O Movimento","og_description":"Pirassununga terminou julho de 2026 com saldo negativo de 100 empregos formais, segundo os dados do Novo Caged apresentados no painel de informa\u00e7\u00f5es do mercado de trabalho. No m\u00eas, o munic\u00edpio registrou 527 admiss\u00f5es e 627 desligamentos, resultado que representa mais demiss\u00f5es do que contrata\u00e7\u00f5es no mercado de trabalho com carteira assinada. O estoque de","og_url":"https:\/\/www.omovimento.com.br\/portal\/geral\/pirassununga-fecha-julho-com-saldo-negativo-de-100-empregos-aponta-novo-caged\/","og_site_name":"Jornal O Movimento","article_published_time":"2026-08-31T18:51:34+00:00","og_image":[{"width":1013,"height":675,"url":"https:\/\/www.omovimento.com.br\/portal\/wp-content\/uploads\/2026\/08\/05062756_Caged_Abri.jpeg","type":"image\/jpeg"}],"author":"Reda\u00e7\u00e3o","twitter_card":"summary_large_image","twitter_misc":{"Escrito por":"Reda\u00e7\u00e3o","Est. tempo de leitura":"4 minutos"},"schema":{"@context":"https:\/\/schema.org","@graph":[{"@type":"Article","@id":"https:\/\/www.omovimento.com.br\/portal\/geral\/pirassununga-fecha-julho-com-saldo-negativo-de-100-empregos-aponta-novo-caged\/#article","isPartOf":{"@id":"https:\/\/www.omovimento.com.br\/portal\/geral\/pirassununga-fecha-julho-com-saldo-negativo-de-100-empregos-aponta-novo-caged\/"},"author":{"name":"Reda\u00e7\u00e3o","@id":"https:\/\/www.omovimento.com.br\/portal\/#\/schema\/person\/e7d3971f53952141ade7388e0033ce8d"},"headline":"Pirassununga fecha julho com saldo negativo de 100 empregos, aponta Novo Caged","datePublished":"2026-08-31T18:51:34+00:00","mainEntityOfPage":{"@id":"https:\/\/www.omovimento.com.br\/portal\/geral\/pirassununga-fecha-julho-com-saldo-negativo-de-100-empregos-aponta-novo-caged\/"},"wordCount":451,"commentCount":0,"publisher":{"@id":"https:\/\/www.omovimento.com.br\/portal\/#organization"},"image":{"@id":"https:\/\/www.omovimento.com.br\/portal\/geral\/pirassununga-fecha-julho-com-saldo-negativo-de-100-empregos-aponta-novo-caged\/#primaryimage"},"thumbnailUrl":"https:\/\/www.omovimento.com.br\/portal\/wp-content\/uploads\/2026\/08\/05062756_Caged_Abri.jpeg","articleSection":["Cidade","Geral"],"inLanguage":"pt-BR","potentialAction":[{"@type":"CommentAction","name":"Comment","target":["https:\/\/www.omovimento.com.br\/portal\/geral\/pirassununga-fecha-julho-com-saldo-negativo-de-100-empregos-aponta-novo-caged\/#respond"]}]},{"@type":"WebPage","@id":"https:\/\/www.omovimento.com.br\/portal\/geral\/pirassununga-fecha-julho-com-saldo-negativo-de-100-empregos-aponta-novo-caged\/","url":"https:\/\/www.omovimento.com.br\/portal\/geral\/pirassununga-fecha-julho-com-saldo-negativo-de-100-empregos-aponta-novo-caged\/","name":"Pirassununga fecha julho com saldo negativo de 100 empregos, aponta Novo Caged - Jornal O Movimento","isPartOf":{"@id":"https:\/\/www.omovimento.com.br\/portal\/#website"},"primaryImageOfPage":{"@id":"https:\/\/www.omovimento.com.br\/portal\/geral\/pirassununga-fecha-julho-com-saldo-negativo-de-100-empregos-aponta-novo-caged\/#primaryimage"},"image":{"@id":"https:\/\/www.omovimento.com.br\/portal\/geral\/pirassununga-fecha-julho-com-saldo-negativo-de-100-empregos-aponta-novo-caged\/#primaryimage"},"thumbnailUrl":"https:\/\/www.omovimento.com.br\/portal\/wp-content\/uploads\/2026\/08\/05062756_Caged_Abri.jpeg","datePublished":"2026-08-31T18:51:34+00:00","breadcrumb":{"@id":"https:\/\/www.omovimento.com.br\/portal\/geral\/pirassununga-fecha-julho-com-saldo-negativo-de-100-empregos-aponta-novo-caged\/#breadcrumb"},"inLanguage":"pt-BR","potentialAction":[{"@type":"ReadAction","target":["https:\/\/www.omovimento.com.br\/portal\/geral\/pirassununga-fecha-julho-com-saldo-negativo-de-100-empregos-aponta-novo-caged\/"]}]},{"@type":"ImageObject","inLanguage":"pt-BR","@id":"https:\/\/www.omovimento.com.br\/portal\/geral\/pirassununga-fecha-julho-com-saldo-negativo-de-100-empregos-aponta-novo-caged\/#primaryimage","url":"https:\/\/www.omovimento.com.br\/portal\/wp-content\/uploads\/2026\/08\/05062756_Caged_Abri.jpeg","contentUrl":"https:\/\/www.omovimento.com.br\/portal\/wp-content\/uploads\/2026\/08\/05062756_Caged_Abri.jpeg","width":1013,"height":675,"caption":"Foto: Divulga\u00e7\u00e3o\/Ag\u00eancia Brasil"},{"@type":"BreadcrumbList","@id":"https:\/\/www.omovimento.com.br\/portal\/geral\/pirassununga-fecha-julho-com-saldo-negativo-de-100-empregos-aponta-novo-caged\/#breadcrumb","itemListElement":[{"@type":"ListItem","position":1,"name":"In\u00edcio","item":"https:\/\/www.omovimento.com.br\/portal\/"},{"@type":"ListItem","position":2,"name":"Pirassununga fecha julho com saldo negativo de 100 empregos, aponta Novo Caged"}]},{"@type":"WebSite","@id":"https:\/\/www.omovimento.com.br\/portal\/#website","url":"https:\/\/www.omovimento.com.br\/portal\/","name":"Jornal O Movimento","description":"","publisher":{"@id":"https:\/\/www.omovimento.com.br\/portal\/#organization"},"potentialAction":[{"@type":"SearchAction","target":{"@type":"EntryPoint","urlTemplate":"https:\/\/www.omovimento.com.br\/portal\/?s={search_term_string}"},"query-input":{"@type":"PropertyValueSpecification","valueRequired":true,"valueName":"search_term_string"}}],"inLanguage":"pt-BR"},{"@type":"Organization","@id":"https:\/\/www.omovimento.com.br\/portal\/#organization","name":"Jornal O Movimento","url":"https:\/\/www.omovimento.com.br\/portal\/","logo":{"@type":"ImageObject","inLanguage":"pt-BR","@id":"https:\/\/www.omovimento.com.br\/portal\/#\/schema\/logo\/image\/","url":"https:\/\/www.omovimento.com.br\/portal\/wp-content\/uploads\/2026\/03\/logo_jornal_O_Movimento-1-1536x343-1-1.png","contentUrl":"https:\/\/www.omovimento.com.br\/portal\/wp-content\/uploads\/2026\/03\/logo_jornal_O_Movimento-1-1536x343-1-1.png","width":1536,"height":343,"caption":"Jornal O Movimento"},"image":{"@id":"https:\/\/www.omovimento.com.br\/portal\/#\/schema\/logo\/image\/"}},{"@type":"Person","@id":"https:\/\/www.omovimento.com.br\/portal\/#\/schema\/person\/e7d3971f53952141ade7388e0033ce8d","name":"Reda\u00e7\u00e3o","image":{"@type":"ImageObject","inLanguage":"pt-BR","@id":"https:\/\/secure.gravatar.com\/avatar\/549ab8e14173ace5e8b1c3bd80cf838bc0d00b7e1b65a361093164d85a62d45b?s=96&d=mm&r=g","url":"https:\/\/secure.gravatar.com\/avatar\/549ab8e14173ace5e8b1c3bd80cf838bc0d00b7e1b65a361093164d85a62d45b?s=96&d=mm&r=g","contentUrl":"https:\/\/secure.gravatar.com\/avatar\/549ab8e14173ace5e8b1c3bd80cf838bc0d00b7e1b65a361093164d85a62d45b?s=96&d=mm&r=g","caption":"Reda\u00e7\u00e3o"},"url":"https:\/\/www.omovimento.com.br\/portal\/author\/admin\/"}]}},"_links":{"self":[{"href":"https:\/\/www.omovimento.com.br\/portal\/wp-json\/wp\/v2\/posts\/46253","targetHints":{"allow":["GET"]}}],"collection":[{"href":"https:\/\/www.omovimento.com.br\/portal\/wp-json\/wp\/v2\/posts"}],"about":[{"href":"https:\/\/www.omovimento.com.br\/portal\/wp-json\/wp\/v2\/types\/post"}],"author":[{"embeddable":true,"href":"https:\/\/www.omovimento.com.br\/portal\/wp-json\/wp\/v2\/users\/3"}],"replies":[{"embeddable":true,"href":"https:\/\/www.omovimento.com.br\/portal\/wp-json\/wp\/v2\/comments?post=46253"}],"version-history":[{"count":1,"href":"https:\/\/www.omovimento.com.br\/portal\/wp-json\/wp\/v2\/posts\/46253\/revisions"}],"predecessor-version":[{"id":46257,"href":"https:\/\/www.omovimento.com.br\/portal\/wp-json\/wp\/v2\/posts\/46253\/revisions\/46257"}],"wp:featuredmedia":[{"embeddable":true,"href":"https:\/\/www.omovimento.com.br\/portal\/wp-json\/wp\/v2\/media\/46255"}],"wp:attachment":[{"href":"https:\/\/www.omovimento.com.br\/portal\/wp-json\/wp\/v2\/media?parent=46253"}],"wp:term":[{"taxonomy":"category","embeddable":true,"href":"https:\/\/www.omovimento.com.br\/portal\/wp-json\/wp\/v2\/categories?post=46253"},{"taxonomy":"post_tag","embeddable":true,"href":"https:\/\/www.omovimento.com.br\/portal\/wp-json\/wp\/v2\/tags?post=46253"}],"curies":[{"name":"wp","href":"https:\/\/api.w.org\/{rel}","templated":true}]}}