{"id":46249,"date":"2026-08-31T09:19:01","date_gmt":"2026-08-31T12:19:01","guid":{"rendered":"https:\/\/www.omovimento.com.br\/portal\/?p=46249"},"modified":"2026-08-31T09:19:01","modified_gmt":"2026-08-31T12:19:01","slug":"bandeira-tarifaria-de-energia-fica-amarela-em-setembro-veja-quanto-sera-cobrado","status":"publish","type":"post","link":"https:\/\/www.omovimento.com.br\/portal\/geral\/bandeira-tarifaria-de-energia-fica-amarela-em-setembro-veja-quanto-sera-cobrado\/","title":{"rendered":"Bandeira tarif\u00e1ria de energia fica amarela em setembro; veja quanto ser\u00e1 cobrado"},"content":{"rendered":"<p class=\"isSelectedEnd\"><span style=\"font-family: tahoma, arial, helvetica, sans-serif; font-size: 12pt;\"><strong>A bandeira tarif\u00e1ria de energia el\u00e9trica continuar\u00e1 amarela em setembro<\/strong>, informou a Ag\u00eancia Nacional de Energia El\u00e9trica (Aneel). Com isso, os consumidores ter\u00e3o <strong>um acr\u00e9scimo de R$ 1,88 a cada 100 kWh consumidos<\/strong>.<\/span><\/p><div id=\"omovi-2703542899\" class=\"omovi-conteudo-2 omovi-entity-placement\"><div id=\"63534-28\"><script src=\"\/\/ads.themoneytizer.com\/s\/gen.js?type=28\"><\/script><script src=\"\/\/ads.themoneytizer.com\/s\/requestform.js?siteId=63534&formatId=28\" ><\/script><\/div><\/div>\n<p class=\"isSelectedEnd\"><span style=\"font-family: tahoma, arial, helvetica, sans-serif; font-size: 12pt;\">Ser\u00e1 o <strong>quinto m\u00eas consecutivo com cobran\u00e7a adicional<\/strong> na conta de luz para os consumidores conectados ao Sistema Interligado Nacional (SIN).<\/span><\/p>\n<p class=\"isSelectedEnd\"><span style=\"font-family: tahoma, arial, helvetica, sans-serif; font-size: 12pt;\">Segundo a Aneel, a manuten\u00e7\u00e3o da bandeira amarela est\u00e1 relacionada ao <strong>per\u00edodo seco no pa\u00eds<\/strong>, que reduz a gera\u00e7\u00e3o das usinas hidrel\u00e9tricas devido aos n\u00edveis mais baixos dos reservat\u00f3rios. Com isso, aumenta a necessidade de acionamento de usinas termel\u00e9tricas, que possuem custo de gera\u00e7\u00e3o mais elevado.<\/span><\/p>\n<p><img decoding=\"async\" class=\"aligncenter\" src=\"https:\/\/www.omovimento.com.br\/portal\/wp-content\/uploads\/2026\/06\/cats-2.jpg\" \/><\/p>\n<p><img fetchpriority=\"high\" decoding=\"async\" class=\"alignnone size-full wp-image-45199\" src=\"https:\/\/www.omovimento.com.br\/portal\/wp-content\/uploads\/2026\/07\/5db41393-7844-4ceb-9085-7f61a9f10989.jpg\" alt=\"\" width=\"1536\" height=\"1024\" srcset=\"https:\/\/www.omovimento.com.br\/portal\/wp-content\/uploads\/2026\/07\/5db41393-7844-4ceb-9085-7f61a9f10989.jpg 1536w, https:\/\/www.omovimento.com.br\/portal\/wp-content\/uploads\/2026\/07\/5db41393-7844-4ceb-9085-7f61a9f10989-300x200.jpg 300w, https:\/\/www.omovimento.com.br\/portal\/wp-content\/uploads\/2026\/07\/5db41393-7844-4ceb-9085-7f61a9f10989-1024x683.jpg 1024w, https:\/\/www.omovimento.com.br\/portal\/wp-content\/uploads\/2026\/07\/5db41393-7844-4ceb-9085-7f61a9f10989-768x512.jpg 768w, https:\/\/www.omovimento.com.br\/portal\/wp-content\/uploads\/2026\/07\/5db41393-7844-4ceb-9085-7f61a9f10989-150x100.jpg 150w, https:\/\/www.omovimento.com.br\/portal\/wp-content\/uploads\/2026\/07\/5db41393-7844-4ceb-9085-7f61a9f10989-450x300.jpg 450w, https:\/\/www.omovimento.com.br\/portal\/wp-content\/uploads\/2026\/07\/5db41393-7844-4ceb-9085-7f61a9f10989-1200x800.jpg 1200w\" sizes=\"(max-width: 1536px) 100vw, 1536px\" \/><\/p>\n<p class=\"isSelectedEnd\"><span style=\"font-family: tahoma, arial, helvetica, sans-serif; font-size: 12pt;\">A ag\u00eancia recomenda <strong>uso consciente da energia el\u00e9trica<\/strong> para evitar aumento no consumo e, consequentemente, na conta.<\/span><\/p>\n<p><span style=\"font-family: tahoma, arial, helvetica, sans-serif;\"><em>u parcial, c\u00f3pia ou distribui\u00e7\u00e3o do conte\u00fado, sem autoriza\u00e7\u00e3o expressa por parte do <strong>jornal O Movimento<\/strong><\/em><\/span><\/p>\n<h2><span style=\"font-family: tahoma, arial, helvetica, sans-serif;\">Como funciona<\/span><\/h2>\n<p class=\"isSelectedEnd\"><span style=\"font-family: tahoma, arial, helvetica, sans-serif; font-size: 12pt;\">Criado pela Aneel em 2015, o sistema de bandeiras tarif\u00e1rias mostra as condi\u00e7\u00f5es de gera\u00e7\u00e3o de energia e os custos envolvidos na produ\u00e7\u00e3o.<\/span><\/p>\n<ul data-spread=\"false\">\n<li><span style=\"font-family: tahoma, arial, helvetica, sans-serif; font-size: 12pt;\">\ud83d\udfe2 <strong>Bandeira verde:<\/strong> n\u00e3o h\u00e1 cobran\u00e7a adicional.<\/span><\/li>\n<li><span style=\"font-family: tahoma, arial, helvetica, sans-serif; font-size: 12pt;\">\ud83d\udfe1 <strong>Bandeira amarela:<\/strong> acr\u00e9scimo de <strong>R$ 1,88 a cada 100 kWh<\/strong>.<\/span><\/li>\n<li><span style=\"font-family: tahoma, arial, helvetica, sans-serif; font-size: 12pt;\">\ud83d\udd34 <strong>Bandeira vermelha \u2013 Patamar 1:<\/strong> acr\u00e9scimo de <strong>R$ 4,46 a cada 100 kWh<\/strong>.<\/span><\/li>\n<li><span style=\"font-family: tahoma, arial, helvetica, sans-serif; font-size: 12pt;\">\ud83d\udd34 <strong>Bandeira vermelha \u2013 Patamar 2:<\/strong> acr\u00e9scimo de <strong>R$ 7,87 a cada 100 kWh<\/strong>.<\/span><\/li>\n<\/ul>\n<p><span style=\"font-family: tahoma, arial, helvetica, sans-serif; font-size: 12pt;\"><strong>O valor da bandeira \u00e9 aplicado conforme o consumo de cada unidade<\/strong>, al\u00e9m dos demais tributos e encargos que comp\u00f5em a conta de energia.<\/span><\/p>\n<p><img decoding=\"async\" class=\"size-full wp-image-45305 aligncenter\" src=\"https:\/\/www.omovimento.com.br\/portal\/wp-content\/uploads\/2026\/07\/a68b4ffa-84a1-4ea2-a1b6-38fe8c011533.png\" alt=\"\" width=\"1024\" height=\"1536\" srcset=\"https:\/\/www.omovimento.com.br\/portal\/wp-content\/uploads\/2026\/07\/a68b4ffa-84a1-4ea2-a1b6-38fe8c011533.png 1024w, https:\/\/www.omovimento.com.br\/portal\/wp-content\/uploads\/2026\/07\/a68b4ffa-84a1-4ea2-a1b6-38fe8c011533-200x300.png 200w, https:\/\/www.omovimento.com.br\/portal\/wp-content\/uploads\/2026\/07\/a68b4ffa-84a1-4ea2-a1b6-38fe8c011533-683x1024.png 683w, https:\/\/www.omovimento.com.br\/portal\/wp-content\/uploads\/2026\/07\/a68b4ffa-84a1-4ea2-a1b6-38fe8c011533-768x1152.png 768w, https:\/\/www.omovimento.com.br\/portal\/wp-content\/uploads\/2026\/07\/a68b4ffa-84a1-4ea2-a1b6-38fe8c011533-150x225.png 150w, https:\/\/www.omovimento.com.br\/portal\/wp-content\/uploads\/2026\/07\/a68b4ffa-84a1-4ea2-a1b6-38fe8c011533-450x675.png 450w\" sizes=\"(max-width: 1024px) 100vw, 1024px\" \/><\/p>\n<p data-start=\"822\" data-end=\"1009\"><span style=\"font-family: tahoma, arial, helvetica, sans-serif;\"><span dir=\"auto\" style=\"vertical-align: inherit;\">\u270d\ufe0f <\/span><em data-start=\"1160\" data-end=\"1198\" data-is-last-node=\"\"><span dir=\"auto\" style=\"vertical-align: inherit;\">Reportagem: <\/span><a href=\"https:\/\/www.facebook.com\/jornalistatonioliveiraon\/\"><strong><span dir=\"auto\" style=\"vertical-align: inherit;\">Jornalista Toni Oliveira<\/span><\/strong><\/a><\/em><\/span><\/p>\n<p><span style=\"font-size: 14pt; color: #808080; font-family: tahoma, arial, helvetica, sans-serif;\"><em>Jorna<strong>l O Movimento<\/strong> \u00a0H\u00e1 92 anos, a principal refer\u00eancia em jornalismo na regi\u00e3o<\/em><\/span><\/p>\n<p><span style=\"font-family: tahoma, arial, helvetica, sans-serif;\"><em>( Fica proibida a reprodu\u00e7\u00e3o total ou parcial, c\u00f3pia ou distribui\u00e7\u00e3o do conte\u00fado, sem autoriza\u00e7\u00e3o expressa por parte do <strong>jornal O Movimento<\/strong><\/em><\/span><\/p>\n","protected":false},"excerpt":{"rendered":"<p>A bandeira tarif\u00e1ria de energia el\u00e9trica continuar\u00e1 amarela em setembro, informou a Ag\u00eancia Nacional de Energia El\u00e9trica (Aneel). Com isso, os consumidores ter\u00e3o um acr\u00e9scimo de R$ 1,88 a cada 100 kWh consumidos. Ser\u00e1 o quinto m\u00eas consecutivo com cobran\u00e7a adicional na conta de luz para os consumidores conectados ao Sistema Interligado Nacional (SIN). Segundo<\/p>\n","protected":false},"author":3,"featured_media":46251,"comment_status":"open","ping_status":"open","sticky":false,"template":"","format":"standard","meta":{"footnotes":""},"categories":[5,1],"tags":[],"class_list":["post-46249","post","type-post","status-publish","format-standard","has-post-thumbnail","category-destaque","category-geral"],"yoast_head":"<!-- This site is optimized with the Yoast SEO plugin v27.3 - https:\/\/yoast.com\/product\/yoast-seo-wordpress\/ -->\n<title>Bandeira tarif\u00e1ria de energia fica amarela em setembro; veja quanto ser\u00e1 cobrado - Jornal O Movimento<\/title>\n<meta name=\"robots\" content=\"index, follow, max-snippet:-1, max-image-preview:large, max-video-preview:-1\" \/>\n<link rel=\"canonical\" href=\"https:\/\/www.omovimento.com.br\/portal\/geral\/bandeira-tarifaria-de-energia-fica-amarela-em-setembro-veja-quanto-sera-cobrado\/\" \/>\n<meta property=\"og:locale\" content=\"pt_BR\" \/>\n<meta property=\"og:type\" content=\"article\" \/>\n<meta property=\"og:title\" content=\"Bandeira tarif\u00e1ria de energia fica amarela em setembro; veja quanto ser\u00e1 cobrado - Jornal O Movimento\" \/>\n<meta property=\"og:description\" content=\"A bandeira tarif\u00e1ria de energia el\u00e9trica continuar\u00e1 amarela em setembro, informou a Ag\u00eancia Nacional de Energia El\u00e9trica (Aneel). Com isso, os consumidores ter\u00e3o um acr\u00e9scimo de R$ 1,88 a cada 100 kWh consumidos. Ser\u00e1 o quinto m\u00eas consecutivo com cobran\u00e7a adicional na conta de luz para os consumidores conectados ao Sistema Interligado Nacional (SIN). Segundo\" \/>\n<meta property=\"og:url\" content=\"https:\/\/www.omovimento.com.br\/portal\/geral\/bandeira-tarifaria-de-energia-fica-amarela-em-setembro-veja-quanto-sera-cobrado\/\" \/>\n<meta property=\"og:site_name\" content=\"Jornal O Movimento\" \/>\n<meta property=\"article:published_time\" content=\"2026-08-31T12:19:01+00:00\" \/>\n<meta property=\"og:image\" content=\"https:\/\/www.omovimento.com.br\/portal\/wp-content\/uploads\/2026\/08\/bandeira.jpg\" \/>\n\t<meta property=\"og:image:width\" content=\"1200\" \/>\n\t<meta property=\"og:image:height\" content=\"676\" \/>\n\t<meta property=\"og:image:type\" content=\"image\/jpeg\" \/>\n<meta name=\"author\" content=\"Reda\u00e7\u00e3o\" \/>\n<meta name=\"twitter:card\" content=\"summary_large_image\" \/>\n<meta name=\"twitter:label1\" content=\"Escrito por\" \/>\n\t<meta name=\"twitter:data1\" content=\"Reda\u00e7\u00e3o\" \/>\n\t<meta name=\"twitter:label2\" content=\"Est. tempo de leitura\" \/>\n\t<meta name=\"twitter:data2\" content=\"3 minutos\" \/>\n<script type=\"application\/ld+json\" class=\"yoast-schema-graph\">{\"@context\":\"https:\\\/\\\/schema.org\",\"@graph\":[{\"@type\":\"Article\",\"@id\":\"https:\\\/\\\/www.omovimento.com.br\\\/portal\\\/geral\\\/bandeira-tarifaria-de-energia-fica-amarela-em-setembro-veja-quanto-sera-cobrado\\\/#article\",\"isPartOf\":{\"@id\":\"https:\\\/\\\/www.omovimento.com.br\\\/portal\\\/geral\\\/bandeira-tarifaria-de-energia-fica-amarela-em-setembro-veja-quanto-sera-cobrado\\\/\"},\"author\":{\"name\":\"Reda\u00e7\u00e3o\",\"@id\":\"https:\\\/\\\/www.omovimento.com.br\\\/portal\\\/#\\\/schema\\\/person\\\/e7d3971f53952141ade7388e0033ce8d\"},\"headline\":\"Bandeira tarif\u00e1ria de energia fica amarela em setembro; veja quanto ser\u00e1 cobrado\",\"datePublished\":\"2026-08-31T12:19:01+00:00\",\"mainEntityOfPage\":{\"@id\":\"https:\\\/\\\/www.omovimento.com.br\\\/portal\\\/geral\\\/bandeira-tarifaria-de-energia-fica-amarela-em-setembro-veja-quanto-sera-cobrado\\\/\"},\"wordCount\":301,\"commentCount\":0,\"publisher\":{\"@id\":\"https:\\\/\\\/www.omovimento.com.br\\\/portal\\\/#organization\"},\"image\":{\"@id\":\"https:\\\/\\\/www.omovimento.com.br\\\/portal\\\/geral\\\/bandeira-tarifaria-de-energia-fica-amarela-em-setembro-veja-quanto-sera-cobrado\\\/#primaryimage\"},\"thumbnailUrl\":\"https:\\\/\\\/www.omovimento.com.br\\\/portal\\\/wp-content\\\/uploads\\\/2026\\\/08\\\/bandeira.jpg\",\"articleSection\":[\"Destaque\",\"Geral\"],\"inLanguage\":\"pt-BR\",\"potentialAction\":[{\"@type\":\"CommentAction\",\"name\":\"Comment\",\"target\":[\"https:\\\/\\\/www.omovimento.com.br\\\/portal\\\/geral\\\/bandeira-tarifaria-de-energia-fica-amarela-em-setembro-veja-quanto-sera-cobrado\\\/#respond\"]}]},{\"@type\":\"WebPage\",\"@id\":\"https:\\\/\\\/www.omovimento.com.br\\\/portal\\\/geral\\\/bandeira-tarifaria-de-energia-fica-amarela-em-setembro-veja-quanto-sera-cobrado\\\/\",\"url\":\"https:\\\/\\\/www.omovimento.com.br\\\/portal\\\/geral\\\/bandeira-tarifaria-de-energia-fica-amarela-em-setembro-veja-quanto-sera-cobrado\\\/\",\"name\":\"Bandeira tarif\u00e1ria de energia fica amarela em setembro; veja quanto ser\u00e1 cobrado - Jornal O Movimento\",\"isPartOf\":{\"@id\":\"https:\\\/\\\/www.omovimento.com.br\\\/portal\\\/#website\"},\"primaryImageOfPage\":{\"@id\":\"https:\\\/\\\/www.omovimento.com.br\\\/portal\\\/geral\\\/bandeira-tarifaria-de-energia-fica-amarela-em-setembro-veja-quanto-sera-cobrado\\\/#primaryimage\"},\"image\":{\"@id\":\"https:\\\/\\\/www.omovimento.com.br\\\/portal\\\/geral\\\/bandeira-tarifaria-de-energia-fica-amarela-em-setembro-veja-quanto-sera-cobrado\\\/#primaryimage\"},\"thumbnailUrl\":\"https:\\\/\\\/www.omovimento.com.br\\\/portal\\\/wp-content\\\/uploads\\\/2026\\\/08\\\/bandeira.jpg\",\"datePublished\":\"2026-08-31T12:19:01+00:00\",\"breadcrumb\":{\"@id\":\"https:\\\/\\\/www.omovimento.com.br\\\/portal\\\/geral\\\/bandeira-tarifaria-de-energia-fica-amarela-em-setembro-veja-quanto-sera-cobrado\\\/#breadcrumb\"},\"inLanguage\":\"pt-BR\",\"potentialAction\":[{\"@type\":\"ReadAction\",\"target\":[\"https:\\\/\\\/www.omovimento.com.br\\\/portal\\\/geral\\\/bandeira-tarifaria-de-energia-fica-amarela-em-setembro-veja-quanto-sera-cobrado\\\/\"]}]},{\"@type\":\"ImageObject\",\"inLanguage\":\"pt-BR\",\"@id\":\"https:\\\/\\\/www.omovimento.com.br\\\/portal\\\/geral\\\/bandeira-tarifaria-de-energia-fica-amarela-em-setembro-veja-quanto-sera-cobrado\\\/#primaryimage\",\"url\":\"https:\\\/\\\/www.omovimento.com.br\\\/portal\\\/wp-content\\\/uploads\\\/2026\\\/08\\\/bandeira.jpg\",\"contentUrl\":\"https:\\\/\\\/www.omovimento.com.br\\\/portal\\\/wp-content\\\/uploads\\\/2026\\\/08\\\/bandeira.jpg\",\"width\":1200,\"height\":676,\"caption\":\"Implementado pela Aneel em 2015, o sistema de bandeiras tarif\u00e1rias \u00e9 uma ferramenta que permite os consumidores acompanharem, m\u00eas a m\u00eas, as condi\u00e7\u00f5es de gera\u00e7\u00e3o de energia no pa\u00eds \u2022 Daniel Reche no Pexels\"},{\"@type\":\"BreadcrumbList\",\"@id\":\"https:\\\/\\\/www.omovimento.com.br\\\/portal\\\/geral\\\/bandeira-tarifaria-de-energia-fica-amarela-em-setembro-veja-quanto-sera-cobrado\\\/#breadcrumb\",\"itemListElement\":[{\"@type\":\"ListItem\",\"position\":1,\"name\":\"In\u00edcio\",\"item\":\"https:\\\/\\\/www.omovimento.com.br\\\/portal\\\/\"},{\"@type\":\"ListItem\",\"position\":2,\"name\":\"Bandeira tarif\u00e1ria de energia fica amarela em setembro; veja quanto ser\u00e1 cobrado\"}]},{\"@type\":\"WebSite\",\"@id\":\"https:\\\/\\\/www.omovimento.com.br\\\/portal\\\/#website\",\"url\":\"https:\\\/\\\/www.omovimento.com.br\\\/portal\\\/\",\"name\":\"Jornal O Movimento\",\"description\":\"\",\"publisher\":{\"@id\":\"https:\\\/\\\/www.omovimento.com.br\\\/portal\\\/#organization\"},\"potentialAction\":[{\"@type\":\"SearchAction\",\"target\":{\"@type\":\"EntryPoint\",\"urlTemplate\":\"https:\\\/\\\/www.omovimento.com.br\\\/portal\\\/?s={search_term_string}\"},\"query-input\":{\"@type\":\"PropertyValueSpecification\",\"valueRequired\":true,\"valueName\":\"search_term_string\"}}],\"inLanguage\":\"pt-BR\"},{\"@type\":\"Organization\",\"@id\":\"https:\\\/\\\/www.omovimento.com.br\\\/portal\\\/#organization\",\"name\":\"Jornal O Movimento\",\"url\":\"https:\\\/\\\/www.omovimento.com.br\\\/portal\\\/\",\"logo\":{\"@type\":\"ImageObject\",\"inLanguage\":\"pt-BR\",\"@id\":\"https:\\\/\\\/www.omovimento.com.br\\\/portal\\\/#\\\/schema\\\/logo\\\/image\\\/\",\"url\":\"https:\\\/\\\/www.omovimento.com.br\\\/portal\\\/wp-content\\\/uploads\\\/2026\\\/03\\\/logo_jornal_O_Movimento-1-1536x343-1-1.png\",\"contentUrl\":\"https:\\\/\\\/www.omovimento.com.br\\\/portal\\\/wp-content\\\/uploads\\\/2026\\\/03\\\/logo_jornal_O_Movimento-1-1536x343-1-1.png\",\"width\":1536,\"height\":343,\"caption\":\"Jornal O Movimento\"},\"image\":{\"@id\":\"https:\\\/\\\/www.omovimento.com.br\\\/portal\\\/#\\\/schema\\\/logo\\\/image\\\/\"}},{\"@type\":\"Person\",\"@id\":\"https:\\\/\\\/www.omovimento.com.br\\\/portal\\\/#\\\/schema\\\/person\\\/e7d3971f53952141ade7388e0033ce8d\",\"name\":\"Reda\u00e7\u00e3o\",\"image\":{\"@type\":\"ImageObject\",\"inLanguage\":\"pt-BR\",\"@id\":\"https:\\\/\\\/secure.gravatar.com\\\/avatar\\\/549ab8e14173ace5e8b1c3bd80cf838bc0d00b7e1b65a361093164d85a62d45b?s=96&d=mm&r=g\",\"url\":\"https:\\\/\\\/secure.gravatar.com\\\/avatar\\\/549ab8e14173ace5e8b1c3bd80cf838bc0d00b7e1b65a361093164d85a62d45b?s=96&d=mm&r=g\",\"contentUrl\":\"https:\\\/\\\/secure.gravatar.com\\\/avatar\\\/549ab8e14173ace5e8b1c3bd80cf838bc0d00b7e1b65a361093164d85a62d45b?s=96&d=mm&r=g\",\"caption\":\"Reda\u00e7\u00e3o\"},\"url\":\"https:\\\/\\\/www.omovimento.com.br\\\/portal\\\/author\\\/admin\\\/\"}]}<\/script>\n<!-- \/ Yoast SEO plugin. -->","yoast_head_json":{"title":"Bandeira tarif\u00e1ria de energia fica amarela em setembro; veja quanto ser\u00e1 cobrado - Jornal O Movimento","robots":{"index":"index","follow":"follow","max-snippet":"max-snippet:-1","max-image-preview":"max-image-preview:large","max-video-preview":"max-video-preview:-1"},"canonical":"https:\/\/www.omovimento.com.br\/portal\/geral\/bandeira-tarifaria-de-energia-fica-amarela-em-setembro-veja-quanto-sera-cobrado\/","og_locale":"pt_BR","og_type":"article","og_title":"Bandeira tarif\u00e1ria de energia fica amarela em setembro; veja quanto ser\u00e1 cobrado - Jornal O Movimento","og_description":"A bandeira tarif\u00e1ria de energia el\u00e9trica continuar\u00e1 amarela em setembro, informou a Ag\u00eancia Nacional de Energia El\u00e9trica (Aneel). Com isso, os consumidores ter\u00e3o um acr\u00e9scimo de R$ 1,88 a cada 100 kWh consumidos. Ser\u00e1 o quinto m\u00eas consecutivo com cobran\u00e7a adicional na conta de luz para os consumidores conectados ao Sistema Interligado Nacional (SIN). Segundo","og_url":"https:\/\/www.omovimento.com.br\/portal\/geral\/bandeira-tarifaria-de-energia-fica-amarela-em-setembro-veja-quanto-sera-cobrado\/","og_site_name":"Jornal O Movimento","article_published_time":"2026-08-31T12:19:01+00:00","og_image":[{"width":1200,"height":676,"url":"https:\/\/www.omovimento.com.br\/portal\/wp-content\/uploads\/2026\/08\/bandeira.jpg","type":"image\/jpeg"}],"author":"Reda\u00e7\u00e3o","twitter_card":"summary_large_image","twitter_misc":{"Escrito por":"Reda\u00e7\u00e3o","Est. tempo de leitura":"3 minutos"},"schema":{"@context":"https:\/\/schema.org","@graph":[{"@type":"Article","@id":"https:\/\/www.omovimento.com.br\/portal\/geral\/bandeira-tarifaria-de-energia-fica-amarela-em-setembro-veja-quanto-sera-cobrado\/#article","isPartOf":{"@id":"https:\/\/www.omovimento.com.br\/portal\/geral\/bandeira-tarifaria-de-energia-fica-amarela-em-setembro-veja-quanto-sera-cobrado\/"},"author":{"name":"Reda\u00e7\u00e3o","@id":"https:\/\/www.omovimento.com.br\/portal\/#\/schema\/person\/e7d3971f53952141ade7388e0033ce8d"},"headline":"Bandeira tarif\u00e1ria de energia fica amarela em setembro; veja quanto ser\u00e1 cobrado","datePublished":"2026-08-31T12:19:01+00:00","mainEntityOfPage":{"@id":"https:\/\/www.omovimento.com.br\/portal\/geral\/bandeira-tarifaria-de-energia-fica-amarela-em-setembro-veja-quanto-sera-cobrado\/"},"wordCount":301,"commentCount":0,"publisher":{"@id":"https:\/\/www.omovimento.com.br\/portal\/#organization"},"image":{"@id":"https:\/\/www.omovimento.com.br\/portal\/geral\/bandeira-tarifaria-de-energia-fica-amarela-em-setembro-veja-quanto-sera-cobrado\/#primaryimage"},"thumbnailUrl":"https:\/\/www.omovimento.com.br\/portal\/wp-content\/uploads\/2026\/08\/bandeira.jpg","articleSection":["Destaque","Geral"],"inLanguage":"pt-BR","potentialAction":[{"@type":"CommentAction","name":"Comment","target":["https:\/\/www.omovimento.com.br\/portal\/geral\/bandeira-tarifaria-de-energia-fica-amarela-em-setembro-veja-quanto-sera-cobrado\/#respond"]}]},{"@type":"WebPage","@id":"https:\/\/www.omovimento.com.br\/portal\/geral\/bandeira-tarifaria-de-energia-fica-amarela-em-setembro-veja-quanto-sera-cobrado\/","url":"https:\/\/www.omovimento.com.br\/portal\/geral\/bandeira-tarifaria-de-energia-fica-amarela-em-setembro-veja-quanto-sera-cobrado\/","name":"Bandeira tarif\u00e1ria de energia fica amarela em setembro; veja quanto ser\u00e1 cobrado - Jornal O Movimento","isPartOf":{"@id":"https:\/\/www.omovimento.com.br\/portal\/#website"},"primaryImageOfPage":{"@id":"https:\/\/www.omovimento.com.br\/portal\/geral\/bandeira-tarifaria-de-energia-fica-amarela-em-setembro-veja-quanto-sera-cobrado\/#primaryimage"},"image":{"@id":"https:\/\/www.omovimento.com.br\/portal\/geral\/bandeira-tarifaria-de-energia-fica-amarela-em-setembro-veja-quanto-sera-cobrado\/#primaryimage"},"thumbnailUrl":"https:\/\/www.omovimento.com.br\/portal\/wp-content\/uploads\/2026\/08\/bandeira.jpg","datePublished":"2026-08-31T12:19:01+00:00","breadcrumb":{"@id":"https:\/\/www.omovimento.com.br\/portal\/geral\/bandeira-tarifaria-de-energia-fica-amarela-em-setembro-veja-quanto-sera-cobrado\/#breadcrumb"},"inLanguage":"pt-BR","potentialAction":[{"@type":"ReadAction","target":["https:\/\/www.omovimento.com.br\/portal\/geral\/bandeira-tarifaria-de-energia-fica-amarela-em-setembro-veja-quanto-sera-cobrado\/"]}]},{"@type":"ImageObject","inLanguage":"pt-BR","@id":"https:\/\/www.omovimento.com.br\/portal\/geral\/bandeira-tarifaria-de-energia-fica-amarela-em-setembro-veja-quanto-sera-cobrado\/#primaryimage","url":"https:\/\/www.omovimento.com.br\/portal\/wp-content\/uploads\/2026\/08\/bandeira.jpg","contentUrl":"https:\/\/www.omovimento.com.br\/portal\/wp-content\/uploads\/2026\/08\/bandeira.jpg","width":1200,"height":676,"caption":"Implementado pela Aneel em 2015, o sistema de bandeiras tarif\u00e1rias \u00e9 uma ferramenta que permite os consumidores acompanharem, m\u00eas a m\u00eas, as condi\u00e7\u00f5es de gera\u00e7\u00e3o de energia no pa\u00eds \u2022 Daniel Reche no Pexels"},{"@type":"BreadcrumbList","@id":"https:\/\/www.omovimento.com.br\/portal\/geral\/bandeira-tarifaria-de-energia-fica-amarela-em-setembro-veja-quanto-sera-cobrado\/#breadcrumb","itemListElement":[{"@type":"ListItem","position":1,"name":"In\u00edcio","item":"https:\/\/www.omovimento.com.br\/portal\/"},{"@type":"ListItem","position":2,"name":"Bandeira tarif\u00e1ria de energia fica amarela em setembro; veja quanto ser\u00e1 cobrado"}]},{"@type":"WebSite","@id":"https:\/\/www.omovimento.com.br\/portal\/#website","url":"https:\/\/www.omovimento.com.br\/portal\/","name":"Jornal O Movimento","description":"","publisher":{"@id":"https:\/\/www.omovimento.com.br\/portal\/#organization"},"potentialAction":[{"@type":"SearchAction","target":{"@type":"EntryPoint","urlTemplate":"https:\/\/www.omovimento.com.br\/portal\/?s={search_term_string}"},"query-input":{"@type":"PropertyValueSpecification","valueRequired":true,"valueName":"search_term_string"}}],"inLanguage":"pt-BR"},{"@type":"Organization","@id":"https:\/\/www.omovimento.com.br\/portal\/#organization","name":"Jornal O Movimento","url":"https:\/\/www.omovimento.com.br\/portal\/","logo":{"@type":"ImageObject","inLanguage":"pt-BR","@id":"https:\/\/www.omovimento.com.br\/portal\/#\/schema\/logo\/image\/","url":"https:\/\/www.omovimento.com.br\/portal\/wp-content\/uploads\/2026\/03\/logo_jornal_O_Movimento-1-1536x343-1-1.png","contentUrl":"https:\/\/www.omovimento.com.br\/portal\/wp-content\/uploads\/2026\/03\/logo_jornal_O_Movimento-1-1536x343-1-1.png","width":1536,"height":343,"caption":"Jornal O Movimento"},"image":{"@id":"https:\/\/www.omovimento.com.br\/portal\/#\/schema\/logo\/image\/"}},{"@type":"Person","@id":"https:\/\/www.omovimento.com.br\/portal\/#\/schema\/person\/e7d3971f53952141ade7388e0033ce8d","name":"Reda\u00e7\u00e3o","image":{"@type":"ImageObject","inLanguage":"pt-BR","@id":"https:\/\/secure.gravatar.com\/avatar\/549ab8e14173ace5e8b1c3bd80cf838bc0d00b7e1b65a361093164d85a62d45b?s=96&d=mm&r=g","url":"https:\/\/secure.gravatar.com\/avatar\/549ab8e14173ace5e8b1c3bd80cf838bc0d00b7e1b65a361093164d85a62d45b?s=96&d=mm&r=g","contentUrl":"https:\/\/secure.gravatar.com\/avatar\/549ab8e14173ace5e8b1c3bd80cf838bc0d00b7e1b65a361093164d85a62d45b?s=96&d=mm&r=g","caption":"Reda\u00e7\u00e3o"},"url":"https:\/\/www.omovimento.com.br\/portal\/author\/admin\/"}]}},"_links":{"self":[{"href":"https:\/\/www.omovimento.com.br\/portal\/wp-json\/wp\/v2\/posts\/46249","targetHints":{"allow":["GET"]}}],"collection":[{"href":"https:\/\/www.omovimento.com.br\/portal\/wp-json\/wp\/v2\/posts"}],"about":[{"href":"https:\/\/www.omovimento.com.br\/portal\/wp-json\/wp\/v2\/types\/post"}],"author":[{"embeddable":true,"href":"https:\/\/www.omovimento.com.br\/portal\/wp-json\/wp\/v2\/users\/3"}],"replies":[{"embeddable":true,"href":"https:\/\/www.omovimento.com.br\/portal\/wp-json\/wp\/v2\/comments?post=46249"}],"version-history":[{"count":2,"href":"https:\/\/www.omovimento.com.br\/portal\/wp-json\/wp\/v2\/posts\/46249\/revisions"}],"predecessor-version":[{"id":46252,"href":"https:\/\/www.omovimento.com.br\/portal\/wp-json\/wp\/v2\/posts\/46249\/revisions\/46252"}],"wp:featuredmedia":[{"embeddable":true,"href":"https:\/\/www.omovimento.com.br\/portal\/wp-json\/wp\/v2\/media\/46251"}],"wp:attachment":[{"href":"https:\/\/www.omovimento.com.br\/portal\/wp-json\/wp\/v2\/media?parent=46249"}],"wp:term":[{"taxonomy":"category","embeddable":true,"href":"https:\/\/www.omovimento.com.br\/portal\/wp-json\/wp\/v2\/categories?post=46249"},{"taxonomy":"post_tag","embeddable":true,"href":"https:\/\/www.omovimento.com.br\/portal\/wp-json\/wp\/v2\/tags?post=46249"}],"curies":[{"name":"wp","href":"https:\/\/api.w.org\/{rel}","templated":true}]}}