{"id":46245,"date":"2026-08-31T07:03:55","date_gmt":"2026-08-31T10:03:55","guid":{"rendered":"https:\/\/www.omovimento.com.br\/portal\/?p=46245"},"modified":"2026-08-31T07:03:55","modified_gmt":"2026-08-31T10:03:55","slug":"semana-tera-calor-de-35c-chuva-e-frio-de-9c-em-pirassununga-e-regiao-veja-a-previsao","status":"publish","type":"post","link":"https:\/\/www.omovimento.com.br\/portal\/geral\/semana-tera-calor-de-35c-chuva-e-frio-de-9c-em-pirassununga-e-regiao-veja-a-previsao\/","title":{"rendered":"Semana ter\u00e1 calor de 35\u00b0C, chuva e frio de 9\u00b0C em Pirassununga e regi\u00e3o;  veja a previs\u00e3o"},"content":{"rendered":"<p class=\"isSelectedEnd\"><span style=\"font-family: tahoma, arial, helvetica, sans-serif; font-size: 12pt;\"><strong>Pirassununga e regi\u00e3o ter\u00e3o uma semana de mudan\u00e7as bruscas no tempo<\/strong>, com calor de at\u00e9 35\u00b0C, pancadas de chuva, trovoadas e queda significativa nas temperaturas.<\/span><\/p><div id=\"omovi-3830840002\" class=\"omovi-conteudo-2 omovi-entity-placement\"><div id=\"63534-28\"><script src=\"\/\/ads.themoneytizer.com\/s\/gen.js?type=28\"><\/script><script src=\"\/\/ads.themoneytizer.com\/s\/requestform.js?siteId=63534&formatId=28\" ><\/script><\/div><\/div>\n<p class=\"isSelectedEnd\"><span style=\"font-family: tahoma, arial, helvetica, sans-serif; font-size: 12pt;\">Nesta segunda-feira (31), o tempo permanece <strong>seco e quente<\/strong>, com sol entre muitas nuvens e temperaturas entre <strong>21\u00b0C e 35\u00b0C<\/strong>. N\u00e3o h\u00e1 previs\u00e3o de chuva.<\/span><\/p>\n<p><img decoding=\"async\" class=\"aligncenter\" src=\"https:\/\/www.omovimento.com.br\/portal\/wp-content\/uploads\/2026\/06\/cats-2.jpg\" \/><\/p>\n<p><img fetchpriority=\"high\" decoding=\"async\" class=\"size-full wp-image-45717 aligncenter\" src=\"https:\/\/www.omovimento.com.br\/portal\/wp-content\/uploads\/2026\/08\/743824717_1594420588923438_8335852153587332472_n.jpg\" alt=\"\" width=\"1254\" height=\"1254\" srcset=\"https:\/\/www.omovimento.com.br\/portal\/wp-content\/uploads\/2026\/08\/743824717_1594420588923438_8335852153587332472_n.jpg 1254w, https:\/\/www.omovimento.com.br\/portal\/wp-content\/uploads\/2026\/08\/743824717_1594420588923438_8335852153587332472_n-300x300.jpg 300w, https:\/\/www.omovimento.com.br\/portal\/wp-content\/uploads\/2026\/08\/743824717_1594420588923438_8335852153587332472_n-1024x1024.jpg 1024w, https:\/\/www.omovimento.com.br\/portal\/wp-content\/uploads\/2026\/08\/743824717_1594420588923438_8335852153587332472_n-150x150.jpg 150w, https:\/\/www.omovimento.com.br\/portal\/wp-content\/uploads\/2026\/08\/743824717_1594420588923438_8335852153587332472_n-768x768.jpg 768w, https:\/\/www.omovimento.com.br\/portal\/wp-content\/uploads\/2026\/08\/743824717_1594420588923438_8335852153587332472_n-450x450.jpg 450w, https:\/\/www.omovimento.com.br\/portal\/wp-content\/uploads\/2026\/08\/743824717_1594420588923438_8335852153587332472_n-1200x1200.jpg 1200w\" sizes=\"(max-width: 1254px) 100vw, 1254px\" \/><\/p>\n<p class=\"isSelectedEnd\"><span style=\"font-family: tahoma, arial, helvetica, sans-serif; font-size: 12pt;\">A mudan\u00e7a come\u00e7a na ter\u00e7a-feira (1\u00ba). A previs\u00e3o indica <strong>pancadas de chuva \u00e0 tarde e tempo chuvoso durante a noite<\/strong>. A temperatura cai, com m\u00ednima de <strong>17\u00b0C e m\u00e1xima de 25\u00b0C<\/strong>. S\u00e3o esperados <strong>12,3 mm de chuva<\/strong>, com 94% de chance de ocorr\u00eancia.<\/span><\/p>\n<p class=\"isSelectedEnd\"><span style=\"font-family: tahoma, arial, helvetica, sans-serif; font-size: 12pt;\">Na quarta-feira (2), o frio ganha for\u00e7a. Os term\u00f4metros devem variar entre <strong>13\u00b0C e 22\u00b0C<\/strong>. O dia ter\u00e1 per\u00edodos de sol e poucas nuvens, com possibilidade de chuva bastante baixa em volume, estimada em <strong>0,2 mm<\/strong>.<\/span><\/p>\n<p class=\"isSelectedEnd\"><span style=\"font-family: tahoma, arial, helvetica, sans-serif; font-size: 12pt;\">O dia mais frio da semana deve ser a quinta-feira (3). A previs\u00e3o aponta <strong>m\u00ednima de apenas 9\u00b0C e m\u00e1xima de 26\u00b0C<\/strong>, al\u00e9m de possibilidade de nevoeiro durante o per\u00edodo. N\u00e3o h\u00e1 previs\u00e3o de chuva.<\/span><\/p>\n<p class=\"isSelectedEnd\"><span style=\"font-family: tahoma, arial, helvetica, sans-serif; font-size: 12pt;\">Na sexta-feira (4), o tempo volta a ficar inst\u00e1vel. O dia deve ter <strong>pancadas de chuva e trovoadas \u00e0 tarde e \u00e0 noite<\/strong>, com temperaturas entre <strong>16\u00b0C e 26\u00b0C<\/strong>. A previs\u00e3o indica <strong>2,5 mm de chuva e 58% de chance<\/strong>.<\/span><\/p>\n<p class=\"isSelectedEnd\"><span style=\"font-family: tahoma, arial, helvetica, sans-serif; font-size: 12pt;\">No s\u00e1bado (5), a previs\u00e3o mant\u00e9m <strong>pancadas de chuva e trovoadas<\/strong>, com m\u00ednima de <strong>15\u00b0C e m\u00e1xima de 22\u00b0C<\/strong>. O acumulado previsto \u00e9 de <strong>6,4 mm<\/strong>.<\/span><\/p>\n<h3><span style=\"font-family: tahoma, arial, helvetica, sans-serif;\">\ud83d\udccc Confira a previs\u00e3o<\/span><\/h3>\n<ul data-spread=\"false\">\n<li><span style=\"font-family: tahoma, arial, helvetica, sans-serif; font-size: 12pt;\"><strong>Segunda (31):<\/strong> 21\u00b0C a 35\u00b0C \u2014 sem chuva.<\/span><\/li>\n<li><span style=\"font-family: tahoma, arial, helvetica, sans-serif; font-size: 12pt;\"><strong>Ter\u00e7a (1\u00ba):<\/strong> 17\u00b0C a 25\u00b0C \u2014 chuva \u00e0 tarde e \u00e0 noite.<\/span><\/li>\n<li><span style=\"font-family: tahoma, arial, helvetica, sans-serif; font-size: 12pt;\"><strong>Quarta (2):<\/strong> 13\u00b0C a 22\u00b0C \u2014 poucas nuvens e baixa quantidade de chuva.<\/span><\/li>\n<li><span style=\"font-family: tahoma, arial, helvetica, sans-serif; font-size: 12pt;\"><strong>Quinta (3):<\/strong> 9\u00b0C a 26\u00b0C \u2014 frio pela manh\u00e3 e nevoeiro.<\/span><\/li>\n<li><span style=\"font-family: tahoma, arial, helvetica, sans-serif; font-size: 12pt;\"><strong>Sexta (4):<\/strong> 16\u00b0C a 26\u00b0C \u2014 pancadas de chuva e trovoadas.<\/span><\/li>\n<li><span style=\"font-family: tahoma, arial, helvetica, sans-serif; font-size: 12pt;\"><strong>S\u00e1bado (5):<\/strong> 15\u00b0C a 22\u00b0C \u2014 pancadas de chuva e trovoadas.<\/span><\/li>\n<\/ul>\n<p><span style=\"font-family: tahoma, arial, helvetica, sans-serif; font-size: 12pt;\">A previs\u00e3o \u00e9 do <strong>Climatempo<\/strong> e pode sofrer altera\u00e7\u00f5es com as pr\u00f3ximas atualiza\u00e7\u00f5es meteorol\u00f3gicas.<\/span><\/p>\n<p><img decoding=\"async\" class=\"size-full wp-image-45305 aligncenter\" src=\"https:\/\/www.omovimento.com.br\/portal\/wp-content\/uploads\/2026\/07\/a68b4ffa-84a1-4ea2-a1b6-38fe8c011533.png\" alt=\"\" width=\"1024\" height=\"1536\" srcset=\"https:\/\/www.omovimento.com.br\/portal\/wp-content\/uploads\/2026\/07\/a68b4ffa-84a1-4ea2-a1b6-38fe8c011533.png 1024w, https:\/\/www.omovimento.com.br\/portal\/wp-content\/uploads\/2026\/07\/a68b4ffa-84a1-4ea2-a1b6-38fe8c011533-200x300.png 200w, https:\/\/www.omovimento.com.br\/portal\/wp-content\/uploads\/2026\/07\/a68b4ffa-84a1-4ea2-a1b6-38fe8c011533-683x1024.png 683w, https:\/\/www.omovimento.com.br\/portal\/wp-content\/uploads\/2026\/07\/a68b4ffa-84a1-4ea2-a1b6-38fe8c011533-768x1152.png 768w, https:\/\/www.omovimento.com.br\/portal\/wp-content\/uploads\/2026\/07\/a68b4ffa-84a1-4ea2-a1b6-38fe8c011533-150x225.png 150w, https:\/\/www.omovimento.com.br\/portal\/wp-content\/uploads\/2026\/07\/a68b4ffa-84a1-4ea2-a1b6-38fe8c011533-450x675.png 450w\" sizes=\"(max-width: 1024px) 100vw, 1024px\" \/><\/p>\n<p data-start=\"822\" data-end=\"1009\"><span style=\"font-family: tahoma, arial, helvetica, sans-serif;\"><span dir=\"auto\" style=\"vertical-align: inherit;\">\u270d\ufe0f <\/span><em data-start=\"1160\" data-end=\"1198\" data-is-last-node=\"\"><span dir=\"auto\" style=\"vertical-align: inherit;\">Reportagem: <\/span><a href=\"https:\/\/www.facebook.com\/jornalistatonioliveiraon\/\"><strong><span dir=\"auto\" style=\"vertical-align: inherit;\">Jornalista Toni Oliveira<\/span><\/strong><\/a><\/em><\/span><\/p>\n<p><span style=\"font-size: 14pt; color: #808080; font-family: tahoma, arial, helvetica, sans-serif;\"><em>Jorna<strong>l O Movimento<\/strong> \u00a0H\u00e1 92 anos, a principal refer\u00eancia em jornalismo na regi\u00e3o<\/em><\/span><\/p>\n<p><span style=\"font-family: tahoma, arial, helvetica, sans-serif;\"><em>( Fica proibida a reprodu\u00e7\u00e3o total ou parcial, c\u00f3pia ou distribui\u00e7\u00e3o do conte\u00fado, sem autoriza\u00e7\u00e3o expressa por parte do <strong>jornal O Movimento<\/strong><\/em><\/span><\/p>\n","protected":false},"excerpt":{"rendered":"<p>Pirassununga e regi\u00e3o ter\u00e3o uma semana de mudan\u00e7as bruscas no tempo, com calor de at\u00e9 35\u00b0C, pancadas de chuva, trovoadas e queda significativa nas temperaturas. Nesta segunda-feira (31), o tempo permanece seco e quente, com sol entre muitas nuvens e temperaturas entre 21\u00b0C e 35\u00b0C. N\u00e3o h\u00e1 previs\u00e3o de chuva. A mudan\u00e7a come\u00e7a na ter\u00e7a-feira<\/p>\n","protected":false},"author":3,"featured_media":46247,"comment_status":"open","ping_status":"open","sticky":false,"template":"","format":"standard","meta":{"footnotes":""},"categories":[3,5,1],"tags":[],"class_list":["post-46245","post","type-post","status-publish","format-standard","has-post-thumbnail","category-cidade","category-destaque","category-geral"],"yoast_head":"<!-- This site is optimized with the Yoast SEO plugin v27.3 - https:\/\/yoast.com\/product\/yoast-seo-wordpress\/ -->\n<title>Semana ter\u00e1 calor de 35\u00b0C, chuva e frio de 9\u00b0C em Pirassununga e regi\u00e3o; veja a previs\u00e3o - Jornal O Movimento<\/title>\n<meta name=\"robots\" content=\"index, follow, max-snippet:-1, max-image-preview:large, max-video-preview:-1\" \/>\n<link rel=\"canonical\" href=\"https:\/\/www.omovimento.com.br\/portal\/geral\/semana-tera-calor-de-35c-chuva-e-frio-de-9c-em-pirassununga-e-regiao-veja-a-previsao\/\" \/>\n<meta property=\"og:locale\" content=\"pt_BR\" \/>\n<meta property=\"og:type\" content=\"article\" \/>\n<meta property=\"og:title\" content=\"Semana ter\u00e1 calor de 35\u00b0C, chuva e frio de 9\u00b0C em Pirassununga e regi\u00e3o; veja a previs\u00e3o - Jornal O Movimento\" \/>\n<meta property=\"og:description\" content=\"Pirassununga e regi\u00e3o ter\u00e3o uma semana de mudan\u00e7as bruscas no tempo, com calor de at\u00e9 35\u00b0C, pancadas de chuva, trovoadas e queda significativa nas temperaturas. Nesta segunda-feira (31), o tempo permanece seco e quente, com sol entre muitas nuvens e temperaturas entre 21\u00b0C e 35\u00b0C. N\u00e3o h\u00e1 previs\u00e3o de chuva. A mudan\u00e7a come\u00e7a na ter\u00e7a-feira\" \/>\n<meta property=\"og:url\" content=\"https:\/\/www.omovimento.com.br\/portal\/geral\/semana-tera-calor-de-35c-chuva-e-frio-de-9c-em-pirassununga-e-regiao-veja-a-previsao\/\" \/>\n<meta property=\"og:site_name\" content=\"Jornal O Movimento\" \/>\n<meta property=\"article:published_time\" content=\"2026-08-31T10:03:55+00:00\" \/>\n<meta property=\"og:image\" content=\"https:\/\/www.omovimento.com.br\/portal\/wp-content\/uploads\/2026\/08\/071b249f-0573-425b-9bea-7f358239f37b-1024x576.png\" \/>\n\t<meta property=\"og:image:width\" content=\"1024\" \/>\n\t<meta property=\"og:image:height\" content=\"576\" \/>\n\t<meta property=\"og:image:type\" content=\"image\/png\" \/>\n<meta name=\"author\" content=\"Reda\u00e7\u00e3o\" \/>\n<meta name=\"twitter:card\" content=\"summary_large_image\" \/>\n<meta name=\"twitter:label1\" content=\"Escrito por\" \/>\n\t<meta name=\"twitter:data1\" content=\"Reda\u00e7\u00e3o\" \/>\n\t<meta name=\"twitter:label2\" content=\"Est. tempo de leitura\" \/>\n\t<meta name=\"twitter:data2\" content=\"3 minutos\" \/>\n<script type=\"application\/ld+json\" class=\"yoast-schema-graph\">{\"@context\":\"https:\\\/\\\/schema.org\",\"@graph\":[{\"@type\":\"Article\",\"@id\":\"https:\\\/\\\/www.omovimento.com.br\\\/portal\\\/geral\\\/semana-tera-calor-de-35c-chuva-e-frio-de-9c-em-pirassununga-e-regiao-veja-a-previsao\\\/#article\",\"isPartOf\":{\"@id\":\"https:\\\/\\\/www.omovimento.com.br\\\/portal\\\/geral\\\/semana-tera-calor-de-35c-chuva-e-frio-de-9c-em-pirassununga-e-regiao-veja-a-previsao\\\/\"},\"author\":{\"name\":\"Reda\u00e7\u00e3o\",\"@id\":\"https:\\\/\\\/www.omovimento.com.br\\\/portal\\\/#\\\/schema\\\/person\\\/e7d3971f53952141ade7388e0033ce8d\"},\"headline\":\"Semana ter\u00e1 calor de 35\u00b0C, chuva e frio de 9\u00b0C em Pirassununga e regi\u00e3o; veja a previs\u00e3o\",\"datePublished\":\"2026-08-31T10:03:55+00:00\",\"mainEntityOfPage\":{\"@id\":\"https:\\\/\\\/www.omovimento.com.br\\\/portal\\\/geral\\\/semana-tera-calor-de-35c-chuva-e-frio-de-9c-em-pirassununga-e-regiao-veja-a-previsao\\\/\"},\"wordCount\":383,\"commentCount\":0,\"publisher\":{\"@id\":\"https:\\\/\\\/www.omovimento.com.br\\\/portal\\\/#organization\"},\"image\":{\"@id\":\"https:\\\/\\\/www.omovimento.com.br\\\/portal\\\/geral\\\/semana-tera-calor-de-35c-chuva-e-frio-de-9c-em-pirassununga-e-regiao-veja-a-previsao\\\/#primaryimage\"},\"thumbnailUrl\":\"https:\\\/\\\/www.omovimento.com.br\\\/portal\\\/wp-content\\\/uploads\\\/2026\\\/08\\\/071b249f-0573-425b-9bea-7f358239f37b.png\",\"articleSection\":[\"Cidade\",\"Destaque\",\"Geral\"],\"inLanguage\":\"pt-BR\",\"potentialAction\":[{\"@type\":\"CommentAction\",\"name\":\"Comment\",\"target\":[\"https:\\\/\\\/www.omovimento.com.br\\\/portal\\\/geral\\\/semana-tera-calor-de-35c-chuva-e-frio-de-9c-em-pirassununga-e-regiao-veja-a-previsao\\\/#respond\"]}]},{\"@type\":\"WebPage\",\"@id\":\"https:\\\/\\\/www.omovimento.com.br\\\/portal\\\/geral\\\/semana-tera-calor-de-35c-chuva-e-frio-de-9c-em-pirassununga-e-regiao-veja-a-previsao\\\/\",\"url\":\"https:\\\/\\\/www.omovimento.com.br\\\/portal\\\/geral\\\/semana-tera-calor-de-35c-chuva-e-frio-de-9c-em-pirassununga-e-regiao-veja-a-previsao\\\/\",\"name\":\"Semana ter\u00e1 calor de 35\u00b0C, chuva e frio de 9\u00b0C em Pirassununga e regi\u00e3o; veja a previs\u00e3o - Jornal O Movimento\",\"isPartOf\":{\"@id\":\"https:\\\/\\\/www.omovimento.com.br\\\/portal\\\/#website\"},\"primaryImageOfPage\":{\"@id\":\"https:\\\/\\\/www.omovimento.com.br\\\/portal\\\/geral\\\/semana-tera-calor-de-35c-chuva-e-frio-de-9c-em-pirassununga-e-regiao-veja-a-previsao\\\/#primaryimage\"},\"image\":{\"@id\":\"https:\\\/\\\/www.omovimento.com.br\\\/portal\\\/geral\\\/semana-tera-calor-de-35c-chuva-e-frio-de-9c-em-pirassununga-e-regiao-veja-a-previsao\\\/#primaryimage\"},\"thumbnailUrl\":\"https:\\\/\\\/www.omovimento.com.br\\\/portal\\\/wp-content\\\/uploads\\\/2026\\\/08\\\/071b249f-0573-425b-9bea-7f358239f37b.png\",\"datePublished\":\"2026-08-31T10:03:55+00:00\",\"breadcrumb\":{\"@id\":\"https:\\\/\\\/www.omovimento.com.br\\\/portal\\\/geral\\\/semana-tera-calor-de-35c-chuva-e-frio-de-9c-em-pirassununga-e-regiao-veja-a-previsao\\\/#breadcrumb\"},\"inLanguage\":\"pt-BR\",\"potentialAction\":[{\"@type\":\"ReadAction\",\"target\":[\"https:\\\/\\\/www.omovimento.com.br\\\/portal\\\/geral\\\/semana-tera-calor-de-35c-chuva-e-frio-de-9c-em-pirassununga-e-regiao-veja-a-previsao\\\/\"]}]},{\"@type\":\"ImageObject\",\"inLanguage\":\"pt-BR\",\"@id\":\"https:\\\/\\\/www.omovimento.com.br\\\/portal\\\/geral\\\/semana-tera-calor-de-35c-chuva-e-frio-de-9c-em-pirassununga-e-regiao-veja-a-previsao\\\/#primaryimage\",\"url\":\"https:\\\/\\\/www.omovimento.com.br\\\/portal\\\/wp-content\\\/uploads\\\/2026\\\/08\\\/071b249f-0573-425b-9bea-7f358239f37b.png\",\"contentUrl\":\"https:\\\/\\\/www.omovimento.com.br\\\/portal\\\/wp-content\\\/uploads\\\/2026\\\/08\\\/071b249f-0573-425b-9bea-7f358239f37b.png\",\"width\":1920,\"height\":1080,\"caption\":\"Calor, chuva e frio marcam a previs\u00e3o do tempo para Pirassununga e regi\u00e3o. Foto: Montagem\\\/Canva.\"},{\"@type\":\"BreadcrumbList\",\"@id\":\"https:\\\/\\\/www.omovimento.com.br\\\/portal\\\/geral\\\/semana-tera-calor-de-35c-chuva-e-frio-de-9c-em-pirassununga-e-regiao-veja-a-previsao\\\/#breadcrumb\",\"itemListElement\":[{\"@type\":\"ListItem\",\"position\":1,\"name\":\"In\u00edcio\",\"item\":\"https:\\\/\\\/www.omovimento.com.br\\\/portal\\\/\"},{\"@type\":\"ListItem\",\"position\":2,\"name\":\"Semana ter\u00e1 calor de 35\u00b0C, chuva e frio de 9\u00b0C em Pirassununga e regi\u00e3o; veja a previs\u00e3o\"}]},{\"@type\":\"WebSite\",\"@id\":\"https:\\\/\\\/www.omovimento.com.br\\\/portal\\\/#website\",\"url\":\"https:\\\/\\\/www.omovimento.com.br\\\/portal\\\/\",\"name\":\"Jornal O Movimento\",\"description\":\"\",\"publisher\":{\"@id\":\"https:\\\/\\\/www.omovimento.com.br\\\/portal\\\/#organization\"},\"potentialAction\":[{\"@type\":\"SearchAction\",\"target\":{\"@type\":\"EntryPoint\",\"urlTemplate\":\"https:\\\/\\\/www.omovimento.com.br\\\/portal\\\/?s={search_term_string}\"},\"query-input\":{\"@type\":\"PropertyValueSpecification\",\"valueRequired\":true,\"valueName\":\"search_term_string\"}}],\"inLanguage\":\"pt-BR\"},{\"@type\":\"Organization\",\"@id\":\"https:\\\/\\\/www.omovimento.com.br\\\/portal\\\/#organization\",\"name\":\"Jornal O Movimento\",\"url\":\"https:\\\/\\\/www.omovimento.com.br\\\/portal\\\/\",\"logo\":{\"@type\":\"ImageObject\",\"inLanguage\":\"pt-BR\",\"@id\":\"https:\\\/\\\/www.omovimento.com.br\\\/portal\\\/#\\\/schema\\\/logo\\\/image\\\/\",\"url\":\"https:\\\/\\\/www.omovimento.com.br\\\/portal\\\/wp-content\\\/uploads\\\/2026\\\/03\\\/logo_jornal_O_Movimento-1-1536x343-1-1.png\",\"contentUrl\":\"https:\\\/\\\/www.omovimento.com.br\\\/portal\\\/wp-content\\\/uploads\\\/2026\\\/03\\\/logo_jornal_O_Movimento-1-1536x343-1-1.png\",\"width\":1536,\"height\":343,\"caption\":\"Jornal O Movimento\"},\"image\":{\"@id\":\"https:\\\/\\\/www.omovimento.com.br\\\/portal\\\/#\\\/schema\\\/logo\\\/image\\\/\"}},{\"@type\":\"Person\",\"@id\":\"https:\\\/\\\/www.omovimento.com.br\\\/portal\\\/#\\\/schema\\\/person\\\/e7d3971f53952141ade7388e0033ce8d\",\"name\":\"Reda\u00e7\u00e3o\",\"image\":{\"@type\":\"ImageObject\",\"inLanguage\":\"pt-BR\",\"@id\":\"https:\\\/\\\/secure.gravatar.com\\\/avatar\\\/549ab8e14173ace5e8b1c3bd80cf838bc0d00b7e1b65a361093164d85a62d45b?s=96&d=mm&r=g\",\"url\":\"https:\\\/\\\/secure.gravatar.com\\\/avatar\\\/549ab8e14173ace5e8b1c3bd80cf838bc0d00b7e1b65a361093164d85a62d45b?s=96&d=mm&r=g\",\"contentUrl\":\"https:\\\/\\\/secure.gravatar.com\\\/avatar\\\/549ab8e14173ace5e8b1c3bd80cf838bc0d00b7e1b65a361093164d85a62d45b?s=96&d=mm&r=g\",\"caption\":\"Reda\u00e7\u00e3o\"},\"url\":\"https:\\\/\\\/www.omovimento.com.br\\\/portal\\\/author\\\/admin\\\/\"}]}<\/script>\n<!-- \/ Yoast SEO plugin. -->","yoast_head_json":{"title":"Semana ter\u00e1 calor de 35\u00b0C, chuva e frio de 9\u00b0C em Pirassununga e regi\u00e3o; veja a previs\u00e3o - Jornal O Movimento","robots":{"index":"index","follow":"follow","max-snippet":"max-snippet:-1","max-image-preview":"max-image-preview:large","max-video-preview":"max-video-preview:-1"},"canonical":"https:\/\/www.omovimento.com.br\/portal\/geral\/semana-tera-calor-de-35c-chuva-e-frio-de-9c-em-pirassununga-e-regiao-veja-a-previsao\/","og_locale":"pt_BR","og_type":"article","og_title":"Semana ter\u00e1 calor de 35\u00b0C, chuva e frio de 9\u00b0C em Pirassununga e regi\u00e3o; veja a previs\u00e3o - Jornal O Movimento","og_description":"Pirassununga e regi\u00e3o ter\u00e3o uma semana de mudan\u00e7as bruscas no tempo, com calor de at\u00e9 35\u00b0C, pancadas de chuva, trovoadas e queda significativa nas temperaturas. Nesta segunda-feira (31), o tempo permanece seco e quente, com sol entre muitas nuvens e temperaturas entre 21\u00b0C e 35\u00b0C. N\u00e3o h\u00e1 previs\u00e3o de chuva. A mudan\u00e7a come\u00e7a na ter\u00e7a-feira","og_url":"https:\/\/www.omovimento.com.br\/portal\/geral\/semana-tera-calor-de-35c-chuva-e-frio-de-9c-em-pirassununga-e-regiao-veja-a-previsao\/","og_site_name":"Jornal O Movimento","article_published_time":"2026-08-31T10:03:55+00:00","og_image":[{"width":1024,"height":576,"url":"https:\/\/www.omovimento.com.br\/portal\/wp-content\/uploads\/2026\/08\/071b249f-0573-425b-9bea-7f358239f37b-1024x576.png","type":"image\/png"}],"author":"Reda\u00e7\u00e3o","twitter_card":"summary_large_image","twitter_misc":{"Escrito por":"Reda\u00e7\u00e3o","Est. tempo de leitura":"3 minutos"},"schema":{"@context":"https:\/\/schema.org","@graph":[{"@type":"Article","@id":"https:\/\/www.omovimento.com.br\/portal\/geral\/semana-tera-calor-de-35c-chuva-e-frio-de-9c-em-pirassununga-e-regiao-veja-a-previsao\/#article","isPartOf":{"@id":"https:\/\/www.omovimento.com.br\/portal\/geral\/semana-tera-calor-de-35c-chuva-e-frio-de-9c-em-pirassununga-e-regiao-veja-a-previsao\/"},"author":{"name":"Reda\u00e7\u00e3o","@id":"https:\/\/www.omovimento.com.br\/portal\/#\/schema\/person\/e7d3971f53952141ade7388e0033ce8d"},"headline":"Semana ter\u00e1 calor de 35\u00b0C, chuva e frio de 9\u00b0C em Pirassununga e regi\u00e3o; veja a previs\u00e3o","datePublished":"2026-08-31T10:03:55+00:00","mainEntityOfPage":{"@id":"https:\/\/www.omovimento.com.br\/portal\/geral\/semana-tera-calor-de-35c-chuva-e-frio-de-9c-em-pirassununga-e-regiao-veja-a-previsao\/"},"wordCount":383,"commentCount":0,"publisher":{"@id":"https:\/\/www.omovimento.com.br\/portal\/#organization"},"image":{"@id":"https:\/\/www.omovimento.com.br\/portal\/geral\/semana-tera-calor-de-35c-chuva-e-frio-de-9c-em-pirassununga-e-regiao-veja-a-previsao\/#primaryimage"},"thumbnailUrl":"https:\/\/www.omovimento.com.br\/portal\/wp-content\/uploads\/2026\/08\/071b249f-0573-425b-9bea-7f358239f37b.png","articleSection":["Cidade","Destaque","Geral"],"inLanguage":"pt-BR","potentialAction":[{"@type":"CommentAction","name":"Comment","target":["https:\/\/www.omovimento.com.br\/portal\/geral\/semana-tera-calor-de-35c-chuva-e-frio-de-9c-em-pirassununga-e-regiao-veja-a-previsao\/#respond"]}]},{"@type":"WebPage","@id":"https:\/\/www.omovimento.com.br\/portal\/geral\/semana-tera-calor-de-35c-chuva-e-frio-de-9c-em-pirassununga-e-regiao-veja-a-previsao\/","url":"https:\/\/www.omovimento.com.br\/portal\/geral\/semana-tera-calor-de-35c-chuva-e-frio-de-9c-em-pirassununga-e-regiao-veja-a-previsao\/","name":"Semana ter\u00e1 calor de 35\u00b0C, chuva e frio de 9\u00b0C em Pirassununga e regi\u00e3o; veja a previs\u00e3o - Jornal O Movimento","isPartOf":{"@id":"https:\/\/www.omovimento.com.br\/portal\/#website"},"primaryImageOfPage":{"@id":"https:\/\/www.omovimento.com.br\/portal\/geral\/semana-tera-calor-de-35c-chuva-e-frio-de-9c-em-pirassununga-e-regiao-veja-a-previsao\/#primaryimage"},"image":{"@id":"https:\/\/www.omovimento.com.br\/portal\/geral\/semana-tera-calor-de-35c-chuva-e-frio-de-9c-em-pirassununga-e-regiao-veja-a-previsao\/#primaryimage"},"thumbnailUrl":"https:\/\/www.omovimento.com.br\/portal\/wp-content\/uploads\/2026\/08\/071b249f-0573-425b-9bea-7f358239f37b.png","datePublished":"2026-08-31T10:03:55+00:00","breadcrumb":{"@id":"https:\/\/www.omovimento.com.br\/portal\/geral\/semana-tera-calor-de-35c-chuva-e-frio-de-9c-em-pirassununga-e-regiao-veja-a-previsao\/#breadcrumb"},"inLanguage":"pt-BR","potentialAction":[{"@type":"ReadAction","target":["https:\/\/www.omovimento.com.br\/portal\/geral\/semana-tera-calor-de-35c-chuva-e-frio-de-9c-em-pirassununga-e-regiao-veja-a-previsao\/"]}]},{"@type":"ImageObject","inLanguage":"pt-BR","@id":"https:\/\/www.omovimento.com.br\/portal\/geral\/semana-tera-calor-de-35c-chuva-e-frio-de-9c-em-pirassununga-e-regiao-veja-a-previsao\/#primaryimage","url":"https:\/\/www.omovimento.com.br\/portal\/wp-content\/uploads\/2026\/08\/071b249f-0573-425b-9bea-7f358239f37b.png","contentUrl":"https:\/\/www.omovimento.com.br\/portal\/wp-content\/uploads\/2026\/08\/071b249f-0573-425b-9bea-7f358239f37b.png","width":1920,"height":1080,"caption":"Calor, chuva e frio marcam a previs\u00e3o do tempo para Pirassununga e regi\u00e3o. Foto: Montagem\/Canva."},{"@type":"BreadcrumbList","@id":"https:\/\/www.omovimento.com.br\/portal\/geral\/semana-tera-calor-de-35c-chuva-e-frio-de-9c-em-pirassununga-e-regiao-veja-a-previsao\/#breadcrumb","itemListElement":[{"@type":"ListItem","position":1,"name":"In\u00edcio","item":"https:\/\/www.omovimento.com.br\/portal\/"},{"@type":"ListItem","position":2,"name":"Semana ter\u00e1 calor de 35\u00b0C, chuva e frio de 9\u00b0C em Pirassununga e regi\u00e3o; veja a previs\u00e3o"}]},{"@type":"WebSite","@id":"https:\/\/www.omovimento.com.br\/portal\/#website","url":"https:\/\/www.omovimento.com.br\/portal\/","name":"Jornal O Movimento","description":"","publisher":{"@id":"https:\/\/www.omovimento.com.br\/portal\/#organization"},"potentialAction":[{"@type":"SearchAction","target":{"@type":"EntryPoint","urlTemplate":"https:\/\/www.omovimento.com.br\/portal\/?s={search_term_string}"},"query-input":{"@type":"PropertyValueSpecification","valueRequired":true,"valueName":"search_term_string"}}],"inLanguage":"pt-BR"},{"@type":"Organization","@id":"https:\/\/www.omovimento.com.br\/portal\/#organization","name":"Jornal O Movimento","url":"https:\/\/www.omovimento.com.br\/portal\/","logo":{"@type":"ImageObject","inLanguage":"pt-BR","@id":"https:\/\/www.omovimento.com.br\/portal\/#\/schema\/logo\/image\/","url":"https:\/\/www.omovimento.com.br\/portal\/wp-content\/uploads\/2026\/03\/logo_jornal_O_Movimento-1-1536x343-1-1.png","contentUrl":"https:\/\/www.omovimento.com.br\/portal\/wp-content\/uploads\/2026\/03\/logo_jornal_O_Movimento-1-1536x343-1-1.png","width":1536,"height":343,"caption":"Jornal O Movimento"},"image":{"@id":"https:\/\/www.omovimento.com.br\/portal\/#\/schema\/logo\/image\/"}},{"@type":"Person","@id":"https:\/\/www.omovimento.com.br\/portal\/#\/schema\/person\/e7d3971f53952141ade7388e0033ce8d","name":"Reda\u00e7\u00e3o","image":{"@type":"ImageObject","inLanguage":"pt-BR","@id":"https:\/\/secure.gravatar.com\/avatar\/549ab8e14173ace5e8b1c3bd80cf838bc0d00b7e1b65a361093164d85a62d45b?s=96&d=mm&r=g","url":"https:\/\/secure.gravatar.com\/avatar\/549ab8e14173ace5e8b1c3bd80cf838bc0d00b7e1b65a361093164d85a62d45b?s=96&d=mm&r=g","contentUrl":"https:\/\/secure.gravatar.com\/avatar\/549ab8e14173ace5e8b1c3bd80cf838bc0d00b7e1b65a361093164d85a62d45b?s=96&d=mm&r=g","caption":"Reda\u00e7\u00e3o"},"url":"https:\/\/www.omovimento.com.br\/portal\/author\/admin\/"}]}},"_links":{"self":[{"href":"https:\/\/www.omovimento.com.br\/portal\/wp-json\/wp\/v2\/posts\/46245","targetHints":{"allow":["GET"]}}],"collection":[{"href":"https:\/\/www.omovimento.com.br\/portal\/wp-json\/wp\/v2\/posts"}],"about":[{"href":"https:\/\/www.omovimento.com.br\/portal\/wp-json\/wp\/v2\/types\/post"}],"author":[{"embeddable":true,"href":"https:\/\/www.omovimento.com.br\/portal\/wp-json\/wp\/v2\/users\/3"}],"replies":[{"embeddable":true,"href":"https:\/\/www.omovimento.com.br\/portal\/wp-json\/wp\/v2\/comments?post=46245"}],"version-history":[{"count":2,"href":"https:\/\/www.omovimento.com.br\/portal\/wp-json\/wp\/v2\/posts\/46245\/revisions"}],"predecessor-version":[{"id":46248,"href":"https:\/\/www.omovimento.com.br\/portal\/wp-json\/wp\/v2\/posts\/46245\/revisions\/46248"}],"wp:featuredmedia":[{"embeddable":true,"href":"https:\/\/www.omovimento.com.br\/portal\/wp-json\/wp\/v2\/media\/46247"}],"wp:attachment":[{"href":"https:\/\/www.omovimento.com.br\/portal\/wp-json\/wp\/v2\/media?parent=46245"}],"wp:term":[{"taxonomy":"category","embeddable":true,"href":"https:\/\/www.omovimento.com.br\/portal\/wp-json\/wp\/v2\/categories?post=46245"},{"taxonomy":"post_tag","embeddable":true,"href":"https:\/\/www.omovimento.com.br\/portal\/wp-json\/wp\/v2\/tags?post=46245"}],"curies":[{"name":"wp","href":"https:\/\/api.w.org\/{rel}","templated":true}]}}