{"id":44032,"date":"2026-05-03T09:31:07","date_gmt":"2026-05-03T12:31:07","guid":{"rendered":"https:\/\/www.omovimento.com.br\/portal\/?p=44032"},"modified":"2026-05-03T09:31:07","modified_gmt":"2026-05-03T12:31:07","slug":"crack-de-rico-droga-devastadora-acende-alerta-apos-apreensao-em-rave-em-pirassununga","status":"publish","type":"post","link":"https:\/\/www.omovimento.com.br\/portal\/geral\/crack-de-rico-droga-devastadora-acende-alerta-apos-apreensao-em-rave-em-pirassununga\/","title":{"rendered":"\u201cCrack de rico\u201d: droga devastadora acende alerta ap\u00f3s apreens\u00e3o em rave em Pirassununga"},"content":{"rendered":"<p data-start=\"88\" data-end=\"330\"><span style=\"font-size: 12pt; font-family: tahoma, arial, helvetica, sans-serif;\">A apreens\u00e3o de drogas sint\u00e9ticas durante uma rave em <strong data-start=\"141\" data-end=\"182\"><span class=\"hover:entity-accent entity-underline inline cursor-pointer align-baseline\"><span class=\"whitespace-normal\">Pirassununga<\/span><\/span><\/strong> reacende o alerta para o avan\u00e7o da <strong data-start=\"218\" data-end=\"235\">metanfetamina<\/strong>, conhecida popularmente como <strong data-start=\"265\" data-end=\"284\">\u201ccrack de rico\u201d<\/strong> pelo alto custo e forte poder de depend\u00eancia.<\/span><\/p><div id=\"omovi-3207803988\" class=\"omovi-conteudo-2 omovi-entity-placement\"><div id=\"63534-28\"><script src=\"\/\/ads.themoneytizer.com\/s\/gen.js?type=28\"><\/script><script src=\"\/\/ads.themoneytizer.com\/s\/requestform.js?siteId=63534&formatId=28\" ><\/script><\/div><\/div>\n<p data-start=\"332\" data-end=\"669\"><span style=\"font-size: 12pt; font-family: tahoma, arial, helvetica, sans-serif;\">Produzida a partir da efedrina e desenvolvida originalmente no Jap\u00e3o, a metanfetamina \u00e9 um <strong data-start=\"423\" data-end=\"451\">psicoestimulante potente<\/strong> que atua diretamente no sistema nervoso central. Em sua forma mais comum, aparece como cristais \u2014 o chamado <strong data-start=\"560\" data-end=\"612\">\u201cice\u201d (cloridrato de metanfetamina cristalizado)<\/strong> \u2014 podendo ser fumado, inalado, ingerido ou at\u00e9 injetado.<\/span><\/p>\n<p data-start=\"332\" data-end=\"669\"><span style=\"font-family: tahoma, arial, helvetica, sans-serif;\">\ud83d\udcf1 <em>Siga o O Movimento no <a href=\"https:\/\/www.instagram.com\/jornalomovimento\/\">Instagram<\/a><\/em><\/span><\/p>\n<p data-start=\"671\" data-end=\"982\"><span style=\"font-size: 12pt; font-family: tahoma, arial, helvetica, sans-serif;\">Os efeitos s\u00e3o intensos: <strong data-start=\"696\" data-end=\"794\">euforia extrema, aumento da energia, acelera\u00e7\u00e3o dos batimentos card\u00edacos e da press\u00e3o arterial<\/strong>, al\u00e9m de <strong data-start=\"804\" data-end=\"839\">alucina\u00e7\u00f5es e perda de inibi\u00e7\u00e3o<\/strong>. Por outro lado, o uso frequente pode provocar <strong data-start=\"887\" data-end=\"941\">psicose, paranoia, idea\u00e7\u00f5es suicidas e at\u00e9 infarto<\/strong>, al\u00e9m de danos irrevers\u00edveis ao c\u00e9rebro.<\/span><\/p>\n<p data-start=\"984\" data-end=\"1180\"><span style=\"font-size: 12pt; font-family: tahoma, arial, helvetica, sans-serif;\">A droga tamb\u00e9m tem sido associada ao chamado <strong data-start=\"1029\" data-end=\"1042\">\u201cchemsex\u201d<\/strong>, pr\u00e1tica em que subst\u00e2ncias s\u00e3o usadas para prolongar e intensificar rela\u00e7\u00f5es sexuais \u2014 o que amplia os riscos f\u00edsicos e comportamentais.<\/span><\/p>\n<p data-start=\"1182\" data-end=\"1511\"><span style=\"font-size: 12pt; font-family: tahoma, arial, helvetica, sans-serif;\">Com pre\u00e7o elevado \u2014 entre <strong data-start=\"1208\" data-end=\"1235\">R$ 150 e R$ 300 o grama<\/strong> \u2014, a metanfetamina ganhou o apelido de <strong data-start=\"1275\" data-end=\"1296\">\u201ccrack dos ricos\u201d<\/strong>, embora seu potencial destrutivo atinja qualquer perfil social. Especialistas apontam que ela est\u00e1 entre as drogas com <strong data-start=\"1416\" data-end=\"1457\">maior capacidade de gerar depend\u00eancia<\/strong>, com usu\u00e1rios necessitando de doses cada vez maiores.<\/span><\/p>\n<p data-start=\"1513\" data-end=\"1685\"><span style=\"font-size: 12pt; font-family: tahoma, arial, helvetica, sans-serif;\">Tamb\u00e9m conhecida como <strong data-start=\"1535\" data-end=\"1597\">\u201cice\u201d, \u201cspeed\u201d, \u201ccristal\u201d, \u201cmeth\u201d, \u201ccrystal meth\u201d e \u201cTina\u201d<\/strong>, a subst\u00e2ncia tem circula\u00e7\u00e3o crescente no Brasil, principalmente em ambientes festivos.<\/span><\/p>\n<h3 data-section-id=\"e180bf\" data-start=\"2171\" data-end=\"2207\"><span style=\"font-size: 14pt; font-family: tahoma, arial, helvetica, sans-serif;\" role=\"text\"><strong data-start=\"2175\" data-end=\"2207\">Opera\u00e7\u00e3o e apreens\u00e3o em rave<\/strong><\/span><\/h3>\n<p data-start=\"2209\" data-end=\"2410\"><span style=\"font-size: 12pt; font-family: tahoma, arial, helvetica, sans-serif;\">Uma opera\u00e7\u00e3o de fiscaliza\u00e7\u00e3o realizada pela Pol\u00edcia Militar na tarde deste s\u00e1bado (2) resultou na <strong data-start=\"2307\" data-end=\"2350\">apreens\u00e3o de diferentes tipos de drogas<\/strong> na zona rural de <strong data-start=\"2368\" data-end=\"2409\"><span class=\"hover:entity-accent entity-underline inline cursor-pointer align-baseline\"><span class=\"whitespace-normal\">Pirassununga<\/span><\/span><\/strong>.<\/span><\/p>\n<p data-start=\"2412\" data-end=\"2659\"><span style=\"font-size: 12pt; font-family: tahoma, arial, helvetica, sans-serif;\">A ocorr\u00eancia foi registrada por volta das <strong data-start=\"2454\" data-end=\"2463\">14h13<\/strong>, no <strong data-start=\"2468\" data-end=\"2538\">km 3 da Rodovia SP-201 \u2014 Prefeito Euberto Nem\u00e9sio Pereira de Godoy<\/strong>, nas proximidades do acesso ao bairro Muri\u00e7oca, onde acontecia uma festa do tipo rave nas imedia\u00e7\u00f5es do Canil Municipal.<\/span><\/p>\n<section class=\"text-token-text-primary w-full focus:outline-none [--shadow-height:45px] has-data-writing-block:pointer-events-none has-data-writing-block:-mt-(--shadow-height) has-data-writing-block:pt-(--shadow-height) [&amp;:has([data-writing-block])&gt;*]:pointer-events-auto [content-visibility:auto] supports-[content-visibility:auto]:[contain-intrinsic-size:auto_100lvh] R6Vx5W_threadScrollVars scroll-mb-[calc(var(--scroll-root-safe-area-inset-bottom,0px)+var(--thread-response-height))] scroll-mt-[calc(var(--header-height)+min(200px,max(70px,20svh)))]\" dir=\"auto\" data-turn-id=\"request-WEB:61124f44-76bc-4d6b-9948-d25e00e8f98b-5\" data-testid=\"conversation-turn-12\" data-scroll-anchor=\"false\" data-turn=\"assistant\">\n<div class=\"text-base my-auto mx-auto pb-10 [--thread-content-margin:var(--thread-content-margin-xs,calc(var(--spacing)*4))] @w-sm\/main:[--thread-content-margin:var(--thread-content-margin-sm,calc(var(--spacing)*6))] @w-lg\/main:[--thread-content-margin:var(--thread-content-margin-lg,calc(var(--spacing)*16))] px-(--thread-content-margin)\">\n<div class=\"[--thread-content-max-width:40rem] @w-lg\/main:[--thread-content-max-width:48rem] mx-auto max-w-(--thread-content-max-width) flex-1 group\/turn-messages focus-visible:outline-hidden relative flex w-full min-w-0 flex-col agent-turn\">\n<div class=\"flex max-w-full flex-col gap-4 grow\">\n<div class=\"min-h-8 text-message relative flex w-full flex-col items-end gap-2 text-start break-words whitespace-normal outline-none keyboard-focused:focus-ring [.text-message+&amp;]:mt-1\" dir=\"auto\" tabindex=\"0\" data-message-author-role=\"assistant\" data-message-id=\"64c07999-0795-4a7d-a8d7-16ec85d26c0c\" data-message-model-slug=\"gpt-5-3\" data-turn-start-message=\"true\">\n<div class=\"flex w-full flex-col gap-1 empty:hidden\">\n<div class=\"markdown prose dark:prose-invert w-full wrap-break-word light markdown-new-styling\">\n<figure id=\"attachment_44023\" aria-describedby=\"caption-attachment-44023\" style=\"width: 947px\" class=\"wp-caption aligncenter\"><img fetchpriority=\"high\" decoding=\"async\" class=\"wp-image-44023 size-full\" src=\"https:\/\/www.omovimento.com.br\/portal\/wp-content\/uploads\/2026\/05\/WhatsApp-Image-2026-05-02-at-21.13.32-1.jpeg\" alt=\"\" width=\"947\" height=\"756\" srcset=\"https:\/\/www.omovimento.com.br\/portal\/wp-content\/uploads\/2026\/05\/WhatsApp-Image-2026-05-02-at-21.13.32-1.jpeg 947w, https:\/\/www.omovimento.com.br\/portal\/wp-content\/uploads\/2026\/05\/WhatsApp-Image-2026-05-02-at-21.13.32-1-300x239.jpeg 300w, https:\/\/www.omovimento.com.br\/portal\/wp-content\/uploads\/2026\/05\/WhatsApp-Image-2026-05-02-at-21.13.32-1-768x613.jpeg 768w, https:\/\/www.omovimento.com.br\/portal\/wp-content\/uploads\/2026\/05\/WhatsApp-Image-2026-05-02-at-21.13.32-1-150x120.jpeg 150w, https:\/\/www.omovimento.com.br\/portal\/wp-content\/uploads\/2026\/05\/WhatsApp-Image-2026-05-02-at-21.13.32-1-450x359.jpeg 450w\" sizes=\"(max-width: 947px) 100vw, 947px\" \/><figcaption id=\"caption-attachment-44023\" class=\"wp-caption-text\">Ecstasy, maconha, coca\u00edna e \u201cice\u201d foram encontrados com nove pessoas. Foto: Divulga\u00e7\u00e3o\/Pol\u00edcia Militar<\/figcaption><\/figure>\n<p data-start=\"2661\" data-end=\"2818\"><span style=\"font-size: 12pt; font-family: tahoma, arial, helvetica, sans-serif;\">A a\u00e7\u00e3o ocorreu no contexto da realiza\u00e7\u00e3o do <strong data-start=\"2705\" data-end=\"2746\"><span class=\"hover:entity-accent entity-underline inline cursor-pointer align-baseline\"><span class=\"whitespace-normal\">Terra Viva Festival<\/span><\/span><\/strong>, evento previsto para os dias 2 e 3 de maio na zona rural do munic\u00edpio.<\/span><\/p>\n<p data-start=\"2820\" data-end=\"2991\"><span style=\"font-size: 12pt; font-family: tahoma, arial, helvetica, sans-serif;\">Durante a a\u00e7\u00e3o, os policiais localizaram por\u00e7\u00f5es da droga sint\u00e9tica conhecida como <strong data-start=\"2903\" data-end=\"2912\">\u201cice\u201d<\/strong>, al\u00e9m de outras subst\u00e2ncias que foram apreendidas e encaminhadas para an\u00e1lise.<\/span><\/p>\n<p data-start=\"2993\" data-end=\"3234\"><span style=\"font-size: 12pt; font-family: tahoma, arial, helvetica, sans-serif;\">A ocorr\u00eancia refor\u00e7a o alerta das autoridades sobre a <strong data-start=\"3047\" data-end=\"3110\">presen\u00e7a crescente de drogas sint\u00e9ticas em festas e eventos<\/strong>, especialmente entre o p\u00fablico jovem \u2014 cen\u00e1rio que preocupa pelo alto poder de depend\u00eancia e pelos riscos extremos \u00e0 sa\u00fade.<\/span><\/p>\n<p data-start=\"3236\" data-end=\"3376\" data-is-last-node=\"\" data-is-only-node=\"\"><span style=\"font-size: 12pt; font-family: tahoma, arial, helvetica, sans-serif;\">O caso ser\u00e1 investigado, e a Pol\u00edcia Militar segue intensificando a\u00e7\u00f5es de fiscaliza\u00e7\u00e3o para combater o tr\u00e1fico e o uso de drogas na regi\u00e3o.<\/span><\/p>\n<\/div>\n<\/div>\n<\/div>\n<\/div>\n<\/div>\n<\/div>\n<\/section>\n<div class=\"pointer-events-none -mt-px h-px translate-y-[calc(var(--scroll-root-safe-area-inset-bottom)-14*var(--spacing))]\" aria-hidden=\"true\">\n<p data-start=\"822\" data-end=\"1009\"><span style=\"font-family: tahoma, arial, helvetica, sans-serif;\">\u270d\ufe0f <em data-start=\"1160\" data-end=\"1198\" data-is-last-node=\"\">Reportagem: <a href=\"https:\/\/www.facebook.com\/jornalistatonioliveiraon\/\"><strong>Jornalista Toni Oliveira<\/strong><\/a><\/em><\/span><\/p>\n<p data-start=\"1490\" data-end=\"1675\"><span style=\"font-family: tahoma, arial, helvetica, sans-serif;\">\ud83d\udcf2\u00a0Fa\u00e7a uma den\u00fancia ou sugira uma reportagem sobre Pirassunungae regi\u00e3o por meio do WhatsApp do jornal <strong>O Movimento: <a href=\"https:\/\/wa.me\/5519982506789\" target=\"_blank\" rel=\"noreferrer noopener\" data-mrf-link=\"https:\/\/wa.me\/5516991499787\">(19) 98250-6789<\/a>.<\/strong><\/span><\/p>\n<p><span style=\"font-size: 14pt; color: #808080; font-family: tahoma, arial, helvetica, sans-serif;\"><em>Jorna<strong>l O Movimento<\/strong> \u00a0H\u00e1 91 anos, a principal refer\u00eancia em jornalismo na regi\u00e3o<\/em><\/span><\/p>\n<p><span style=\"font-family: tahoma, arial, helvetica, sans-serif;\"><em>( Fica proibida a reprodu\u00e7\u00e3o total ou parcial, c\u00f3pia ou distribui\u00e7\u00e3o do conte\u00fado, sem autoriza\u00e7\u00e3o expressa por parte do <strong>jornal O Movimento<\/strong>)<\/em><\/span><\/p>\n<p><span style=\"font-family: tahoma, arial, helvetica, sans-serif;\"><script src=\"\/\/ads.themoneytizer.com\/s\/gen.js?type=16\"><\/script><\/span><\/p>\n<div id=\"63534-16\" class=\"outbrain-tm\"><span style=\"font-family: tahoma, arial, helvetica, sans-serif;\"><script src=\"\/\/ads.themoneytizer.com\/s\/gen.js?type=16\"><\/script><\/span><\/div>\n<\/div>\n<input type=\"hidden\" id=\"baseurl\" value=\"https:\/\/www.omovimento.com.br\/portal\"><input type=\"hidden\" id=\"audio_nonce\" value=\"6e6af060d0\">","protected":false},"excerpt":{"rendered":"<p>A apreens\u00e3o de drogas sint\u00e9ticas durante uma rave em Pirassununga reacende o alerta para o avan\u00e7o da metanfetamina, conhecida popularmente como \u201ccrack de rico\u201d pelo alto custo e forte poder de depend\u00eancia. Produzida a partir da efedrina e desenvolvida originalmente no Jap\u00e3o, a metanfetamina \u00e9 um psicoestimulante potente que atua diretamente no sistema nervoso central.<\/p>\n","protected":false},"author":3,"featured_media":44036,"comment_status":"open","ping_status":"open","sticky":false,"template":"","format":"standard","meta":{"footnotes":""},"categories":[1,11],"tags":[],"class_list":{"0":"post-44032","1":"post","2":"type-post","3":"status-publish","4":"format-standard","5":"has-post-thumbnail","7":"category-geral","8":"category-seguranca-publica"},"yoast_head":"<!-- This site is optimized with the Yoast SEO plugin v27.3 - https:\/\/yoast.com\/product\/yoast-seo-wordpress\/ -->\n<title>\u201cCrack de rico\u201d: droga devastadora acende alerta ap\u00f3s apreens\u00e3o em rave em Pirassununga - Jornal O Movimento<\/title>\n<meta name=\"robots\" content=\"index, follow, max-snippet:-1, max-image-preview:large, max-video-preview:-1\" \/>\n<link rel=\"canonical\" href=\"https:\/\/www.omovimento.com.br\/portal\/geral\/crack-de-rico-droga-devastadora-acende-alerta-apos-apreensao-em-rave-em-pirassununga\/\" \/>\n<meta property=\"og:locale\" content=\"pt_BR\" \/>\n<meta property=\"og:type\" content=\"article\" \/>\n<meta property=\"og:title\" content=\"\u201cCrack de rico\u201d: droga devastadora acende alerta ap\u00f3s apreens\u00e3o em rave em Pirassununga - Jornal O Movimento\" \/>\n<meta property=\"og:description\" content=\"A apreens\u00e3o de drogas sint\u00e9ticas durante uma rave em Pirassununga reacende o alerta para o avan\u00e7o da metanfetamina, conhecida popularmente como \u201ccrack de rico\u201d pelo alto custo e forte poder de depend\u00eancia. Produzida a partir da efedrina e desenvolvida originalmente no Jap\u00e3o, a metanfetamina \u00e9 um psicoestimulante potente que atua diretamente no sistema nervoso central.\" \/>\n<meta property=\"og:url\" content=\"https:\/\/www.omovimento.com.br\/portal\/geral\/crack-de-rico-droga-devastadora-acende-alerta-apos-apreensao-em-rave-em-pirassununga\/\" \/>\n<meta property=\"og:site_name\" content=\"Jornal O Movimento\" \/>\n<meta property=\"article:published_time\" content=\"2026-05-03T12:31:07+00:00\" \/>\n<meta property=\"og:image\" content=\"https:\/\/www.omovimento.com.br\/portal\/wp-content\/uploads\/2026\/05\/cats.jpg\" \/>\n\t<meta property=\"og:image:width\" content=\"1000\" \/>\n\t<meta property=\"og:image:height\" content=\"667\" \/>\n\t<meta property=\"og:image:type\" content=\"image\/jpeg\" \/>\n<meta name=\"author\" content=\"Reda\u00e7\u00e3o\" \/>\n<meta name=\"twitter:card\" content=\"summary_large_image\" \/>\n<meta name=\"twitter:label1\" content=\"Escrito por\" \/>\n\t<meta name=\"twitter:data1\" content=\"Reda\u00e7\u00e3o\" \/>\n\t<meta name=\"twitter:label2\" content=\"Est. tempo de leitura\" \/>\n\t<meta name=\"twitter:data2\" content=\"4 minutos\" \/>\n<script type=\"application\/ld+json\" class=\"yoast-schema-graph\">{\"@context\":\"https:\\\/\\\/schema.org\",\"@graph\":[{\"@type\":\"Article\",\"@id\":\"https:\\\/\\\/www.omovimento.com.br\\\/portal\\\/geral\\\/crack-de-rico-droga-devastadora-acende-alerta-apos-apreensao-em-rave-em-pirassununga\\\/#article\",\"isPartOf\":{\"@id\":\"https:\\\/\\\/www.omovimento.com.br\\\/portal\\\/geral\\\/crack-de-rico-droga-devastadora-acende-alerta-apos-apreensao-em-rave-em-pirassununga\\\/\"},\"author\":{\"name\":\"Reda\u00e7\u00e3o\",\"@id\":\"https:\\\/\\\/www.omovimento.com.br\\\/portal\\\/#\\\/schema\\\/person\\\/e7d3971f53952141ade7388e0033ce8d\"},\"headline\":\"\u201cCrack de rico\u201d: droga devastadora acende alerta ap\u00f3s apreens\u00e3o em rave em Pirassununga\",\"datePublished\":\"2026-05-03T12:31:07+00:00\",\"mainEntityOfPage\":{\"@id\":\"https:\\\/\\\/www.omovimento.com.br\\\/portal\\\/geral\\\/crack-de-rico-droga-devastadora-acende-alerta-apos-apreensao-em-rave-em-pirassununga\\\/\"},\"wordCount\":569,\"commentCount\":0,\"publisher\":{\"@id\":\"https:\\\/\\\/www.omovimento.com.br\\\/portal\\\/#organization\"},\"image\":{\"@id\":\"https:\\\/\\\/www.omovimento.com.br\\\/portal\\\/geral\\\/crack-de-rico-droga-devastadora-acende-alerta-apos-apreensao-em-rave-em-pirassununga\\\/#primaryimage\"},\"thumbnailUrl\":\"https:\\\/\\\/www.omovimento.com.br\\\/portal\\\/wp-content\\\/uploads\\\/2026\\\/05\\\/cats.jpg\",\"articleSection\":[\"Geral\",\"Seguran\u00e7a P\u00fablica\"],\"inLanguage\":\"pt-BR\",\"potentialAction\":[{\"@type\":\"CommentAction\",\"name\":\"Comment\",\"target\":[\"https:\\\/\\\/www.omovimento.com.br\\\/portal\\\/geral\\\/crack-de-rico-droga-devastadora-acende-alerta-apos-apreensao-em-rave-em-pirassununga\\\/#respond\"]}]},{\"@type\":\"WebPage\",\"@id\":\"https:\\\/\\\/www.omovimento.com.br\\\/portal\\\/geral\\\/crack-de-rico-droga-devastadora-acende-alerta-apos-apreensao-em-rave-em-pirassununga\\\/\",\"url\":\"https:\\\/\\\/www.omovimento.com.br\\\/portal\\\/geral\\\/crack-de-rico-droga-devastadora-acende-alerta-apos-apreensao-em-rave-em-pirassununga\\\/\",\"name\":\"\u201cCrack de rico\u201d: droga devastadora acende alerta ap\u00f3s apreens\u00e3o em rave em Pirassununga - Jornal O Movimento\",\"isPartOf\":{\"@id\":\"https:\\\/\\\/www.omovimento.com.br\\\/portal\\\/#website\"},\"primaryImageOfPage\":{\"@id\":\"https:\\\/\\\/www.omovimento.com.br\\\/portal\\\/geral\\\/crack-de-rico-droga-devastadora-acende-alerta-apos-apreensao-em-rave-em-pirassununga\\\/#primaryimage\"},\"image\":{\"@id\":\"https:\\\/\\\/www.omovimento.com.br\\\/portal\\\/geral\\\/crack-de-rico-droga-devastadora-acende-alerta-apos-apreensao-em-rave-em-pirassununga\\\/#primaryimage\"},\"thumbnailUrl\":\"https:\\\/\\\/www.omovimento.com.br\\\/portal\\\/wp-content\\\/uploads\\\/2026\\\/05\\\/cats.jpg\",\"datePublished\":\"2026-05-03T12:31:07+00:00\",\"breadcrumb\":{\"@id\":\"https:\\\/\\\/www.omovimento.com.br\\\/portal\\\/geral\\\/crack-de-rico-droga-devastadora-acende-alerta-apos-apreensao-em-rave-em-pirassununga\\\/#breadcrumb\"},\"inLanguage\":\"pt-BR\",\"potentialAction\":[{\"@type\":\"ReadAction\",\"target\":[\"https:\\\/\\\/www.omovimento.com.br\\\/portal\\\/geral\\\/crack-de-rico-droga-devastadora-acende-alerta-apos-apreensao-em-rave-em-pirassununga\\\/\"]}]},{\"@type\":\"ImageObject\",\"inLanguage\":\"pt-BR\",\"@id\":\"https:\\\/\\\/www.omovimento.com.br\\\/portal\\\/geral\\\/crack-de-rico-droga-devastadora-acende-alerta-apos-apreensao-em-rave-em-pirassununga\\\/#primaryimage\",\"url\":\"https:\\\/\\\/www.omovimento.com.br\\\/portal\\\/wp-content\\\/uploads\\\/2026\\\/05\\\/cats.jpg\",\"contentUrl\":\"https:\\\/\\\/www.omovimento.com.br\\\/portal\\\/wp-content\\\/uploads\\\/2026\\\/05\\\/cats.jpg\",\"width\":1000,\"height\":667,\"caption\":\"Conhecida como \u201ccrack de rico\u201d, a droga se destaca pelo alto poder destrutivo. Imagem: Daniel Kaesler\\\/watch.com\"},{\"@type\":\"BreadcrumbList\",\"@id\":\"https:\\\/\\\/www.omovimento.com.br\\\/portal\\\/geral\\\/crack-de-rico-droga-devastadora-acende-alerta-apos-apreensao-em-rave-em-pirassununga\\\/#breadcrumb\",\"itemListElement\":[{\"@type\":\"ListItem\",\"position\":1,\"name\":\"In\u00edcio\",\"item\":\"https:\\\/\\\/www.omovimento.com.br\\\/portal\\\/\"},{\"@type\":\"ListItem\",\"position\":2,\"name\":\"\u201cCrack de rico\u201d: droga devastadora acende alerta ap\u00f3s apreens\u00e3o em rave em Pirassununga\"}]},{\"@type\":\"WebSite\",\"@id\":\"https:\\\/\\\/www.omovimento.com.br\\\/portal\\\/#website\",\"url\":\"https:\\\/\\\/www.omovimento.com.br\\\/portal\\\/\",\"name\":\"Jornal O Movimento\",\"description\":\"\",\"publisher\":{\"@id\":\"https:\\\/\\\/www.omovimento.com.br\\\/portal\\\/#organization\"},\"potentialAction\":[{\"@type\":\"SearchAction\",\"target\":{\"@type\":\"EntryPoint\",\"urlTemplate\":\"https:\\\/\\\/www.omovimento.com.br\\\/portal\\\/?s={search_term_string}\"},\"query-input\":{\"@type\":\"PropertyValueSpecification\",\"valueRequired\":true,\"valueName\":\"search_term_string\"}}],\"inLanguage\":\"pt-BR\"},{\"@type\":\"Organization\",\"@id\":\"https:\\\/\\\/www.omovimento.com.br\\\/portal\\\/#organization\",\"name\":\"Jornal O Movimento\",\"url\":\"https:\\\/\\\/www.omovimento.com.br\\\/portal\\\/\",\"logo\":{\"@type\":\"ImageObject\",\"inLanguage\":\"pt-BR\",\"@id\":\"https:\\\/\\\/www.omovimento.com.br\\\/portal\\\/#\\\/schema\\\/logo\\\/image\\\/\",\"url\":\"https:\\\/\\\/www.omovimento.com.br\\\/portal\\\/wp-content\\\/uploads\\\/2026\\\/03\\\/logo_jornal_O_Movimento-1-1536x343-1-1.png\",\"contentUrl\":\"https:\\\/\\\/www.omovimento.com.br\\\/portal\\\/wp-content\\\/uploads\\\/2026\\\/03\\\/logo_jornal_O_Movimento-1-1536x343-1-1.png\",\"width\":1536,\"height\":343,\"caption\":\"Jornal O Movimento\"},\"image\":{\"@id\":\"https:\\\/\\\/www.omovimento.com.br\\\/portal\\\/#\\\/schema\\\/logo\\\/image\\\/\"}},{\"@type\":\"Person\",\"@id\":\"https:\\\/\\\/www.omovimento.com.br\\\/portal\\\/#\\\/schema\\\/person\\\/e7d3971f53952141ade7388e0033ce8d\",\"name\":\"Reda\u00e7\u00e3o\",\"image\":{\"@type\":\"ImageObject\",\"inLanguage\":\"pt-BR\",\"@id\":\"https:\\\/\\\/secure.gravatar.com\\\/avatar\\\/549ab8e14173ace5e8b1c3bd80cf838bc0d00b7e1b65a361093164d85a62d45b?s=96&d=mm&r=g\",\"url\":\"https:\\\/\\\/secure.gravatar.com\\\/avatar\\\/549ab8e14173ace5e8b1c3bd80cf838bc0d00b7e1b65a361093164d85a62d45b?s=96&d=mm&r=g\",\"contentUrl\":\"https:\\\/\\\/secure.gravatar.com\\\/avatar\\\/549ab8e14173ace5e8b1c3bd80cf838bc0d00b7e1b65a361093164d85a62d45b?s=96&d=mm&r=g\",\"caption\":\"Reda\u00e7\u00e3o\"},\"url\":\"https:\\\/\\\/www.omovimento.com.br\\\/portal\\\/author\\\/admin\\\/\"}]}<\/script>\n<!-- \/ Yoast SEO plugin. -->","yoast_head_json":{"title":"\u201cCrack de rico\u201d: droga devastadora acende alerta ap\u00f3s apreens\u00e3o em rave em Pirassununga - Jornal O Movimento","robots":{"index":"index","follow":"follow","max-snippet":"max-snippet:-1","max-image-preview":"max-image-preview:large","max-video-preview":"max-video-preview:-1"},"canonical":"https:\/\/www.omovimento.com.br\/portal\/geral\/crack-de-rico-droga-devastadora-acende-alerta-apos-apreensao-em-rave-em-pirassununga\/","og_locale":"pt_BR","og_type":"article","og_title":"\u201cCrack de rico\u201d: droga devastadora acende alerta ap\u00f3s apreens\u00e3o em rave em Pirassununga - Jornal O Movimento","og_description":"A apreens\u00e3o de drogas sint\u00e9ticas durante uma rave em Pirassununga reacende o alerta para o avan\u00e7o da metanfetamina, conhecida popularmente como \u201ccrack de rico\u201d pelo alto custo e forte poder de depend\u00eancia. Produzida a partir da efedrina e desenvolvida originalmente no Jap\u00e3o, a metanfetamina \u00e9 um psicoestimulante potente que atua diretamente no sistema nervoso central.","og_url":"https:\/\/www.omovimento.com.br\/portal\/geral\/crack-de-rico-droga-devastadora-acende-alerta-apos-apreensao-em-rave-em-pirassununga\/","og_site_name":"Jornal O Movimento","article_published_time":"2026-05-03T12:31:07+00:00","og_image":[{"width":1000,"height":667,"url":"https:\/\/www.omovimento.com.br\/portal\/wp-content\/uploads\/2026\/05\/cats.jpg","type":"image\/jpeg"}],"author":"Reda\u00e7\u00e3o","twitter_card":"summary_large_image","twitter_misc":{"Escrito por":"Reda\u00e7\u00e3o","Est. tempo de leitura":"4 minutos"},"schema":{"@context":"https:\/\/schema.org","@graph":[{"@type":"Article","@id":"https:\/\/www.omovimento.com.br\/portal\/geral\/crack-de-rico-droga-devastadora-acende-alerta-apos-apreensao-em-rave-em-pirassununga\/#article","isPartOf":{"@id":"https:\/\/www.omovimento.com.br\/portal\/geral\/crack-de-rico-droga-devastadora-acende-alerta-apos-apreensao-em-rave-em-pirassununga\/"},"author":{"name":"Reda\u00e7\u00e3o","@id":"https:\/\/www.omovimento.com.br\/portal\/#\/schema\/person\/e7d3971f53952141ade7388e0033ce8d"},"headline":"\u201cCrack de rico\u201d: droga devastadora acende alerta ap\u00f3s apreens\u00e3o em rave em Pirassununga","datePublished":"2026-05-03T12:31:07+00:00","mainEntityOfPage":{"@id":"https:\/\/www.omovimento.com.br\/portal\/geral\/crack-de-rico-droga-devastadora-acende-alerta-apos-apreensao-em-rave-em-pirassununga\/"},"wordCount":569,"commentCount":0,"publisher":{"@id":"https:\/\/www.omovimento.com.br\/portal\/#organization"},"image":{"@id":"https:\/\/www.omovimento.com.br\/portal\/geral\/crack-de-rico-droga-devastadora-acende-alerta-apos-apreensao-em-rave-em-pirassununga\/#primaryimage"},"thumbnailUrl":"https:\/\/www.omovimento.com.br\/portal\/wp-content\/uploads\/2026\/05\/cats.jpg","articleSection":["Geral","Seguran\u00e7a P\u00fablica"],"inLanguage":"pt-BR","potentialAction":[{"@type":"CommentAction","name":"Comment","target":["https:\/\/www.omovimento.com.br\/portal\/geral\/crack-de-rico-droga-devastadora-acende-alerta-apos-apreensao-em-rave-em-pirassununga\/#respond"]}]},{"@type":"WebPage","@id":"https:\/\/www.omovimento.com.br\/portal\/geral\/crack-de-rico-droga-devastadora-acende-alerta-apos-apreensao-em-rave-em-pirassununga\/","url":"https:\/\/www.omovimento.com.br\/portal\/geral\/crack-de-rico-droga-devastadora-acende-alerta-apos-apreensao-em-rave-em-pirassununga\/","name":"\u201cCrack de rico\u201d: droga devastadora acende alerta ap\u00f3s apreens\u00e3o em rave em Pirassununga - Jornal O Movimento","isPartOf":{"@id":"https:\/\/www.omovimento.com.br\/portal\/#website"},"primaryImageOfPage":{"@id":"https:\/\/www.omovimento.com.br\/portal\/geral\/crack-de-rico-droga-devastadora-acende-alerta-apos-apreensao-em-rave-em-pirassununga\/#primaryimage"},"image":{"@id":"https:\/\/www.omovimento.com.br\/portal\/geral\/crack-de-rico-droga-devastadora-acende-alerta-apos-apreensao-em-rave-em-pirassununga\/#primaryimage"},"thumbnailUrl":"https:\/\/www.omovimento.com.br\/portal\/wp-content\/uploads\/2026\/05\/cats.jpg","datePublished":"2026-05-03T12:31:07+00:00","breadcrumb":{"@id":"https:\/\/www.omovimento.com.br\/portal\/geral\/crack-de-rico-droga-devastadora-acende-alerta-apos-apreensao-em-rave-em-pirassununga\/#breadcrumb"},"inLanguage":"pt-BR","potentialAction":[{"@type":"ReadAction","target":["https:\/\/www.omovimento.com.br\/portal\/geral\/crack-de-rico-droga-devastadora-acende-alerta-apos-apreensao-em-rave-em-pirassununga\/"]}]},{"@type":"ImageObject","inLanguage":"pt-BR","@id":"https:\/\/www.omovimento.com.br\/portal\/geral\/crack-de-rico-droga-devastadora-acende-alerta-apos-apreensao-em-rave-em-pirassununga\/#primaryimage","url":"https:\/\/www.omovimento.com.br\/portal\/wp-content\/uploads\/2026\/05\/cats.jpg","contentUrl":"https:\/\/www.omovimento.com.br\/portal\/wp-content\/uploads\/2026\/05\/cats.jpg","width":1000,"height":667,"caption":"Conhecida como \u201ccrack de rico\u201d, a droga se destaca pelo alto poder destrutivo. Imagem: Daniel Kaesler\/watch.com"},{"@type":"BreadcrumbList","@id":"https:\/\/www.omovimento.com.br\/portal\/geral\/crack-de-rico-droga-devastadora-acende-alerta-apos-apreensao-em-rave-em-pirassununga\/#breadcrumb","itemListElement":[{"@type":"ListItem","position":1,"name":"In\u00edcio","item":"https:\/\/www.omovimento.com.br\/portal\/"},{"@type":"ListItem","position":2,"name":"\u201cCrack de rico\u201d: droga devastadora acende alerta ap\u00f3s apreens\u00e3o em rave em Pirassununga"}]},{"@type":"WebSite","@id":"https:\/\/www.omovimento.com.br\/portal\/#website","url":"https:\/\/www.omovimento.com.br\/portal\/","name":"Jornal O Movimento","description":"","publisher":{"@id":"https:\/\/www.omovimento.com.br\/portal\/#organization"},"potentialAction":[{"@type":"SearchAction","target":{"@type":"EntryPoint","urlTemplate":"https:\/\/www.omovimento.com.br\/portal\/?s={search_term_string}"},"query-input":{"@type":"PropertyValueSpecification","valueRequired":true,"valueName":"search_term_string"}}],"inLanguage":"pt-BR"},{"@type":"Organization","@id":"https:\/\/www.omovimento.com.br\/portal\/#organization","name":"Jornal O Movimento","url":"https:\/\/www.omovimento.com.br\/portal\/","logo":{"@type":"ImageObject","inLanguage":"pt-BR","@id":"https:\/\/www.omovimento.com.br\/portal\/#\/schema\/logo\/image\/","url":"https:\/\/www.omovimento.com.br\/portal\/wp-content\/uploads\/2026\/03\/logo_jornal_O_Movimento-1-1536x343-1-1.png","contentUrl":"https:\/\/www.omovimento.com.br\/portal\/wp-content\/uploads\/2026\/03\/logo_jornal_O_Movimento-1-1536x343-1-1.png","width":1536,"height":343,"caption":"Jornal O Movimento"},"image":{"@id":"https:\/\/www.omovimento.com.br\/portal\/#\/schema\/logo\/image\/"}},{"@type":"Person","@id":"https:\/\/www.omovimento.com.br\/portal\/#\/schema\/person\/e7d3971f53952141ade7388e0033ce8d","name":"Reda\u00e7\u00e3o","image":{"@type":"ImageObject","inLanguage":"pt-BR","@id":"https:\/\/secure.gravatar.com\/avatar\/549ab8e14173ace5e8b1c3bd80cf838bc0d00b7e1b65a361093164d85a62d45b?s=96&d=mm&r=g","url":"https:\/\/secure.gravatar.com\/avatar\/549ab8e14173ace5e8b1c3bd80cf838bc0d00b7e1b65a361093164d85a62d45b?s=96&d=mm&r=g","contentUrl":"https:\/\/secure.gravatar.com\/avatar\/549ab8e14173ace5e8b1c3bd80cf838bc0d00b7e1b65a361093164d85a62d45b?s=96&d=mm&r=g","caption":"Reda\u00e7\u00e3o"},"url":"https:\/\/www.omovimento.com.br\/portal\/author\/admin\/"}]}},"_links":{"self":[{"href":"https:\/\/www.omovimento.com.br\/portal\/wp-json\/wp\/v2\/posts\/44032","targetHints":{"allow":["GET"]}}],"collection":[{"href":"https:\/\/www.omovimento.com.br\/portal\/wp-json\/wp\/v2\/posts"}],"about":[{"href":"https:\/\/www.omovimento.com.br\/portal\/wp-json\/wp\/v2\/types\/post"}],"author":[{"embeddable":true,"href":"https:\/\/www.omovimento.com.br\/portal\/wp-json\/wp\/v2\/users\/3"}],"replies":[{"embeddable":true,"href":"https:\/\/www.omovimento.com.br\/portal\/wp-json\/wp\/v2\/comments?post=44032"}],"version-history":[{"count":4,"href":"https:\/\/www.omovimento.com.br\/portal\/wp-json\/wp\/v2\/posts\/44032\/revisions"}],"predecessor-version":[{"id":44037,"href":"https:\/\/www.omovimento.com.br\/portal\/wp-json\/wp\/v2\/posts\/44032\/revisions\/44037"}],"wp:featuredmedia":[{"embeddable":true,"href":"https:\/\/www.omovimento.com.br\/portal\/wp-json\/wp\/v2\/media\/44036"}],"wp:attachment":[{"href":"https:\/\/www.omovimento.com.br\/portal\/wp-json\/wp\/v2\/media?parent=44032"}],"wp:term":[{"taxonomy":"category","embeddable":true,"href":"https:\/\/www.omovimento.com.br\/portal\/wp-json\/wp\/v2\/categories?post=44032"},{"taxonomy":"post_tag","embeddable":true,"href":"https:\/\/www.omovimento.com.br\/portal\/wp-json\/wp\/v2\/tags?post=44032"}],"curies":[{"name":"wp","href":"https:\/\/api.w.org\/{rel}","templated":true}]}}