{"id":44029,"date":"2026-05-03T08:27:30","date_gmt":"2026-05-03T11:27:30","guid":{"rendered":"https:\/\/www.omovimento.com.br\/portal\/?p=44029"},"modified":"2026-05-03T08:27:30","modified_gmt":"2026-05-03T11:27:30","slug":"rave-em-pirassununga-tem-segunda-apreensao-de-drogas-no-mesmo-dia","status":"publish","type":"post","link":"https:\/\/www.omovimento.com.br\/portal\/seguranca-publica\/rave-em-pirassununga-tem-segunda-apreensao-de-drogas-no-mesmo-dia\/","title":{"rendered":"Rave em Pirassununga tem segunda apreens\u00e3o de drogas no mesmo dia"},"content":{"rendered":"<p data-start=\"110\" data-end=\"434\"><span style=\"font-size: 12pt; font-family: tahoma, arial, helvetica, sans-serif;\">Uma nova ocorr\u00eancia foi registrada durante a opera\u00e7\u00e3o de seguran\u00e7a realizada na zona rural de <span class=\"hover:entity-accent entity-underline inline cursor-pointer align-baseline\"><span class=\"whitespace-normal\">Pirassununga<\/span><\/span>, onde acontece o \u201cTerra Viva Festival\u201d. Na noite deste s\u00e1bado (2), por volta das <strong data-start=\"323\" data-end=\"332\">20h30<\/strong>, a Pol\u00edcia Militar apreendeu diferentes tipos de drogas ap\u00f3s abordar um ve\u00edculo com quatro ocupantes.<\/span><\/p><div id=\"omovi-2656877929\" class=\"omovi-conteudo-2 omovi-entity-placement\"><div id=\"63534-28\"><script src=\"\/\/ads.themoneytizer.com\/s\/gen.js?type=28\"><\/script><script src=\"\/\/ads.themoneytizer.com\/s\/requestform.js?siteId=63534&formatId=28\" ><\/script><\/div><\/div>\n<p data-start=\"110\" data-end=\"434\"><span style=\"font-family: tahoma, arial, helvetica, sans-serif;\">\ud83d\udcf1 <em>Siga o O Movimento no <a href=\"https:\/\/www.instagram.com\/jornalomovimento\/\">Instagram<\/a><\/em><\/span><\/p>\n<p data-start=\"436\" data-end=\"579\"><span style=\"font-size: 12pt; font-family: tahoma, arial, helvetica, sans-serif;\">A a\u00e7\u00e3o ocorreu no km 3 da Rodovia SP-201 (Prefeito Euberto Nem\u00e9sio Pereira de Godoy), durante fiscaliza\u00e7\u00e3o intensificada nos acessos ao evento.<\/span><\/p>\n<p data-start=\"581\" data-end=\"767\"><span style=\"font-size: 12pt; font-family: tahoma, arial, helvetica, sans-serif;\">Segundo a PM, os policiais decidiram abordar um <strong data-start=\"629\" data-end=\"644\">Peugeot\/307<\/strong> ap\u00f3s notarem o comportamento suspeito e o nervosismo dos ocupantes. Durante a busca pessoal e veicular, foram encontrados:<\/span><\/p>\n<ul data-start=\"769\" data-end=\"875\">\n<li data-section-id=\"328fev\" data-start=\"769\" data-end=\"796\"><span style=\"font-size: 12pt; font-family: tahoma, arial, helvetica, sans-serif;\"><strong data-start=\"771\" data-end=\"796\">7,9 gramas de maconha<\/strong><\/span><\/li>\n<li data-section-id=\"sxbssn\" data-start=\"797\" data-end=\"824\"><span style=\"font-size: 12pt; font-family: tahoma, arial, helvetica, sans-serif;\"><strong data-start=\"799\" data-end=\"824\">2,1 gramas de ecstasy<\/strong><\/span><\/li>\n<li data-section-id=\"oxr8vb\" data-start=\"825\" data-end=\"851\"><span style=\"font-size: 12pt; font-family: tahoma, arial, helvetica, sans-serif;\"><strong data-start=\"827\" data-end=\"851\">5,9 gramas de haxixe<\/strong><\/span><\/li>\n<li data-section-id=\"1cn5st1\" data-start=\"852\" data-end=\"875\"><span style=\"font-size: 12pt; font-family: tahoma, arial, helvetica, sans-serif;\"><strong data-start=\"854\" data-end=\"875\">6,6 gramas de LSD<\/strong><\/span><\/li>\n<\/ul>\n<p data-start=\"877\" data-end=\"1014\"><span style=\"font-size: 12pt; font-family: tahoma, arial, helvetica, sans-serif;\">De acordo com o boletim de ocorr\u00eancia, os quatro abordados afirmaram que as subst\u00e2ncias seriam para <strong data-start=\"977\" data-end=\"1013\">consumo pr\u00f3prio durante o evento<\/strong>.<\/span><\/p>\n<p data-start=\"1016\" data-end=\"1279\"><span style=\"font-size: 12pt; font-family: tahoma, arial, helvetica, sans-serif;\">Os envolvidos foram conduzidos \u00e0 Central de Pol\u00edcia Judici\u00e1ria, onde o caso foi registrado como <strong data-start=\"1112\" data-end=\"1131\">porte de drogas<\/strong>, conforme o artigo 28 da Lei 11.343\/06 (Lei de Drogas). Ap\u00f3s serem ouvidos, <strong data-start=\"1208\" data-end=\"1233\">todos foram liberados<\/strong>, e os entorpecentes permaneceram apreendidos.<\/span><\/p>\n<p data-start=\"1281\" data-end=\"1510\"><span style=\"font-size: 12pt; font-family: tahoma, arial, helvetica, sans-serif;\">Esta \u00e9 a segunda apreens\u00e3o registrada no mesmo dia durante a opera\u00e7\u00e3o policial no entorno da festa. <a href=\"https:\/\/www.omovimento.com.br\/portal\/seguranca-publica\/operacao-policial-em-rave-em-pirassununga-resulta-em-apreensao-de-ecstasy-cocaina-e-maconha\/\">Mais cedo, uma van com nove pessoas j\u00e1 havia sido interceptada<\/a> no mesmo trecho da rodovia, tamb\u00e9m com diferentes tipos de drogas.<\/span><\/p>\n<p data-start=\"1512\" data-end=\"1697\" data-is-last-node=\"\" data-is-only-node=\"\"><span style=\"font-size: 12pt; font-family: tahoma, arial, helvetica, sans-serif;\">A Pol\u00edcia Militar informou que o refor\u00e7o no policiamento seguir\u00e1 durante todo o evento, com o objetivo de <strong data-start=\"1618\" data-end=\"1686\">garantir a seguran\u00e7a dos participantes e coibir pr\u00e1ticas ilegais<\/strong> na regi\u00e3o.<\/span><\/p>\n<p data-start=\"822\" data-end=\"1009\"><span style=\"font-family: tahoma, arial, helvetica, sans-serif;\">\u270d\ufe0f <em data-start=\"1160\" data-end=\"1198\" data-is-last-node=\"\">Reportagem: <a href=\"https:\/\/www.facebook.com\/jornalistatonioliveiraon\/\"><strong>Jornalista Toni Oliveira<\/strong><\/a><\/em><\/span><\/p>\n<p data-start=\"1490\" data-end=\"1675\"><span style=\"font-family: tahoma, arial, helvetica, sans-serif;\">\ud83d\udcf2\u00a0Fa\u00e7a uma den\u00fancia ou sugira uma reportagem sobre Pirassunungae regi\u00e3o por meio do WhatsApp do jornal <strong>O Movimento: <a href=\"https:\/\/wa.me\/5519982506789\" target=\"_blank\" rel=\"noreferrer noopener\" data-mrf-link=\"https:\/\/wa.me\/5516991499787\">(19) 98250-6789<\/a>.<\/strong><\/span><\/p>\n<p><span style=\"font-size: 14pt; color: #808080; font-family: tahoma, arial, helvetica, sans-serif;\"><em>Jorna<strong>l O Movimento<\/strong> \u00a0H\u00e1 91 anos, a principal refer\u00eancia em jornalismo na regi\u00e3o<\/em><\/span><\/p>\n<p><span style=\"font-family: tahoma, arial, helvetica, sans-serif;\"><em>( Fica proibida a reprodu\u00e7\u00e3o total ou parcial, c\u00f3pia ou distribui\u00e7\u00e3o do conte\u00fado, sem autoriza\u00e7\u00e3o expressa por parte do <strong>jornal O Movimento<\/strong>)<\/em><\/span><\/p>\n<p><span style=\"font-family: tahoma, arial, helvetica, sans-serif;\"><script src=\"\/\/ads.themoneytizer.com\/s\/gen.js?type=16\"><\/script><\/span><\/p>\n<div id=\"63534-16\" class=\"outbrain-tm\"><span style=\"font-family: tahoma, arial, helvetica, sans-serif;\"><script src=\"\/\/ads.themoneytizer.com\/s\/gen.js?type=16\"><\/script><\/span><\/div>\n<input type=\"hidden\" id=\"baseurl\" value=\"https:\/\/www.omovimento.com.br\/portal\"><input type=\"hidden\" id=\"audio_nonce\" value=\"6e6af060d0\">","protected":false},"excerpt":{"rendered":"<p>Uma nova ocorr\u00eancia foi registrada durante a opera\u00e7\u00e3o de seguran\u00e7a realizada na zona rural de Pirassununga, onde acontece o \u201cTerra Viva Festival\u201d. Na noite deste s\u00e1bado (2), por volta das 20h30, a Pol\u00edcia Militar apreendeu diferentes tipos de drogas ap\u00f3s abordar um ve\u00edculo com quatro ocupantes. \ud83d\udcf1 Siga o O Movimento no Instagram A a\u00e7\u00e3o<\/p>\n","protected":false},"author":3,"featured_media":44030,"comment_status":"open","ping_status":"open","sticky":false,"template":"","format":"standard","meta":{"footnotes":""},"categories":[11],"tags":[],"class_list":{"0":"post-44029","1":"post","2":"type-post","3":"status-publish","4":"format-standard","5":"has-post-thumbnail","7":"category-seguranca-publica"},"yoast_head":"<!-- This site is optimized with the Yoast SEO plugin v27.3 - https:\/\/yoast.com\/product\/yoast-seo-wordpress\/ -->\n<title>Rave em Pirassununga tem segunda apreens\u00e3o de drogas no mesmo dia - Jornal O Movimento<\/title>\n<meta name=\"robots\" content=\"index, follow, max-snippet:-1, max-image-preview:large, max-video-preview:-1\" \/>\n<link rel=\"canonical\" href=\"https:\/\/www.omovimento.com.br\/portal\/seguranca-publica\/rave-em-pirassununga-tem-segunda-apreensao-de-drogas-no-mesmo-dia\/\" \/>\n<meta property=\"og:locale\" content=\"pt_BR\" \/>\n<meta property=\"og:type\" content=\"article\" \/>\n<meta property=\"og:title\" content=\"Rave em Pirassununga tem segunda apreens\u00e3o de drogas no mesmo dia - Jornal O Movimento\" \/>\n<meta property=\"og:description\" content=\"Uma nova ocorr\u00eancia foi registrada durante a opera\u00e7\u00e3o de seguran\u00e7a realizada na zona rural de Pirassununga, onde acontece o \u201cTerra Viva Festival\u201d. Na noite deste s\u00e1bado (2), por volta das 20h30, a Pol\u00edcia Militar apreendeu diferentes tipos de drogas ap\u00f3s abordar um ve\u00edculo com quatro ocupantes. \ud83d\udcf1 Siga o O Movimento no Instagram A a\u00e7\u00e3o\" \/>\n<meta property=\"og:url\" content=\"https:\/\/www.omovimento.com.br\/portal\/seguranca-publica\/rave-em-pirassununga-tem-segunda-apreensao-de-drogas-no-mesmo-dia\/\" \/>\n<meta property=\"og:site_name\" content=\"Jornal O Movimento\" \/>\n<meta property=\"article:published_time\" content=\"2026-05-03T11:27:30+00:00\" \/>\n<meta property=\"og:image\" content=\"https:\/\/www.omovimento.com.br\/portal\/wp-content\/uploads\/2026\/05\/28ae4820-2cf8-47a6-bf43-042bb44cee2c.jpg\" \/>\n\t<meta property=\"og:image:width\" content=\"900\" \/>\n\t<meta property=\"og:image:height\" content=\"600\" \/>\n\t<meta property=\"og:image:type\" content=\"image\/jpeg\" \/>\n<meta name=\"author\" content=\"Reda\u00e7\u00e3o\" \/>\n<meta name=\"twitter:card\" content=\"summary_large_image\" \/>\n<meta name=\"twitter:label1\" content=\"Escrito por\" \/>\n\t<meta name=\"twitter:data1\" content=\"Reda\u00e7\u00e3o\" \/>\n\t<meta name=\"twitter:label2\" content=\"Est. tempo de leitura\" \/>\n\t<meta name=\"twitter:data2\" content=\"2 minutos\" \/>\n<script type=\"application\/ld+json\" class=\"yoast-schema-graph\">{\"@context\":\"https:\\\/\\\/schema.org\",\"@graph\":[{\"@type\":\"Article\",\"@id\":\"https:\\\/\\\/www.omovimento.com.br\\\/portal\\\/seguranca-publica\\\/rave-em-pirassununga-tem-segunda-apreensao-de-drogas-no-mesmo-dia\\\/#article\",\"isPartOf\":{\"@id\":\"https:\\\/\\\/www.omovimento.com.br\\\/portal\\\/seguranca-publica\\\/rave-em-pirassununga-tem-segunda-apreensao-de-drogas-no-mesmo-dia\\\/\"},\"author\":{\"name\":\"Reda\u00e7\u00e3o\",\"@id\":\"https:\\\/\\\/www.omovimento.com.br\\\/portal\\\/#\\\/schema\\\/person\\\/e7d3971f53952141ade7388e0033ce8d\"},\"headline\":\"Rave em Pirassununga tem segunda apreens\u00e3o de drogas no mesmo dia\",\"datePublished\":\"2026-05-03T11:27:30+00:00\",\"mainEntityOfPage\":{\"@id\":\"https:\\\/\\\/www.omovimento.com.br\\\/portal\\\/seguranca-publica\\\/rave-em-pirassununga-tem-segunda-apreensao-de-drogas-no-mesmo-dia\\\/\"},\"wordCount\":338,\"commentCount\":0,\"publisher\":{\"@id\":\"https:\\\/\\\/www.omovimento.com.br\\\/portal\\\/#organization\"},\"image\":{\"@id\":\"https:\\\/\\\/www.omovimento.com.br\\\/portal\\\/seguranca-publica\\\/rave-em-pirassununga-tem-segunda-apreensao-de-drogas-no-mesmo-dia\\\/#primaryimage\"},\"thumbnailUrl\":\"https:\\\/\\\/www.omovimento.com.br\\\/portal\\\/wp-content\\\/uploads\\\/2026\\\/05\\\/28ae4820-2cf8-47a6-bf43-042bb44cee2c.jpg\",\"articleSection\":[\"Seguran\u00e7a P\u00fablica\"],\"inLanguage\":\"pt-BR\",\"potentialAction\":[{\"@type\":\"CommentAction\",\"name\":\"Comment\",\"target\":[\"https:\\\/\\\/www.omovimento.com.br\\\/portal\\\/seguranca-publica\\\/rave-em-pirassununga-tem-segunda-apreensao-de-drogas-no-mesmo-dia\\\/#respond\"]}]},{\"@type\":\"WebPage\",\"@id\":\"https:\\\/\\\/www.omovimento.com.br\\\/portal\\\/seguranca-publica\\\/rave-em-pirassununga-tem-segunda-apreensao-de-drogas-no-mesmo-dia\\\/\",\"url\":\"https:\\\/\\\/www.omovimento.com.br\\\/portal\\\/seguranca-publica\\\/rave-em-pirassununga-tem-segunda-apreensao-de-drogas-no-mesmo-dia\\\/\",\"name\":\"Rave em Pirassununga tem segunda apreens\u00e3o de drogas no mesmo dia - Jornal O Movimento\",\"isPartOf\":{\"@id\":\"https:\\\/\\\/www.omovimento.com.br\\\/portal\\\/#website\"},\"primaryImageOfPage\":{\"@id\":\"https:\\\/\\\/www.omovimento.com.br\\\/portal\\\/seguranca-publica\\\/rave-em-pirassununga-tem-segunda-apreensao-de-drogas-no-mesmo-dia\\\/#primaryimage\"},\"image\":{\"@id\":\"https:\\\/\\\/www.omovimento.com.br\\\/portal\\\/seguranca-publica\\\/rave-em-pirassununga-tem-segunda-apreensao-de-drogas-no-mesmo-dia\\\/#primaryimage\"},\"thumbnailUrl\":\"https:\\\/\\\/www.omovimento.com.br\\\/portal\\\/wp-content\\\/uploads\\\/2026\\\/05\\\/28ae4820-2cf8-47a6-bf43-042bb44cee2c.jpg\",\"datePublished\":\"2026-05-03T11:27:30+00:00\",\"breadcrumb\":{\"@id\":\"https:\\\/\\\/www.omovimento.com.br\\\/portal\\\/seguranca-publica\\\/rave-em-pirassununga-tem-segunda-apreensao-de-drogas-no-mesmo-dia\\\/#breadcrumb\"},\"inLanguage\":\"pt-BR\",\"potentialAction\":[{\"@type\":\"ReadAction\",\"target\":[\"https:\\\/\\\/www.omovimento.com.br\\\/portal\\\/seguranca-publica\\\/rave-em-pirassununga-tem-segunda-apreensao-de-drogas-no-mesmo-dia\\\/\"]}]},{\"@type\":\"ImageObject\",\"inLanguage\":\"pt-BR\",\"@id\":\"https:\\\/\\\/www.omovimento.com.br\\\/portal\\\/seguranca-publica\\\/rave-em-pirassununga-tem-segunda-apreensao-de-drogas-no-mesmo-dia\\\/#primaryimage\",\"url\":\"https:\\\/\\\/www.omovimento.com.br\\\/portal\\\/wp-content\\\/uploads\\\/2026\\\/05\\\/28ae4820-2cf8-47a6-bf43-042bb44cee2c.jpg\",\"contentUrl\":\"https:\\\/\\\/www.omovimento.com.br\\\/portal\\\/wp-content\\\/uploads\\\/2026\\\/05\\\/28ae4820-2cf8-47a6-bf43-042bb44cee2c.jpg\",\"width\":900,\"height\":600,\"caption\":\"Maconha, ecstasy, haxixe e LSD foram apreendidos durante a\u00e7\u00e3o da PM. Foto: Divulga\u00e7\u00e3o\\\/Pol\u00edcia Militar\"},{\"@type\":\"BreadcrumbList\",\"@id\":\"https:\\\/\\\/www.omovimento.com.br\\\/portal\\\/seguranca-publica\\\/rave-em-pirassununga-tem-segunda-apreensao-de-drogas-no-mesmo-dia\\\/#breadcrumb\",\"itemListElement\":[{\"@type\":\"ListItem\",\"position\":1,\"name\":\"In\u00edcio\",\"item\":\"https:\\\/\\\/www.omovimento.com.br\\\/portal\\\/\"},{\"@type\":\"ListItem\",\"position\":2,\"name\":\"Rave em Pirassununga tem segunda apreens\u00e3o de drogas no mesmo dia\"}]},{\"@type\":\"WebSite\",\"@id\":\"https:\\\/\\\/www.omovimento.com.br\\\/portal\\\/#website\",\"url\":\"https:\\\/\\\/www.omovimento.com.br\\\/portal\\\/\",\"name\":\"Jornal O Movimento\",\"description\":\"\",\"publisher\":{\"@id\":\"https:\\\/\\\/www.omovimento.com.br\\\/portal\\\/#organization\"},\"potentialAction\":[{\"@type\":\"SearchAction\",\"target\":{\"@type\":\"EntryPoint\",\"urlTemplate\":\"https:\\\/\\\/www.omovimento.com.br\\\/portal\\\/?s={search_term_string}\"},\"query-input\":{\"@type\":\"PropertyValueSpecification\",\"valueRequired\":true,\"valueName\":\"search_term_string\"}}],\"inLanguage\":\"pt-BR\"},{\"@type\":\"Organization\",\"@id\":\"https:\\\/\\\/www.omovimento.com.br\\\/portal\\\/#organization\",\"name\":\"Jornal O Movimento\",\"url\":\"https:\\\/\\\/www.omovimento.com.br\\\/portal\\\/\",\"logo\":{\"@type\":\"ImageObject\",\"inLanguage\":\"pt-BR\",\"@id\":\"https:\\\/\\\/www.omovimento.com.br\\\/portal\\\/#\\\/schema\\\/logo\\\/image\\\/\",\"url\":\"https:\\\/\\\/www.omovimento.com.br\\\/portal\\\/wp-content\\\/uploads\\\/2026\\\/03\\\/logo_jornal_O_Movimento-1-1536x343-1-1.png\",\"contentUrl\":\"https:\\\/\\\/www.omovimento.com.br\\\/portal\\\/wp-content\\\/uploads\\\/2026\\\/03\\\/logo_jornal_O_Movimento-1-1536x343-1-1.png\",\"width\":1536,\"height\":343,\"caption\":\"Jornal O Movimento\"},\"image\":{\"@id\":\"https:\\\/\\\/www.omovimento.com.br\\\/portal\\\/#\\\/schema\\\/logo\\\/image\\\/\"}},{\"@type\":\"Person\",\"@id\":\"https:\\\/\\\/www.omovimento.com.br\\\/portal\\\/#\\\/schema\\\/person\\\/e7d3971f53952141ade7388e0033ce8d\",\"name\":\"Reda\u00e7\u00e3o\",\"image\":{\"@type\":\"ImageObject\",\"inLanguage\":\"pt-BR\",\"@id\":\"https:\\\/\\\/secure.gravatar.com\\\/avatar\\\/549ab8e14173ace5e8b1c3bd80cf838bc0d00b7e1b65a361093164d85a62d45b?s=96&d=mm&r=g\",\"url\":\"https:\\\/\\\/secure.gravatar.com\\\/avatar\\\/549ab8e14173ace5e8b1c3bd80cf838bc0d00b7e1b65a361093164d85a62d45b?s=96&d=mm&r=g\",\"contentUrl\":\"https:\\\/\\\/secure.gravatar.com\\\/avatar\\\/549ab8e14173ace5e8b1c3bd80cf838bc0d00b7e1b65a361093164d85a62d45b?s=96&d=mm&r=g\",\"caption\":\"Reda\u00e7\u00e3o\"},\"url\":\"https:\\\/\\\/www.omovimento.com.br\\\/portal\\\/author\\\/admin\\\/\"}]}<\/script>\n<!-- \/ Yoast SEO plugin. -->","yoast_head_json":{"title":"Rave em Pirassununga tem segunda apreens\u00e3o de drogas no mesmo dia - Jornal O Movimento","robots":{"index":"index","follow":"follow","max-snippet":"max-snippet:-1","max-image-preview":"max-image-preview:large","max-video-preview":"max-video-preview:-1"},"canonical":"https:\/\/www.omovimento.com.br\/portal\/seguranca-publica\/rave-em-pirassununga-tem-segunda-apreensao-de-drogas-no-mesmo-dia\/","og_locale":"pt_BR","og_type":"article","og_title":"Rave em Pirassununga tem segunda apreens\u00e3o de drogas no mesmo dia - Jornal O Movimento","og_description":"Uma nova ocorr\u00eancia foi registrada durante a opera\u00e7\u00e3o de seguran\u00e7a realizada na zona rural de Pirassununga, onde acontece o \u201cTerra Viva Festival\u201d. Na noite deste s\u00e1bado (2), por volta das 20h30, a Pol\u00edcia Militar apreendeu diferentes tipos de drogas ap\u00f3s abordar um ve\u00edculo com quatro ocupantes. \ud83d\udcf1 Siga o O Movimento no Instagram A a\u00e7\u00e3o","og_url":"https:\/\/www.omovimento.com.br\/portal\/seguranca-publica\/rave-em-pirassununga-tem-segunda-apreensao-de-drogas-no-mesmo-dia\/","og_site_name":"Jornal O Movimento","article_published_time":"2026-05-03T11:27:30+00:00","og_image":[{"width":900,"height":600,"url":"https:\/\/www.omovimento.com.br\/portal\/wp-content\/uploads\/2026\/05\/28ae4820-2cf8-47a6-bf43-042bb44cee2c.jpg","type":"image\/jpeg"}],"author":"Reda\u00e7\u00e3o","twitter_card":"summary_large_image","twitter_misc":{"Escrito por":"Reda\u00e7\u00e3o","Est. tempo de leitura":"2 minutos"},"schema":{"@context":"https:\/\/schema.org","@graph":[{"@type":"Article","@id":"https:\/\/www.omovimento.com.br\/portal\/seguranca-publica\/rave-em-pirassununga-tem-segunda-apreensao-de-drogas-no-mesmo-dia\/#article","isPartOf":{"@id":"https:\/\/www.omovimento.com.br\/portal\/seguranca-publica\/rave-em-pirassununga-tem-segunda-apreensao-de-drogas-no-mesmo-dia\/"},"author":{"name":"Reda\u00e7\u00e3o","@id":"https:\/\/www.omovimento.com.br\/portal\/#\/schema\/person\/e7d3971f53952141ade7388e0033ce8d"},"headline":"Rave em Pirassununga tem segunda apreens\u00e3o de drogas no mesmo dia","datePublished":"2026-05-03T11:27:30+00:00","mainEntityOfPage":{"@id":"https:\/\/www.omovimento.com.br\/portal\/seguranca-publica\/rave-em-pirassununga-tem-segunda-apreensao-de-drogas-no-mesmo-dia\/"},"wordCount":338,"commentCount":0,"publisher":{"@id":"https:\/\/www.omovimento.com.br\/portal\/#organization"},"image":{"@id":"https:\/\/www.omovimento.com.br\/portal\/seguranca-publica\/rave-em-pirassununga-tem-segunda-apreensao-de-drogas-no-mesmo-dia\/#primaryimage"},"thumbnailUrl":"https:\/\/www.omovimento.com.br\/portal\/wp-content\/uploads\/2026\/05\/28ae4820-2cf8-47a6-bf43-042bb44cee2c.jpg","articleSection":["Seguran\u00e7a P\u00fablica"],"inLanguage":"pt-BR","potentialAction":[{"@type":"CommentAction","name":"Comment","target":["https:\/\/www.omovimento.com.br\/portal\/seguranca-publica\/rave-em-pirassununga-tem-segunda-apreensao-de-drogas-no-mesmo-dia\/#respond"]}]},{"@type":"WebPage","@id":"https:\/\/www.omovimento.com.br\/portal\/seguranca-publica\/rave-em-pirassununga-tem-segunda-apreensao-de-drogas-no-mesmo-dia\/","url":"https:\/\/www.omovimento.com.br\/portal\/seguranca-publica\/rave-em-pirassununga-tem-segunda-apreensao-de-drogas-no-mesmo-dia\/","name":"Rave em Pirassununga tem segunda apreens\u00e3o de drogas no mesmo dia - Jornal O Movimento","isPartOf":{"@id":"https:\/\/www.omovimento.com.br\/portal\/#website"},"primaryImageOfPage":{"@id":"https:\/\/www.omovimento.com.br\/portal\/seguranca-publica\/rave-em-pirassununga-tem-segunda-apreensao-de-drogas-no-mesmo-dia\/#primaryimage"},"image":{"@id":"https:\/\/www.omovimento.com.br\/portal\/seguranca-publica\/rave-em-pirassununga-tem-segunda-apreensao-de-drogas-no-mesmo-dia\/#primaryimage"},"thumbnailUrl":"https:\/\/www.omovimento.com.br\/portal\/wp-content\/uploads\/2026\/05\/28ae4820-2cf8-47a6-bf43-042bb44cee2c.jpg","datePublished":"2026-05-03T11:27:30+00:00","breadcrumb":{"@id":"https:\/\/www.omovimento.com.br\/portal\/seguranca-publica\/rave-em-pirassununga-tem-segunda-apreensao-de-drogas-no-mesmo-dia\/#breadcrumb"},"inLanguage":"pt-BR","potentialAction":[{"@type":"ReadAction","target":["https:\/\/www.omovimento.com.br\/portal\/seguranca-publica\/rave-em-pirassununga-tem-segunda-apreensao-de-drogas-no-mesmo-dia\/"]}]},{"@type":"ImageObject","inLanguage":"pt-BR","@id":"https:\/\/www.omovimento.com.br\/portal\/seguranca-publica\/rave-em-pirassununga-tem-segunda-apreensao-de-drogas-no-mesmo-dia\/#primaryimage","url":"https:\/\/www.omovimento.com.br\/portal\/wp-content\/uploads\/2026\/05\/28ae4820-2cf8-47a6-bf43-042bb44cee2c.jpg","contentUrl":"https:\/\/www.omovimento.com.br\/portal\/wp-content\/uploads\/2026\/05\/28ae4820-2cf8-47a6-bf43-042bb44cee2c.jpg","width":900,"height":600,"caption":"Maconha, ecstasy, haxixe e LSD foram apreendidos durante a\u00e7\u00e3o da PM. Foto: Divulga\u00e7\u00e3o\/Pol\u00edcia Militar"},{"@type":"BreadcrumbList","@id":"https:\/\/www.omovimento.com.br\/portal\/seguranca-publica\/rave-em-pirassununga-tem-segunda-apreensao-de-drogas-no-mesmo-dia\/#breadcrumb","itemListElement":[{"@type":"ListItem","position":1,"name":"In\u00edcio","item":"https:\/\/www.omovimento.com.br\/portal\/"},{"@type":"ListItem","position":2,"name":"Rave em Pirassununga tem segunda apreens\u00e3o de drogas no mesmo dia"}]},{"@type":"WebSite","@id":"https:\/\/www.omovimento.com.br\/portal\/#website","url":"https:\/\/www.omovimento.com.br\/portal\/","name":"Jornal O Movimento","description":"","publisher":{"@id":"https:\/\/www.omovimento.com.br\/portal\/#organization"},"potentialAction":[{"@type":"SearchAction","target":{"@type":"EntryPoint","urlTemplate":"https:\/\/www.omovimento.com.br\/portal\/?s={search_term_string}"},"query-input":{"@type":"PropertyValueSpecification","valueRequired":true,"valueName":"search_term_string"}}],"inLanguage":"pt-BR"},{"@type":"Organization","@id":"https:\/\/www.omovimento.com.br\/portal\/#organization","name":"Jornal O Movimento","url":"https:\/\/www.omovimento.com.br\/portal\/","logo":{"@type":"ImageObject","inLanguage":"pt-BR","@id":"https:\/\/www.omovimento.com.br\/portal\/#\/schema\/logo\/image\/","url":"https:\/\/www.omovimento.com.br\/portal\/wp-content\/uploads\/2026\/03\/logo_jornal_O_Movimento-1-1536x343-1-1.png","contentUrl":"https:\/\/www.omovimento.com.br\/portal\/wp-content\/uploads\/2026\/03\/logo_jornal_O_Movimento-1-1536x343-1-1.png","width":1536,"height":343,"caption":"Jornal O Movimento"},"image":{"@id":"https:\/\/www.omovimento.com.br\/portal\/#\/schema\/logo\/image\/"}},{"@type":"Person","@id":"https:\/\/www.omovimento.com.br\/portal\/#\/schema\/person\/e7d3971f53952141ade7388e0033ce8d","name":"Reda\u00e7\u00e3o","image":{"@type":"ImageObject","inLanguage":"pt-BR","@id":"https:\/\/secure.gravatar.com\/avatar\/549ab8e14173ace5e8b1c3bd80cf838bc0d00b7e1b65a361093164d85a62d45b?s=96&d=mm&r=g","url":"https:\/\/secure.gravatar.com\/avatar\/549ab8e14173ace5e8b1c3bd80cf838bc0d00b7e1b65a361093164d85a62d45b?s=96&d=mm&r=g","contentUrl":"https:\/\/secure.gravatar.com\/avatar\/549ab8e14173ace5e8b1c3bd80cf838bc0d00b7e1b65a361093164d85a62d45b?s=96&d=mm&r=g","caption":"Reda\u00e7\u00e3o"},"url":"https:\/\/www.omovimento.com.br\/portal\/author\/admin\/"}]}},"_links":{"self":[{"href":"https:\/\/www.omovimento.com.br\/portal\/wp-json\/wp\/v2\/posts\/44029","targetHints":{"allow":["GET"]}}],"collection":[{"href":"https:\/\/www.omovimento.com.br\/portal\/wp-json\/wp\/v2\/posts"}],"about":[{"href":"https:\/\/www.omovimento.com.br\/portal\/wp-json\/wp\/v2\/types\/post"}],"author":[{"embeddable":true,"href":"https:\/\/www.omovimento.com.br\/portal\/wp-json\/wp\/v2\/users\/3"}],"replies":[{"embeddable":true,"href":"https:\/\/www.omovimento.com.br\/portal\/wp-json\/wp\/v2\/comments?post=44029"}],"version-history":[{"count":1,"href":"https:\/\/www.omovimento.com.br\/portal\/wp-json\/wp\/v2\/posts\/44029\/revisions"}],"predecessor-version":[{"id":44031,"href":"https:\/\/www.omovimento.com.br\/portal\/wp-json\/wp\/v2\/posts\/44029\/revisions\/44031"}],"wp:featuredmedia":[{"embeddable":true,"href":"https:\/\/www.omovimento.com.br\/portal\/wp-json\/wp\/v2\/media\/44030"}],"wp:attachment":[{"href":"https:\/\/www.omovimento.com.br\/portal\/wp-json\/wp\/v2\/media?parent=44029"}],"wp:term":[{"taxonomy":"category","embeddable":true,"href":"https:\/\/www.omovimento.com.br\/portal\/wp-json\/wp\/v2\/categories?post=44029"},{"taxonomy":"post_tag","embeddable":true,"href":"https:\/\/www.omovimento.com.br\/portal\/wp-json\/wp\/v2\/tags?post=44029"}],"curies":[{"name":"wp","href":"https:\/\/api.w.org\/{rel}","templated":true}]}}