{"id":44021,"date":"2026-05-02T22:11:24","date_gmt":"2026-05-03T01:11:24","guid":{"rendered":"https:\/\/www.omovimento.com.br\/portal\/?p=44021"},"modified":"2026-05-03T08:26:44","modified_gmt":"2026-05-03T11:26:44","slug":"operacao-policial-em-rave-em-pirassununga-resulta-em-apreensao-de-ecstasy-cocaina-e-maconha","status":"publish","type":"post","link":"https:\/\/www.omovimento.com.br\/portal\/seguranca-publica\/operacao-policial-em-rave-em-pirassununga-resulta-em-apreensao-de-ecstasy-cocaina-e-maconha\/","title":{"rendered":"Opera\u00e7\u00e3o policial em rave em Pirassununga resulta em apreens\u00e3o de ecstasy, coca\u00edna e maconha"},"content":{"rendered":"<p data-start=\"101\" data-end=\"407\"><span style=\"font-size: 12pt; font-family: tahoma, arial, helvetica, sans-serif;\">Uma opera\u00e7\u00e3o de fiscaliza\u00e7\u00e3o da Pol\u00edcia Militar resultou na <strong data-start=\"161\" data-end=\"201\">apreens\u00e3o de drogas com nove pessoas<\/strong> na tarde deste s\u00e1bado (2), na \u00e1rea rural de <span class=\"hover:entity-accent entity-underline inline cursor-pointer align-baseline\"><span class=\"whitespace-normal\">Pirassununga<\/span><\/span>. A a\u00e7\u00e3o ocorreu durante o esquema de seguran\u00e7a do <strong data-start=\"334\" data-end=\"359\">\u201cTerra Viva Festival\u201d<\/strong>, realizado nas proximidades do bairro Muri\u00e7oca.<\/span><\/p><div id=\"omovi-1382076146\" class=\"omovi-conteudo-2 omovi-entity-placement\"><div id=\"63534-28\"><script src=\"\/\/ads.themoneytizer.com\/s\/gen.js?type=28\"><\/script><script src=\"\/\/ads.themoneytizer.com\/s\/requestform.js?siteId=63534&formatId=28\" ><\/script><\/div><\/div>\n<p data-start=\"101\" data-end=\"407\"><span style=\"font-family: tahoma, arial, helvetica, sans-serif;\">\ud83d\udcf1 <em>Siga o O Movimento no <a href=\"https:\/\/www.instagram.com\/jornalomovimento\/\">Instagram<\/a><\/em><\/span><\/p>\n<p data-start=\"409\" data-end=\"700\"><span style=\"font-size: 12pt; font-family: tahoma, arial, helvetica, sans-serif;\">A ocorr\u00eancia foi registrada por volta das <strong data-start=\"451\" data-end=\"460\">14h13<\/strong>, no km 3 da Rodovia SP-201 \u2014 Prefeito Euberto Nem\u00e9sio Pereira de Godoy. Segundo a PM, equipes realizavam patrulhamento preventivo devido \u00e0 movimenta\u00e7\u00e3o intensa provocada pelo evento, quando abordaram uma van que seguia em dire\u00e7\u00e3o ao local.<\/span><\/p>\n<figure id=\"attachment_44023\" aria-describedby=\"caption-attachment-44023\" style=\"width: 947px\" class=\"wp-caption aligncenter\"><img fetchpriority=\"high\" decoding=\"async\" class=\"wp-image-44023 size-full\" src=\"https:\/\/www.omovimento.com.br\/portal\/wp-content\/uploads\/2026\/05\/WhatsApp-Image-2026-05-02-at-21.13.32-1.jpeg\" alt=\"\" width=\"947\" height=\"756\" srcset=\"https:\/\/www.omovimento.com.br\/portal\/wp-content\/uploads\/2026\/05\/WhatsApp-Image-2026-05-02-at-21.13.32-1.jpeg 947w, https:\/\/www.omovimento.com.br\/portal\/wp-content\/uploads\/2026\/05\/WhatsApp-Image-2026-05-02-at-21.13.32-1-300x239.jpeg 300w, https:\/\/www.omovimento.com.br\/portal\/wp-content\/uploads\/2026\/05\/WhatsApp-Image-2026-05-02-at-21.13.32-1-768x613.jpeg 768w, https:\/\/www.omovimento.com.br\/portal\/wp-content\/uploads\/2026\/05\/WhatsApp-Image-2026-05-02-at-21.13.32-1-150x120.jpeg 150w, https:\/\/www.omovimento.com.br\/portal\/wp-content\/uploads\/2026\/05\/WhatsApp-Image-2026-05-02-at-21.13.32-1-450x359.jpeg 450w\" sizes=\"(max-width: 947px) 100vw, 947px\" \/><figcaption id=\"caption-attachment-44023\" class=\"wp-caption-text\">Ecstasy, maconha, coca\u00edna e \u201cice\u201d foram encontrados com nove pessoas. Foto: Divulga\u00e7\u00e3o\/Pol\u00edcia Militar<\/figcaption><\/figure>\n<p data-start=\"702\" data-end=\"986\"><span style=\"font-size: 12pt; font-family: tahoma, arial, helvetica, sans-serif;\">A a\u00e7\u00e3o contou com o <strong data-start=\"722\" data-end=\"795\">apoio de equipes do 10\u00ba Batalh\u00e3o de A\u00e7\u00f5es Especiais de Pol\u00edcia (Baep)<\/strong>. Durante a revista pessoal e a vistoria em bolsas e pertences, os policiais encontraram entorpecentes com <strong data-start=\"902\" data-end=\"985\">nove ocupantes do ve\u00edculo \u2014 seis homens e tr\u00eas mulheres, todos maiores de idade<\/strong>.<\/span><\/p>\n<p data-start=\"988\" data-end=\"1015\"><span style=\"font-size: 12pt; font-family: tahoma, arial, helvetica, sans-serif;\">Ao todo, foram apreendidos:<\/span><\/p>\n<ul data-start=\"1016\" data-end=\"1145\">\n<li data-section-id=\"4rv18z\" data-start=\"1016\" data-end=\"1044\"><span style=\"font-size: 12pt; font-family: tahoma, arial, helvetica, sans-serif;\"><strong data-start=\"1018\" data-end=\"1044\">15,3 gramas de ecstasy<\/strong><\/span><\/li>\n<li data-section-id=\"16e2sbx\" data-start=\"1045\" data-end=\"1088\"><span style=\"font-size: 12pt; font-family: tahoma, arial, helvetica, sans-serif;\"><strong data-start=\"1047\" data-end=\"1088\">12,01 gramas de \u201cice\u201d (metanfetamina)<\/strong><\/span><\/li>\n<li data-section-id=\"1ty4r5m\" data-start=\"1089\" data-end=\"1117\"><span style=\"font-size: 12pt; font-family: tahoma, arial, helvetica, sans-serif;\"><strong data-start=\"1091\" data-end=\"1117\">22,3 gramas de maconha<\/strong><\/span><\/li>\n<li data-section-id=\"13orwp1\" data-start=\"1118\" data-end=\"1145\"><span style=\"font-size: 12pt; font-family: tahoma, arial, helvetica, sans-serif;\"><strong data-start=\"1120\" data-end=\"1145\">6,1 gramas de coca\u00edna<\/strong><\/span><\/li>\n<\/ul>\n<p data-start=\"1147\" data-end=\"1308\"><span style=\"font-size: 12pt; font-family: tahoma, arial, helvetica, sans-serif;\">De acordo com o boletim de ocorr\u00eancia, <strong data-start=\"1186\" data-end=\"1245\">cada indiv\u00edduo assumiu a posse da subst\u00e2ncia encontrada<\/strong>, o que caracterizou, inicialmente, porte para consumo pessoal.<\/span><\/p>\n<p data-start=\"1310\" data-end=\"1546\"><span style=\"font-size: 12pt; font-family: tahoma, arial, helvetica, sans-serif;\">Os envolvidos foram encaminhados \u00e0 Central de Pol\u00edcia Judici\u00e1ria, <strong data-start=\"1376\" data-end=\"1400\">sem o uso de algemas<\/strong>, onde o delegado de plant\u00e3o determinou a elabora\u00e7\u00e3o do auto de apreens\u00e3o e o registro com base no <strong data-start=\"1499\" data-end=\"1545\">artigo 28 da Lei 11.343\/06 (Lei de Drogas)<\/strong>.<\/span><\/p>\n<figure id=\"attachment_44024\" aria-describedby=\"caption-attachment-44024\" style=\"width: 1599px\" class=\"wp-caption aligncenter\"><img decoding=\"async\" class=\"wp-image-44024 size-full\" src=\"https:\/\/www.omovimento.com.br\/portal\/wp-content\/uploads\/2026\/05\/WhatsApp-Image-2026-05-02-at-21.13.33-1.jpeg\" alt=\"\" width=\"1599\" height=\"984\" srcset=\"https:\/\/www.omovimento.com.br\/portal\/wp-content\/uploads\/2026\/05\/WhatsApp-Image-2026-05-02-at-21.13.33-1.jpeg 1599w, https:\/\/www.omovimento.com.br\/portal\/wp-content\/uploads\/2026\/05\/WhatsApp-Image-2026-05-02-at-21.13.33-1-300x185.jpeg 300w, https:\/\/www.omovimento.com.br\/portal\/wp-content\/uploads\/2026\/05\/WhatsApp-Image-2026-05-02-at-21.13.33-1-1024x630.jpeg 1024w, https:\/\/www.omovimento.com.br\/portal\/wp-content\/uploads\/2026\/05\/WhatsApp-Image-2026-05-02-at-21.13.33-1-768x473.jpeg 768w, https:\/\/www.omovimento.com.br\/portal\/wp-content\/uploads\/2026\/05\/WhatsApp-Image-2026-05-02-at-21.13.33-1-1536x945.jpeg 1536w, https:\/\/www.omovimento.com.br\/portal\/wp-content\/uploads\/2026\/05\/WhatsApp-Image-2026-05-02-at-21.13.33-1-150x92.jpeg 150w, https:\/\/www.omovimento.com.br\/portal\/wp-content\/uploads\/2026\/05\/WhatsApp-Image-2026-05-02-at-21.13.33-1-450x277.jpeg 450w, https:\/\/www.omovimento.com.br\/portal\/wp-content\/uploads\/2026\/05\/WhatsApp-Image-2026-05-02-at-21.13.33-1-1200x738.jpeg 1200w\" sizes=\"(max-width: 1599px) 100vw, 1599px\" \/><figcaption id=\"caption-attachment-44024\" class=\"wp-caption-text\">Todos foram encaminhados \u00e0 delegacia ap\u00f3s a abordagem policial. Foto: Divulga\u00e7\u00e3o\/Pol\u00edcia Militar<\/figcaption><\/figure>\n<p data-start=\"1548\" data-end=\"1804\" data-is-last-node=\"\" data-is-only-node=\"\"><span style=\"font-size: 12pt; font-family: tahoma, arial, helvetica, sans-serif;\">Ap\u00f3s serem ouvidos, <strong data-start=\"1568\" data-end=\"1593\">todos foram liberados<\/strong>, enquanto os entorpecentes permaneceram apreendidos. A opera\u00e7\u00e3o teve car\u00e1ter preventivo, com foco em <strong data-start=\"1695\" data-end=\"1736\">garantir a seguran\u00e7a durante o evento<\/strong>, que reuniu p\u00fablico de diversas cidades na zona rural do munic\u00edpio.<\/span><\/p>\n<figure id=\"attachment_44025\" aria-describedby=\"caption-attachment-44025\" style=\"width: 1200px\" class=\"wp-caption aligncenter\"><img decoding=\"async\" class=\"wp-image-44025 size-full\" src=\"https:\/\/www.omovimento.com.br\/portal\/wp-content\/uploads\/2026\/05\/WhatsApp-Image-2026-05-02-at-21.13.02.jpeg\" alt=\"\" width=\"1200\" height=\"870\" srcset=\"https:\/\/www.omovimento.com.br\/portal\/wp-content\/uploads\/2026\/05\/WhatsApp-Image-2026-05-02-at-21.13.02.jpeg 1200w, https:\/\/www.omovimento.com.br\/portal\/wp-content\/uploads\/2026\/05\/WhatsApp-Image-2026-05-02-at-21.13.02-300x218.jpeg 300w, https:\/\/www.omovimento.com.br\/portal\/wp-content\/uploads\/2026\/05\/WhatsApp-Image-2026-05-02-at-21.13.02-1024x742.jpeg 1024w, https:\/\/www.omovimento.com.br\/portal\/wp-content\/uploads\/2026\/05\/WhatsApp-Image-2026-05-02-at-21.13.02-768x557.jpeg 768w, https:\/\/www.omovimento.com.br\/portal\/wp-content\/uploads\/2026\/05\/WhatsApp-Image-2026-05-02-at-21.13.02-150x109.jpeg 150w, https:\/\/www.omovimento.com.br\/portal\/wp-content\/uploads\/2026\/05\/WhatsApp-Image-2026-05-02-at-21.13.02-450x326.jpeg 450w\" sizes=\"(max-width: 1200px) 100vw, 1200px\" \/><figcaption id=\"caption-attachment-44025\" class=\"wp-caption-text\">A\u00e7\u00e3o contou com apoio do Baep durante opera\u00e7\u00e3o preventiva. Foto: Divulga\u00e7\u00e3o\/Pol\u00edcia Militar<\/figcaption><\/figure>\n<p data-start=\"822\" data-end=\"1009\"><span style=\"font-family: tahoma, arial, helvetica, sans-serif;\">\u270d\ufe0f <em data-start=\"1160\" data-end=\"1198\" data-is-last-node=\"\">Reportagem: <a href=\"https:\/\/www.facebook.com\/jornalistatonioliveiraon\/\"><strong>Jornalista Toni Oliveira<\/strong><\/a><\/em><\/span><\/p>\n<p data-start=\"1490\" data-end=\"1675\"><span style=\"font-family: tahoma, arial, helvetica, sans-serif;\">\ud83d\udcf2\u00a0Fa\u00e7a uma den\u00fancia ou sugira uma reportagem sobre Pirassunungae regi\u00e3o por meio do WhatsApp do jornal <strong>O Movimento: <a href=\"https:\/\/wa.me\/5519982506789\" target=\"_blank\" rel=\"noreferrer noopener\" data-mrf-link=\"https:\/\/wa.me\/5516991499787\">(19) 98250-6789<\/a>.<\/strong><\/span><\/p>\n<p><span style=\"font-size: 14pt; color: #808080; font-family: tahoma, arial, helvetica, sans-serif;\"><em>Jorna<strong>l O Movimento<\/strong> \u00a0H\u00e1 91 anos, a principal refer\u00eancia em jornalismo na regi\u00e3o<\/em><\/span><\/p>\n<p><span style=\"font-family: tahoma, arial, helvetica, sans-serif;\"><em>( Fica proibida a reprodu\u00e7\u00e3o total ou parcial, c\u00f3pia ou distribui\u00e7\u00e3o do conte\u00fado, sem autoriza\u00e7\u00e3o expressa por parte do <strong>jornal O Movimento<\/strong>)<\/em><\/span><\/p>\n<p><span style=\"font-family: tahoma, arial, helvetica, sans-serif;\"><script src=\"\/\/ads.themoneytizer.com\/s\/gen.js?type=16\"><\/script><\/span><\/p>\n<div id=\"63534-16\" class=\"outbrain-tm\"><span style=\"font-family: tahoma, arial, helvetica, sans-serif;\"><script src=\"\/\/ads.themoneytizer.com\/s\/gen.js?type=16\"><\/script><\/span><\/div>\n<input type=\"hidden\" id=\"baseurl\" value=\"https:\/\/www.omovimento.com.br\/portal\"><input type=\"hidden\" id=\"audio_nonce\" value=\"6e6af060d0\">","protected":false},"excerpt":{"rendered":"<p>Uma opera\u00e7\u00e3o de fiscaliza\u00e7\u00e3o da Pol\u00edcia Militar resultou na apreens\u00e3o de drogas com nove pessoas na tarde deste s\u00e1bado (2), na \u00e1rea rural de Pirassununga. A a\u00e7\u00e3o ocorreu durante o esquema de seguran\u00e7a do \u201cTerra Viva Festival\u201d, realizado nas proximidades do bairro Muri\u00e7oca. \ud83d\udcf1 Siga o O Movimento no Instagram A ocorr\u00eancia foi registrada por<\/p>\n","protected":false},"author":3,"featured_media":44022,"comment_status":"open","ping_status":"open","sticky":false,"template":"","format":"standard","meta":{"footnotes":""},"categories":[11],"tags":[],"class_list":{"0":"post-44021","1":"post","2":"type-post","3":"status-publish","4":"format-standard","5":"has-post-thumbnail","7":"category-seguranca-publica"},"yoast_head":"<!-- This site is optimized with the Yoast SEO plugin v27.3 - https:\/\/yoast.com\/product\/yoast-seo-wordpress\/ -->\n<title>Opera\u00e7\u00e3o policial em rave em Pirassununga resulta em apreens\u00e3o de ecstasy, coca\u00edna e maconha - Jornal O Movimento<\/title>\n<meta name=\"robots\" content=\"index, follow, max-snippet:-1, max-image-preview:large, max-video-preview:-1\" \/>\n<link rel=\"canonical\" href=\"https:\/\/www.omovimento.com.br\/portal\/seguranca-publica\/operacao-policial-em-rave-em-pirassununga-resulta-em-apreensao-de-ecstasy-cocaina-e-maconha\/\" \/>\n<meta property=\"og:locale\" content=\"pt_BR\" \/>\n<meta property=\"og:type\" content=\"article\" \/>\n<meta property=\"og:title\" content=\"Opera\u00e7\u00e3o policial em rave em Pirassununga resulta em apreens\u00e3o de ecstasy, coca\u00edna e maconha - Jornal O Movimento\" \/>\n<meta property=\"og:description\" content=\"Uma opera\u00e7\u00e3o de fiscaliza\u00e7\u00e3o da Pol\u00edcia Militar resultou na apreens\u00e3o de drogas com nove pessoas na tarde deste s\u00e1bado (2), na \u00e1rea rural de Pirassununga. A a\u00e7\u00e3o ocorreu durante o esquema de seguran\u00e7a do \u201cTerra Viva Festival\u201d, realizado nas proximidades do bairro Muri\u00e7oca. \ud83d\udcf1 Siga o O Movimento no Instagram A ocorr\u00eancia foi registrada por\" \/>\n<meta property=\"og:url\" content=\"https:\/\/www.omovimento.com.br\/portal\/seguranca-publica\/operacao-policial-em-rave-em-pirassununga-resulta-em-apreensao-de-ecstasy-cocaina-e-maconha\/\" \/>\n<meta property=\"og:site_name\" content=\"Jornal O Movimento\" \/>\n<meta property=\"article:published_time\" content=\"2026-05-03T01:11:24+00:00\" \/>\n<meta property=\"article:modified_time\" content=\"2026-05-03T11:26:44+00:00\" \/>\n<meta property=\"og:image\" content=\"https:\/\/www.omovimento.com.br\/portal\/wp-content\/uploads\/2026\/05\/WhatsApp-Image-2026-05-02-at-21.13.01-1.jpeg\" \/>\n\t<meta property=\"og:image:width\" content=\"1200\" \/>\n\t<meta property=\"og:image:height\" content=\"788\" \/>\n\t<meta property=\"og:image:type\" content=\"image\/jpeg\" \/>\n<meta name=\"author\" content=\"Reda\u00e7\u00e3o\" \/>\n<meta name=\"twitter:card\" content=\"summary_large_image\" \/>\n<meta name=\"twitter:label1\" content=\"Escrito por\" \/>\n\t<meta name=\"twitter:data1\" content=\"Reda\u00e7\u00e3o\" \/>\n\t<meta name=\"twitter:label2\" content=\"Est. tempo de leitura\" \/>\n\t<meta name=\"twitter:data2\" content=\"3 minutos\" \/>\n<script type=\"application\/ld+json\" class=\"yoast-schema-graph\">{\"@context\":\"https:\\\/\\\/schema.org\",\"@graph\":[{\"@type\":\"Article\",\"@id\":\"https:\\\/\\\/www.omovimento.com.br\\\/portal\\\/seguranca-publica\\\/operacao-policial-em-rave-em-pirassununga-resulta-em-apreensao-de-ecstasy-cocaina-e-maconha\\\/#article\",\"isPartOf\":{\"@id\":\"https:\\\/\\\/www.omovimento.com.br\\\/portal\\\/seguranca-publica\\\/operacao-policial-em-rave-em-pirassununga-resulta-em-apreensao-de-ecstasy-cocaina-e-maconha\\\/\"},\"author\":{\"name\":\"Reda\u00e7\u00e3o\",\"@id\":\"https:\\\/\\\/www.omovimento.com.br\\\/portal\\\/#\\\/schema\\\/person\\\/e7d3971f53952141ade7388e0033ce8d\"},\"headline\":\"Opera\u00e7\u00e3o policial em rave em Pirassununga resulta em apreens\u00e3o de ecstasy, coca\u00edna e maconha\",\"datePublished\":\"2026-05-03T01:11:24+00:00\",\"dateModified\":\"2026-05-03T11:26:44+00:00\",\"mainEntityOfPage\":{\"@id\":\"https:\\\/\\\/www.omovimento.com.br\\\/portal\\\/seguranca-publica\\\/operacao-policial-em-rave-em-pirassununga-resulta-em-apreensao-de-ecstasy-cocaina-e-maconha\\\/\"},\"wordCount\":434,\"commentCount\":0,\"publisher\":{\"@id\":\"https:\\\/\\\/www.omovimento.com.br\\\/portal\\\/#organization\"},\"image\":{\"@id\":\"https:\\\/\\\/www.omovimento.com.br\\\/portal\\\/seguranca-publica\\\/operacao-policial-em-rave-em-pirassununga-resulta-em-apreensao-de-ecstasy-cocaina-e-maconha\\\/#primaryimage\"},\"thumbnailUrl\":\"https:\\\/\\\/www.omovimento.com.br\\\/portal\\\/wp-content\\\/uploads\\\/2026\\\/05\\\/WhatsApp-Image-2026-05-02-at-21.13.01-1.jpeg\",\"articleSection\":[\"Seguran\u00e7a P\u00fablica\"],\"inLanguage\":\"pt-BR\",\"potentialAction\":[{\"@type\":\"CommentAction\",\"name\":\"Comment\",\"target\":[\"https:\\\/\\\/www.omovimento.com.br\\\/portal\\\/seguranca-publica\\\/operacao-policial-em-rave-em-pirassununga-resulta-em-apreensao-de-ecstasy-cocaina-e-maconha\\\/#respond\"]}]},{\"@type\":\"WebPage\",\"@id\":\"https:\\\/\\\/www.omovimento.com.br\\\/portal\\\/seguranca-publica\\\/operacao-policial-em-rave-em-pirassununga-resulta-em-apreensao-de-ecstasy-cocaina-e-maconha\\\/\",\"url\":\"https:\\\/\\\/www.omovimento.com.br\\\/portal\\\/seguranca-publica\\\/operacao-policial-em-rave-em-pirassununga-resulta-em-apreensao-de-ecstasy-cocaina-e-maconha\\\/\",\"name\":\"Opera\u00e7\u00e3o policial em rave em Pirassununga resulta em apreens\u00e3o de ecstasy, coca\u00edna e maconha - Jornal O Movimento\",\"isPartOf\":{\"@id\":\"https:\\\/\\\/www.omovimento.com.br\\\/portal\\\/#website\"},\"primaryImageOfPage\":{\"@id\":\"https:\\\/\\\/www.omovimento.com.br\\\/portal\\\/seguranca-publica\\\/operacao-policial-em-rave-em-pirassununga-resulta-em-apreensao-de-ecstasy-cocaina-e-maconha\\\/#primaryimage\"},\"image\":{\"@id\":\"https:\\\/\\\/www.omovimento.com.br\\\/portal\\\/seguranca-publica\\\/operacao-policial-em-rave-em-pirassununga-resulta-em-apreensao-de-ecstasy-cocaina-e-maconha\\\/#primaryimage\"},\"thumbnailUrl\":\"https:\\\/\\\/www.omovimento.com.br\\\/portal\\\/wp-content\\\/uploads\\\/2026\\\/05\\\/WhatsApp-Image-2026-05-02-at-21.13.01-1.jpeg\",\"datePublished\":\"2026-05-03T01:11:24+00:00\",\"dateModified\":\"2026-05-03T11:26:44+00:00\",\"breadcrumb\":{\"@id\":\"https:\\\/\\\/www.omovimento.com.br\\\/portal\\\/seguranca-publica\\\/operacao-policial-em-rave-em-pirassununga-resulta-em-apreensao-de-ecstasy-cocaina-e-maconha\\\/#breadcrumb\"},\"inLanguage\":\"pt-BR\",\"potentialAction\":[{\"@type\":\"ReadAction\",\"target\":[\"https:\\\/\\\/www.omovimento.com.br\\\/portal\\\/seguranca-publica\\\/operacao-policial-em-rave-em-pirassununga-resulta-em-apreensao-de-ecstasy-cocaina-e-maconha\\\/\"]}]},{\"@type\":\"ImageObject\",\"inLanguage\":\"pt-BR\",\"@id\":\"https:\\\/\\\/www.omovimento.com.br\\\/portal\\\/seguranca-publica\\\/operacao-policial-em-rave-em-pirassununga-resulta-em-apreensao-de-ecstasy-cocaina-e-maconha\\\/#primaryimage\",\"url\":\"https:\\\/\\\/www.omovimento.com.br\\\/portal\\\/wp-content\\\/uploads\\\/2026\\\/05\\\/WhatsApp-Image-2026-05-02-at-21.13.01-1.jpeg\",\"contentUrl\":\"https:\\\/\\\/www.omovimento.com.br\\\/portal\\\/wp-content\\\/uploads\\\/2026\\\/05\\\/WhatsApp-Image-2026-05-02-at-21.13.01-1.jpeg\",\"width\":1200,\"height\":788,\"caption\":\"A\u00e7\u00e3o contou com apoio do Baep durante opera\u00e7\u00e3o preventiva. Foto: Divulga\u00e7\u00e3o\\\/Pol\u00edcia Militar\"},{\"@type\":\"BreadcrumbList\",\"@id\":\"https:\\\/\\\/www.omovimento.com.br\\\/portal\\\/seguranca-publica\\\/operacao-policial-em-rave-em-pirassununga-resulta-em-apreensao-de-ecstasy-cocaina-e-maconha\\\/#breadcrumb\",\"itemListElement\":[{\"@type\":\"ListItem\",\"position\":1,\"name\":\"In\u00edcio\",\"item\":\"https:\\\/\\\/www.omovimento.com.br\\\/portal\\\/\"},{\"@type\":\"ListItem\",\"position\":2,\"name\":\"Opera\u00e7\u00e3o policial em rave em Pirassununga resulta em apreens\u00e3o de ecstasy, coca\u00edna e maconha\"}]},{\"@type\":\"WebSite\",\"@id\":\"https:\\\/\\\/www.omovimento.com.br\\\/portal\\\/#website\",\"url\":\"https:\\\/\\\/www.omovimento.com.br\\\/portal\\\/\",\"name\":\"Jornal O Movimento\",\"description\":\"\",\"publisher\":{\"@id\":\"https:\\\/\\\/www.omovimento.com.br\\\/portal\\\/#organization\"},\"potentialAction\":[{\"@type\":\"SearchAction\",\"target\":{\"@type\":\"EntryPoint\",\"urlTemplate\":\"https:\\\/\\\/www.omovimento.com.br\\\/portal\\\/?s={search_term_string}\"},\"query-input\":{\"@type\":\"PropertyValueSpecification\",\"valueRequired\":true,\"valueName\":\"search_term_string\"}}],\"inLanguage\":\"pt-BR\"},{\"@type\":\"Organization\",\"@id\":\"https:\\\/\\\/www.omovimento.com.br\\\/portal\\\/#organization\",\"name\":\"Jornal O Movimento\",\"url\":\"https:\\\/\\\/www.omovimento.com.br\\\/portal\\\/\",\"logo\":{\"@type\":\"ImageObject\",\"inLanguage\":\"pt-BR\",\"@id\":\"https:\\\/\\\/www.omovimento.com.br\\\/portal\\\/#\\\/schema\\\/logo\\\/image\\\/\",\"url\":\"https:\\\/\\\/www.omovimento.com.br\\\/portal\\\/wp-content\\\/uploads\\\/2026\\\/03\\\/logo_jornal_O_Movimento-1-1536x343-1-1.png\",\"contentUrl\":\"https:\\\/\\\/www.omovimento.com.br\\\/portal\\\/wp-content\\\/uploads\\\/2026\\\/03\\\/logo_jornal_O_Movimento-1-1536x343-1-1.png\",\"width\":1536,\"height\":343,\"caption\":\"Jornal O Movimento\"},\"image\":{\"@id\":\"https:\\\/\\\/www.omovimento.com.br\\\/portal\\\/#\\\/schema\\\/logo\\\/image\\\/\"}},{\"@type\":\"Person\",\"@id\":\"https:\\\/\\\/www.omovimento.com.br\\\/portal\\\/#\\\/schema\\\/person\\\/e7d3971f53952141ade7388e0033ce8d\",\"name\":\"Reda\u00e7\u00e3o\",\"image\":{\"@type\":\"ImageObject\",\"inLanguage\":\"pt-BR\",\"@id\":\"https:\\\/\\\/secure.gravatar.com\\\/avatar\\\/549ab8e14173ace5e8b1c3bd80cf838bc0d00b7e1b65a361093164d85a62d45b?s=96&d=mm&r=g\",\"url\":\"https:\\\/\\\/secure.gravatar.com\\\/avatar\\\/549ab8e14173ace5e8b1c3bd80cf838bc0d00b7e1b65a361093164d85a62d45b?s=96&d=mm&r=g\",\"contentUrl\":\"https:\\\/\\\/secure.gravatar.com\\\/avatar\\\/549ab8e14173ace5e8b1c3bd80cf838bc0d00b7e1b65a361093164d85a62d45b?s=96&d=mm&r=g\",\"caption\":\"Reda\u00e7\u00e3o\"},\"url\":\"https:\\\/\\\/www.omovimento.com.br\\\/portal\\\/author\\\/admin\\\/\"}]}<\/script>\n<!-- \/ Yoast SEO plugin. -->","yoast_head_json":{"title":"Opera\u00e7\u00e3o policial em rave em Pirassununga resulta em apreens\u00e3o de ecstasy, coca\u00edna e maconha - Jornal O Movimento","robots":{"index":"index","follow":"follow","max-snippet":"max-snippet:-1","max-image-preview":"max-image-preview:large","max-video-preview":"max-video-preview:-1"},"canonical":"https:\/\/www.omovimento.com.br\/portal\/seguranca-publica\/operacao-policial-em-rave-em-pirassununga-resulta-em-apreensao-de-ecstasy-cocaina-e-maconha\/","og_locale":"pt_BR","og_type":"article","og_title":"Opera\u00e7\u00e3o policial em rave em Pirassununga resulta em apreens\u00e3o de ecstasy, coca\u00edna e maconha - Jornal O Movimento","og_description":"Uma opera\u00e7\u00e3o de fiscaliza\u00e7\u00e3o da Pol\u00edcia Militar resultou na apreens\u00e3o de drogas com nove pessoas na tarde deste s\u00e1bado (2), na \u00e1rea rural de Pirassununga. A a\u00e7\u00e3o ocorreu durante o esquema de seguran\u00e7a do \u201cTerra Viva Festival\u201d, realizado nas proximidades do bairro Muri\u00e7oca. \ud83d\udcf1 Siga o O Movimento no Instagram A ocorr\u00eancia foi registrada por","og_url":"https:\/\/www.omovimento.com.br\/portal\/seguranca-publica\/operacao-policial-em-rave-em-pirassununga-resulta-em-apreensao-de-ecstasy-cocaina-e-maconha\/","og_site_name":"Jornal O Movimento","article_published_time":"2026-05-03T01:11:24+00:00","article_modified_time":"2026-05-03T11:26:44+00:00","og_image":[{"width":1200,"height":788,"url":"https:\/\/www.omovimento.com.br\/portal\/wp-content\/uploads\/2026\/05\/WhatsApp-Image-2026-05-02-at-21.13.01-1.jpeg","type":"image\/jpeg"}],"author":"Reda\u00e7\u00e3o","twitter_card":"summary_large_image","twitter_misc":{"Escrito por":"Reda\u00e7\u00e3o","Est. tempo de leitura":"3 minutos"},"schema":{"@context":"https:\/\/schema.org","@graph":[{"@type":"Article","@id":"https:\/\/www.omovimento.com.br\/portal\/seguranca-publica\/operacao-policial-em-rave-em-pirassununga-resulta-em-apreensao-de-ecstasy-cocaina-e-maconha\/#article","isPartOf":{"@id":"https:\/\/www.omovimento.com.br\/portal\/seguranca-publica\/operacao-policial-em-rave-em-pirassununga-resulta-em-apreensao-de-ecstasy-cocaina-e-maconha\/"},"author":{"name":"Reda\u00e7\u00e3o","@id":"https:\/\/www.omovimento.com.br\/portal\/#\/schema\/person\/e7d3971f53952141ade7388e0033ce8d"},"headline":"Opera\u00e7\u00e3o policial em rave em Pirassununga resulta em apreens\u00e3o de ecstasy, coca\u00edna e maconha","datePublished":"2026-05-03T01:11:24+00:00","dateModified":"2026-05-03T11:26:44+00:00","mainEntityOfPage":{"@id":"https:\/\/www.omovimento.com.br\/portal\/seguranca-publica\/operacao-policial-em-rave-em-pirassununga-resulta-em-apreensao-de-ecstasy-cocaina-e-maconha\/"},"wordCount":434,"commentCount":0,"publisher":{"@id":"https:\/\/www.omovimento.com.br\/portal\/#organization"},"image":{"@id":"https:\/\/www.omovimento.com.br\/portal\/seguranca-publica\/operacao-policial-em-rave-em-pirassununga-resulta-em-apreensao-de-ecstasy-cocaina-e-maconha\/#primaryimage"},"thumbnailUrl":"https:\/\/www.omovimento.com.br\/portal\/wp-content\/uploads\/2026\/05\/WhatsApp-Image-2026-05-02-at-21.13.01-1.jpeg","articleSection":["Seguran\u00e7a P\u00fablica"],"inLanguage":"pt-BR","potentialAction":[{"@type":"CommentAction","name":"Comment","target":["https:\/\/www.omovimento.com.br\/portal\/seguranca-publica\/operacao-policial-em-rave-em-pirassununga-resulta-em-apreensao-de-ecstasy-cocaina-e-maconha\/#respond"]}]},{"@type":"WebPage","@id":"https:\/\/www.omovimento.com.br\/portal\/seguranca-publica\/operacao-policial-em-rave-em-pirassununga-resulta-em-apreensao-de-ecstasy-cocaina-e-maconha\/","url":"https:\/\/www.omovimento.com.br\/portal\/seguranca-publica\/operacao-policial-em-rave-em-pirassununga-resulta-em-apreensao-de-ecstasy-cocaina-e-maconha\/","name":"Opera\u00e7\u00e3o policial em rave em Pirassununga resulta em apreens\u00e3o de ecstasy, coca\u00edna e maconha - Jornal O Movimento","isPartOf":{"@id":"https:\/\/www.omovimento.com.br\/portal\/#website"},"primaryImageOfPage":{"@id":"https:\/\/www.omovimento.com.br\/portal\/seguranca-publica\/operacao-policial-em-rave-em-pirassununga-resulta-em-apreensao-de-ecstasy-cocaina-e-maconha\/#primaryimage"},"image":{"@id":"https:\/\/www.omovimento.com.br\/portal\/seguranca-publica\/operacao-policial-em-rave-em-pirassununga-resulta-em-apreensao-de-ecstasy-cocaina-e-maconha\/#primaryimage"},"thumbnailUrl":"https:\/\/www.omovimento.com.br\/portal\/wp-content\/uploads\/2026\/05\/WhatsApp-Image-2026-05-02-at-21.13.01-1.jpeg","datePublished":"2026-05-03T01:11:24+00:00","dateModified":"2026-05-03T11:26:44+00:00","breadcrumb":{"@id":"https:\/\/www.omovimento.com.br\/portal\/seguranca-publica\/operacao-policial-em-rave-em-pirassununga-resulta-em-apreensao-de-ecstasy-cocaina-e-maconha\/#breadcrumb"},"inLanguage":"pt-BR","potentialAction":[{"@type":"ReadAction","target":["https:\/\/www.omovimento.com.br\/portal\/seguranca-publica\/operacao-policial-em-rave-em-pirassununga-resulta-em-apreensao-de-ecstasy-cocaina-e-maconha\/"]}]},{"@type":"ImageObject","inLanguage":"pt-BR","@id":"https:\/\/www.omovimento.com.br\/portal\/seguranca-publica\/operacao-policial-em-rave-em-pirassununga-resulta-em-apreensao-de-ecstasy-cocaina-e-maconha\/#primaryimage","url":"https:\/\/www.omovimento.com.br\/portal\/wp-content\/uploads\/2026\/05\/WhatsApp-Image-2026-05-02-at-21.13.01-1.jpeg","contentUrl":"https:\/\/www.omovimento.com.br\/portal\/wp-content\/uploads\/2026\/05\/WhatsApp-Image-2026-05-02-at-21.13.01-1.jpeg","width":1200,"height":788,"caption":"A\u00e7\u00e3o contou com apoio do Baep durante opera\u00e7\u00e3o preventiva. Foto: Divulga\u00e7\u00e3o\/Pol\u00edcia Militar"},{"@type":"BreadcrumbList","@id":"https:\/\/www.omovimento.com.br\/portal\/seguranca-publica\/operacao-policial-em-rave-em-pirassununga-resulta-em-apreensao-de-ecstasy-cocaina-e-maconha\/#breadcrumb","itemListElement":[{"@type":"ListItem","position":1,"name":"In\u00edcio","item":"https:\/\/www.omovimento.com.br\/portal\/"},{"@type":"ListItem","position":2,"name":"Opera\u00e7\u00e3o policial em rave em Pirassununga resulta em apreens\u00e3o de ecstasy, coca\u00edna e maconha"}]},{"@type":"WebSite","@id":"https:\/\/www.omovimento.com.br\/portal\/#website","url":"https:\/\/www.omovimento.com.br\/portal\/","name":"Jornal O Movimento","description":"","publisher":{"@id":"https:\/\/www.omovimento.com.br\/portal\/#organization"},"potentialAction":[{"@type":"SearchAction","target":{"@type":"EntryPoint","urlTemplate":"https:\/\/www.omovimento.com.br\/portal\/?s={search_term_string}"},"query-input":{"@type":"PropertyValueSpecification","valueRequired":true,"valueName":"search_term_string"}}],"inLanguage":"pt-BR"},{"@type":"Organization","@id":"https:\/\/www.omovimento.com.br\/portal\/#organization","name":"Jornal O Movimento","url":"https:\/\/www.omovimento.com.br\/portal\/","logo":{"@type":"ImageObject","inLanguage":"pt-BR","@id":"https:\/\/www.omovimento.com.br\/portal\/#\/schema\/logo\/image\/","url":"https:\/\/www.omovimento.com.br\/portal\/wp-content\/uploads\/2026\/03\/logo_jornal_O_Movimento-1-1536x343-1-1.png","contentUrl":"https:\/\/www.omovimento.com.br\/portal\/wp-content\/uploads\/2026\/03\/logo_jornal_O_Movimento-1-1536x343-1-1.png","width":1536,"height":343,"caption":"Jornal O Movimento"},"image":{"@id":"https:\/\/www.omovimento.com.br\/portal\/#\/schema\/logo\/image\/"}},{"@type":"Person","@id":"https:\/\/www.omovimento.com.br\/portal\/#\/schema\/person\/e7d3971f53952141ade7388e0033ce8d","name":"Reda\u00e7\u00e3o","image":{"@type":"ImageObject","inLanguage":"pt-BR","@id":"https:\/\/secure.gravatar.com\/avatar\/549ab8e14173ace5e8b1c3bd80cf838bc0d00b7e1b65a361093164d85a62d45b?s=96&d=mm&r=g","url":"https:\/\/secure.gravatar.com\/avatar\/549ab8e14173ace5e8b1c3bd80cf838bc0d00b7e1b65a361093164d85a62d45b?s=96&d=mm&r=g","contentUrl":"https:\/\/secure.gravatar.com\/avatar\/549ab8e14173ace5e8b1c3bd80cf838bc0d00b7e1b65a361093164d85a62d45b?s=96&d=mm&r=g","caption":"Reda\u00e7\u00e3o"},"url":"https:\/\/www.omovimento.com.br\/portal\/author\/admin\/"}]}},"_links":{"self":[{"href":"https:\/\/www.omovimento.com.br\/portal\/wp-json\/wp\/v2\/posts\/44021","targetHints":{"allow":["GET"]}}],"collection":[{"href":"https:\/\/www.omovimento.com.br\/portal\/wp-json\/wp\/v2\/posts"}],"about":[{"href":"https:\/\/www.omovimento.com.br\/portal\/wp-json\/wp\/v2\/types\/post"}],"author":[{"embeddable":true,"href":"https:\/\/www.omovimento.com.br\/portal\/wp-json\/wp\/v2\/users\/3"}],"replies":[{"embeddable":true,"href":"https:\/\/www.omovimento.com.br\/portal\/wp-json\/wp\/v2\/comments?post=44021"}],"version-history":[{"count":1,"href":"https:\/\/www.omovimento.com.br\/portal\/wp-json\/wp\/v2\/posts\/44021\/revisions"}],"predecessor-version":[{"id":44027,"href":"https:\/\/www.omovimento.com.br\/portal\/wp-json\/wp\/v2\/posts\/44021\/revisions\/44027"}],"wp:featuredmedia":[{"embeddable":true,"href":"https:\/\/www.omovimento.com.br\/portal\/wp-json\/wp\/v2\/media\/44022"}],"wp:attachment":[{"href":"https:\/\/www.omovimento.com.br\/portal\/wp-json\/wp\/v2\/media?parent=44021"}],"wp:term":[{"taxonomy":"category","embeddable":true,"href":"https:\/\/www.omovimento.com.br\/portal\/wp-json\/wp\/v2\/categories?post=44021"},{"taxonomy":"post_tag","embeddable":true,"href":"https:\/\/www.omovimento.com.br\/portal\/wp-json\/wp\/v2\/tags?post=44021"}],"curies":[{"name":"wp","href":"https:\/\/api.w.org\/{rel}","templated":true}]}}