{"id":44016,"date":"2026-05-02T14:53:47","date_gmt":"2026-05-02T17:53:47","guid":{"rendered":"https:\/\/www.omovimento.com.br\/portal\/?p=44016"},"modified":"2026-05-02T14:53:47","modified_gmt":"2026-05-02T17:53:47","slug":"tratores-furtados-em-area-rural-sao-recuperados-em-canavial-em-pirassununga","status":"publish","type":"post","link":"https:\/\/www.omovimento.com.br\/portal\/seguranca-publica\/tratores-furtados-em-area-rural-sao-recuperados-em-canavial-em-pirassununga\/","title":{"rendered":"Tratores furtados em \u00e1rea rural s\u00e3o recuperados em canavial em Pirassununga"},"content":{"rendered":"<p data-start=\"109\" data-end=\"419\"><span style=\"font-size: 12pt; font-family: tahoma, arial, helvetica, sans-serif;\">Na noite de sexta-feira (1\u00ba), por volta das 23h52, uma a\u00e7\u00e3o r\u00e1pida do <strong>Grupamento Especial de Patrulhamento Ambiental e Rural (GEPAR)<\/strong>, da Guarda Civil Municipal, resultou na recupera\u00e7\u00e3o de dois tratores furtados em uma propriedade rural na Estrada Joaquim Verg\u00ednio dos Santos, na regi\u00e3o da Est\u00e2ncia S\u00e3o Joaquim em Pirassununga, SP.<\/span><\/p><div id=\"omovi-2750904892\" class=\"omovi-conteudo-2 omovi-entity-placement\"><div id=\"63534-28\"><script src=\"\/\/ads.themoneytizer.com\/s\/gen.js?type=28\"><\/script><script src=\"\/\/ads.themoneytizer.com\/s\/requestform.js?siteId=63534&formatId=28\" ><\/script><\/div><\/div>\n<p data-start=\"109\" data-end=\"419\"><span style=\"font-family: tahoma, arial, helvetica, sans-serif;\">\ud83d\udcf1 <em>Siga o O Movimento no <a href=\"https:\/\/www.instagram.com\/jornalomovimento\/\">Instagram<\/a><\/em><\/span><\/p>\n<p data-start=\"421\" data-end=\"659\"><span style=\"font-size: 12pt; font-family: tahoma, arial, helvetica, sans-serif;\">De acordo com informa\u00e7\u00f5es da corpora\u00e7\u00e3o, a equipe foi acionada via CECOM ap\u00f3s den\u00fancia de furto em \u00e1rea rural. <strong data-start=\"532\" data-end=\"613\">Indiv\u00edduos desconhecidos teriam invadido a propriedade e levado dois tratores<\/strong>, sendo um modelo Valmet 785 e um Valtra A950.<\/span><\/p>\n<p data-start=\"421\" data-end=\"659\"><span style=\"font-size: 12pt; font-family: tahoma, arial, helvetica, sans-serif;\">No local, os agentes fizeram contato com uma testemunha e iniciaram buscas a partir dos rastros deixados pelos ve\u00edculos. <strong data-start=\"782\" data-end=\"847\">As marcas levaram os guardas at\u00e9 um canavial nas proximidades<\/strong>, onde foi realizada uma incurs\u00e3o na planta\u00e7\u00e3o.<\/span><\/p>\n<figure id=\"attachment_44018\" aria-describedby=\"caption-attachment-44018\" style=\"width: 1401px\" class=\"wp-caption aligncenter\"><img fetchpriority=\"high\" decoding=\"async\" class=\"wp-image-44018 size-full\" src=\"https:\/\/www.omovimento.com.br\/portal\/wp-content\/uploads\/2026\/05\/77c19bcc-af9b-4070-b6ba-46eb4486236c.jpg\" alt=\"\" width=\"1401\" height=\"867\" srcset=\"https:\/\/www.omovimento.com.br\/portal\/wp-content\/uploads\/2026\/05\/77c19bcc-af9b-4070-b6ba-46eb4486236c.jpg 1401w, https:\/\/www.omovimento.com.br\/portal\/wp-content\/uploads\/2026\/05\/77c19bcc-af9b-4070-b6ba-46eb4486236c-300x186.jpg 300w, https:\/\/www.omovimento.com.br\/portal\/wp-content\/uploads\/2026\/05\/77c19bcc-af9b-4070-b6ba-46eb4486236c-1024x634.jpg 1024w, https:\/\/www.omovimento.com.br\/portal\/wp-content\/uploads\/2026\/05\/77c19bcc-af9b-4070-b6ba-46eb4486236c-768x475.jpg 768w, https:\/\/www.omovimento.com.br\/portal\/wp-content\/uploads\/2026\/05\/77c19bcc-af9b-4070-b6ba-46eb4486236c-150x93.jpg 150w, https:\/\/www.omovimento.com.br\/portal\/wp-content\/uploads\/2026\/05\/77c19bcc-af9b-4070-b6ba-46eb4486236c-450x278.jpg 450w, https:\/\/www.omovimento.com.br\/portal\/wp-content\/uploads\/2026\/05\/77c19bcc-af9b-4070-b6ba-46eb4486236c-1200x743.jpg 1200w\" sizes=\"(max-width: 1401px) 100vw, 1401px\" \/><figcaption id=\"caption-attachment-44018\" class=\"wp-caption-text\">Foto: Divulga\u00e7\u00e3o\/GCM<\/figcaption><\/figure>\n<p data-start=\"896\" data-end=\"1081\"><span style=\"font-size: 12pt; font-family: tahoma, arial, helvetica, sans-serif;\">Os tratores foram encontrados <strong data-start=\"926\" data-end=\"977\">a cerca de 150 metros do ponto inicial do furto<\/strong>, escondidos no interior do canavial. Um dos ve\u00edculos, o Valtra A950, estava acoplado a uma ensiladeira.<\/span><\/p>\n<p data-start=\"1083\" data-end=\"1269\"><span style=\"font-size: 12pt; font-family: tahoma, arial, helvetica, sans-serif;\">Apesar da r\u00e1pida localiza\u00e7\u00e3o dos maquin\u00e1rios, <strong data-start=\"1129\" data-end=\"1163\">nenhum suspeito foi encontrado<\/strong>. A \u00e1rea foi isolada para preserva\u00e7\u00e3o e a autoridade policial acionada para realiza\u00e7\u00e3o de per\u00edcia t\u00e9cnica.<\/span><\/p>\n<p data-start=\"1271\" data-end=\"1461\" data-is-last-node=\"\" data-is-only-node=\"\"><span style=\"font-size: 12pt; font-family: tahoma, arial, helvetica, sans-serif;\">Ap\u00f3s os trabalhos periciais, os tratores foram devolvidos ao propriet\u00e1rio. A ocorr\u00eancia foi registrada no plant\u00e3o policial e seguir\u00e1 sob investiga\u00e7\u00e3o para identifica\u00e7\u00e3o dos autores do crime.<\/span><\/p>\n<div class=\"z-0 flex min-h-[46px] justify-start\">\n<p data-start=\"822\" data-end=\"1009\"><span style=\"font-family: tahoma, arial, helvetica, sans-serif;\">\u270d\ufe0f <em data-start=\"1160\" data-end=\"1198\" data-is-last-node=\"\">Reportagem: <a href=\"https:\/\/www.facebook.com\/jornalistatonioliveiraon\/\"><strong>Jornalista Toni Oliveira<\/strong><\/a><\/em><\/span><\/p>\n<p data-start=\"1490\" data-end=\"1675\"><span style=\"font-family: tahoma, arial, helvetica, sans-serif;\">\ud83d\udcf2\u00a0Fa\u00e7a uma den\u00fancia ou sugira uma reportagem sobre Pirassunungae regi\u00e3o por meio do WhatsApp do jornal <strong>O Movimento: <a href=\"https:\/\/wa.me\/5519982506789\" target=\"_blank\" rel=\"noreferrer noopener\" data-mrf-link=\"https:\/\/wa.me\/5516991499787\">(19) 98250-6789<\/a>.<\/strong><\/span><\/p>\n<p><span style=\"font-size: 14pt; color: #808080; font-family: tahoma, arial, helvetica, sans-serif;\"><em>Jorna<strong>l O Movimento<\/strong> \u00a0H\u00e1 91 anos, a principal refer\u00eancia em jornalismo na regi\u00e3o<\/em><\/span><\/p>\n<p><span style=\"font-family: tahoma, arial, helvetica, sans-serif;\"><em>( Fica proibida a reprodu\u00e7\u00e3o total ou parcial, c\u00f3pia ou distribui\u00e7\u00e3o do conte\u00fado, sem autoriza\u00e7\u00e3o expressa por parte do <strong>jornal O Movimento<\/strong>)<\/em><\/span><\/p>\n<p><span style=\"font-family: tahoma, arial, helvetica, sans-serif;\"><script src=\"\/\/ads.themoneytizer.com\/s\/gen.js?type=16\"><\/script><\/span><\/p>\n<div id=\"63534-16\" class=\"outbrain-tm\"><span style=\"font-family: tahoma, arial, helvetica, sans-serif;\"><script src=\"\/\/ads.themoneytizer.com\/s\/gen.js?type=16\"><\/script><\/span><\/div>\n<\/div>\n<div class=\"mt-3 w-full empty:hidden\">\n<div class=\"text-center\">\n<div>\n<div class=\"inline-flex border border-gray-100 dark:border-gray-700 rounded-xl\">\n<div class=\"bg-token-main-surface-tertiary w-px flex-1 self-stretch\"><\/div>\n<\/div>\n<\/div>\n<\/div>\n<\/div>\n<input type=\"hidden\" id=\"baseurl\" value=\"https:\/\/www.omovimento.com.br\/portal\"><input type=\"hidden\" id=\"audio_nonce\" value=\"6e6af060d0\">","protected":false},"excerpt":{"rendered":"<p>Na noite de sexta-feira (1\u00ba), por volta das 23h52, uma a\u00e7\u00e3o r\u00e1pida do Grupamento Especial de Patrulhamento Ambiental e Rural (GEPAR), da Guarda Civil Municipal, resultou na recupera\u00e7\u00e3o de dois tratores furtados em uma propriedade rural na Estrada Joaquim Verg\u00ednio dos Santos, na regi\u00e3o da Est\u00e2ncia S\u00e3o Joaquim em Pirassununga, SP. \ud83d\udcf1 Siga o O<\/p>\n","protected":false},"author":3,"featured_media":44017,"comment_status":"open","ping_status":"open","sticky":false,"template":"","format":"standard","meta":{"footnotes":""},"categories":[11],"tags":[],"class_list":{"0":"post-44016","1":"post","2":"type-post","3":"status-publish","4":"format-standard","5":"has-post-thumbnail","7":"category-seguranca-publica"},"yoast_head":"<!-- This site is optimized with the Yoast SEO plugin v27.3 - https:\/\/yoast.com\/product\/yoast-seo-wordpress\/ -->\n<title>Tratores furtados em \u00e1rea rural s\u00e3o recuperados em canavial em Pirassununga - Jornal O Movimento<\/title>\n<meta name=\"robots\" content=\"index, follow, max-snippet:-1, max-image-preview:large, max-video-preview:-1\" \/>\n<link rel=\"canonical\" href=\"https:\/\/www.omovimento.com.br\/portal\/seguranca-publica\/tratores-furtados-em-area-rural-sao-recuperados-em-canavial-em-pirassununga\/\" \/>\n<meta property=\"og:locale\" content=\"pt_BR\" \/>\n<meta property=\"og:type\" content=\"article\" \/>\n<meta property=\"og:title\" content=\"Tratores furtados em \u00e1rea rural s\u00e3o recuperados em canavial em Pirassununga - Jornal O Movimento\" \/>\n<meta property=\"og:description\" content=\"Na noite de sexta-feira (1\u00ba), por volta das 23h52, uma a\u00e7\u00e3o r\u00e1pida do Grupamento Especial de Patrulhamento Ambiental e Rural (GEPAR), da Guarda Civil Municipal, resultou na recupera\u00e7\u00e3o de dois tratores furtados em uma propriedade rural na Estrada Joaquim Verg\u00ednio dos Santos, na regi\u00e3o da Est\u00e2ncia S\u00e3o Joaquim em Pirassununga, SP. \ud83d\udcf1 Siga o O\" \/>\n<meta property=\"og:url\" content=\"https:\/\/www.omovimento.com.br\/portal\/seguranca-publica\/tratores-furtados-em-area-rural-sao-recuperados-em-canavial-em-pirassununga\/\" \/>\n<meta property=\"og:site_name\" content=\"Jornal O Movimento\" \/>\n<meta property=\"article:published_time\" content=\"2026-05-02T17:53:47+00:00\" \/>\n<meta property=\"og:image\" content=\"https:\/\/www.omovimento.com.br\/portal\/wp-content\/uploads\/2026\/05\/e4f709b5-44e2-43b7-aaef-7715a0416bdf.jpg\" \/>\n\t<meta property=\"og:image:width\" content=\"1116\" \/>\n\t<meta property=\"og:image:height\" content=\"705\" \/>\n\t<meta property=\"og:image:type\" content=\"image\/jpeg\" \/>\n<meta name=\"author\" content=\"Reda\u00e7\u00e3o\" \/>\n<meta name=\"twitter:card\" content=\"summary_large_image\" \/>\n<meta name=\"twitter:label1\" content=\"Escrito por\" \/>\n\t<meta name=\"twitter:data1\" content=\"Reda\u00e7\u00e3o\" \/>\n\t<meta name=\"twitter:label2\" content=\"Est. tempo de leitura\" \/>\n\t<meta name=\"twitter:data2\" content=\"2 minutos\" \/>\n<script type=\"application\/ld+json\" class=\"yoast-schema-graph\">{\"@context\":\"https:\\\/\\\/schema.org\",\"@graph\":[{\"@type\":\"Article\",\"@id\":\"https:\\\/\\\/www.omovimento.com.br\\\/portal\\\/seguranca-publica\\\/tratores-furtados-em-area-rural-sao-recuperados-em-canavial-em-pirassununga\\\/#article\",\"isPartOf\":{\"@id\":\"https:\\\/\\\/www.omovimento.com.br\\\/portal\\\/seguranca-publica\\\/tratores-furtados-em-area-rural-sao-recuperados-em-canavial-em-pirassununga\\\/\"},\"author\":{\"name\":\"Reda\u00e7\u00e3o\",\"@id\":\"https:\\\/\\\/www.omovimento.com.br\\\/portal\\\/#\\\/schema\\\/person\\\/e7d3971f53952141ade7388e0033ce8d\"},\"headline\":\"Tratores furtados em \u00e1rea rural s\u00e3o recuperados em canavial em Pirassununga\",\"datePublished\":\"2026-05-02T17:53:47+00:00\",\"mainEntityOfPage\":{\"@id\":\"https:\\\/\\\/www.omovimento.com.br\\\/portal\\\/seguranca-publica\\\/tratores-furtados-em-area-rural-sao-recuperados-em-canavial-em-pirassununga\\\/\"},\"wordCount\":329,\"commentCount\":0,\"publisher\":{\"@id\":\"https:\\\/\\\/www.omovimento.com.br\\\/portal\\\/#organization\"},\"image\":{\"@id\":\"https:\\\/\\\/www.omovimento.com.br\\\/portal\\\/seguranca-publica\\\/tratores-furtados-em-area-rural-sao-recuperados-em-canavial-em-pirassununga\\\/#primaryimage\"},\"thumbnailUrl\":\"https:\\\/\\\/www.omovimento.com.br\\\/portal\\\/wp-content\\\/uploads\\\/2026\\\/05\\\/e4f709b5-44e2-43b7-aaef-7715a0416bdf.jpg\",\"articleSection\":[\"Seguran\u00e7a P\u00fablica\"],\"inLanguage\":\"pt-BR\",\"potentialAction\":[{\"@type\":\"CommentAction\",\"name\":\"Comment\",\"target\":[\"https:\\\/\\\/www.omovimento.com.br\\\/portal\\\/seguranca-publica\\\/tratores-furtados-em-area-rural-sao-recuperados-em-canavial-em-pirassununga\\\/#respond\"]}]},{\"@type\":\"WebPage\",\"@id\":\"https:\\\/\\\/www.omovimento.com.br\\\/portal\\\/seguranca-publica\\\/tratores-furtados-em-area-rural-sao-recuperados-em-canavial-em-pirassununga\\\/\",\"url\":\"https:\\\/\\\/www.omovimento.com.br\\\/portal\\\/seguranca-publica\\\/tratores-furtados-em-area-rural-sao-recuperados-em-canavial-em-pirassununga\\\/\",\"name\":\"Tratores furtados em \u00e1rea rural s\u00e3o recuperados em canavial em Pirassununga - Jornal O Movimento\",\"isPartOf\":{\"@id\":\"https:\\\/\\\/www.omovimento.com.br\\\/portal\\\/#website\"},\"primaryImageOfPage\":{\"@id\":\"https:\\\/\\\/www.omovimento.com.br\\\/portal\\\/seguranca-publica\\\/tratores-furtados-em-area-rural-sao-recuperados-em-canavial-em-pirassununga\\\/#primaryimage\"},\"image\":{\"@id\":\"https:\\\/\\\/www.omovimento.com.br\\\/portal\\\/seguranca-publica\\\/tratores-furtados-em-area-rural-sao-recuperados-em-canavial-em-pirassununga\\\/#primaryimage\"},\"thumbnailUrl\":\"https:\\\/\\\/www.omovimento.com.br\\\/portal\\\/wp-content\\\/uploads\\\/2026\\\/05\\\/e4f709b5-44e2-43b7-aaef-7715a0416bdf.jpg\",\"datePublished\":\"2026-05-02T17:53:47+00:00\",\"breadcrumb\":{\"@id\":\"https:\\\/\\\/www.omovimento.com.br\\\/portal\\\/seguranca-publica\\\/tratores-furtados-em-area-rural-sao-recuperados-em-canavial-em-pirassununga\\\/#breadcrumb\"},\"inLanguage\":\"pt-BR\",\"potentialAction\":[{\"@type\":\"ReadAction\",\"target\":[\"https:\\\/\\\/www.omovimento.com.br\\\/portal\\\/seguranca-publica\\\/tratores-furtados-em-area-rural-sao-recuperados-em-canavial-em-pirassununga\\\/\"]}]},{\"@type\":\"ImageObject\",\"inLanguage\":\"pt-BR\",\"@id\":\"https:\\\/\\\/www.omovimento.com.br\\\/portal\\\/seguranca-publica\\\/tratores-furtados-em-area-rural-sao-recuperados-em-canavial-em-pirassununga\\\/#primaryimage\",\"url\":\"https:\\\/\\\/www.omovimento.com.br\\\/portal\\\/wp-content\\\/uploads\\\/2026\\\/05\\\/e4f709b5-44e2-43b7-aaef-7715a0416bdf.jpg\",\"contentUrl\":\"https:\\\/\\\/www.omovimento.com.br\\\/portal\\\/wp-content\\\/uploads\\\/2026\\\/05\\\/e4f709b5-44e2-43b7-aaef-7715a0416bdf.jpg\",\"width\":1116,\"height\":705,\"caption\":\"Foto: Divulga\u00e7\u00e3o\\\/GCM\"},{\"@type\":\"BreadcrumbList\",\"@id\":\"https:\\\/\\\/www.omovimento.com.br\\\/portal\\\/seguranca-publica\\\/tratores-furtados-em-area-rural-sao-recuperados-em-canavial-em-pirassununga\\\/#breadcrumb\",\"itemListElement\":[{\"@type\":\"ListItem\",\"position\":1,\"name\":\"In\u00edcio\",\"item\":\"https:\\\/\\\/www.omovimento.com.br\\\/portal\\\/\"},{\"@type\":\"ListItem\",\"position\":2,\"name\":\"Tratores furtados em \u00e1rea rural s\u00e3o recuperados em canavial em Pirassununga\"}]},{\"@type\":\"WebSite\",\"@id\":\"https:\\\/\\\/www.omovimento.com.br\\\/portal\\\/#website\",\"url\":\"https:\\\/\\\/www.omovimento.com.br\\\/portal\\\/\",\"name\":\"Jornal O Movimento\",\"description\":\"\",\"publisher\":{\"@id\":\"https:\\\/\\\/www.omovimento.com.br\\\/portal\\\/#organization\"},\"potentialAction\":[{\"@type\":\"SearchAction\",\"target\":{\"@type\":\"EntryPoint\",\"urlTemplate\":\"https:\\\/\\\/www.omovimento.com.br\\\/portal\\\/?s={search_term_string}\"},\"query-input\":{\"@type\":\"PropertyValueSpecification\",\"valueRequired\":true,\"valueName\":\"search_term_string\"}}],\"inLanguage\":\"pt-BR\"},{\"@type\":\"Organization\",\"@id\":\"https:\\\/\\\/www.omovimento.com.br\\\/portal\\\/#organization\",\"name\":\"Jornal O Movimento\",\"url\":\"https:\\\/\\\/www.omovimento.com.br\\\/portal\\\/\",\"logo\":{\"@type\":\"ImageObject\",\"inLanguage\":\"pt-BR\",\"@id\":\"https:\\\/\\\/www.omovimento.com.br\\\/portal\\\/#\\\/schema\\\/logo\\\/image\\\/\",\"url\":\"https:\\\/\\\/www.omovimento.com.br\\\/portal\\\/wp-content\\\/uploads\\\/2026\\\/03\\\/logo_jornal_O_Movimento-1-1536x343-1-1.png\",\"contentUrl\":\"https:\\\/\\\/www.omovimento.com.br\\\/portal\\\/wp-content\\\/uploads\\\/2026\\\/03\\\/logo_jornal_O_Movimento-1-1536x343-1-1.png\",\"width\":1536,\"height\":343,\"caption\":\"Jornal O Movimento\"},\"image\":{\"@id\":\"https:\\\/\\\/www.omovimento.com.br\\\/portal\\\/#\\\/schema\\\/logo\\\/image\\\/\"}},{\"@type\":\"Person\",\"@id\":\"https:\\\/\\\/www.omovimento.com.br\\\/portal\\\/#\\\/schema\\\/person\\\/e7d3971f53952141ade7388e0033ce8d\",\"name\":\"Reda\u00e7\u00e3o\",\"image\":{\"@type\":\"ImageObject\",\"inLanguage\":\"pt-BR\",\"@id\":\"https:\\\/\\\/secure.gravatar.com\\\/avatar\\\/549ab8e14173ace5e8b1c3bd80cf838bc0d00b7e1b65a361093164d85a62d45b?s=96&d=mm&r=g\",\"url\":\"https:\\\/\\\/secure.gravatar.com\\\/avatar\\\/549ab8e14173ace5e8b1c3bd80cf838bc0d00b7e1b65a361093164d85a62d45b?s=96&d=mm&r=g\",\"contentUrl\":\"https:\\\/\\\/secure.gravatar.com\\\/avatar\\\/549ab8e14173ace5e8b1c3bd80cf838bc0d00b7e1b65a361093164d85a62d45b?s=96&d=mm&r=g\",\"caption\":\"Reda\u00e7\u00e3o\"},\"url\":\"https:\\\/\\\/www.omovimento.com.br\\\/portal\\\/author\\\/admin\\\/\"}]}<\/script>\n<!-- \/ Yoast SEO plugin. -->","yoast_head_json":{"title":"Tratores furtados em \u00e1rea rural s\u00e3o recuperados em canavial em Pirassununga - Jornal O Movimento","robots":{"index":"index","follow":"follow","max-snippet":"max-snippet:-1","max-image-preview":"max-image-preview:large","max-video-preview":"max-video-preview:-1"},"canonical":"https:\/\/www.omovimento.com.br\/portal\/seguranca-publica\/tratores-furtados-em-area-rural-sao-recuperados-em-canavial-em-pirassununga\/","og_locale":"pt_BR","og_type":"article","og_title":"Tratores furtados em \u00e1rea rural s\u00e3o recuperados em canavial em Pirassununga - Jornal O Movimento","og_description":"Na noite de sexta-feira (1\u00ba), por volta das 23h52, uma a\u00e7\u00e3o r\u00e1pida do Grupamento Especial de Patrulhamento Ambiental e Rural (GEPAR), da Guarda Civil Municipal, resultou na recupera\u00e7\u00e3o de dois tratores furtados em uma propriedade rural na Estrada Joaquim Verg\u00ednio dos Santos, na regi\u00e3o da Est\u00e2ncia S\u00e3o Joaquim em Pirassununga, SP. \ud83d\udcf1 Siga o O","og_url":"https:\/\/www.omovimento.com.br\/portal\/seguranca-publica\/tratores-furtados-em-area-rural-sao-recuperados-em-canavial-em-pirassununga\/","og_site_name":"Jornal O Movimento","article_published_time":"2026-05-02T17:53:47+00:00","og_image":[{"width":1116,"height":705,"url":"https:\/\/www.omovimento.com.br\/portal\/wp-content\/uploads\/2026\/05\/e4f709b5-44e2-43b7-aaef-7715a0416bdf.jpg","type":"image\/jpeg"}],"author":"Reda\u00e7\u00e3o","twitter_card":"summary_large_image","twitter_misc":{"Escrito por":"Reda\u00e7\u00e3o","Est. tempo de leitura":"2 minutos"},"schema":{"@context":"https:\/\/schema.org","@graph":[{"@type":"Article","@id":"https:\/\/www.omovimento.com.br\/portal\/seguranca-publica\/tratores-furtados-em-area-rural-sao-recuperados-em-canavial-em-pirassununga\/#article","isPartOf":{"@id":"https:\/\/www.omovimento.com.br\/portal\/seguranca-publica\/tratores-furtados-em-area-rural-sao-recuperados-em-canavial-em-pirassununga\/"},"author":{"name":"Reda\u00e7\u00e3o","@id":"https:\/\/www.omovimento.com.br\/portal\/#\/schema\/person\/e7d3971f53952141ade7388e0033ce8d"},"headline":"Tratores furtados em \u00e1rea rural s\u00e3o recuperados em canavial em Pirassununga","datePublished":"2026-05-02T17:53:47+00:00","mainEntityOfPage":{"@id":"https:\/\/www.omovimento.com.br\/portal\/seguranca-publica\/tratores-furtados-em-area-rural-sao-recuperados-em-canavial-em-pirassununga\/"},"wordCount":329,"commentCount":0,"publisher":{"@id":"https:\/\/www.omovimento.com.br\/portal\/#organization"},"image":{"@id":"https:\/\/www.omovimento.com.br\/portal\/seguranca-publica\/tratores-furtados-em-area-rural-sao-recuperados-em-canavial-em-pirassununga\/#primaryimage"},"thumbnailUrl":"https:\/\/www.omovimento.com.br\/portal\/wp-content\/uploads\/2026\/05\/e4f709b5-44e2-43b7-aaef-7715a0416bdf.jpg","articleSection":["Seguran\u00e7a P\u00fablica"],"inLanguage":"pt-BR","potentialAction":[{"@type":"CommentAction","name":"Comment","target":["https:\/\/www.omovimento.com.br\/portal\/seguranca-publica\/tratores-furtados-em-area-rural-sao-recuperados-em-canavial-em-pirassununga\/#respond"]}]},{"@type":"WebPage","@id":"https:\/\/www.omovimento.com.br\/portal\/seguranca-publica\/tratores-furtados-em-area-rural-sao-recuperados-em-canavial-em-pirassununga\/","url":"https:\/\/www.omovimento.com.br\/portal\/seguranca-publica\/tratores-furtados-em-area-rural-sao-recuperados-em-canavial-em-pirassununga\/","name":"Tratores furtados em \u00e1rea rural s\u00e3o recuperados em canavial em Pirassununga - Jornal O Movimento","isPartOf":{"@id":"https:\/\/www.omovimento.com.br\/portal\/#website"},"primaryImageOfPage":{"@id":"https:\/\/www.omovimento.com.br\/portal\/seguranca-publica\/tratores-furtados-em-area-rural-sao-recuperados-em-canavial-em-pirassununga\/#primaryimage"},"image":{"@id":"https:\/\/www.omovimento.com.br\/portal\/seguranca-publica\/tratores-furtados-em-area-rural-sao-recuperados-em-canavial-em-pirassununga\/#primaryimage"},"thumbnailUrl":"https:\/\/www.omovimento.com.br\/portal\/wp-content\/uploads\/2026\/05\/e4f709b5-44e2-43b7-aaef-7715a0416bdf.jpg","datePublished":"2026-05-02T17:53:47+00:00","breadcrumb":{"@id":"https:\/\/www.omovimento.com.br\/portal\/seguranca-publica\/tratores-furtados-em-area-rural-sao-recuperados-em-canavial-em-pirassununga\/#breadcrumb"},"inLanguage":"pt-BR","potentialAction":[{"@type":"ReadAction","target":["https:\/\/www.omovimento.com.br\/portal\/seguranca-publica\/tratores-furtados-em-area-rural-sao-recuperados-em-canavial-em-pirassununga\/"]}]},{"@type":"ImageObject","inLanguage":"pt-BR","@id":"https:\/\/www.omovimento.com.br\/portal\/seguranca-publica\/tratores-furtados-em-area-rural-sao-recuperados-em-canavial-em-pirassununga\/#primaryimage","url":"https:\/\/www.omovimento.com.br\/portal\/wp-content\/uploads\/2026\/05\/e4f709b5-44e2-43b7-aaef-7715a0416bdf.jpg","contentUrl":"https:\/\/www.omovimento.com.br\/portal\/wp-content\/uploads\/2026\/05\/e4f709b5-44e2-43b7-aaef-7715a0416bdf.jpg","width":1116,"height":705,"caption":"Foto: Divulga\u00e7\u00e3o\/GCM"},{"@type":"BreadcrumbList","@id":"https:\/\/www.omovimento.com.br\/portal\/seguranca-publica\/tratores-furtados-em-area-rural-sao-recuperados-em-canavial-em-pirassununga\/#breadcrumb","itemListElement":[{"@type":"ListItem","position":1,"name":"In\u00edcio","item":"https:\/\/www.omovimento.com.br\/portal\/"},{"@type":"ListItem","position":2,"name":"Tratores furtados em \u00e1rea rural s\u00e3o recuperados em canavial em Pirassununga"}]},{"@type":"WebSite","@id":"https:\/\/www.omovimento.com.br\/portal\/#website","url":"https:\/\/www.omovimento.com.br\/portal\/","name":"Jornal O Movimento","description":"","publisher":{"@id":"https:\/\/www.omovimento.com.br\/portal\/#organization"},"potentialAction":[{"@type":"SearchAction","target":{"@type":"EntryPoint","urlTemplate":"https:\/\/www.omovimento.com.br\/portal\/?s={search_term_string}"},"query-input":{"@type":"PropertyValueSpecification","valueRequired":true,"valueName":"search_term_string"}}],"inLanguage":"pt-BR"},{"@type":"Organization","@id":"https:\/\/www.omovimento.com.br\/portal\/#organization","name":"Jornal O Movimento","url":"https:\/\/www.omovimento.com.br\/portal\/","logo":{"@type":"ImageObject","inLanguage":"pt-BR","@id":"https:\/\/www.omovimento.com.br\/portal\/#\/schema\/logo\/image\/","url":"https:\/\/www.omovimento.com.br\/portal\/wp-content\/uploads\/2026\/03\/logo_jornal_O_Movimento-1-1536x343-1-1.png","contentUrl":"https:\/\/www.omovimento.com.br\/portal\/wp-content\/uploads\/2026\/03\/logo_jornal_O_Movimento-1-1536x343-1-1.png","width":1536,"height":343,"caption":"Jornal O Movimento"},"image":{"@id":"https:\/\/www.omovimento.com.br\/portal\/#\/schema\/logo\/image\/"}},{"@type":"Person","@id":"https:\/\/www.omovimento.com.br\/portal\/#\/schema\/person\/e7d3971f53952141ade7388e0033ce8d","name":"Reda\u00e7\u00e3o","image":{"@type":"ImageObject","inLanguage":"pt-BR","@id":"https:\/\/secure.gravatar.com\/avatar\/549ab8e14173ace5e8b1c3bd80cf838bc0d00b7e1b65a361093164d85a62d45b?s=96&d=mm&r=g","url":"https:\/\/secure.gravatar.com\/avatar\/549ab8e14173ace5e8b1c3bd80cf838bc0d00b7e1b65a361093164d85a62d45b?s=96&d=mm&r=g","contentUrl":"https:\/\/secure.gravatar.com\/avatar\/549ab8e14173ace5e8b1c3bd80cf838bc0d00b7e1b65a361093164d85a62d45b?s=96&d=mm&r=g","caption":"Reda\u00e7\u00e3o"},"url":"https:\/\/www.omovimento.com.br\/portal\/author\/admin\/"}]}},"_links":{"self":[{"href":"https:\/\/www.omovimento.com.br\/portal\/wp-json\/wp\/v2\/posts\/44016","targetHints":{"allow":["GET"]}}],"collection":[{"href":"https:\/\/www.omovimento.com.br\/portal\/wp-json\/wp\/v2\/posts"}],"about":[{"href":"https:\/\/www.omovimento.com.br\/portal\/wp-json\/wp\/v2\/types\/post"}],"author":[{"embeddable":true,"href":"https:\/\/www.omovimento.com.br\/portal\/wp-json\/wp\/v2\/users\/3"}],"replies":[{"embeddable":true,"href":"https:\/\/www.omovimento.com.br\/portal\/wp-json\/wp\/v2\/comments?post=44016"}],"version-history":[{"count":2,"href":"https:\/\/www.omovimento.com.br\/portal\/wp-json\/wp\/v2\/posts\/44016\/revisions"}],"predecessor-version":[{"id":44026,"href":"https:\/\/www.omovimento.com.br\/portal\/wp-json\/wp\/v2\/posts\/44016\/revisions\/44026"}],"wp:featuredmedia":[{"embeddable":true,"href":"https:\/\/www.omovimento.com.br\/portal\/wp-json\/wp\/v2\/media\/44017"}],"wp:attachment":[{"href":"https:\/\/www.omovimento.com.br\/portal\/wp-json\/wp\/v2\/media?parent=44016"}],"wp:term":[{"taxonomy":"category","embeddable":true,"href":"https:\/\/www.omovimento.com.br\/portal\/wp-json\/wp\/v2\/categories?post=44016"},{"taxonomy":"post_tag","embeddable":true,"href":"https:\/\/www.omovimento.com.br\/portal\/wp-json\/wp\/v2\/tags?post=44016"}],"curies":[{"name":"wp","href":"https:\/\/api.w.org\/{rel}","templated":true}]}}