{"id":44011,"date":"2026-05-02T10:05:12","date_gmt":"2026-05-02T13:05:12","guid":{"rendered":"https:\/\/www.omovimento.com.br\/portal\/?p=44011"},"modified":"2026-05-02T10:05:12","modified_gmt":"2026-05-02T13:05:12","slug":"detran-sp-libera-uso-de-carro-do-candidato-em-exame-de-direcao-veja-regras","status":"publish","type":"post","link":"https:\/\/www.omovimento.com.br\/portal\/destaque\/detran-sp-libera-uso-de-carro-do-candidato-em-exame-de-direcao-veja-regras\/","title":{"rendered":"Detran-SP libera uso de carro do candidato em exame de dire\u00e7\u00e3o; veja regras"},"content":{"rendered":"<div class=\"flex max-w-full flex-col gap-4 grow\">\n<div class=\"min-h-8 text-message relative flex w-full flex-col items-end gap-2 text-start break-words whitespace-normal outline-none keyboard-focused:focus-ring [.text-message+&amp;]:mt-1\" dir=\"auto\" tabindex=\"0\" data-message-author-role=\"assistant\" data-message-id=\"3565ddb0-221a-425e-acdb-a920960eeeed\" data-message-model-slug=\"gpt-5-3\" data-turn-start-message=\"true\">\n<div class=\"flex w-full flex-col gap-1 empty:hidden\">\n<div class=\"markdown prose dark:prose-invert w-full wrap-break-word light markdown-new-styling\">\n<p data-start=\"113\" data-end=\"440\"><span style=\"font-size: 12pt; font-family: tahoma, arial, helvetica, sans-serif;\">O <span class=\"hover:entity-accent entity-underline inline cursor-pointer align-baseline\"><span class=\"whitespace-normal\">Departamento Estadual de Tr\u00e2nsito de S\u00e3o Paulo<\/span><\/span> passou a permitir, desde a \u00faltima sexta-feira (1\u00ba), o agendamento do exame pr\u00e1tico de dire\u00e7\u00e3o com ve\u00edculo pr\u00f3prio em todo o estado. <strong data-start=\"285\" data-end=\"361\">A medida representa uma mudan\u00e7a significativa no processo de habilita\u00e7\u00e3o<\/strong>, ampliando as op\u00e7\u00f5es para candidatos \u00e0 Carteira Nacional de Habilita\u00e7\u00e3o (CNH).<\/span><\/p>\n<p data-start=\"442\" data-end=\"760\"><span style=\"font-size: 12pt; font-family: tahoma, arial, helvetica, sans-serif;\">Com a nova regra, o candidato poder\u00e1 realizar a prova pr\u00e1tica utilizando seu pr\u00f3prio autom\u00f3vel, <strong data-start=\"538\" data-end=\"618\">desde que o ve\u00edculo esteja devidamente licenciado e em boas condi\u00e7\u00f5es de uso<\/strong>. Nesses casos, ser\u00e1 obrigat\u00f3ria a fixa\u00e7\u00e3o de uma faixa branca remov\u00edvel com a inscri\u00e7\u00e3o \u201cautoescola\u201d na lateral do carro durante a avalia\u00e7\u00e3o.<\/span><\/p>\n<p data-start=\"442\" data-end=\"760\"><span style=\"font-family: tahoma, arial, helvetica, sans-serif;\">\ud83d\udcf1 <em>Siga o O Movimento no <a href=\"https:\/\/www.instagram.com\/jornalomovimento\/\">Instagram<\/a><\/em><\/span><\/p>\n<p data-start=\"762\" data-end=\"953\"><span style=\"font-size: 12pt; font-family: tahoma, arial, helvetica, sans-serif;\">O agendamento do exame deve ser feito diretamente no portal do Detran-SP, conforme a disponibilidade de datas. <strong data-start=\"873\" data-end=\"952\">Para confirmar a marca\u00e7\u00e3o, \u00e9 necess\u00e1rio o pagamento de uma taxa de R$ 52,83<\/strong>.<\/span><\/p>\n<h3 data-section-id=\"13g132z\" data-start=\"955\" data-end=\"996\"><span style=\"font-size: 14pt; font-family: tahoma, arial, helvetica, sans-serif;\" role=\"text\"><strong data-start=\"959\" data-end=\"996\">Pacote de mudan\u00e7as na habilita\u00e7\u00e3o<\/strong><\/span><\/h3>\n<p data-start=\"998\" data-end=\"1265\"><span style=\"font-size: 12pt; font-family: tahoma, arial, helvetica, sans-serif;\">A autoriza\u00e7\u00e3o faz parte de um conjunto mais amplo de altera\u00e7\u00f5es no processo de obten\u00e7\u00e3o da CNH no estado de S\u00e3o Paulo. Entre as principais mudan\u00e7as, est\u00e3o a <strong data-start=\"1155\" data-end=\"1209\">redu\u00e7\u00e3o dos custos dos exames m\u00e9dico e psicol\u00f3gico<\/strong>, al\u00e9m da flexibiliza\u00e7\u00e3o de exig\u00eancias na prova pr\u00e1tica.<\/span><\/p>\n<p style=\"text-align: center;\" data-start=\"998\" data-end=\"1265\"><span style=\"font-family: tahoma, arial, helvetica, sans-serif; font-size: 10pt;\"><strong><span style=\"color: #808080; font-family: tahoma, arial, helvetica, sans-serif;\">= continua ap\u00f3s a publicidade =<\/span><\/strong><\/span><\/p>\n<p data-start=\"998\" data-end=\"1265\"><img fetchpriority=\"high\" decoding=\"async\" class=\"size-full wp-image-43938 aligncenter\" src=\"https:\/\/www.omovimento.com.br\/portal\/wp-content\/uploads\/2026\/04\/3808a8e8-ee81-4e72-8fe3-1039175df172.png\" alt=\"\" width=\"1000\" height=\"417\" srcset=\"https:\/\/www.omovimento.com.br\/portal\/wp-content\/uploads\/2026\/04\/3808a8e8-ee81-4e72-8fe3-1039175df172.png 1000w, https:\/\/www.omovimento.com.br\/portal\/wp-content\/uploads\/2026\/04\/3808a8e8-ee81-4e72-8fe3-1039175df172-300x125.png 300w, https:\/\/www.omovimento.com.br\/portal\/wp-content\/uploads\/2026\/04\/3808a8e8-ee81-4e72-8fe3-1039175df172-768x320.png 768w, https:\/\/www.omovimento.com.br\/portal\/wp-content\/uploads\/2026\/04\/3808a8e8-ee81-4e72-8fe3-1039175df172-150x63.png 150w, https:\/\/www.omovimento.com.br\/portal\/wp-content\/uploads\/2026\/04\/3808a8e8-ee81-4e72-8fe3-1039175df172-450x188.png 450w\" sizes=\"(max-width: 1000px) 100vw, 1000px\" \/><\/p>\n<p data-start=\"1267\" data-end=\"1521\"><span style=\"font-size: 12pt; font-family: tahoma, arial, helvetica, sans-serif;\">Tamb\u00e9m foram implementadas novidades como a possibilidade de uso de ve\u00edculos autom\u00e1ticos e ajustes nos crit\u00e9rios de avalia\u00e7\u00e3o. <strong data-start=\"1394\" data-end=\"1454\">O prazo para adapta\u00e7\u00e3o \u00e0s novas regras \u00e9 de at\u00e9 180 dias<\/strong>, conforme defini\u00e7\u00e3o do Conselho Estadual de Tr\u00e2nsito de S\u00e3o Paulo.<\/span><\/p>\n<h3 data-section-id=\"ge6udi\" data-start=\"1523\" data-end=\"1552\"><span style=\"font-size: 14pt; font-family: tahoma, arial, helvetica, sans-serif;\" role=\"text\"><strong data-start=\"1527\" data-end=\"1552\">O que muda na pr\u00e1tica<\/strong><\/span><\/h3>\n<p data-start=\"1554\" data-end=\"1741\"><span style=\"font-size: 12pt; font-family: tahoma, arial, helvetica, sans-serif;\">Desde a publica\u00e7\u00e3o da Resolu\u00e7\u00e3o n\u00ba 1.020, em dezembro de 2025, o Detran-SP vem promovendo atualiza\u00e7\u00f5es que impactam diretamente candidatos e autoescolas. Entre os principais pontos est\u00e3o:<\/span><\/p>\n<ul data-start=\"1743\" data-end=\"2135\">\n<li data-section-id=\"1d617op\" data-start=\"1743\" data-end=\"1817\"><span style=\"font-size: 12pt; font-family: tahoma, arial, helvetica, sans-serif;\"><strong data-start=\"1745\" data-end=\"1815\">Redu\u00e7\u00e3o de cerca de 40% nos custos dos exames m\u00e9dico e psicol\u00f3gico<\/strong><\/span><\/li>\n<li data-section-id=\"1qd4lc6\" data-start=\"1818\" data-end=\"1858\"><span style=\"font-size: 12pt; font-family: tahoma, arial, helvetica, sans-serif;\"><strong data-start=\"1820\" data-end=\"1856\">Fim da obrigatoriedade da baliza<\/strong><\/span><\/li>\n<li data-section-id=\"1fn05j3\" data-start=\"1859\" data-end=\"1911\"><span style=\"font-size: 12pt; font-family: tahoma, arial, helvetica, sans-serif;\"><strong data-start=\"1861\" data-end=\"1909\">Autoriza\u00e7\u00e3o para uso de ve\u00edculos autom\u00e1ticos<\/strong><\/span><\/li>\n<li data-section-id=\"1cmwxbu\" data-start=\"1912\" data-end=\"1960\"><span style=\"font-size: 12pt; font-family: tahoma, arial, helvetica, sans-serif;\"><strong data-start=\"1914\" data-end=\"1958\">Limite de at\u00e9 10 pontos no exame pr\u00e1tico<\/strong><\/span><\/li>\n<li data-section-id=\"17mhm3q\" data-start=\"1961\" data-end=\"2026\"><span style=\"font-size: 12pt; font-family: tahoma, arial, helvetica, sans-serif;\"><strong data-start=\"1963\" data-end=\"2024\">Amplia\u00e7\u00e3o do prazo de validade do processo de habilita\u00e7\u00e3o<\/strong><\/span><\/li>\n<li data-section-id=\"1yk1gjo\" data-start=\"2027\" data-end=\"2079\"><span style=\"font-size: 12pt; font-family: tahoma, arial, helvetica, sans-serif;\"><strong data-start=\"2029\" data-end=\"2077\">Diminui\u00e7\u00e3o da carga m\u00ednima de aulas pr\u00e1ticas<\/strong><\/span><\/li>\n<li data-section-id=\"s8ojw6\" data-start=\"2080\" data-end=\"2135\"><span style=\"font-size: 12pt; font-family: tahoma, arial, helvetica, sans-serif;\"><strong data-start=\"2082\" data-end=\"2135\">Atualiza\u00e7\u00e3o do banco de quest\u00f5es da prova te\u00f3rica<\/strong><\/span><\/li>\n<\/ul>\n<p data-start=\"2137\" data-end=\"2305\"><span style=\"font-size: 12pt; font-family: tahoma, arial, helvetica, sans-serif;\">Al\u00e9m disso, houve mudan\u00e7as na prova te\u00f3rica: <strong data-start=\"2182\" data-end=\"2233\">o tempo de dura\u00e7\u00e3o foi ampliado para 60 minutos<\/strong>, enquanto o n\u00famero m\u00ednimo de acertos para aprova\u00e7\u00e3o caiu de 21 para 20.<\/span><\/p>\n<p data-start=\"2307\" data-end=\"2505\" data-is-last-node=\"\" data-is-only-node=\"\"><span style=\"font-size: 12pt; font-family: tahoma, arial, helvetica, sans-serif;\">As novas regras integram o programa conhecido como CNH Paulista, que busca <strong data-start=\"2382\" data-end=\"2450\">reduzir custos e tornar o processo de habilita\u00e7\u00e3o mais acess\u00edvel<\/strong>, sem abrir m\u00e3o dos crit\u00e9rios de seguran\u00e7a no tr\u00e2nsito.<\/span><\/p>\n<\/div>\n<\/div>\n<\/div>\n<\/div>\n<div class=\"z-0 flex min-h-[46px] justify-start\">\n<p data-start=\"822\" data-end=\"1009\"><span style=\"font-family: tahoma, arial, helvetica, sans-serif;\">\u270d\ufe0f <em data-start=\"1160\" data-end=\"1198\" data-is-last-node=\"\">Reportagem: <a href=\"https:\/\/www.facebook.com\/jornalistatonioliveiraon\/\"><strong>Jornalista Toni Oliveira<\/strong><\/a><\/em><\/span><\/p><div id=\"omovi-3557278523\" class=\"omovi-conteudo-2 omovi-entity-placement\"><div id=\"63534-28\"><script src=\"\/\/ads.themoneytizer.com\/s\/gen.js?type=28\"><\/script><script src=\"\/\/ads.themoneytizer.com\/s\/requestform.js?siteId=63534&formatId=28\" ><\/script><\/div><\/div>\n<p data-start=\"1490\" data-end=\"1675\"><span style=\"font-family: tahoma, arial, helvetica, sans-serif;\">\ud83d\udcf2\u00a0Fa\u00e7a uma den\u00fancia ou sugira uma reportagem sobre Pirassunungae regi\u00e3o por meio do WhatsApp do jornal <strong>O Movimento: <a href=\"https:\/\/wa.me\/5519982506789\" target=\"_blank\" rel=\"noreferrer noopener\" data-mrf-link=\"https:\/\/wa.me\/5516991499787\">(19) 98250-6789<\/a>.<\/strong><\/span><\/p>\n<p><span style=\"font-size: 14pt; color: #808080; font-family: tahoma, arial, helvetica, sans-serif;\"><em>Jorna<strong>l O Movimento<\/strong> \u00a0H\u00e1 91 anos, a principal refer\u00eancia em jornalismo na regi\u00e3o<\/em><\/span><\/p>\n<p><span style=\"font-family: tahoma, arial, helvetica, sans-serif;\"><em>( Fica proibida a reprodu\u00e7\u00e3o total ou parcial, c\u00f3pia ou distribui\u00e7\u00e3o do conte\u00fado, sem autoriza\u00e7\u00e3o expressa por parte do <strong>jornal O Movimento<\/strong>)<\/em><\/span><\/p>\n<p><span style=\"font-family: tahoma, arial, helvetica, sans-serif;\"><script src=\"\/\/ads.themoneytizer.com\/s\/gen.js?type=16\"><\/script><\/span><\/p>\n<div id=\"63534-16\" class=\"outbrain-tm\"><span style=\"font-family: tahoma, arial, helvetica, sans-serif;\"><script src=\"\/\/ads.themoneytizer.com\/s\/gen.js?type=16\"><\/script><\/span><\/div>\n<\/div>\n<div class=\"mt-3 w-full empty:hidden\">\n<div class=\"text-center\">\n<div>\n<div class=\"inline-flex border border-gray-100 dark:border-gray-700 rounded-xl\">\n<div class=\"bg-token-main-surface-tertiary w-px flex-1 self-stretch\"><\/div>\n<\/div>\n<\/div>\n<\/div>\n<\/div>\n<input type=\"hidden\" id=\"baseurl\" value=\"https:\/\/www.omovimento.com.br\/portal\"><input type=\"hidden\" id=\"audio_nonce\" value=\"6e6af060d0\">","protected":false},"excerpt":{"rendered":"<p>O Departamento Estadual de Tr\u00e2nsito de S\u00e3o Paulo passou a permitir, desde a \u00faltima sexta-feira (1\u00ba), o agendamento do exame pr\u00e1tico de dire\u00e7\u00e3o com ve\u00edculo pr\u00f3prio em todo o estado. A medida representa uma mudan\u00e7a significativa no processo de habilita\u00e7\u00e3o, ampliando as op\u00e7\u00f5es para candidatos \u00e0 Carteira Nacional de Habilita\u00e7\u00e3o (CNH). Com a nova regra,<\/p>\n","protected":false},"author":3,"featured_media":44012,"comment_status":"open","ping_status":"open","sticky":false,"template":"","format":"standard","meta":{"footnotes":""},"categories":[5],"tags":[],"class_list":{"0":"post-44011","1":"post","2":"type-post","3":"status-publish","4":"format-standard","5":"has-post-thumbnail","7":"category-destaque"},"yoast_head":"<!-- This site is optimized with the Yoast SEO plugin v27.3 - https:\/\/yoast.com\/product\/yoast-seo-wordpress\/ -->\n<title>Detran-SP libera uso de carro do candidato em exame de dire\u00e7\u00e3o; veja regras - Jornal O Movimento<\/title>\n<meta name=\"robots\" content=\"index, follow, max-snippet:-1, max-image-preview:large, max-video-preview:-1\" \/>\n<link rel=\"canonical\" href=\"https:\/\/www.omovimento.com.br\/portal\/destaque\/detran-sp-libera-uso-de-carro-do-candidato-em-exame-de-direcao-veja-regras\/\" \/>\n<meta property=\"og:locale\" content=\"pt_BR\" \/>\n<meta property=\"og:type\" content=\"article\" \/>\n<meta property=\"og:title\" content=\"Detran-SP libera uso de carro do candidato em exame de dire\u00e7\u00e3o; veja regras - Jornal O Movimento\" \/>\n<meta property=\"og:description\" content=\"O Departamento Estadual de Tr\u00e2nsito de S\u00e3o Paulo passou a permitir, desde a \u00faltima sexta-feira (1\u00ba), o agendamento do exame pr\u00e1tico de dire\u00e7\u00e3o com ve\u00edculo pr\u00f3prio em todo o estado. A medida representa uma mudan\u00e7a significativa no processo de habilita\u00e7\u00e3o, ampliando as op\u00e7\u00f5es para candidatos \u00e0 Carteira Nacional de Habilita\u00e7\u00e3o (CNH). Com a nova regra,\" \/>\n<meta property=\"og:url\" content=\"https:\/\/www.omovimento.com.br\/portal\/destaque\/detran-sp-libera-uso-de-carro-do-candidato-em-exame-de-direcao-veja-regras\/\" \/>\n<meta property=\"og:site_name\" content=\"Jornal O Movimento\" \/>\n<meta property=\"article:published_time\" content=\"2026-05-02T13:05:12+00:00\" \/>\n<meta property=\"og:image\" content=\"https:\/\/www.omovimento.com.br\/portal\/wp-content\/uploads\/2026\/05\/autoescola.jpg\" \/>\n\t<meta property=\"og:image:width\" content=\"1010\" \/>\n\t<meta property=\"og:image:height\" content=\"691\" \/>\n\t<meta property=\"og:image:type\" content=\"image\/jpeg\" \/>\n<meta name=\"author\" content=\"Reda\u00e7\u00e3o\" \/>\n<meta name=\"twitter:card\" content=\"summary_large_image\" \/>\n<meta name=\"twitter:label1\" content=\"Escrito por\" \/>\n\t<meta name=\"twitter:data1\" content=\"Reda\u00e7\u00e3o\" \/>\n\t<meta name=\"twitter:label2\" content=\"Est. tempo de leitura\" \/>\n\t<meta name=\"twitter:data2\" content=\"3 minutos\" \/>\n<script type=\"application\/ld+json\" class=\"yoast-schema-graph\">{\"@context\":\"https:\\\/\\\/schema.org\",\"@graph\":[{\"@type\":\"Article\",\"@id\":\"https:\\\/\\\/www.omovimento.com.br\\\/portal\\\/destaque\\\/detran-sp-libera-uso-de-carro-do-candidato-em-exame-de-direcao-veja-regras\\\/#article\",\"isPartOf\":{\"@id\":\"https:\\\/\\\/www.omovimento.com.br\\\/portal\\\/destaque\\\/detran-sp-libera-uso-de-carro-do-candidato-em-exame-de-direcao-veja-regras\\\/\"},\"author\":{\"name\":\"Reda\u00e7\u00e3o\",\"@id\":\"https:\\\/\\\/www.omovimento.com.br\\\/portal\\\/#\\\/schema\\\/person\\\/e7d3971f53952141ade7388e0033ce8d\"},\"headline\":\"Detran-SP libera uso de carro do candidato em exame de dire\u00e7\u00e3o; veja regras\",\"datePublished\":\"2026-05-02T13:05:12+00:00\",\"mainEntityOfPage\":{\"@id\":\"https:\\\/\\\/www.omovimento.com.br\\\/portal\\\/destaque\\\/detran-sp-libera-uso-de-carro-do-candidato-em-exame-de-direcao-veja-regras\\\/\"},\"wordCount\":525,\"commentCount\":0,\"publisher\":{\"@id\":\"https:\\\/\\\/www.omovimento.com.br\\\/portal\\\/#organization\"},\"image\":{\"@id\":\"https:\\\/\\\/www.omovimento.com.br\\\/portal\\\/destaque\\\/detran-sp-libera-uso-de-carro-do-candidato-em-exame-de-direcao-veja-regras\\\/#primaryimage\"},\"thumbnailUrl\":\"https:\\\/\\\/www.omovimento.com.br\\\/portal\\\/wp-content\\\/uploads\\\/2026\\\/05\\\/autoescola.jpg\",\"articleSection\":[\"Destaque\"],\"inLanguage\":\"pt-BR\",\"potentialAction\":[{\"@type\":\"CommentAction\",\"name\":\"Comment\",\"target\":[\"https:\\\/\\\/www.omovimento.com.br\\\/portal\\\/destaque\\\/detran-sp-libera-uso-de-carro-do-candidato-em-exame-de-direcao-veja-regras\\\/#respond\"]}]},{\"@type\":\"WebPage\",\"@id\":\"https:\\\/\\\/www.omovimento.com.br\\\/portal\\\/destaque\\\/detran-sp-libera-uso-de-carro-do-candidato-em-exame-de-direcao-veja-regras\\\/\",\"url\":\"https:\\\/\\\/www.omovimento.com.br\\\/portal\\\/destaque\\\/detran-sp-libera-uso-de-carro-do-candidato-em-exame-de-direcao-veja-regras\\\/\",\"name\":\"Detran-SP libera uso de carro do candidato em exame de dire\u00e7\u00e3o; veja regras - Jornal O Movimento\",\"isPartOf\":{\"@id\":\"https:\\\/\\\/www.omovimento.com.br\\\/portal\\\/#website\"},\"primaryImageOfPage\":{\"@id\":\"https:\\\/\\\/www.omovimento.com.br\\\/portal\\\/destaque\\\/detran-sp-libera-uso-de-carro-do-candidato-em-exame-de-direcao-veja-regras\\\/#primaryimage\"},\"image\":{\"@id\":\"https:\\\/\\\/www.omovimento.com.br\\\/portal\\\/destaque\\\/detran-sp-libera-uso-de-carro-do-candidato-em-exame-de-direcao-veja-regras\\\/#primaryimage\"},\"thumbnailUrl\":\"https:\\\/\\\/www.omovimento.com.br\\\/portal\\\/wp-content\\\/uploads\\\/2026\\\/05\\\/autoescola.jpg\",\"datePublished\":\"2026-05-02T13:05:12+00:00\",\"breadcrumb\":{\"@id\":\"https:\\\/\\\/www.omovimento.com.br\\\/portal\\\/destaque\\\/detran-sp-libera-uso-de-carro-do-candidato-em-exame-de-direcao-veja-regras\\\/#breadcrumb\"},\"inLanguage\":\"pt-BR\",\"potentialAction\":[{\"@type\":\"ReadAction\",\"target\":[\"https:\\\/\\\/www.omovimento.com.br\\\/portal\\\/destaque\\\/detran-sp-libera-uso-de-carro-do-candidato-em-exame-de-direcao-veja-regras\\\/\"]}]},{\"@type\":\"ImageObject\",\"inLanguage\":\"pt-BR\",\"@id\":\"https:\\\/\\\/www.omovimento.com.br\\\/portal\\\/destaque\\\/detran-sp-libera-uso-de-carro-do-candidato-em-exame-de-direcao-veja-regras\\\/#primaryimage\",\"url\":\"https:\\\/\\\/www.omovimento.com.br\\\/portal\\\/wp-content\\\/uploads\\\/2026\\\/05\\\/autoescola.jpg\",\"contentUrl\":\"https:\\\/\\\/www.omovimento.com.br\\\/portal\\\/wp-content\\\/uploads\\\/2026\\\/05\\\/autoescola.jpg\",\"width\":1010,\"height\":691,\"caption\":\"Modelo j\u00e1 \u00e9 adotado no Distrito Federal. Foto: Detran-DF\\\/Divulga\u00e7\u00e3o\"},{\"@type\":\"BreadcrumbList\",\"@id\":\"https:\\\/\\\/www.omovimento.com.br\\\/portal\\\/destaque\\\/detran-sp-libera-uso-de-carro-do-candidato-em-exame-de-direcao-veja-regras\\\/#breadcrumb\",\"itemListElement\":[{\"@type\":\"ListItem\",\"position\":1,\"name\":\"In\u00edcio\",\"item\":\"https:\\\/\\\/www.omovimento.com.br\\\/portal\\\/\"},{\"@type\":\"ListItem\",\"position\":2,\"name\":\"Detran-SP libera uso de carro do candidato em exame de dire\u00e7\u00e3o; veja regras\"}]},{\"@type\":\"WebSite\",\"@id\":\"https:\\\/\\\/www.omovimento.com.br\\\/portal\\\/#website\",\"url\":\"https:\\\/\\\/www.omovimento.com.br\\\/portal\\\/\",\"name\":\"Jornal O Movimento\",\"description\":\"\",\"publisher\":{\"@id\":\"https:\\\/\\\/www.omovimento.com.br\\\/portal\\\/#organization\"},\"potentialAction\":[{\"@type\":\"SearchAction\",\"target\":{\"@type\":\"EntryPoint\",\"urlTemplate\":\"https:\\\/\\\/www.omovimento.com.br\\\/portal\\\/?s={search_term_string}\"},\"query-input\":{\"@type\":\"PropertyValueSpecification\",\"valueRequired\":true,\"valueName\":\"search_term_string\"}}],\"inLanguage\":\"pt-BR\"},{\"@type\":\"Organization\",\"@id\":\"https:\\\/\\\/www.omovimento.com.br\\\/portal\\\/#organization\",\"name\":\"Jornal O Movimento\",\"url\":\"https:\\\/\\\/www.omovimento.com.br\\\/portal\\\/\",\"logo\":{\"@type\":\"ImageObject\",\"inLanguage\":\"pt-BR\",\"@id\":\"https:\\\/\\\/www.omovimento.com.br\\\/portal\\\/#\\\/schema\\\/logo\\\/image\\\/\",\"url\":\"https:\\\/\\\/www.omovimento.com.br\\\/portal\\\/wp-content\\\/uploads\\\/2026\\\/03\\\/logo_jornal_O_Movimento-1-1536x343-1-1.png\",\"contentUrl\":\"https:\\\/\\\/www.omovimento.com.br\\\/portal\\\/wp-content\\\/uploads\\\/2026\\\/03\\\/logo_jornal_O_Movimento-1-1536x343-1-1.png\",\"width\":1536,\"height\":343,\"caption\":\"Jornal O Movimento\"},\"image\":{\"@id\":\"https:\\\/\\\/www.omovimento.com.br\\\/portal\\\/#\\\/schema\\\/logo\\\/image\\\/\"}},{\"@type\":\"Person\",\"@id\":\"https:\\\/\\\/www.omovimento.com.br\\\/portal\\\/#\\\/schema\\\/person\\\/e7d3971f53952141ade7388e0033ce8d\",\"name\":\"Reda\u00e7\u00e3o\",\"image\":{\"@type\":\"ImageObject\",\"inLanguage\":\"pt-BR\",\"@id\":\"https:\\\/\\\/secure.gravatar.com\\\/avatar\\\/549ab8e14173ace5e8b1c3bd80cf838bc0d00b7e1b65a361093164d85a62d45b?s=96&d=mm&r=g\",\"url\":\"https:\\\/\\\/secure.gravatar.com\\\/avatar\\\/549ab8e14173ace5e8b1c3bd80cf838bc0d00b7e1b65a361093164d85a62d45b?s=96&d=mm&r=g\",\"contentUrl\":\"https:\\\/\\\/secure.gravatar.com\\\/avatar\\\/549ab8e14173ace5e8b1c3bd80cf838bc0d00b7e1b65a361093164d85a62d45b?s=96&d=mm&r=g\",\"caption\":\"Reda\u00e7\u00e3o\"},\"url\":\"https:\\\/\\\/www.omovimento.com.br\\\/portal\\\/author\\\/admin\\\/\"}]}<\/script>\n<!-- \/ Yoast SEO plugin. -->","yoast_head_json":{"title":"Detran-SP libera uso de carro do candidato em exame de dire\u00e7\u00e3o; veja regras - Jornal O Movimento","robots":{"index":"index","follow":"follow","max-snippet":"max-snippet:-1","max-image-preview":"max-image-preview:large","max-video-preview":"max-video-preview:-1"},"canonical":"https:\/\/www.omovimento.com.br\/portal\/destaque\/detran-sp-libera-uso-de-carro-do-candidato-em-exame-de-direcao-veja-regras\/","og_locale":"pt_BR","og_type":"article","og_title":"Detran-SP libera uso de carro do candidato em exame de dire\u00e7\u00e3o; veja regras - Jornal O Movimento","og_description":"O Departamento Estadual de Tr\u00e2nsito de S\u00e3o Paulo passou a permitir, desde a \u00faltima sexta-feira (1\u00ba), o agendamento do exame pr\u00e1tico de dire\u00e7\u00e3o com ve\u00edculo pr\u00f3prio em todo o estado. A medida representa uma mudan\u00e7a significativa no processo de habilita\u00e7\u00e3o, ampliando as op\u00e7\u00f5es para candidatos \u00e0 Carteira Nacional de Habilita\u00e7\u00e3o (CNH). Com a nova regra,","og_url":"https:\/\/www.omovimento.com.br\/portal\/destaque\/detran-sp-libera-uso-de-carro-do-candidato-em-exame-de-direcao-veja-regras\/","og_site_name":"Jornal O Movimento","article_published_time":"2026-05-02T13:05:12+00:00","og_image":[{"width":1010,"height":691,"url":"https:\/\/www.omovimento.com.br\/portal\/wp-content\/uploads\/2026\/05\/autoescola.jpg","type":"image\/jpeg"}],"author":"Reda\u00e7\u00e3o","twitter_card":"summary_large_image","twitter_misc":{"Escrito por":"Reda\u00e7\u00e3o","Est. tempo de leitura":"3 minutos"},"schema":{"@context":"https:\/\/schema.org","@graph":[{"@type":"Article","@id":"https:\/\/www.omovimento.com.br\/portal\/destaque\/detran-sp-libera-uso-de-carro-do-candidato-em-exame-de-direcao-veja-regras\/#article","isPartOf":{"@id":"https:\/\/www.omovimento.com.br\/portal\/destaque\/detran-sp-libera-uso-de-carro-do-candidato-em-exame-de-direcao-veja-regras\/"},"author":{"name":"Reda\u00e7\u00e3o","@id":"https:\/\/www.omovimento.com.br\/portal\/#\/schema\/person\/e7d3971f53952141ade7388e0033ce8d"},"headline":"Detran-SP libera uso de carro do candidato em exame de dire\u00e7\u00e3o; veja regras","datePublished":"2026-05-02T13:05:12+00:00","mainEntityOfPage":{"@id":"https:\/\/www.omovimento.com.br\/portal\/destaque\/detran-sp-libera-uso-de-carro-do-candidato-em-exame-de-direcao-veja-regras\/"},"wordCount":525,"commentCount":0,"publisher":{"@id":"https:\/\/www.omovimento.com.br\/portal\/#organization"},"image":{"@id":"https:\/\/www.omovimento.com.br\/portal\/destaque\/detran-sp-libera-uso-de-carro-do-candidato-em-exame-de-direcao-veja-regras\/#primaryimage"},"thumbnailUrl":"https:\/\/www.omovimento.com.br\/portal\/wp-content\/uploads\/2026\/05\/autoescola.jpg","articleSection":["Destaque"],"inLanguage":"pt-BR","potentialAction":[{"@type":"CommentAction","name":"Comment","target":["https:\/\/www.omovimento.com.br\/portal\/destaque\/detran-sp-libera-uso-de-carro-do-candidato-em-exame-de-direcao-veja-regras\/#respond"]}]},{"@type":"WebPage","@id":"https:\/\/www.omovimento.com.br\/portal\/destaque\/detran-sp-libera-uso-de-carro-do-candidato-em-exame-de-direcao-veja-regras\/","url":"https:\/\/www.omovimento.com.br\/portal\/destaque\/detran-sp-libera-uso-de-carro-do-candidato-em-exame-de-direcao-veja-regras\/","name":"Detran-SP libera uso de carro do candidato em exame de dire\u00e7\u00e3o; veja regras - Jornal O Movimento","isPartOf":{"@id":"https:\/\/www.omovimento.com.br\/portal\/#website"},"primaryImageOfPage":{"@id":"https:\/\/www.omovimento.com.br\/portal\/destaque\/detran-sp-libera-uso-de-carro-do-candidato-em-exame-de-direcao-veja-regras\/#primaryimage"},"image":{"@id":"https:\/\/www.omovimento.com.br\/portal\/destaque\/detran-sp-libera-uso-de-carro-do-candidato-em-exame-de-direcao-veja-regras\/#primaryimage"},"thumbnailUrl":"https:\/\/www.omovimento.com.br\/portal\/wp-content\/uploads\/2026\/05\/autoescola.jpg","datePublished":"2026-05-02T13:05:12+00:00","breadcrumb":{"@id":"https:\/\/www.omovimento.com.br\/portal\/destaque\/detran-sp-libera-uso-de-carro-do-candidato-em-exame-de-direcao-veja-regras\/#breadcrumb"},"inLanguage":"pt-BR","potentialAction":[{"@type":"ReadAction","target":["https:\/\/www.omovimento.com.br\/portal\/destaque\/detran-sp-libera-uso-de-carro-do-candidato-em-exame-de-direcao-veja-regras\/"]}]},{"@type":"ImageObject","inLanguage":"pt-BR","@id":"https:\/\/www.omovimento.com.br\/portal\/destaque\/detran-sp-libera-uso-de-carro-do-candidato-em-exame-de-direcao-veja-regras\/#primaryimage","url":"https:\/\/www.omovimento.com.br\/portal\/wp-content\/uploads\/2026\/05\/autoescola.jpg","contentUrl":"https:\/\/www.omovimento.com.br\/portal\/wp-content\/uploads\/2026\/05\/autoescola.jpg","width":1010,"height":691,"caption":"Modelo j\u00e1 \u00e9 adotado no Distrito Federal. Foto: Detran-DF\/Divulga\u00e7\u00e3o"},{"@type":"BreadcrumbList","@id":"https:\/\/www.omovimento.com.br\/portal\/destaque\/detran-sp-libera-uso-de-carro-do-candidato-em-exame-de-direcao-veja-regras\/#breadcrumb","itemListElement":[{"@type":"ListItem","position":1,"name":"In\u00edcio","item":"https:\/\/www.omovimento.com.br\/portal\/"},{"@type":"ListItem","position":2,"name":"Detran-SP libera uso de carro do candidato em exame de dire\u00e7\u00e3o; veja regras"}]},{"@type":"WebSite","@id":"https:\/\/www.omovimento.com.br\/portal\/#website","url":"https:\/\/www.omovimento.com.br\/portal\/","name":"Jornal O Movimento","description":"","publisher":{"@id":"https:\/\/www.omovimento.com.br\/portal\/#organization"},"potentialAction":[{"@type":"SearchAction","target":{"@type":"EntryPoint","urlTemplate":"https:\/\/www.omovimento.com.br\/portal\/?s={search_term_string}"},"query-input":{"@type":"PropertyValueSpecification","valueRequired":true,"valueName":"search_term_string"}}],"inLanguage":"pt-BR"},{"@type":"Organization","@id":"https:\/\/www.omovimento.com.br\/portal\/#organization","name":"Jornal O Movimento","url":"https:\/\/www.omovimento.com.br\/portal\/","logo":{"@type":"ImageObject","inLanguage":"pt-BR","@id":"https:\/\/www.omovimento.com.br\/portal\/#\/schema\/logo\/image\/","url":"https:\/\/www.omovimento.com.br\/portal\/wp-content\/uploads\/2026\/03\/logo_jornal_O_Movimento-1-1536x343-1-1.png","contentUrl":"https:\/\/www.omovimento.com.br\/portal\/wp-content\/uploads\/2026\/03\/logo_jornal_O_Movimento-1-1536x343-1-1.png","width":1536,"height":343,"caption":"Jornal O Movimento"},"image":{"@id":"https:\/\/www.omovimento.com.br\/portal\/#\/schema\/logo\/image\/"}},{"@type":"Person","@id":"https:\/\/www.omovimento.com.br\/portal\/#\/schema\/person\/e7d3971f53952141ade7388e0033ce8d","name":"Reda\u00e7\u00e3o","image":{"@type":"ImageObject","inLanguage":"pt-BR","@id":"https:\/\/secure.gravatar.com\/avatar\/549ab8e14173ace5e8b1c3bd80cf838bc0d00b7e1b65a361093164d85a62d45b?s=96&d=mm&r=g","url":"https:\/\/secure.gravatar.com\/avatar\/549ab8e14173ace5e8b1c3bd80cf838bc0d00b7e1b65a361093164d85a62d45b?s=96&d=mm&r=g","contentUrl":"https:\/\/secure.gravatar.com\/avatar\/549ab8e14173ace5e8b1c3bd80cf838bc0d00b7e1b65a361093164d85a62d45b?s=96&d=mm&r=g","caption":"Reda\u00e7\u00e3o"},"url":"https:\/\/www.omovimento.com.br\/portal\/author\/admin\/"}]}},"_links":{"self":[{"href":"https:\/\/www.omovimento.com.br\/portal\/wp-json\/wp\/v2\/posts\/44011","targetHints":{"allow":["GET"]}}],"collection":[{"href":"https:\/\/www.omovimento.com.br\/portal\/wp-json\/wp\/v2\/posts"}],"about":[{"href":"https:\/\/www.omovimento.com.br\/portal\/wp-json\/wp\/v2\/types\/post"}],"author":[{"embeddable":true,"href":"https:\/\/www.omovimento.com.br\/portal\/wp-json\/wp\/v2\/users\/3"}],"replies":[{"embeddable":true,"href":"https:\/\/www.omovimento.com.br\/portal\/wp-json\/wp\/v2\/comments?post=44011"}],"version-history":[{"count":1,"href":"https:\/\/www.omovimento.com.br\/portal\/wp-json\/wp\/v2\/posts\/44011\/revisions"}],"predecessor-version":[{"id":44013,"href":"https:\/\/www.omovimento.com.br\/portal\/wp-json\/wp\/v2\/posts\/44011\/revisions\/44013"}],"wp:featuredmedia":[{"embeddable":true,"href":"https:\/\/www.omovimento.com.br\/portal\/wp-json\/wp\/v2\/media\/44012"}],"wp:attachment":[{"href":"https:\/\/www.omovimento.com.br\/portal\/wp-json\/wp\/v2\/media?parent=44011"}],"wp:term":[{"taxonomy":"category","embeddable":true,"href":"https:\/\/www.omovimento.com.br\/portal\/wp-json\/wp\/v2\/categories?post=44011"},{"taxonomy":"post_tag","embeddable":true,"href":"https:\/\/www.omovimento.com.br\/portal\/wp-json\/wp\/v2\/tags?post=44011"}],"curies":[{"name":"wp","href":"https:\/\/api.w.org\/{rel}","templated":true}]}}