{"id":44006,"date":"2026-05-02T08:39:06","date_gmt":"2026-05-02T11:39:06","guid":{"rendered":"https:\/\/www.omovimento.com.br\/portal\/?p=44006"},"modified":"2026-05-02T08:39:06","modified_gmt":"2026-05-02T11:39:06","slug":"cidades-da-regiao-sao-contempladas-com-veiculos-do-sus-para-atendimentos-fora-do-municipio","status":"publish","type":"post","link":"https:\/\/www.omovimento.com.br\/portal\/regiao\/cidades-da-regiao-sao-contempladas-com-veiculos-do-sus-para-atendimentos-fora-do-municipio\/","title":{"rendered":"Cidades da regi\u00e3o s\u00e3o contempladas com ve\u00edculos do SUS para atendimentos fora do munic\u00edpio"},"content":{"rendered":"<p style=\"text-align: center;\" data-start=\"112\" data-end=\"390\"><span style=\"font-family: tahoma, arial, helvetica, sans-serif;\"><strong><span style=\"font-size: 14pt;\">A\u00e7\u00e3o in\u00e9dita do governo federal entrega transporte sanit\u00e1rio diretamente a estados e munic\u00edpios.<\/span><\/strong><\/span><\/p><div id=\"omovi-4263270365\" class=\"omovi-conteudo-2 omovi-entity-placement\"><div id=\"63534-28\"><script src=\"\/\/ads.themoneytizer.com\/s\/gen.js?type=28\"><\/script><script src=\"\/\/ads.themoneytizer.com\/s\/requestform.js?siteId=63534&formatId=28\" ><\/script><\/div><\/div>\n<p data-start=\"112\" data-end=\"390\"><span style=\"font-size: 12pt; font-family: tahoma, arial, helvetica, sans-serif;\">Cidades da regi\u00e3o foram contempladas com novos ve\u00edculos destinados ao transporte de pacientes do Sistema \u00danico de Sa\u00fade (SUS), em uma iniciativa do Minist\u00e9rio da Sa\u00fade que busca reduzir as dificuldades enfrentadas por quem precisa se deslocar para atendimento fora do munic\u00edpio.<\/span><\/p>\n<p data-start=\"112\" data-end=\"390\"><span style=\"font-family: tahoma, arial, helvetica, sans-serif;\">\ud83d\udcf1 <em>Siga o O Movimento no <a href=\"https:\/\/www.instagram.com\/jornalomovimento\/\">Instagram<\/a><\/em><\/span><\/p>\n<p data-start=\"392\" data-end=\"686\"><span style=\"font-size: 12pt; font-family: tahoma, arial, helvetica, sans-serif;\">Ao todo, o governo federal come\u00e7ou a distribuir <strong data-start=\"440\" data-end=\"475\">3,3 mil ve\u00edculos em todo o pa\u00eds<\/strong>, entre vans, micro-\u00f4nibus e ambul\u00e2ncias. A medida atende pacientes que precisam percorrer <strong data-start=\"566\" data-end=\"592\">mais de 50 quil\u00f4metros<\/strong> at\u00e9 servi\u00e7os de m\u00e9dia e alta complexidade, como consultas especializadas, exames e cirurgias.<\/span><\/p>\n<p style=\"text-align: center;\" data-start=\"392\" data-end=\"686\"><span style=\"font-family: tahoma, arial, helvetica, sans-serif; font-size: 10pt;\"><strong><span style=\"color: #808080; font-family: tahoma, arial, helvetica, sans-serif;\">= continua ap\u00f3s a publicidade =<\/span><\/strong><\/span><\/p>\n<p data-start=\"392\" data-end=\"686\"><img fetchpriority=\"high\" decoding=\"async\" class=\"size-full wp-image-43934 aligncenter\" src=\"https:\/\/www.omovimento.com.br\/portal\/wp-content\/uploads\/2026\/04\/1d5844a6-3dcc-4e19-8a26-72d4fcfe7dfb.png\" alt=\"\" width=\"1000\" height=\"417\" srcset=\"https:\/\/www.omovimento.com.br\/portal\/wp-content\/uploads\/2026\/04\/1d5844a6-3dcc-4e19-8a26-72d4fcfe7dfb.png 1000w, https:\/\/www.omovimento.com.br\/portal\/wp-content\/uploads\/2026\/04\/1d5844a6-3dcc-4e19-8a26-72d4fcfe7dfb-300x125.png 300w, https:\/\/www.omovimento.com.br\/portal\/wp-content\/uploads\/2026\/04\/1d5844a6-3dcc-4e19-8a26-72d4fcfe7dfb-768x320.png 768w, https:\/\/www.omovimento.com.br\/portal\/wp-content\/uploads\/2026\/04\/1d5844a6-3dcc-4e19-8a26-72d4fcfe7dfb-150x63.png 150w, https:\/\/www.omovimento.com.br\/portal\/wp-content\/uploads\/2026\/04\/1d5844a6-3dcc-4e19-8a26-72d4fcfe7dfb-450x188.png 450w\" sizes=\"(max-width: 1000px) 100vw, 1000px\" \/><\/p>\n<p data-start=\"688\" data-end=\"984\"><span style=\"font-size: 12pt; font-family: tahoma, arial, helvetica, sans-serif;\">Na regi\u00e3o, foram beneficiadas as cidades de <span class=\"hover:entity-accent entity-underline inline cursor-pointer align-baseline\"><span class=\"whitespace-normal\">Santa Rita do Passa Quatro<\/span><\/span>, <span class=\"hover:entity-accent entity-underline inline cursor-pointer align-baseline\"><span class=\"whitespace-normal\">Santa Cruz das Palmeiras<\/span><\/span>, <span class=\"hover:entity-accent entity-underline inline cursor-pointer align-baseline\"><span class=\"whitespace-normal\">Porto Ferreira<\/span><\/span> e <span class=\"hover:entity-accent entity-underline inline cursor-pointer align-baseline\"><span class=\"whitespace-normal\">Leme<\/span><\/span>. Cada uma recebeu <strong data-start=\"906\" data-end=\"922\">micro-\u00f4nibus<\/strong>, enquanto Leme tamb\u00e9m foi contemplada com <strong data-start=\"965\" data-end=\"983\">uma ambul\u00e2ncia<\/strong>.<\/span><\/p>\n<p data-start=\"986\" data-end=\"1277\"><span style=\"font-size: 12pt; font-family: tahoma, arial, helvetica, sans-serif;\">A a\u00e7\u00e3o integra o programa <strong data-start=\"1012\" data-end=\"1059\">Agora Tem Especialistas \u2013 Caminhos da Sa\u00fade<\/strong>, que tem como objetivo <strong data-start=\"1083\" data-end=\"1141\">ampliar o acesso da popula\u00e7\u00e3o a tratamentos essenciais<\/strong>, incluindo acompanhamento oncol\u00f3gico e sess\u00f5es de hemodi\u00e1lise. O investimento total foi de <strong data-start=\"1233\" data-end=\"1250\">R$ 1,4 bilh\u00e3o<\/strong>, com recursos do Novo PAC.<\/span><\/p>\n<figure id=\"attachment_44008\" aria-describedby=\"caption-attachment-44008\" style=\"width: 768px\" class=\"wp-caption aligncenter\"><img decoding=\"async\" class=\"wp-image-44008 size-full\" src=\"https:\/\/www.omovimento.com.br\/portal\/wp-content\/uploads\/2026\/05\/transporte-de-pacientes-do-SUS-768x576-1.jpg\" alt=\"\" width=\"768\" height=\"576\" srcset=\"https:\/\/www.omovimento.com.br\/portal\/wp-content\/uploads\/2026\/05\/transporte-de-pacientes-do-SUS-768x576-1.jpg 768w, https:\/\/www.omovimento.com.br\/portal\/wp-content\/uploads\/2026\/05\/transporte-de-pacientes-do-SUS-768x576-1-300x225.jpg 300w, https:\/\/www.omovimento.com.br\/portal\/wp-content\/uploads\/2026\/05\/transporte-de-pacientes-do-SUS-768x576-1-150x113.jpg 150w, https:\/\/www.omovimento.com.br\/portal\/wp-content\/uploads\/2026\/05\/transporte-de-pacientes-do-SUS-768x576-1-450x338.jpg 450w\" sizes=\"(max-width: 768px) 100vw, 768px\" \/><figcaption id=\"caption-attachment-44008\" class=\"wp-caption-text\">Ve\u00edculos ser\u00e3o usados no transporte de pacientes para consultas, exames e continuidade de tratamentos. Foto: Rafael Nascimento\/MS<\/figcaption><\/figure>\n<p data-start=\"1279\" data-end=\"1600\"><span style=\"font-size: 12pt; font-family: tahoma, arial, helvetica, sans-serif;\">Segundo o Minist\u00e9rio da Sa\u00fade, esta \u00e9 a <strong data-start=\"1319\" data-end=\"1417\">primeira vez que o governo federal realiza a compra e a entrega direta de transporte sanit\u00e1rio<\/strong> para estados e munic\u00edpios. A estrat\u00e9gia busca enfrentar um dos principais gargalos do sistema: <strong data-start=\"1513\" data-end=\"1599\">a dist\u00e2ncia entre o local de resid\u00eancia dos pacientes e os servi\u00e7os especializados<\/strong>.<\/span><\/p>\n<p data-start=\"1602\" data-end=\"1825\"><span style=\"font-size: 12pt; font-family: tahoma, arial, helvetica, sans-serif;\">Do total de ve\u00edculos adquiridos, <strong data-start=\"1635\" data-end=\"1688\">1.824 ser\u00e3o destinados diretamente \u00e0s prefeituras<\/strong>, com uso variado, enquanto outros <strong data-start=\"1723\" data-end=\"1824\">1.476 ser\u00e3o exclusivos para o transporte de pacientes em tratamento de radioterapia e hemodi\u00e1lise<\/strong>.<\/span><\/p>\n<figure id=\"attachment_44009\" aria-describedby=\"caption-attachment-44009\" style=\"width: 1280px\" class=\"wp-caption aligncenter\"><img decoding=\"async\" class=\"wp-image-44009 size-full\" src=\"https:\/\/www.omovimento.com.br\/portal\/wp-content\/uploads\/2026\/05\/RafaelNascimentoMSCaminhos21.jpg\" alt=\"\" width=\"1280\" height=\"590\" srcset=\"https:\/\/www.omovimento.com.br\/portal\/wp-content\/uploads\/2026\/05\/RafaelNascimentoMSCaminhos21.jpg 1280w, https:\/\/www.omovimento.com.br\/portal\/wp-content\/uploads\/2026\/05\/RafaelNascimentoMSCaminhos21-300x138.jpg 300w, https:\/\/www.omovimento.com.br\/portal\/wp-content\/uploads\/2026\/05\/RafaelNascimentoMSCaminhos21-1024x472.jpg 1024w, https:\/\/www.omovimento.com.br\/portal\/wp-content\/uploads\/2026\/05\/RafaelNascimentoMSCaminhos21-768x354.jpg 768w, https:\/\/www.omovimento.com.br\/portal\/wp-content\/uploads\/2026\/05\/RafaelNascimentoMSCaminhos21-150x69.jpg 150w, https:\/\/www.omovimento.com.br\/portal\/wp-content\/uploads\/2026\/05\/RafaelNascimentoMSCaminhos21-450x207.jpg 450w, https:\/\/www.omovimento.com.br\/portal\/wp-content\/uploads\/2026\/05\/RafaelNascimentoMSCaminhos21-1200x553.jpg 1200w\" sizes=\"(max-width: 1280px) 100vw, 1280px\" \/><figcaption id=\"caption-attachment-44009\" class=\"wp-caption-text\">Novos ve\u00edculos v\u00e3o atender pacientes do SUS que dependem de deslocamento para servi\u00e7os de m\u00e9dia e alta complexidade. Foto: Rafael Nascimento\/MS<\/figcaption><\/figure>\n<p data-start=\"1827\" data-end=\"2080\"><span style=\"font-size: 12pt; font-family: tahoma, arial, helvetica, sans-serif;\">A distribui\u00e7\u00e3o segue <strong data-start=\"1848\" data-end=\"1870\">crit\u00e9rios t\u00e9cnicos<\/strong>, levando em considera\u00e7\u00e3o desigualdades regionais no acesso \u00e0 sa\u00fade e a organiza\u00e7\u00e3o das redes de atendimento. Regi\u00f5es com maior incid\u00eancia de c\u00e2ncer e maior depend\u00eancia do SUS devem receber aten\u00e7\u00e3o priorit\u00e1ria.<\/span><\/p>\n<p data-start=\"2082\" data-end=\"2321\"><span style=\"font-size: 12pt; font-family: tahoma, arial, helvetica, sans-serif;\">No caso dos ve\u00edculos voltados \u00e0 radioterapia, o planejamento considera a disponibilidade de equipamentos como aceleradores lineares. J\u00e1 para a hemodi\u00e1lise, pesa a <strong data-start=\"2245\" data-end=\"2320\">dist\u00e2ncia entre os pacientes e os centros de terapia renal substitutiva<\/strong>.<\/span><\/p>\n<p data-start=\"2323\" data-end=\"2565\" data-is-last-node=\"\" data-is-only-node=\"\"><span style=\"font-size: 12pt; font-family: tahoma, arial, helvetica, sans-serif;\">A organiza\u00e7\u00e3o do uso dos ve\u00edculos ser\u00e1 definida em conjunto entre estados e munic\u00edpios, por meio das Comiss\u00f5es Intergestores Bipartites (CIBs), permitindo que <strong data-start=\"2482\" data-end=\"2564\">rotas, fluxos e tipos de transporte sejam ajustados \u00e0 realidade de cada regi\u00e3o<\/strong>.<\/span><\/p>\n<p data-start=\"822\" data-end=\"1009\"><span style=\"font-family: tahoma, arial, helvetica, sans-serif;\">\u270d\ufe0f <em data-start=\"1160\" data-end=\"1198\" data-is-last-node=\"\">Reportagem: <a href=\"https:\/\/www.facebook.com\/jornalistatonioliveiraon\/\"><strong>Jornalista Toni Oliveira<\/strong><\/a><\/em><\/span><\/p>\n<p data-start=\"1490\" data-end=\"1675\"><span style=\"font-family: tahoma, arial, helvetica, sans-serif;\">\ud83d\udcf2\u00a0Fa\u00e7a uma den\u00fancia ou sugira uma reportagem sobre Pirassunungae regi\u00e3o por meio do WhatsApp do jornal <strong>O Movimento: <a href=\"https:\/\/wa.me\/5519982506789\" target=\"_blank\" rel=\"noreferrer noopener\" data-mrf-link=\"https:\/\/wa.me\/5516991499787\">(19) 98250-6789<\/a>.<\/strong><\/span><\/p>\n<p><span style=\"font-size: 14pt; color: #808080; font-family: tahoma, arial, helvetica, sans-serif;\"><em>Jorna<strong>l O Movimento<\/strong> \u00a0H\u00e1 91 anos, a principal refer\u00eancia em jornalismo na regi\u00e3o<\/em><\/span><\/p>\n<p><span style=\"font-family: tahoma, arial, helvetica, sans-serif;\"><em>( Fica proibida a reprodu\u00e7\u00e3o total ou parcial, c\u00f3pia ou distribui\u00e7\u00e3o do conte\u00fado, sem autoriza\u00e7\u00e3o expressa por parte do <strong>jornal O Movimento<\/strong>)<\/em><\/span><\/p>\n<p><span style=\"font-family: tahoma, arial, helvetica, sans-serif;\"><script src=\"\/\/ads.themoneytizer.com\/s\/gen.js?type=16\"><\/script><\/span><\/p>\n<div id=\"63534-16\" class=\"outbrain-tm\"><span style=\"font-family: tahoma, arial, helvetica, sans-serif;\"><script src=\"\/\/ads.themoneytizer.com\/s\/gen.js?type=16\"><\/script><\/span><\/div>\n<input type=\"hidden\" id=\"baseurl\" value=\"https:\/\/www.omovimento.com.br\/portal\"><input type=\"hidden\" id=\"audio_nonce\" value=\"6e6af060d0\">","protected":false},"excerpt":{"rendered":"<p>A\u00e7\u00e3o in\u00e9dita do governo federal entrega transporte sanit\u00e1rio diretamente a estados e munic\u00edpios. Cidades da regi\u00e3o foram contempladas com novos ve\u00edculos destinados ao transporte de pacientes do Sistema \u00danico de Sa\u00fade (SUS), em uma iniciativa do Minist\u00e9rio da Sa\u00fade que busca reduzir as dificuldades enfrentadas por quem precisa se deslocar para atendimento fora do munic\u00edpio.<\/p>\n","protected":false},"author":3,"featured_media":44007,"comment_status":"open","ping_status":"open","sticky":false,"template":"","format":"standard","meta":{"footnotes":""},"categories":[541],"tags":[],"class_list":{"0":"post-44006","1":"post","2":"type-post","3":"status-publish","4":"format-standard","5":"has-post-thumbnail","7":"category-regiao"},"yoast_head":"<!-- This site is optimized with the Yoast SEO plugin v27.3 - https:\/\/yoast.com\/product\/yoast-seo-wordpress\/ -->\n<title>Cidades da regi\u00e3o s\u00e3o contempladas com ve\u00edculos do SUS para atendimentos fora do munic\u00edpio - Jornal O Movimento<\/title>\n<meta name=\"robots\" content=\"index, follow, max-snippet:-1, max-image-preview:large, max-video-preview:-1\" \/>\n<link rel=\"canonical\" href=\"https:\/\/www.omovimento.com.br\/portal\/regiao\/cidades-da-regiao-sao-contempladas-com-veiculos-do-sus-para-atendimentos-fora-do-municipio\/\" \/>\n<meta property=\"og:locale\" content=\"pt_BR\" \/>\n<meta property=\"og:type\" content=\"article\" \/>\n<meta property=\"og:title\" content=\"Cidades da regi\u00e3o s\u00e3o contempladas com ve\u00edculos do SUS para atendimentos fora do munic\u00edpio - Jornal O Movimento\" \/>\n<meta property=\"og:description\" content=\"A\u00e7\u00e3o in\u00e9dita do governo federal entrega transporte sanit\u00e1rio diretamente a estados e munic\u00edpios. Cidades da regi\u00e3o foram contempladas com novos ve\u00edculos destinados ao transporte de pacientes do Sistema \u00danico de Sa\u00fade (SUS), em uma iniciativa do Minist\u00e9rio da Sa\u00fade que busca reduzir as dificuldades enfrentadas por quem precisa se deslocar para atendimento fora do munic\u00edpio.\" \/>\n<meta property=\"og:url\" content=\"https:\/\/www.omovimento.com.br\/portal\/regiao\/cidades-da-regiao-sao-contempladas-com-veiculos-do-sus-para-atendimentos-fora-do-municipio\/\" \/>\n<meta property=\"og:site_name\" content=\"Jornal O Movimento\" \/>\n<meta property=\"article:published_time\" content=\"2026-05-02T11:39:06+00:00\" \/>\n<meta property=\"og:image\" content=\"https:\/\/www.omovimento.com.br\/portal\/wp-content\/uploads\/2026\/05\/a1.jpg\" \/>\n\t<meta property=\"og:image:width\" content=\"1200\" \/>\n\t<meta property=\"og:image:height\" content=\"800\" \/>\n\t<meta property=\"og:image:type\" content=\"image\/jpeg\" \/>\n<meta name=\"author\" content=\"Reda\u00e7\u00e3o\" \/>\n<meta name=\"twitter:card\" content=\"summary_large_image\" \/>\n<meta name=\"twitter:label1\" content=\"Escrito por\" \/>\n\t<meta name=\"twitter:data1\" content=\"Reda\u00e7\u00e3o\" \/>\n\t<meta name=\"twitter:label2\" content=\"Est. tempo de leitura\" \/>\n\t<meta name=\"twitter:data2\" content=\"4 minutos\" \/>\n<script type=\"application\/ld+json\" class=\"yoast-schema-graph\">{\"@context\":\"https:\\\/\\\/schema.org\",\"@graph\":[{\"@type\":\"Article\",\"@id\":\"https:\\\/\\\/www.omovimento.com.br\\\/portal\\\/regiao\\\/cidades-da-regiao-sao-contempladas-com-veiculos-do-sus-para-atendimentos-fora-do-municipio\\\/#article\",\"isPartOf\":{\"@id\":\"https:\\\/\\\/www.omovimento.com.br\\\/portal\\\/regiao\\\/cidades-da-regiao-sao-contempladas-com-veiculos-do-sus-para-atendimentos-fora-do-municipio\\\/\"},\"author\":{\"name\":\"Reda\u00e7\u00e3o\",\"@id\":\"https:\\\/\\\/www.omovimento.com.br\\\/portal\\\/#\\\/schema\\\/person\\\/e7d3971f53952141ade7388e0033ce8d\"},\"headline\":\"Cidades da regi\u00e3o s\u00e3o contempladas com ve\u00edculos do SUS para atendimentos fora do munic\u00edpio\",\"datePublished\":\"2026-05-02T11:39:06+00:00\",\"mainEntityOfPage\":{\"@id\":\"https:\\\/\\\/www.omovimento.com.br\\\/portal\\\/regiao\\\/cidades-da-regiao-sao-contempladas-com-veiculos-do-sus-para-atendimentos-fora-do-municipio\\\/\"},\"wordCount\":568,\"commentCount\":0,\"publisher\":{\"@id\":\"https:\\\/\\\/www.omovimento.com.br\\\/portal\\\/#organization\"},\"image\":{\"@id\":\"https:\\\/\\\/www.omovimento.com.br\\\/portal\\\/regiao\\\/cidades-da-regiao-sao-contempladas-com-veiculos-do-sus-para-atendimentos-fora-do-municipio\\\/#primaryimage\"},\"thumbnailUrl\":\"https:\\\/\\\/www.omovimento.com.br\\\/portal\\\/wp-content\\\/uploads\\\/2026\\\/05\\\/a1.jpg\",\"articleSection\":[\"Regi\u00e3o\"],\"inLanguage\":\"pt-BR\",\"potentialAction\":[{\"@type\":\"CommentAction\",\"name\":\"Comment\",\"target\":[\"https:\\\/\\\/www.omovimento.com.br\\\/portal\\\/regiao\\\/cidades-da-regiao-sao-contempladas-com-veiculos-do-sus-para-atendimentos-fora-do-municipio\\\/#respond\"]}]},{\"@type\":\"WebPage\",\"@id\":\"https:\\\/\\\/www.omovimento.com.br\\\/portal\\\/regiao\\\/cidades-da-regiao-sao-contempladas-com-veiculos-do-sus-para-atendimentos-fora-do-municipio\\\/\",\"url\":\"https:\\\/\\\/www.omovimento.com.br\\\/portal\\\/regiao\\\/cidades-da-regiao-sao-contempladas-com-veiculos-do-sus-para-atendimentos-fora-do-municipio\\\/\",\"name\":\"Cidades da regi\u00e3o s\u00e3o contempladas com ve\u00edculos do SUS para atendimentos fora do munic\u00edpio - Jornal O Movimento\",\"isPartOf\":{\"@id\":\"https:\\\/\\\/www.omovimento.com.br\\\/portal\\\/#website\"},\"primaryImageOfPage\":{\"@id\":\"https:\\\/\\\/www.omovimento.com.br\\\/portal\\\/regiao\\\/cidades-da-regiao-sao-contempladas-com-veiculos-do-sus-para-atendimentos-fora-do-municipio\\\/#primaryimage\"},\"image\":{\"@id\":\"https:\\\/\\\/www.omovimento.com.br\\\/portal\\\/regiao\\\/cidades-da-regiao-sao-contempladas-com-veiculos-do-sus-para-atendimentos-fora-do-municipio\\\/#primaryimage\"},\"thumbnailUrl\":\"https:\\\/\\\/www.omovimento.com.br\\\/portal\\\/wp-content\\\/uploads\\\/2026\\\/05\\\/a1.jpg\",\"datePublished\":\"2026-05-02T11:39:06+00:00\",\"breadcrumb\":{\"@id\":\"https:\\\/\\\/www.omovimento.com.br\\\/portal\\\/regiao\\\/cidades-da-regiao-sao-contempladas-com-veiculos-do-sus-para-atendimentos-fora-do-municipio\\\/#breadcrumb\"},\"inLanguage\":\"pt-BR\",\"potentialAction\":[{\"@type\":\"ReadAction\",\"target\":[\"https:\\\/\\\/www.omovimento.com.br\\\/portal\\\/regiao\\\/cidades-da-regiao-sao-contempladas-com-veiculos-do-sus-para-atendimentos-fora-do-municipio\\\/\"]}]},{\"@type\":\"ImageObject\",\"inLanguage\":\"pt-BR\",\"@id\":\"https:\\\/\\\/www.omovimento.com.br\\\/portal\\\/regiao\\\/cidades-da-regiao-sao-contempladas-com-veiculos-do-sus-para-atendimentos-fora-do-municipio\\\/#primaryimage\",\"url\":\"https:\\\/\\\/www.omovimento.com.br\\\/portal\\\/wp-content\\\/uploads\\\/2026\\\/05\\\/a1.jpg\",\"contentUrl\":\"https:\\\/\\\/www.omovimento.com.br\\\/portal\\\/wp-content\\\/uploads\\\/2026\\\/05\\\/a1.jpg\",\"width\":1200,\"height\":800,\"caption\":\"Novos ve\u00edculos v\u00e3o atender pacientes do SUS que dependem de deslocamento para servi\u00e7os de m\u00e9dia e alta complexidade. Foto: Rafael Nascimento\\\/MS\"},{\"@type\":\"BreadcrumbList\",\"@id\":\"https:\\\/\\\/www.omovimento.com.br\\\/portal\\\/regiao\\\/cidades-da-regiao-sao-contempladas-com-veiculos-do-sus-para-atendimentos-fora-do-municipio\\\/#breadcrumb\",\"itemListElement\":[{\"@type\":\"ListItem\",\"position\":1,\"name\":\"In\u00edcio\",\"item\":\"https:\\\/\\\/www.omovimento.com.br\\\/portal\\\/\"},{\"@type\":\"ListItem\",\"position\":2,\"name\":\"Cidades da regi\u00e3o s\u00e3o contempladas com ve\u00edculos do SUS para atendimentos fora do munic\u00edpio\"}]},{\"@type\":\"WebSite\",\"@id\":\"https:\\\/\\\/www.omovimento.com.br\\\/portal\\\/#website\",\"url\":\"https:\\\/\\\/www.omovimento.com.br\\\/portal\\\/\",\"name\":\"Jornal O Movimento\",\"description\":\"\",\"publisher\":{\"@id\":\"https:\\\/\\\/www.omovimento.com.br\\\/portal\\\/#organization\"},\"potentialAction\":[{\"@type\":\"SearchAction\",\"target\":{\"@type\":\"EntryPoint\",\"urlTemplate\":\"https:\\\/\\\/www.omovimento.com.br\\\/portal\\\/?s={search_term_string}\"},\"query-input\":{\"@type\":\"PropertyValueSpecification\",\"valueRequired\":true,\"valueName\":\"search_term_string\"}}],\"inLanguage\":\"pt-BR\"},{\"@type\":\"Organization\",\"@id\":\"https:\\\/\\\/www.omovimento.com.br\\\/portal\\\/#organization\",\"name\":\"Jornal O Movimento\",\"url\":\"https:\\\/\\\/www.omovimento.com.br\\\/portal\\\/\",\"logo\":{\"@type\":\"ImageObject\",\"inLanguage\":\"pt-BR\",\"@id\":\"https:\\\/\\\/www.omovimento.com.br\\\/portal\\\/#\\\/schema\\\/logo\\\/image\\\/\",\"url\":\"https:\\\/\\\/www.omovimento.com.br\\\/portal\\\/wp-content\\\/uploads\\\/2026\\\/03\\\/logo_jornal_O_Movimento-1-1536x343-1-1.png\",\"contentUrl\":\"https:\\\/\\\/www.omovimento.com.br\\\/portal\\\/wp-content\\\/uploads\\\/2026\\\/03\\\/logo_jornal_O_Movimento-1-1536x343-1-1.png\",\"width\":1536,\"height\":343,\"caption\":\"Jornal O Movimento\"},\"image\":{\"@id\":\"https:\\\/\\\/www.omovimento.com.br\\\/portal\\\/#\\\/schema\\\/logo\\\/image\\\/\"}},{\"@type\":\"Person\",\"@id\":\"https:\\\/\\\/www.omovimento.com.br\\\/portal\\\/#\\\/schema\\\/person\\\/e7d3971f53952141ade7388e0033ce8d\",\"name\":\"Reda\u00e7\u00e3o\",\"image\":{\"@type\":\"ImageObject\",\"inLanguage\":\"pt-BR\",\"@id\":\"https:\\\/\\\/secure.gravatar.com\\\/avatar\\\/549ab8e14173ace5e8b1c3bd80cf838bc0d00b7e1b65a361093164d85a62d45b?s=96&d=mm&r=g\",\"url\":\"https:\\\/\\\/secure.gravatar.com\\\/avatar\\\/549ab8e14173ace5e8b1c3bd80cf838bc0d00b7e1b65a361093164d85a62d45b?s=96&d=mm&r=g\",\"contentUrl\":\"https:\\\/\\\/secure.gravatar.com\\\/avatar\\\/549ab8e14173ace5e8b1c3bd80cf838bc0d00b7e1b65a361093164d85a62d45b?s=96&d=mm&r=g\",\"caption\":\"Reda\u00e7\u00e3o\"},\"url\":\"https:\\\/\\\/www.omovimento.com.br\\\/portal\\\/author\\\/admin\\\/\"}]}<\/script>\n<!-- \/ Yoast SEO plugin. -->","yoast_head_json":{"title":"Cidades da regi\u00e3o s\u00e3o contempladas com ve\u00edculos do SUS para atendimentos fora do munic\u00edpio - Jornal O Movimento","robots":{"index":"index","follow":"follow","max-snippet":"max-snippet:-1","max-image-preview":"max-image-preview:large","max-video-preview":"max-video-preview:-1"},"canonical":"https:\/\/www.omovimento.com.br\/portal\/regiao\/cidades-da-regiao-sao-contempladas-com-veiculos-do-sus-para-atendimentos-fora-do-municipio\/","og_locale":"pt_BR","og_type":"article","og_title":"Cidades da regi\u00e3o s\u00e3o contempladas com ve\u00edculos do SUS para atendimentos fora do munic\u00edpio - Jornal O Movimento","og_description":"A\u00e7\u00e3o in\u00e9dita do governo federal entrega transporte sanit\u00e1rio diretamente a estados e munic\u00edpios. Cidades da regi\u00e3o foram contempladas com novos ve\u00edculos destinados ao transporte de pacientes do Sistema \u00danico de Sa\u00fade (SUS), em uma iniciativa do Minist\u00e9rio da Sa\u00fade que busca reduzir as dificuldades enfrentadas por quem precisa se deslocar para atendimento fora do munic\u00edpio.","og_url":"https:\/\/www.omovimento.com.br\/portal\/regiao\/cidades-da-regiao-sao-contempladas-com-veiculos-do-sus-para-atendimentos-fora-do-municipio\/","og_site_name":"Jornal O Movimento","article_published_time":"2026-05-02T11:39:06+00:00","og_image":[{"width":1200,"height":800,"url":"https:\/\/www.omovimento.com.br\/portal\/wp-content\/uploads\/2026\/05\/a1.jpg","type":"image\/jpeg"}],"author":"Reda\u00e7\u00e3o","twitter_card":"summary_large_image","twitter_misc":{"Escrito por":"Reda\u00e7\u00e3o","Est. tempo de leitura":"4 minutos"},"schema":{"@context":"https:\/\/schema.org","@graph":[{"@type":"Article","@id":"https:\/\/www.omovimento.com.br\/portal\/regiao\/cidades-da-regiao-sao-contempladas-com-veiculos-do-sus-para-atendimentos-fora-do-municipio\/#article","isPartOf":{"@id":"https:\/\/www.omovimento.com.br\/portal\/regiao\/cidades-da-regiao-sao-contempladas-com-veiculos-do-sus-para-atendimentos-fora-do-municipio\/"},"author":{"name":"Reda\u00e7\u00e3o","@id":"https:\/\/www.omovimento.com.br\/portal\/#\/schema\/person\/e7d3971f53952141ade7388e0033ce8d"},"headline":"Cidades da regi\u00e3o s\u00e3o contempladas com ve\u00edculos do SUS para atendimentos fora do munic\u00edpio","datePublished":"2026-05-02T11:39:06+00:00","mainEntityOfPage":{"@id":"https:\/\/www.omovimento.com.br\/portal\/regiao\/cidades-da-regiao-sao-contempladas-com-veiculos-do-sus-para-atendimentos-fora-do-municipio\/"},"wordCount":568,"commentCount":0,"publisher":{"@id":"https:\/\/www.omovimento.com.br\/portal\/#organization"},"image":{"@id":"https:\/\/www.omovimento.com.br\/portal\/regiao\/cidades-da-regiao-sao-contempladas-com-veiculos-do-sus-para-atendimentos-fora-do-municipio\/#primaryimage"},"thumbnailUrl":"https:\/\/www.omovimento.com.br\/portal\/wp-content\/uploads\/2026\/05\/a1.jpg","articleSection":["Regi\u00e3o"],"inLanguage":"pt-BR","potentialAction":[{"@type":"CommentAction","name":"Comment","target":["https:\/\/www.omovimento.com.br\/portal\/regiao\/cidades-da-regiao-sao-contempladas-com-veiculos-do-sus-para-atendimentos-fora-do-municipio\/#respond"]}]},{"@type":"WebPage","@id":"https:\/\/www.omovimento.com.br\/portal\/regiao\/cidades-da-regiao-sao-contempladas-com-veiculos-do-sus-para-atendimentos-fora-do-municipio\/","url":"https:\/\/www.omovimento.com.br\/portal\/regiao\/cidades-da-regiao-sao-contempladas-com-veiculos-do-sus-para-atendimentos-fora-do-municipio\/","name":"Cidades da regi\u00e3o s\u00e3o contempladas com ve\u00edculos do SUS para atendimentos fora do munic\u00edpio - Jornal O Movimento","isPartOf":{"@id":"https:\/\/www.omovimento.com.br\/portal\/#website"},"primaryImageOfPage":{"@id":"https:\/\/www.omovimento.com.br\/portal\/regiao\/cidades-da-regiao-sao-contempladas-com-veiculos-do-sus-para-atendimentos-fora-do-municipio\/#primaryimage"},"image":{"@id":"https:\/\/www.omovimento.com.br\/portal\/regiao\/cidades-da-regiao-sao-contempladas-com-veiculos-do-sus-para-atendimentos-fora-do-municipio\/#primaryimage"},"thumbnailUrl":"https:\/\/www.omovimento.com.br\/portal\/wp-content\/uploads\/2026\/05\/a1.jpg","datePublished":"2026-05-02T11:39:06+00:00","breadcrumb":{"@id":"https:\/\/www.omovimento.com.br\/portal\/regiao\/cidades-da-regiao-sao-contempladas-com-veiculos-do-sus-para-atendimentos-fora-do-municipio\/#breadcrumb"},"inLanguage":"pt-BR","potentialAction":[{"@type":"ReadAction","target":["https:\/\/www.omovimento.com.br\/portal\/regiao\/cidades-da-regiao-sao-contempladas-com-veiculos-do-sus-para-atendimentos-fora-do-municipio\/"]}]},{"@type":"ImageObject","inLanguage":"pt-BR","@id":"https:\/\/www.omovimento.com.br\/portal\/regiao\/cidades-da-regiao-sao-contempladas-com-veiculos-do-sus-para-atendimentos-fora-do-municipio\/#primaryimage","url":"https:\/\/www.omovimento.com.br\/portal\/wp-content\/uploads\/2026\/05\/a1.jpg","contentUrl":"https:\/\/www.omovimento.com.br\/portal\/wp-content\/uploads\/2026\/05\/a1.jpg","width":1200,"height":800,"caption":"Novos ve\u00edculos v\u00e3o atender pacientes do SUS que dependem de deslocamento para servi\u00e7os de m\u00e9dia e alta complexidade. Foto: Rafael Nascimento\/MS"},{"@type":"BreadcrumbList","@id":"https:\/\/www.omovimento.com.br\/portal\/regiao\/cidades-da-regiao-sao-contempladas-com-veiculos-do-sus-para-atendimentos-fora-do-municipio\/#breadcrumb","itemListElement":[{"@type":"ListItem","position":1,"name":"In\u00edcio","item":"https:\/\/www.omovimento.com.br\/portal\/"},{"@type":"ListItem","position":2,"name":"Cidades da regi\u00e3o s\u00e3o contempladas com ve\u00edculos do SUS para atendimentos fora do munic\u00edpio"}]},{"@type":"WebSite","@id":"https:\/\/www.omovimento.com.br\/portal\/#website","url":"https:\/\/www.omovimento.com.br\/portal\/","name":"Jornal O Movimento","description":"","publisher":{"@id":"https:\/\/www.omovimento.com.br\/portal\/#organization"},"potentialAction":[{"@type":"SearchAction","target":{"@type":"EntryPoint","urlTemplate":"https:\/\/www.omovimento.com.br\/portal\/?s={search_term_string}"},"query-input":{"@type":"PropertyValueSpecification","valueRequired":true,"valueName":"search_term_string"}}],"inLanguage":"pt-BR"},{"@type":"Organization","@id":"https:\/\/www.omovimento.com.br\/portal\/#organization","name":"Jornal O Movimento","url":"https:\/\/www.omovimento.com.br\/portal\/","logo":{"@type":"ImageObject","inLanguage":"pt-BR","@id":"https:\/\/www.omovimento.com.br\/portal\/#\/schema\/logo\/image\/","url":"https:\/\/www.omovimento.com.br\/portal\/wp-content\/uploads\/2026\/03\/logo_jornal_O_Movimento-1-1536x343-1-1.png","contentUrl":"https:\/\/www.omovimento.com.br\/portal\/wp-content\/uploads\/2026\/03\/logo_jornal_O_Movimento-1-1536x343-1-1.png","width":1536,"height":343,"caption":"Jornal O Movimento"},"image":{"@id":"https:\/\/www.omovimento.com.br\/portal\/#\/schema\/logo\/image\/"}},{"@type":"Person","@id":"https:\/\/www.omovimento.com.br\/portal\/#\/schema\/person\/e7d3971f53952141ade7388e0033ce8d","name":"Reda\u00e7\u00e3o","image":{"@type":"ImageObject","inLanguage":"pt-BR","@id":"https:\/\/secure.gravatar.com\/avatar\/549ab8e14173ace5e8b1c3bd80cf838bc0d00b7e1b65a361093164d85a62d45b?s=96&d=mm&r=g","url":"https:\/\/secure.gravatar.com\/avatar\/549ab8e14173ace5e8b1c3bd80cf838bc0d00b7e1b65a361093164d85a62d45b?s=96&d=mm&r=g","contentUrl":"https:\/\/secure.gravatar.com\/avatar\/549ab8e14173ace5e8b1c3bd80cf838bc0d00b7e1b65a361093164d85a62d45b?s=96&d=mm&r=g","caption":"Reda\u00e7\u00e3o"},"url":"https:\/\/www.omovimento.com.br\/portal\/author\/admin\/"}]}},"_links":{"self":[{"href":"https:\/\/www.omovimento.com.br\/portal\/wp-json\/wp\/v2\/posts\/44006","targetHints":{"allow":["GET"]}}],"collection":[{"href":"https:\/\/www.omovimento.com.br\/portal\/wp-json\/wp\/v2\/posts"}],"about":[{"href":"https:\/\/www.omovimento.com.br\/portal\/wp-json\/wp\/v2\/types\/post"}],"author":[{"embeddable":true,"href":"https:\/\/www.omovimento.com.br\/portal\/wp-json\/wp\/v2\/users\/3"}],"replies":[{"embeddable":true,"href":"https:\/\/www.omovimento.com.br\/portal\/wp-json\/wp\/v2\/comments?post=44006"}],"version-history":[{"count":1,"href":"https:\/\/www.omovimento.com.br\/portal\/wp-json\/wp\/v2\/posts\/44006\/revisions"}],"predecessor-version":[{"id":44010,"href":"https:\/\/www.omovimento.com.br\/portal\/wp-json\/wp\/v2\/posts\/44006\/revisions\/44010"}],"wp:featuredmedia":[{"embeddable":true,"href":"https:\/\/www.omovimento.com.br\/portal\/wp-json\/wp\/v2\/media\/44007"}],"wp:attachment":[{"href":"https:\/\/www.omovimento.com.br\/portal\/wp-json\/wp\/v2\/media?parent=44006"}],"wp:term":[{"taxonomy":"category","embeddable":true,"href":"https:\/\/www.omovimento.com.br\/portal\/wp-json\/wp\/v2\/categories?post=44006"},{"taxonomy":"post_tag","embeddable":true,"href":"https:\/\/www.omovimento.com.br\/portal\/wp-json\/wp\/v2\/tags?post=44006"}],"curies":[{"name":"wp","href":"https:\/\/api.w.org\/{rel}","templated":true}]}}