{"id":43996,"date":"2026-04-30T17:13:54","date_gmt":"2026-04-30T20:13:54","guid":{"rendered":"https:\/\/www.omovimento.com.br\/portal\/?p=43996"},"modified":"2026-04-30T19:26:39","modified_gmt":"2026-04-30T22:26:39","slug":"justica-revoga-liminar-e-libera-realizacao-do-terra-viva-festival-em-pirassununga","status":"publish","type":"post","link":"https:\/\/www.omovimento.com.br\/portal\/cidade\/justica-revoga-liminar-e-libera-realizacao-do-terra-viva-festival-em-pirassununga\/","title":{"rendered":"Justi\u00e7a revoga liminar e libera realiza\u00e7\u00e3o do \u201cTerra Viva Festival\u201d em Pirassununga"},"content":{"rendered":"<p data-start=\"92\" data-end=\"378\"><span style=\"font-size: 12pt; font-family: tahoma, arial, helvetica, sans-serif;\">A Justi\u00e7a voltou atr\u00e1s e <strong data-start=\"117\" data-end=\"168\">autorizou a realiza\u00e7\u00e3o do \u201cTerra Viva Festival\u201d<\/strong>, previsto para os dias 2 e 3 de maio, na zona rural de <span class=\"hover:entity-accent entity-underline inline cursor-pointer align-baseline\"><span class=\"whitespace-normal\">Pirassununga<\/span><\/span>. A decis\u00e3o foi proferida na tarde desta quinta-feira (30) e revoga a liminar anterior que havia suspendido o evento.<\/span><\/p><div id=\"omovi-3659974386\" class=\"omovi-conteudo-2 omovi-entity-placement\"><div id=\"63534-28\"><script src=\"\/\/ads.themoneytizer.com\/s\/gen.js?type=28\"><\/script><script src=\"\/\/ads.themoneytizer.com\/s\/requestform.js?siteId=63534&formatId=28\" ><\/script><\/div><\/div>\n<p data-start=\"92\" data-end=\"378\"><span style=\"font-family: tahoma, arial, helvetica, sans-serif;\">\ud83d\udcf1 <em>Siga o O Movimento no <a href=\"https:\/\/www.instagram.com\/jornalomovimento\/\">Instagram<\/a><\/em><\/span><\/p>\n<p data-start=\"380\" data-end=\"706\"><span style=\"font-size: 12pt; font-family: tahoma, arial, helvetica, sans-serif;\">Na nova determina\u00e7\u00e3o, o magistrado afirma que, <strong data-start=\"427\" data-end=\"481\">com base no artigo 296 do C\u00f3digo de Processo Civil<\/strong>, foi revogada a tutela de urg\u00eancia que impedia a realiza\u00e7\u00e3o da festa. Com isso, <strong data-start=\"562\" data-end=\"599\">perde efeito a ordem de suspens\u00e3o<\/strong> do festival, que ser\u00e1 realizado na Fazenda\/Haras Bons Ventos.\u00a0<\/span><\/p>\n<p data-start=\"708\" data-end=\"1069\"><span style=\"font-size: 12pt; font-family: tahoma, arial, helvetica, sans-serif;\">A decis\u00e3o ocorre poucos dias ap\u00f3s uma liminar concedida no \u00faltimo domingo (26), que havia determinado a <strong data-start=\"812\" data-end=\"882\">paralisa\u00e7\u00e3o imediata de todas as atividades relacionadas ao evento<\/strong>, incluindo montagem de estruturas, organiza\u00e7\u00e3o log\u00edstica e divulga\u00e7\u00e3o. \u00c0 \u00e9poca, o entendimento judicial apontava poss\u00edveis irregularidades no ato administrativo que autorizou o festival.<\/span><\/p>\n<p style=\"text-align: center;\" data-start=\"708\" data-end=\"1069\"><span style=\"font-family: tahoma, arial, helvetica, sans-serif; font-size: 10pt;\"><strong><span style=\"color: #808080; font-family: tahoma, arial, helvetica, sans-serif;\">= continua ap\u00f3s a publicidade =<\/span><\/strong><\/span><\/p>\n<p data-start=\"708\" data-end=\"1069\"><img fetchpriority=\"high\" decoding=\"async\" class=\"size-full wp-image-43521 aligncenter\" src=\"https:\/\/www.omovimento.com.br\/portal\/wp-content\/uploads\/2026\/04\/sites.jpg\" alt=\"\" width=\"1024\" height=\"1024\" srcset=\"https:\/\/www.omovimento.com.br\/portal\/wp-content\/uploads\/2026\/04\/sites.jpg 1024w, https:\/\/www.omovimento.com.br\/portal\/wp-content\/uploads\/2026\/04\/sites-300x300.jpg 300w, https:\/\/www.omovimento.com.br\/portal\/wp-content\/uploads\/2026\/04\/sites-150x150.jpg 150w, https:\/\/www.omovimento.com.br\/portal\/wp-content\/uploads\/2026\/04\/sites-768x768.jpg 768w, https:\/\/www.omovimento.com.br\/portal\/wp-content\/uploads\/2026\/04\/sites-450x450.jpg 450w\" sizes=\"(max-width: 1024px) 100vw, 1024px\" \/><\/p>\n<p data-start=\"1071\" data-end=\"1388\"><span style=\"font-size: 12pt; font-family: tahoma, arial, helvetica, sans-serif;\">A a\u00e7\u00e3o foi proposta pelo advogado Carlos Alberto de Arruda Silveira. Na ocasi\u00e3o, o juiz entendeu estarem presentes os requisitos do artigo 300 do C\u00f3digo de Processo Civil e concedeu tutela de urg\u00eancia. Tamb\u00e9m foram acionados \u00f3rg\u00e3os como CETESB, Pol\u00edcia Militar Ambiental e Corpo de Bombeiros para an\u00e1lise da situa\u00e7\u00e3o.<\/span><\/p>\n<p data-start=\"1390\" data-end=\"1442\"><span style=\"font-size: 14pt; font-family: tahoma, arial, helvetica, sans-serif;\"><strong data-start=\"1390\" data-end=\"1442\">Debate p\u00fablico e questionamentos marcaram o caso<\/strong><\/span><\/p>\n<p data-start=\"1444\" data-end=\"1689\"><span style=\"font-size: 12pt; font-family: tahoma, arial, helvetica, sans-serif;\">A realiza\u00e7\u00e3o do evento j\u00e1 vinha sendo alvo de discuss\u00f5es p\u00fablicas. Em audi\u00eancia realizada na C\u00e2mara Municipal de Pirassununga, autoridades, moradores e organizadores debateram pontos como <strong data-start=\"1632\" data-end=\"1688\">seguran\u00e7a, estrutura, licen\u00e7as e impactos ambientais<\/strong>.<\/span><\/p>\n<p data-start=\"1691\" data-end=\"1931\"><span style=\"font-size: 12pt; font-family: tahoma, arial, helvetica, sans-serif;\">A organiza\u00e7\u00e3o do festival estima p\u00fablico de at\u00e9 <strong data-start=\"1739\" data-end=\"1757\">10 mil pessoas<\/strong>, com cerca de <strong data-start=\"1772\" data-end=\"1803\">6 mil ingressos j\u00e1 vendidos<\/strong>. Segundo os respons\u00e1veis, o evento contar\u00e1 com estrutura de atendimento m\u00e9dico, UTIs m\u00f3veis, brigadistas e equipe de seguran\u00e7a.<\/span><\/p>\n<p data-start=\"1933\" data-end=\"2200\"><span style=\"font-size: 12pt; font-family: tahoma, arial, helvetica, sans-serif;\">Por outro lado, um dos principais pontos de preocupa\u00e7\u00e3o levantados foi o poss\u00edvel impacto sobre animais, especialmente pela proximidade com o Canil Municipal. Representantes da causa animal alertaram para riscos relacionados ao som e \u00e0 movimenta\u00e7\u00e3o intensa na regi\u00e3o.<\/span><\/p>\n<p data-start=\"2202\" data-end=\"2361\"><span style=\"font-size: 12pt; font-family: tahoma, arial, helvetica, sans-serif;\">A organiza\u00e7\u00e3o informou que realizou testes de som acompanhados por autoridades e que <strong data-start=\"2287\" data-end=\"2360\">n\u00e3o foram identificadas altera\u00e7\u00f5es significativas nos n\u00edveis de ru\u00eddo<\/strong>.<\/span><\/p>\n<p data-start=\"2315\" data-end=\"2348\"><span style=\"font-size: 14pt; font-family: tahoma, arial, helvetica, sans-serif;\"><strong data-start=\"2315\" data-end=\"2348\">Evento volta a ser autorizado<\/strong><\/span><\/p>\n<p data-start=\"2350\" data-end=\"2507\"><span style=\"font-size: 12pt; font-family: tahoma, arial, helvetica, sans-serif;\">Com a revoga\u00e7\u00e3o da liminar, o festival est\u00e1 novamente liberado, e a decis\u00e3o determina <strong data-start=\"2436\" data-end=\"2468\">intima\u00e7\u00e3o urgente das partes<\/strong>, considerando a proximidade das datas.<\/span><\/p>\n<p data-start=\"2509\" data-end=\"2643\"><span style=\"font-size: 12pt; font-family: tahoma, arial, helvetica, sans-serif;\">O caso segue sendo acompanhado pelas autoridades, e o cumprimento das exig\u00eancias legais permanece sob aten\u00e7\u00e3o dos \u00f3rg\u00e3os respons\u00e1veis.<\/span><\/p>\n<p data-start=\"2645\" data-end=\"2897\"><span style=\"font-size: 12pt; font-family: tahoma, arial, helvetica, sans-serif;\">A equipe de reportagem do jornal O Movimento seguir\u00e1 monitorando o evento e eventuais irregularidades. O jornal tentou contato com a organiza\u00e7\u00e3o, mas n\u00e3o obteve retorno at\u00e9 a \u00faltima atualiza\u00e7\u00e3o desta reportagem. O espa\u00e7o segue aberto para manifesta\u00e7\u00e3o.<\/span><\/p>\n<p data-start=\"88\" data-end=\"333\"><span style=\"font-size: 12pt; font-family: tahoma, arial, helvetica, sans-serif;\">O <span class=\"hover:entity-accent entity-underline inline cursor-pointer align-baseline\"><span class=\"whitespace-normal\">Conselho Municipal de Bem-Estar Animal<\/span><\/span> tamb\u00e9m foi procurado pela reportagem e informou que <strong data-start=\"180\" data-end=\"213\">n\u00e3o estar\u00e1 presente no evento<\/strong>. Segundo o \u00f3rg\u00e3o, eventuais den\u00fancias devem ser encaminhadas aos <strong data-start=\"279\" data-end=\"332\">\u00f3rg\u00e3os competentes respons\u00e1veis pela fiscaliza\u00e7\u00e3o<\/strong>.<\/span><\/p>\n<p data-start=\"335\" data-end=\"670\"><span style=\"font-size: 12pt; font-family: tahoma, arial, helvetica, sans-serif;\">Em nota, o conselho afirmou ainda que <strong data-start=\"373\" data-end=\"496\">atuou previamente na tentativa de prevenir poss\u00edveis impactos aos animais silvestres e aos abrigados no canil municipal<\/strong>. No entanto, destacou que a demanda foi encaminhada ao \u00e2mbito do Minist\u00e9rio P\u00fablico e do Judici\u00e1rio, que posteriormente decidiram pela <strong data-start=\"632\" data-end=\"669\">libera\u00e7\u00e3o da realiza\u00e7\u00e3o do evento<\/strong>.<\/span><\/p>\n<p data-start=\"672\" data-end=\"837\"><span style=\"font-size: 12pt; font-family: tahoma, arial, helvetica, sans-serif;\">O COMBEA ressaltou que <strong data-start=\"695\" data-end=\"754\">n\u00e3o possui atribui\u00e7\u00e3o para atuar nessa esfera decis\u00f3ria<\/strong>, limitando sua atua\u00e7\u00e3o \u00e0s orienta\u00e7\u00f5es e encaminhamentos dentro de sua compet\u00eancia.<\/span><\/p>\n<p data-start=\"822\" data-end=\"1009\"><span style=\"font-family: tahoma, arial, helvetica, sans-serif;\">\u270d\ufe0f <em data-start=\"1160\" data-end=\"1198\" data-is-last-node=\"\">Reportagem: <a href=\"https:\/\/www.facebook.com\/jornalistatonioliveiraon\/\"><strong>Jornalista Toni Oliveira<\/strong><\/a><\/em><\/span><\/p>\n<p data-start=\"1490\" data-end=\"1675\"><span style=\"font-family: tahoma, arial, helvetica, sans-serif;\">\ud83d\udcf2\u00a0Fa\u00e7a uma den\u00fancia ou sugira uma reportagem sobre Pirassunungae regi\u00e3o por meio do WhatsApp do jornal <strong>O Movimento: <a href=\"https:\/\/wa.me\/5519982506789\" target=\"_blank\" rel=\"noreferrer noopener\" data-mrf-link=\"https:\/\/wa.me\/5516991499787\">(19) 98250-6789<\/a>.<\/strong><\/span><\/p>\n<p><span style=\"font-size: 14pt; color: #808080; font-family: tahoma, arial, helvetica, sans-serif;\"><em>Jorna<strong>l O Movimento<\/strong> \u00a0H\u00e1 91 anos, a principal refer\u00eancia em jornalismo na regi\u00e3o<\/em><\/span><\/p>\n<p><span style=\"font-family: tahoma, arial, helvetica, sans-serif;\"><em>( Fica proibida a reprodu\u00e7\u00e3o total ou parcial, c\u00f3pia ou distribui\u00e7\u00e3o do conte\u00fado, sem autoriza\u00e7\u00e3o expressa por parte do <strong>jornal O Movimento<\/strong>)<\/em><\/span><\/p>\n<p><span style=\"font-family: tahoma, arial, helvetica, sans-serif;\"><script src=\"\/\/ads.themoneytizer.com\/s\/gen.js?type=16\"><\/script><\/span><\/p>\n<div id=\"63534-16\" class=\"outbrain-tm\"><span style=\"font-family: tahoma, arial, helvetica, sans-serif;\"><script src=\"\/\/ads.themoneytizer.com\/s\/gen.js?type=16\"><\/script><\/span><\/div>\n<input type=\"hidden\" id=\"baseurl\" value=\"https:\/\/www.omovimento.com.br\/portal\"><input type=\"hidden\" id=\"audio_nonce\" value=\"5cd6d12d3d\">","protected":false},"excerpt":{"rendered":"<p>A Justi\u00e7a voltou atr\u00e1s e autorizou a realiza\u00e7\u00e3o do \u201cTerra Viva Festival\u201d, previsto para os dias 2 e 3 de maio, na zona rural de Pirassununga. A decis\u00e3o foi proferida na tarde desta quinta-feira (30) e revoga a liminar anterior que havia suspendido o evento. \ud83d\udcf1 Siga o O Movimento no Instagram Na nova determina\u00e7\u00e3o,<\/p>\n","protected":false},"author":3,"featured_media":43999,"comment_status":"open","ping_status":"open","sticky":false,"template":"","format":"standard","meta":{"footnotes":""},"categories":[3],"tags":[],"class_list":{"0":"post-43996","1":"post","2":"type-post","3":"status-publish","4":"format-standard","5":"has-post-thumbnail","7":"category-cidade"},"yoast_head":"<!-- This site is optimized with the Yoast SEO plugin v27.3 - https:\/\/yoast.com\/product\/yoast-seo-wordpress\/ -->\n<title>Justi\u00e7a revoga liminar e libera realiza\u00e7\u00e3o do \u201cTerra Viva Festival\u201d em Pirassununga - Jornal O Movimento<\/title>\n<meta name=\"robots\" content=\"index, follow, max-snippet:-1, max-image-preview:large, max-video-preview:-1\" \/>\n<link rel=\"canonical\" href=\"https:\/\/www.omovimento.com.br\/portal\/cidade\/justica-revoga-liminar-e-libera-realizacao-do-terra-viva-festival-em-pirassununga\/\" \/>\n<meta property=\"og:locale\" content=\"pt_BR\" \/>\n<meta property=\"og:type\" content=\"article\" \/>\n<meta property=\"og:title\" content=\"Justi\u00e7a revoga liminar e libera realiza\u00e7\u00e3o do \u201cTerra Viva Festival\u201d em Pirassununga - Jornal O Movimento\" \/>\n<meta property=\"og:description\" content=\"A Justi\u00e7a voltou atr\u00e1s e autorizou a realiza\u00e7\u00e3o do \u201cTerra Viva Festival\u201d, previsto para os dias 2 e 3 de maio, na zona rural de Pirassununga. A decis\u00e3o foi proferida na tarde desta quinta-feira (30) e revoga a liminar anterior que havia suspendido o evento. \ud83d\udcf1 Siga o O Movimento no Instagram Na nova determina\u00e7\u00e3o,\" \/>\n<meta property=\"og:url\" content=\"https:\/\/www.omovimento.com.br\/portal\/cidade\/justica-revoga-liminar-e-libera-realizacao-do-terra-viva-festival-em-pirassununga\/\" \/>\n<meta property=\"og:site_name\" content=\"Jornal O Movimento\" \/>\n<meta property=\"article:published_time\" content=\"2026-04-30T20:13:54+00:00\" \/>\n<meta property=\"article:modified_time\" content=\"2026-04-30T22:26:39+00:00\" \/>\n<meta property=\"og:image\" content=\"https:\/\/www.omovimento.com.br\/portal\/wp-content\/uploads\/2026\/04\/cats-13.jpg\" \/>\n\t<meta property=\"og:image:width\" content=\"2047\" \/>\n\t<meta property=\"og:image:height\" content=\"1365\" \/>\n\t<meta property=\"og:image:type\" content=\"image\/jpeg\" \/>\n<meta name=\"author\" content=\"Reda\u00e7\u00e3o\" \/>\n<meta name=\"twitter:card\" content=\"summary_large_image\" \/>\n<meta name=\"twitter:label1\" content=\"Escrito por\" \/>\n\t<meta name=\"twitter:data1\" content=\"Reda\u00e7\u00e3o\" \/>\n\t<meta name=\"twitter:label2\" content=\"Est. tempo de leitura\" \/>\n\t<meta name=\"twitter:data2\" content=\"4 minutos\" \/>\n<script type=\"application\/ld+json\" class=\"yoast-schema-graph\">{\"@context\":\"https:\\\/\\\/schema.org\",\"@graph\":[{\"@type\":\"Article\",\"@id\":\"https:\\\/\\\/www.omovimento.com.br\\\/portal\\\/cidade\\\/justica-revoga-liminar-e-libera-realizacao-do-terra-viva-festival-em-pirassununga\\\/#article\",\"isPartOf\":{\"@id\":\"https:\\\/\\\/www.omovimento.com.br\\\/portal\\\/cidade\\\/justica-revoga-liminar-e-libera-realizacao-do-terra-viva-festival-em-pirassununga\\\/\"},\"author\":{\"name\":\"Reda\u00e7\u00e3o\",\"@id\":\"https:\\\/\\\/www.omovimento.com.br\\\/portal\\\/#\\\/schema\\\/person\\\/e7d3971f53952141ade7388e0033ce8d\"},\"headline\":\"Justi\u00e7a revoga liminar e libera realiza\u00e7\u00e3o do \u201cTerra Viva Festival\u201d em Pirassununga\",\"datePublished\":\"2026-04-30T20:13:54+00:00\",\"dateModified\":\"2026-04-30T22:26:39+00:00\",\"mainEntityOfPage\":{\"@id\":\"https:\\\/\\\/www.omovimento.com.br\\\/portal\\\/cidade\\\/justica-revoga-liminar-e-libera-realizacao-do-terra-viva-festival-em-pirassununga\\\/\"},\"wordCount\":678,\"commentCount\":0,\"publisher\":{\"@id\":\"https:\\\/\\\/www.omovimento.com.br\\\/portal\\\/#organization\"},\"image\":{\"@id\":\"https:\\\/\\\/www.omovimento.com.br\\\/portal\\\/cidade\\\/justica-revoga-liminar-e-libera-realizacao-do-terra-viva-festival-em-pirassununga\\\/#primaryimage\"},\"thumbnailUrl\":\"https:\\\/\\\/www.omovimento.com.br\\\/portal\\\/wp-content\\\/uploads\\\/2026\\\/04\\\/cats-13.jpg\",\"articleSection\":[\"Cidade\"],\"inLanguage\":\"pt-BR\",\"potentialAction\":[{\"@type\":\"CommentAction\",\"name\":\"Comment\",\"target\":[\"https:\\\/\\\/www.omovimento.com.br\\\/portal\\\/cidade\\\/justica-revoga-liminar-e-libera-realizacao-do-terra-viva-festival-em-pirassununga\\\/#respond\"]}]},{\"@type\":\"WebPage\",\"@id\":\"https:\\\/\\\/www.omovimento.com.br\\\/portal\\\/cidade\\\/justica-revoga-liminar-e-libera-realizacao-do-terra-viva-festival-em-pirassununga\\\/\",\"url\":\"https:\\\/\\\/www.omovimento.com.br\\\/portal\\\/cidade\\\/justica-revoga-liminar-e-libera-realizacao-do-terra-viva-festival-em-pirassununga\\\/\",\"name\":\"Justi\u00e7a revoga liminar e libera realiza\u00e7\u00e3o do \u201cTerra Viva Festival\u201d em Pirassununga - Jornal O Movimento\",\"isPartOf\":{\"@id\":\"https:\\\/\\\/www.omovimento.com.br\\\/portal\\\/#website\"},\"primaryImageOfPage\":{\"@id\":\"https:\\\/\\\/www.omovimento.com.br\\\/portal\\\/cidade\\\/justica-revoga-liminar-e-libera-realizacao-do-terra-viva-festival-em-pirassununga\\\/#primaryimage\"},\"image\":{\"@id\":\"https:\\\/\\\/www.omovimento.com.br\\\/portal\\\/cidade\\\/justica-revoga-liminar-e-libera-realizacao-do-terra-viva-festival-em-pirassununga\\\/#primaryimage\"},\"thumbnailUrl\":\"https:\\\/\\\/www.omovimento.com.br\\\/portal\\\/wp-content\\\/uploads\\\/2026\\\/04\\\/cats-13.jpg\",\"datePublished\":\"2026-04-30T20:13:54+00:00\",\"dateModified\":\"2026-04-30T22:26:39+00:00\",\"breadcrumb\":{\"@id\":\"https:\\\/\\\/www.omovimento.com.br\\\/portal\\\/cidade\\\/justica-revoga-liminar-e-libera-realizacao-do-terra-viva-festival-em-pirassununga\\\/#breadcrumb\"},\"inLanguage\":\"pt-BR\",\"potentialAction\":[{\"@type\":\"ReadAction\",\"target\":[\"https:\\\/\\\/www.omovimento.com.br\\\/portal\\\/cidade\\\/justica-revoga-liminar-e-libera-realizacao-do-terra-viva-festival-em-pirassununga\\\/\"]}]},{\"@type\":\"ImageObject\",\"inLanguage\":\"pt-BR\",\"@id\":\"https:\\\/\\\/www.omovimento.com.br\\\/portal\\\/cidade\\\/justica-revoga-liminar-e-libera-realizacao-do-terra-viva-festival-em-pirassununga\\\/#primaryimage\",\"url\":\"https:\\\/\\\/www.omovimento.com.br\\\/portal\\\/wp-content\\\/uploads\\\/2026\\\/04\\\/cats-13.jpg\",\"contentUrl\":\"https:\\\/\\\/www.omovimento.com.br\\\/portal\\\/wp-content\\\/uploads\\\/2026\\\/04\\\/cats-13.jpg\",\"width\":2047,\"height\":1365,\"caption\":\"cr\u00e9ditos: Gui Oliveira\"},{\"@type\":\"BreadcrumbList\",\"@id\":\"https:\\\/\\\/www.omovimento.com.br\\\/portal\\\/cidade\\\/justica-revoga-liminar-e-libera-realizacao-do-terra-viva-festival-em-pirassununga\\\/#breadcrumb\",\"itemListElement\":[{\"@type\":\"ListItem\",\"position\":1,\"name\":\"In\u00edcio\",\"item\":\"https:\\\/\\\/www.omovimento.com.br\\\/portal\\\/\"},{\"@type\":\"ListItem\",\"position\":2,\"name\":\"Justi\u00e7a revoga liminar e libera realiza\u00e7\u00e3o do \u201cTerra Viva Festival\u201d em Pirassununga\"}]},{\"@type\":\"WebSite\",\"@id\":\"https:\\\/\\\/www.omovimento.com.br\\\/portal\\\/#website\",\"url\":\"https:\\\/\\\/www.omovimento.com.br\\\/portal\\\/\",\"name\":\"Jornal O Movimento\",\"description\":\"\",\"publisher\":{\"@id\":\"https:\\\/\\\/www.omovimento.com.br\\\/portal\\\/#organization\"},\"potentialAction\":[{\"@type\":\"SearchAction\",\"target\":{\"@type\":\"EntryPoint\",\"urlTemplate\":\"https:\\\/\\\/www.omovimento.com.br\\\/portal\\\/?s={search_term_string}\"},\"query-input\":{\"@type\":\"PropertyValueSpecification\",\"valueRequired\":true,\"valueName\":\"search_term_string\"}}],\"inLanguage\":\"pt-BR\"},{\"@type\":\"Organization\",\"@id\":\"https:\\\/\\\/www.omovimento.com.br\\\/portal\\\/#organization\",\"name\":\"Jornal O Movimento\",\"url\":\"https:\\\/\\\/www.omovimento.com.br\\\/portal\\\/\",\"logo\":{\"@type\":\"ImageObject\",\"inLanguage\":\"pt-BR\",\"@id\":\"https:\\\/\\\/www.omovimento.com.br\\\/portal\\\/#\\\/schema\\\/logo\\\/image\\\/\",\"url\":\"https:\\\/\\\/www.omovimento.com.br\\\/portal\\\/wp-content\\\/uploads\\\/2026\\\/03\\\/logo_jornal_O_Movimento-1-1536x343-1-1.png\",\"contentUrl\":\"https:\\\/\\\/www.omovimento.com.br\\\/portal\\\/wp-content\\\/uploads\\\/2026\\\/03\\\/logo_jornal_O_Movimento-1-1536x343-1-1.png\",\"width\":1536,\"height\":343,\"caption\":\"Jornal O Movimento\"},\"image\":{\"@id\":\"https:\\\/\\\/www.omovimento.com.br\\\/portal\\\/#\\\/schema\\\/logo\\\/image\\\/\"}},{\"@type\":\"Person\",\"@id\":\"https:\\\/\\\/www.omovimento.com.br\\\/portal\\\/#\\\/schema\\\/person\\\/e7d3971f53952141ade7388e0033ce8d\",\"name\":\"Reda\u00e7\u00e3o\",\"image\":{\"@type\":\"ImageObject\",\"inLanguage\":\"pt-BR\",\"@id\":\"https:\\\/\\\/secure.gravatar.com\\\/avatar\\\/549ab8e14173ace5e8b1c3bd80cf838bc0d00b7e1b65a361093164d85a62d45b?s=96&d=mm&r=g\",\"url\":\"https:\\\/\\\/secure.gravatar.com\\\/avatar\\\/549ab8e14173ace5e8b1c3bd80cf838bc0d00b7e1b65a361093164d85a62d45b?s=96&d=mm&r=g\",\"contentUrl\":\"https:\\\/\\\/secure.gravatar.com\\\/avatar\\\/549ab8e14173ace5e8b1c3bd80cf838bc0d00b7e1b65a361093164d85a62d45b?s=96&d=mm&r=g\",\"caption\":\"Reda\u00e7\u00e3o\"},\"url\":\"https:\\\/\\\/www.omovimento.com.br\\\/portal\\\/author\\\/admin\\\/\"}]}<\/script>\n<!-- \/ Yoast SEO plugin. -->","yoast_head_json":{"title":"Justi\u00e7a revoga liminar e libera realiza\u00e7\u00e3o do \u201cTerra Viva Festival\u201d em Pirassununga - Jornal O Movimento","robots":{"index":"index","follow":"follow","max-snippet":"max-snippet:-1","max-image-preview":"max-image-preview:large","max-video-preview":"max-video-preview:-1"},"canonical":"https:\/\/www.omovimento.com.br\/portal\/cidade\/justica-revoga-liminar-e-libera-realizacao-do-terra-viva-festival-em-pirassununga\/","og_locale":"pt_BR","og_type":"article","og_title":"Justi\u00e7a revoga liminar e libera realiza\u00e7\u00e3o do \u201cTerra Viva Festival\u201d em Pirassununga - Jornal O Movimento","og_description":"A Justi\u00e7a voltou atr\u00e1s e autorizou a realiza\u00e7\u00e3o do \u201cTerra Viva Festival\u201d, previsto para os dias 2 e 3 de maio, na zona rural de Pirassununga. A decis\u00e3o foi proferida na tarde desta quinta-feira (30) e revoga a liminar anterior que havia suspendido o evento. \ud83d\udcf1 Siga o O Movimento no Instagram Na nova determina\u00e7\u00e3o,","og_url":"https:\/\/www.omovimento.com.br\/portal\/cidade\/justica-revoga-liminar-e-libera-realizacao-do-terra-viva-festival-em-pirassununga\/","og_site_name":"Jornal O Movimento","article_published_time":"2026-04-30T20:13:54+00:00","article_modified_time":"2026-04-30T22:26:39+00:00","og_image":[{"width":2047,"height":1365,"url":"https:\/\/www.omovimento.com.br\/portal\/wp-content\/uploads\/2026\/04\/cats-13.jpg","type":"image\/jpeg"}],"author":"Reda\u00e7\u00e3o","twitter_card":"summary_large_image","twitter_misc":{"Escrito por":"Reda\u00e7\u00e3o","Est. tempo de leitura":"4 minutos"},"schema":{"@context":"https:\/\/schema.org","@graph":[{"@type":"Article","@id":"https:\/\/www.omovimento.com.br\/portal\/cidade\/justica-revoga-liminar-e-libera-realizacao-do-terra-viva-festival-em-pirassununga\/#article","isPartOf":{"@id":"https:\/\/www.omovimento.com.br\/portal\/cidade\/justica-revoga-liminar-e-libera-realizacao-do-terra-viva-festival-em-pirassununga\/"},"author":{"name":"Reda\u00e7\u00e3o","@id":"https:\/\/www.omovimento.com.br\/portal\/#\/schema\/person\/e7d3971f53952141ade7388e0033ce8d"},"headline":"Justi\u00e7a revoga liminar e libera realiza\u00e7\u00e3o do \u201cTerra Viva Festival\u201d em Pirassununga","datePublished":"2026-04-30T20:13:54+00:00","dateModified":"2026-04-30T22:26:39+00:00","mainEntityOfPage":{"@id":"https:\/\/www.omovimento.com.br\/portal\/cidade\/justica-revoga-liminar-e-libera-realizacao-do-terra-viva-festival-em-pirassununga\/"},"wordCount":678,"commentCount":0,"publisher":{"@id":"https:\/\/www.omovimento.com.br\/portal\/#organization"},"image":{"@id":"https:\/\/www.omovimento.com.br\/portal\/cidade\/justica-revoga-liminar-e-libera-realizacao-do-terra-viva-festival-em-pirassununga\/#primaryimage"},"thumbnailUrl":"https:\/\/www.omovimento.com.br\/portal\/wp-content\/uploads\/2026\/04\/cats-13.jpg","articleSection":["Cidade"],"inLanguage":"pt-BR","potentialAction":[{"@type":"CommentAction","name":"Comment","target":["https:\/\/www.omovimento.com.br\/portal\/cidade\/justica-revoga-liminar-e-libera-realizacao-do-terra-viva-festival-em-pirassununga\/#respond"]}]},{"@type":"WebPage","@id":"https:\/\/www.omovimento.com.br\/portal\/cidade\/justica-revoga-liminar-e-libera-realizacao-do-terra-viva-festival-em-pirassununga\/","url":"https:\/\/www.omovimento.com.br\/portal\/cidade\/justica-revoga-liminar-e-libera-realizacao-do-terra-viva-festival-em-pirassununga\/","name":"Justi\u00e7a revoga liminar e libera realiza\u00e7\u00e3o do \u201cTerra Viva Festival\u201d em Pirassununga - Jornal O Movimento","isPartOf":{"@id":"https:\/\/www.omovimento.com.br\/portal\/#website"},"primaryImageOfPage":{"@id":"https:\/\/www.omovimento.com.br\/portal\/cidade\/justica-revoga-liminar-e-libera-realizacao-do-terra-viva-festival-em-pirassununga\/#primaryimage"},"image":{"@id":"https:\/\/www.omovimento.com.br\/portal\/cidade\/justica-revoga-liminar-e-libera-realizacao-do-terra-viva-festival-em-pirassununga\/#primaryimage"},"thumbnailUrl":"https:\/\/www.omovimento.com.br\/portal\/wp-content\/uploads\/2026\/04\/cats-13.jpg","datePublished":"2026-04-30T20:13:54+00:00","dateModified":"2026-04-30T22:26:39+00:00","breadcrumb":{"@id":"https:\/\/www.omovimento.com.br\/portal\/cidade\/justica-revoga-liminar-e-libera-realizacao-do-terra-viva-festival-em-pirassununga\/#breadcrumb"},"inLanguage":"pt-BR","potentialAction":[{"@type":"ReadAction","target":["https:\/\/www.omovimento.com.br\/portal\/cidade\/justica-revoga-liminar-e-libera-realizacao-do-terra-viva-festival-em-pirassununga\/"]}]},{"@type":"ImageObject","inLanguage":"pt-BR","@id":"https:\/\/www.omovimento.com.br\/portal\/cidade\/justica-revoga-liminar-e-libera-realizacao-do-terra-viva-festival-em-pirassununga\/#primaryimage","url":"https:\/\/www.omovimento.com.br\/portal\/wp-content\/uploads\/2026\/04\/cats-13.jpg","contentUrl":"https:\/\/www.omovimento.com.br\/portal\/wp-content\/uploads\/2026\/04\/cats-13.jpg","width":2047,"height":1365,"caption":"cr\u00e9ditos: Gui Oliveira"},{"@type":"BreadcrumbList","@id":"https:\/\/www.omovimento.com.br\/portal\/cidade\/justica-revoga-liminar-e-libera-realizacao-do-terra-viva-festival-em-pirassununga\/#breadcrumb","itemListElement":[{"@type":"ListItem","position":1,"name":"In\u00edcio","item":"https:\/\/www.omovimento.com.br\/portal\/"},{"@type":"ListItem","position":2,"name":"Justi\u00e7a revoga liminar e libera realiza\u00e7\u00e3o do \u201cTerra Viva Festival\u201d em Pirassununga"}]},{"@type":"WebSite","@id":"https:\/\/www.omovimento.com.br\/portal\/#website","url":"https:\/\/www.omovimento.com.br\/portal\/","name":"Jornal O Movimento","description":"","publisher":{"@id":"https:\/\/www.omovimento.com.br\/portal\/#organization"},"potentialAction":[{"@type":"SearchAction","target":{"@type":"EntryPoint","urlTemplate":"https:\/\/www.omovimento.com.br\/portal\/?s={search_term_string}"},"query-input":{"@type":"PropertyValueSpecification","valueRequired":true,"valueName":"search_term_string"}}],"inLanguage":"pt-BR"},{"@type":"Organization","@id":"https:\/\/www.omovimento.com.br\/portal\/#organization","name":"Jornal O Movimento","url":"https:\/\/www.omovimento.com.br\/portal\/","logo":{"@type":"ImageObject","inLanguage":"pt-BR","@id":"https:\/\/www.omovimento.com.br\/portal\/#\/schema\/logo\/image\/","url":"https:\/\/www.omovimento.com.br\/portal\/wp-content\/uploads\/2026\/03\/logo_jornal_O_Movimento-1-1536x343-1-1.png","contentUrl":"https:\/\/www.omovimento.com.br\/portal\/wp-content\/uploads\/2026\/03\/logo_jornal_O_Movimento-1-1536x343-1-1.png","width":1536,"height":343,"caption":"Jornal O Movimento"},"image":{"@id":"https:\/\/www.omovimento.com.br\/portal\/#\/schema\/logo\/image\/"}},{"@type":"Person","@id":"https:\/\/www.omovimento.com.br\/portal\/#\/schema\/person\/e7d3971f53952141ade7388e0033ce8d","name":"Reda\u00e7\u00e3o","image":{"@type":"ImageObject","inLanguage":"pt-BR","@id":"https:\/\/secure.gravatar.com\/avatar\/549ab8e14173ace5e8b1c3bd80cf838bc0d00b7e1b65a361093164d85a62d45b?s=96&d=mm&r=g","url":"https:\/\/secure.gravatar.com\/avatar\/549ab8e14173ace5e8b1c3bd80cf838bc0d00b7e1b65a361093164d85a62d45b?s=96&d=mm&r=g","contentUrl":"https:\/\/secure.gravatar.com\/avatar\/549ab8e14173ace5e8b1c3bd80cf838bc0d00b7e1b65a361093164d85a62d45b?s=96&d=mm&r=g","caption":"Reda\u00e7\u00e3o"},"url":"https:\/\/www.omovimento.com.br\/portal\/author\/admin\/"}]}},"_links":{"self":[{"href":"https:\/\/www.omovimento.com.br\/portal\/wp-json\/wp\/v2\/posts\/43996","targetHints":{"allow":["GET"]}}],"collection":[{"href":"https:\/\/www.omovimento.com.br\/portal\/wp-json\/wp\/v2\/posts"}],"about":[{"href":"https:\/\/www.omovimento.com.br\/portal\/wp-json\/wp\/v2\/types\/post"}],"author":[{"embeddable":true,"href":"https:\/\/www.omovimento.com.br\/portal\/wp-json\/wp\/v2\/users\/3"}],"replies":[{"embeddable":true,"href":"https:\/\/www.omovimento.com.br\/portal\/wp-json\/wp\/v2\/comments?post=43996"}],"version-history":[{"count":4,"href":"https:\/\/www.omovimento.com.br\/portal\/wp-json\/wp\/v2\/posts\/43996\/revisions"}],"predecessor-version":[{"id":44001,"href":"https:\/\/www.omovimento.com.br\/portal\/wp-json\/wp\/v2\/posts\/43996\/revisions\/44001"}],"wp:featuredmedia":[{"embeddable":true,"href":"https:\/\/www.omovimento.com.br\/portal\/wp-json\/wp\/v2\/media\/43999"}],"wp:attachment":[{"href":"https:\/\/www.omovimento.com.br\/portal\/wp-json\/wp\/v2\/media?parent=43996"}],"wp:term":[{"taxonomy":"category","embeddable":true,"href":"https:\/\/www.omovimento.com.br\/portal\/wp-json\/wp\/v2\/categories?post=43996"},{"taxonomy":"post_tag","embeddable":true,"href":"https:\/\/www.omovimento.com.br\/portal\/wp-json\/wp\/v2\/tags?post=43996"}],"curies":[{"name":"wp","href":"https:\/\/api.w.org\/{rel}","templated":true}]}}