{"id":43991,"date":"2026-04-30T15:54:11","date_gmt":"2026-04-30T18:54:11","guid":{"rendered":"https:\/\/www.omovimento.com.br\/portal\/?p=43991"},"modified":"2026-04-30T16:25:45","modified_gmt":"2026-04-30T19:25:45","slug":"operacao-flagra-fraude-de-energia-em-cinco-imoveis-e-prende-tres-em-porto-ferreira","status":"publish","type":"post","link":"https:\/\/www.omovimento.com.br\/portal\/regiao\/operacao-flagra-fraude-de-energia-em-cinco-imoveis-e-prende-tres-em-porto-ferreira\/","title":{"rendered":"Opera\u00e7\u00e3o flagra fraude de energia em cinco im\u00f3veis e prende tr\u00eas em Porto Ferreira"},"content":{"rendered":"<p data-start=\"101\" data-end=\"434\"><span style=\"font-size: 12pt; font-family: tahoma, arial, helvetica, sans-serif;\">Uma a\u00e7\u00e3o conjunta da concession\u00e1ria <span class=\"hover:entity-accent entity-underline inline cursor-pointer align-baseline\"><span class=\"whitespace-normal\">Neoenergia Elektro<\/span><\/span> com a Pol\u00edcia Civil identificou irregularidades no consumo de energia el\u00e9trica em <span class=\"hover:entity-accent entity-underline inline cursor-pointer align-baseline\"><span class=\"whitespace-normal\">Porto Ferreira<\/span><\/span>. A opera\u00e7\u00e3o foi realizada na \u00faltima segunda-feira (27) e resultou na <strong data-start=\"364\" data-end=\"433\">constata\u00e7\u00e3o de adultera\u00e7\u00e3o no sistema de medi\u00e7\u00e3o em cinco im\u00f3veis<\/strong>.<\/span><\/p><div id=\"omovi-434932709\" class=\"omovi-conteudo-2 omovi-entity-placement\"><div id=\"63534-28\"><script src=\"\/\/ads.themoneytizer.com\/s\/gen.js?type=28\"><\/script><script src=\"\/\/ads.themoneytizer.com\/s\/requestform.js?siteId=63534&formatId=28\" ><\/script><\/div><\/div>\n<p data-start=\"101\" data-end=\"434\"><span style=\"font-family: tahoma, arial, helvetica, sans-serif;\">\ud83d\udcf1 <em>Siga o O Movimento no <a href=\"https:\/\/www.instagram.com\/jornalomovimento\/\">Instagram<\/a><\/em><\/span><\/p>\n<p data-start=\"436\" data-end=\"776\"><span style=\"font-size: 12pt; font-family: tahoma, arial, helvetica, sans-serif;\">Entre os locais fiscalizados est\u00e3o <strong data-start=\"471\" data-end=\"513\">um mercado, uma pizzaria e resid\u00eancias<\/strong>, situados nos bairros Centro, Cristo Redentor e Porto Belo. De acordo com a concession\u00e1ria,\u00a0 nesta a\u00e7\u00e3o foi identificado o desvio de cerca de <strong data-start=\"655\" data-end=\"677\">200 MWh de energia<\/strong>, volume suficiente para abastecer aproximadamente <strong data-start=\"728\" data-end=\"775\">1.100 resid\u00eancias por um per\u00edodo de 30 dias<\/strong>.<\/span><\/p>\n<p data-start=\"778\" data-end=\"878\"><span style=\"font-size: 12pt; font-family: tahoma, arial, helvetica, sans-serif;\">Durante a opera\u00e7\u00e3o, <strong data-start=\"798\" data-end=\"840\">tr\u00eas pessoas foram presas em flagrante<\/strong> por envolvimento nas irregularidades.<\/span><\/p>\n<p style=\"text-align: center;\" data-start=\"778\" data-end=\"878\"><span style=\"font-family: tahoma, arial, helvetica, sans-serif; font-size: 10pt;\"><strong><span style=\"color: #808080; font-family: tahoma, arial, helvetica, sans-serif;\">= continua ap\u00f3s a publicidade =<\/span><\/strong><\/span><\/p>\n<p data-start=\"778\" data-end=\"878\"><img fetchpriority=\"high\" decoding=\"async\" class=\"size-full wp-image-43938 aligncenter\" src=\"https:\/\/www.omovimento.com.br\/portal\/wp-content\/uploads\/2026\/04\/3808a8e8-ee81-4e72-8fe3-1039175df172.png\" alt=\"\" width=\"1000\" height=\"417\" srcset=\"https:\/\/www.omovimento.com.br\/portal\/wp-content\/uploads\/2026\/04\/3808a8e8-ee81-4e72-8fe3-1039175df172.png 1000w, https:\/\/www.omovimento.com.br\/portal\/wp-content\/uploads\/2026\/04\/3808a8e8-ee81-4e72-8fe3-1039175df172-300x125.png 300w, https:\/\/www.omovimento.com.br\/portal\/wp-content\/uploads\/2026\/04\/3808a8e8-ee81-4e72-8fe3-1039175df172-768x320.png 768w, https:\/\/www.omovimento.com.br\/portal\/wp-content\/uploads\/2026\/04\/3808a8e8-ee81-4e72-8fe3-1039175df172-150x63.png 150w, https:\/\/www.omovimento.com.br\/portal\/wp-content\/uploads\/2026\/04\/3808a8e8-ee81-4e72-8fe3-1039175df172-450x188.png 450w\" sizes=\"(max-width: 1000px) 100vw, 1000px\" \/><\/p>\n<p data-start=\"880\" data-end=\"1245\"><span style=\"font-size: 12pt; font-family: tahoma, arial, helvetica, sans-serif;\">A <span class=\"hover:entity-accent entity-underline inline cursor-pointer align-baseline\"><span class=\"whitespace-normal\">Neoenergia Elektro<\/span><\/span> informou que tem ampliado os investimentos em <strong data-start=\"966\" data-end=\"1012\">tecnologia de monitoramento e intelig\u00eancia<\/strong> para identificar fraudes em toda a sua \u00e1rea de concess\u00e3o, que abrange regi\u00f5es dos estados de S\u00e3o Paulo e Mato Grosso do Sul. Al\u00e9m disso, a empresa realiza <strong data-start=\"1168\" data-end=\"1197\">a\u00e7\u00f5es peri\u00f3dicas em campo<\/strong> com o objetivo de coibir liga\u00e7\u00f5es clandestinas.<\/span><\/p>\n<p data-start=\"1247\" data-end=\"1426\"><span style=\"font-size: 12pt; font-family: tahoma, arial, helvetica, sans-serif;\">Segundo a concession\u00e1ria, essas pr\u00e1ticas ilegais representam n\u00e3o apenas preju\u00edzo financeiro, mas tamb\u00e9m <strong data-start=\"1351\" data-end=\"1384\">aumento no risco de acidentes<\/strong>, incluindo choques el\u00e9tricos e inc\u00eandios.<\/span><\/p>\n<p data-start=\"1428\" data-end=\"1787\" data-is-last-node=\"\" data-is-only-node=\"\"><span style=\"font-size: 12pt; font-family: tahoma, arial, helvetica, sans-serif;\">O chamado \u201cgato\u201d de energia \u00e9 considerado crime, enquadrado no artigo 155 do C\u00f3digo Penal. A pena para casos de <strong data-start=\"1540\" data-end=\"1617\">furto ou adultera\u00e7\u00e3o de medidores pode chegar a at\u00e9 oito anos de reclus\u00e3o<\/strong>. Al\u00e9m das san\u00e7\u00f5es legais, a liga\u00e7\u00e3o irregular pode causar <strong data-start=\"1676\" data-end=\"1709\">instabilidade no fornecimento<\/strong>, danos \u00e0 rede el\u00e9trica e at\u00e9 a queima de equipamentos de outros consumidores.<\/span><\/p>\n<section class=\"text-token-text-primary w-full focus:outline-none [--shadow-height:45px] has-data-writing-block:pointer-events-none has-data-writing-block:-mt-(--shadow-height) has-data-writing-block:pt-(--shadow-height) [&amp;:has([data-writing-block])&gt;*]:pointer-events-auto [content-visibility:auto] supports-[content-visibility:auto]:[contain-intrinsic-size:auto_100lvh] R6Vx5W_threadScrollVars scroll-mb-[calc(var(--scroll-root-safe-area-inset-bottom,0px)+var(--thread-response-height))] scroll-mt-[calc(var(--header-height)+min(200px,max(70px,20svh)))]\" dir=\"auto\" data-turn-id=\"request-WEB:bb6af38a-eb4d-489e-be78-fa42c829da00-6\" data-testid=\"conversation-turn-14\" data-scroll-anchor=\"false\" data-turn=\"assistant\">\n<div class=\"text-base my-auto mx-auto pb-10 [--thread-content-margin:var(--thread-content-margin-xs,calc(var(--spacing)*4))] @w-sm\/main:[--thread-content-margin:var(--thread-content-margin-sm,calc(var(--spacing)*6))] @w-lg\/main:[--thread-content-margin:var(--thread-content-margin-lg,calc(var(--spacing)*16))] px-(--thread-content-margin)\">\n<div class=\"[--thread-content-max-width:40rem] @w-lg\/main:[--thread-content-max-width:48rem] mx-auto max-w-(--thread-content-max-width) flex-1 group\/turn-messages focus-visible:outline-hidden relative flex w-full min-w-0 flex-col agent-turn\">\n<div class=\"flex max-w-full flex-col gap-4 grow\">\n<div class=\"min-h-8 text-message relative flex w-full flex-col items-end gap-2 text-start break-words whitespace-normal outline-none keyboard-focused:focus-ring [.text-message+&amp;]:mt-1\" dir=\"auto\" tabindex=\"0\" data-message-author-role=\"assistant\" data-message-id=\"351881a0-ded8-4219-9b10-62cd4b828514\" data-message-model-slug=\"gpt-5-3\" data-turn-start-message=\"true\">\n<div class=\"flex w-full flex-col gap-1 empty:hidden\">\n<div class=\"markdown prose dark:prose-invert w-full wrap-break-word light markdown-new-styling\">\n<p data-start=\"822\" data-end=\"1009\"><span style=\"font-family: tahoma, arial, helvetica, sans-serif;\">\u270d\ufe0f <em data-start=\"1160\" data-end=\"1198\" data-is-last-node=\"\">Reportagem: <a href=\"https:\/\/www.facebook.com\/jornalistatonioliveiraon\/\"><strong>Jornalista Toni Oliveira<\/strong><\/a><\/em><\/span><\/p>\n<p data-start=\"1490\" data-end=\"1675\"><span style=\"font-family: tahoma, arial, helvetica, sans-serif;\">\ud83d\udcf2\u00a0Fa\u00e7a uma den\u00fancia ou sugira uma reportagem sobre Pirassunungae regi\u00e3o por meio do WhatsApp do jornal <strong>O Movimento: <a href=\"https:\/\/wa.me\/5519982506789\" target=\"_blank\" rel=\"noreferrer noopener\" data-mrf-link=\"https:\/\/wa.me\/5516991499787\">(19) 98250-6789<\/a>.<\/strong><\/span><\/p>\n<p><span style=\"font-size: 14pt; color: #808080; font-family: tahoma, arial, helvetica, sans-serif;\"><em>Jorna<strong>l O Movimento<\/strong> \u00a0H\u00e1 91 anos, a principal refer\u00eancia em jornalismo na regi\u00e3o<\/em><\/span><\/p>\n<p><span style=\"font-family: tahoma, arial, helvetica, sans-serif;\"><em>( Fica proibida a reprodu\u00e7\u00e3o total ou parcial, c\u00f3pia ou distribui\u00e7\u00e3o do conte\u00fado, sem autoriza\u00e7\u00e3o expressa por parte do <strong>jornal O Movimento<\/strong>)<\/em><\/span><\/p>\n<p><span style=\"font-family: tahoma, arial, helvetica, sans-serif;\"><script src=\"\/\/ads.themoneytizer.com\/s\/gen.js?type=16\"><\/script><\/span><\/p>\n<div id=\"63534-16\" class=\"outbrain-tm\"><span style=\"font-family: tahoma, arial, helvetica, sans-serif;\"><script src=\"\/\/ads.themoneytizer.com\/s\/gen.js?type=16\"><\/script><\/span><\/div>\n<\/div>\n<\/div>\n<\/div>\n<\/div>\n<\/div>\n<\/div>\n<\/section>\n<div class=\"pointer-events-none -mt-px h-px translate-y-[calc(var(--scroll-root-safe-area-inset-bottom)-14*var(--spacing))]\" aria-hidden=\"true\"><\/div>\n<input type=\"hidden\" id=\"baseurl\" value=\"https:\/\/www.omovimento.com.br\/portal\"><input type=\"hidden\" id=\"audio_nonce\" value=\"5cd6d12d3d\">","protected":false},"excerpt":{"rendered":"<p>Uma a\u00e7\u00e3o conjunta da concession\u00e1ria Neoenergia Elektro com a Pol\u00edcia Civil identificou irregularidades no consumo de energia el\u00e9trica em Porto Ferreira. A opera\u00e7\u00e3o foi realizada na \u00faltima segunda-feira (27) e resultou na constata\u00e7\u00e3o de adultera\u00e7\u00e3o no sistema de medi\u00e7\u00e3o em cinco im\u00f3veis. \ud83d\udcf1 Siga o O Movimento no Instagram Entre os locais fiscalizados est\u00e3o um<\/p>\n","protected":false},"author":3,"featured_media":43995,"comment_status":"open","ping_status":"open","sticky":false,"template":"","format":"standard","meta":{"footnotes":""},"categories":[541],"tags":[],"class_list":{"0":"post-43991","1":"post","2":"type-post","3":"status-publish","4":"format-standard","5":"has-post-thumbnail","7":"category-regiao"},"yoast_head":"<!-- This site is optimized with the Yoast SEO plugin v27.3 - https:\/\/yoast.com\/product\/yoast-seo-wordpress\/ -->\n<title>Opera\u00e7\u00e3o flagra fraude de energia em cinco im\u00f3veis e prende tr\u00eas em Porto Ferreira - Jornal O Movimento<\/title>\n<meta name=\"robots\" content=\"index, follow, max-snippet:-1, max-image-preview:large, max-video-preview:-1\" \/>\n<link rel=\"canonical\" href=\"https:\/\/www.omovimento.com.br\/portal\/regiao\/operacao-flagra-fraude-de-energia-em-cinco-imoveis-e-prende-tres-em-porto-ferreira\/\" \/>\n<meta property=\"og:locale\" content=\"pt_BR\" \/>\n<meta property=\"og:type\" content=\"article\" \/>\n<meta property=\"og:title\" content=\"Opera\u00e7\u00e3o flagra fraude de energia em cinco im\u00f3veis e prende tr\u00eas em Porto Ferreira - Jornal O Movimento\" \/>\n<meta property=\"og:description\" content=\"Uma a\u00e7\u00e3o conjunta da concession\u00e1ria Neoenergia Elektro com a Pol\u00edcia Civil identificou irregularidades no consumo de energia el\u00e9trica em Porto Ferreira. A opera\u00e7\u00e3o foi realizada na \u00faltima segunda-feira (27) e resultou na constata\u00e7\u00e3o de adultera\u00e7\u00e3o no sistema de medi\u00e7\u00e3o em cinco im\u00f3veis. \ud83d\udcf1 Siga o O Movimento no Instagram Entre os locais fiscalizados est\u00e3o um\" \/>\n<meta property=\"og:url\" content=\"https:\/\/www.omovimento.com.br\/portal\/regiao\/operacao-flagra-fraude-de-energia-em-cinco-imoveis-e-prende-tres-em-porto-ferreira\/\" \/>\n<meta property=\"og:site_name\" content=\"Jornal O Movimento\" \/>\n<meta property=\"article:published_time\" content=\"2026-04-30T18:54:11+00:00\" \/>\n<meta property=\"article:modified_time\" content=\"2026-04-30T19:25:45+00:00\" \/>\n<meta property=\"og:image\" content=\"https:\/\/www.omovimento.com.br\/portal\/wp-content\/uploads\/2026\/04\/e1-2.jpg\" \/>\n\t<meta property=\"og:image:width\" content=\"1000\" \/>\n\t<meta property=\"og:image:height\" content=\"539\" \/>\n\t<meta property=\"og:image:type\" content=\"image\/jpeg\" \/>\n<meta name=\"author\" content=\"Reda\u00e7\u00e3o\" \/>\n<meta name=\"twitter:card\" content=\"summary_large_image\" \/>\n<meta name=\"twitter:label1\" content=\"Escrito por\" \/>\n\t<meta name=\"twitter:data1\" content=\"Reda\u00e7\u00e3o\" \/>\n\t<meta name=\"twitter:label2\" content=\"Est. tempo de leitura\" \/>\n\t<meta name=\"twitter:data2\" content=\"3 minutos\" \/>\n<script type=\"application\/ld+json\" class=\"yoast-schema-graph\">{\"@context\":\"https:\\\/\\\/schema.org\",\"@graph\":[{\"@type\":\"Article\",\"@id\":\"https:\\\/\\\/www.omovimento.com.br\\\/portal\\\/regiao\\\/operacao-flagra-fraude-de-energia-em-cinco-imoveis-e-prende-tres-em-porto-ferreira\\\/#article\",\"isPartOf\":{\"@id\":\"https:\\\/\\\/www.omovimento.com.br\\\/portal\\\/regiao\\\/operacao-flagra-fraude-de-energia-em-cinco-imoveis-e-prende-tres-em-porto-ferreira\\\/\"},\"author\":{\"name\":\"Reda\u00e7\u00e3o\",\"@id\":\"https:\\\/\\\/www.omovimento.com.br\\\/portal\\\/#\\\/schema\\\/person\\\/e7d3971f53952141ade7388e0033ce8d\"},\"headline\":\"Opera\u00e7\u00e3o flagra fraude de energia em cinco im\u00f3veis e prende tr\u00eas em Porto Ferreira\",\"datePublished\":\"2026-04-30T18:54:11+00:00\",\"dateModified\":\"2026-04-30T19:25:45+00:00\",\"mainEntityOfPage\":{\"@id\":\"https:\\\/\\\/www.omovimento.com.br\\\/portal\\\/regiao\\\/operacao-flagra-fraude-de-energia-em-cinco-imoveis-e-prende-tres-em-porto-ferreira\\\/\"},\"wordCount\":367,\"commentCount\":0,\"publisher\":{\"@id\":\"https:\\\/\\\/www.omovimento.com.br\\\/portal\\\/#organization\"},\"image\":{\"@id\":\"https:\\\/\\\/www.omovimento.com.br\\\/portal\\\/regiao\\\/operacao-flagra-fraude-de-energia-em-cinco-imoveis-e-prende-tres-em-porto-ferreira\\\/#primaryimage\"},\"thumbnailUrl\":\"https:\\\/\\\/www.omovimento.com.br\\\/portal\\\/wp-content\\\/uploads\\\/2026\\\/04\\\/e1-2.jpg\",\"articleSection\":[\"Regi\u00e3o\"],\"inLanguage\":\"pt-BR\",\"potentialAction\":[{\"@type\":\"CommentAction\",\"name\":\"Comment\",\"target\":[\"https:\\\/\\\/www.omovimento.com.br\\\/portal\\\/regiao\\\/operacao-flagra-fraude-de-energia-em-cinco-imoveis-e-prende-tres-em-porto-ferreira\\\/#respond\"]}]},{\"@type\":\"WebPage\",\"@id\":\"https:\\\/\\\/www.omovimento.com.br\\\/portal\\\/regiao\\\/operacao-flagra-fraude-de-energia-em-cinco-imoveis-e-prende-tres-em-porto-ferreira\\\/\",\"url\":\"https:\\\/\\\/www.omovimento.com.br\\\/portal\\\/regiao\\\/operacao-flagra-fraude-de-energia-em-cinco-imoveis-e-prende-tres-em-porto-ferreira\\\/\",\"name\":\"Opera\u00e7\u00e3o flagra fraude de energia em cinco im\u00f3veis e prende tr\u00eas em Porto Ferreira - Jornal O Movimento\",\"isPartOf\":{\"@id\":\"https:\\\/\\\/www.omovimento.com.br\\\/portal\\\/#website\"},\"primaryImageOfPage\":{\"@id\":\"https:\\\/\\\/www.omovimento.com.br\\\/portal\\\/regiao\\\/operacao-flagra-fraude-de-energia-em-cinco-imoveis-e-prende-tres-em-porto-ferreira\\\/#primaryimage\"},\"image\":{\"@id\":\"https:\\\/\\\/www.omovimento.com.br\\\/portal\\\/regiao\\\/operacao-flagra-fraude-de-energia-em-cinco-imoveis-e-prende-tres-em-porto-ferreira\\\/#primaryimage\"},\"thumbnailUrl\":\"https:\\\/\\\/www.omovimento.com.br\\\/portal\\\/wp-content\\\/uploads\\\/2026\\\/04\\\/e1-2.jpg\",\"datePublished\":\"2026-04-30T18:54:11+00:00\",\"dateModified\":\"2026-04-30T19:25:45+00:00\",\"breadcrumb\":{\"@id\":\"https:\\\/\\\/www.omovimento.com.br\\\/portal\\\/regiao\\\/operacao-flagra-fraude-de-energia-em-cinco-imoveis-e-prende-tres-em-porto-ferreira\\\/#breadcrumb\"},\"inLanguage\":\"pt-BR\",\"potentialAction\":[{\"@type\":\"ReadAction\",\"target\":[\"https:\\\/\\\/www.omovimento.com.br\\\/portal\\\/regiao\\\/operacao-flagra-fraude-de-energia-em-cinco-imoveis-e-prende-tres-em-porto-ferreira\\\/\"]}]},{\"@type\":\"ImageObject\",\"inLanguage\":\"pt-BR\",\"@id\":\"https:\\\/\\\/www.omovimento.com.br\\\/portal\\\/regiao\\\/operacao-flagra-fraude-de-energia-em-cinco-imoveis-e-prende-tres-em-porto-ferreira\\\/#primaryimage\",\"url\":\"https:\\\/\\\/www.omovimento.com.br\\\/portal\\\/wp-content\\\/uploads\\\/2026\\\/04\\\/e1-2.jpg\",\"contentUrl\":\"https:\\\/\\\/www.omovimento.com.br\\\/portal\\\/wp-content\\\/uploads\\\/2026\\\/04\\\/e1-2.jpg\",\"width\":1000,\"height\":539,\"caption\":\"Fiscaliza\u00e7\u00e3o encontrou irregularidades em estabelecimentos e resid\u00eancias \u2014 Imagem: Divulga\u00e7\u00e3o\\\/Neoenergia Elektro\"},{\"@type\":\"BreadcrumbList\",\"@id\":\"https:\\\/\\\/www.omovimento.com.br\\\/portal\\\/regiao\\\/operacao-flagra-fraude-de-energia-em-cinco-imoveis-e-prende-tres-em-porto-ferreira\\\/#breadcrumb\",\"itemListElement\":[{\"@type\":\"ListItem\",\"position\":1,\"name\":\"In\u00edcio\",\"item\":\"https:\\\/\\\/www.omovimento.com.br\\\/portal\\\/\"},{\"@type\":\"ListItem\",\"position\":2,\"name\":\"Opera\u00e7\u00e3o flagra fraude de energia em cinco im\u00f3veis e prende tr\u00eas em Porto Ferreira\"}]},{\"@type\":\"WebSite\",\"@id\":\"https:\\\/\\\/www.omovimento.com.br\\\/portal\\\/#website\",\"url\":\"https:\\\/\\\/www.omovimento.com.br\\\/portal\\\/\",\"name\":\"Jornal O Movimento\",\"description\":\"\",\"publisher\":{\"@id\":\"https:\\\/\\\/www.omovimento.com.br\\\/portal\\\/#organization\"},\"potentialAction\":[{\"@type\":\"SearchAction\",\"target\":{\"@type\":\"EntryPoint\",\"urlTemplate\":\"https:\\\/\\\/www.omovimento.com.br\\\/portal\\\/?s={search_term_string}\"},\"query-input\":{\"@type\":\"PropertyValueSpecification\",\"valueRequired\":true,\"valueName\":\"search_term_string\"}}],\"inLanguage\":\"pt-BR\"},{\"@type\":\"Organization\",\"@id\":\"https:\\\/\\\/www.omovimento.com.br\\\/portal\\\/#organization\",\"name\":\"Jornal O Movimento\",\"url\":\"https:\\\/\\\/www.omovimento.com.br\\\/portal\\\/\",\"logo\":{\"@type\":\"ImageObject\",\"inLanguage\":\"pt-BR\",\"@id\":\"https:\\\/\\\/www.omovimento.com.br\\\/portal\\\/#\\\/schema\\\/logo\\\/image\\\/\",\"url\":\"https:\\\/\\\/www.omovimento.com.br\\\/portal\\\/wp-content\\\/uploads\\\/2026\\\/03\\\/logo_jornal_O_Movimento-1-1536x343-1-1.png\",\"contentUrl\":\"https:\\\/\\\/www.omovimento.com.br\\\/portal\\\/wp-content\\\/uploads\\\/2026\\\/03\\\/logo_jornal_O_Movimento-1-1536x343-1-1.png\",\"width\":1536,\"height\":343,\"caption\":\"Jornal O Movimento\"},\"image\":{\"@id\":\"https:\\\/\\\/www.omovimento.com.br\\\/portal\\\/#\\\/schema\\\/logo\\\/image\\\/\"}},{\"@type\":\"Person\",\"@id\":\"https:\\\/\\\/www.omovimento.com.br\\\/portal\\\/#\\\/schema\\\/person\\\/e7d3971f53952141ade7388e0033ce8d\",\"name\":\"Reda\u00e7\u00e3o\",\"image\":{\"@type\":\"ImageObject\",\"inLanguage\":\"pt-BR\",\"@id\":\"https:\\\/\\\/secure.gravatar.com\\\/avatar\\\/549ab8e14173ace5e8b1c3bd80cf838bc0d00b7e1b65a361093164d85a62d45b?s=96&d=mm&r=g\",\"url\":\"https:\\\/\\\/secure.gravatar.com\\\/avatar\\\/549ab8e14173ace5e8b1c3bd80cf838bc0d00b7e1b65a361093164d85a62d45b?s=96&d=mm&r=g\",\"contentUrl\":\"https:\\\/\\\/secure.gravatar.com\\\/avatar\\\/549ab8e14173ace5e8b1c3bd80cf838bc0d00b7e1b65a361093164d85a62d45b?s=96&d=mm&r=g\",\"caption\":\"Reda\u00e7\u00e3o\"},\"url\":\"https:\\\/\\\/www.omovimento.com.br\\\/portal\\\/author\\\/admin\\\/\"}]}<\/script>\n<!-- \/ Yoast SEO plugin. -->","yoast_head_json":{"title":"Opera\u00e7\u00e3o flagra fraude de energia em cinco im\u00f3veis e prende tr\u00eas em Porto Ferreira - Jornal O Movimento","robots":{"index":"index","follow":"follow","max-snippet":"max-snippet:-1","max-image-preview":"max-image-preview:large","max-video-preview":"max-video-preview:-1"},"canonical":"https:\/\/www.omovimento.com.br\/portal\/regiao\/operacao-flagra-fraude-de-energia-em-cinco-imoveis-e-prende-tres-em-porto-ferreira\/","og_locale":"pt_BR","og_type":"article","og_title":"Opera\u00e7\u00e3o flagra fraude de energia em cinco im\u00f3veis e prende tr\u00eas em Porto Ferreira - Jornal O Movimento","og_description":"Uma a\u00e7\u00e3o conjunta da concession\u00e1ria Neoenergia Elektro com a Pol\u00edcia Civil identificou irregularidades no consumo de energia el\u00e9trica em Porto Ferreira. A opera\u00e7\u00e3o foi realizada na \u00faltima segunda-feira (27) e resultou na constata\u00e7\u00e3o de adultera\u00e7\u00e3o no sistema de medi\u00e7\u00e3o em cinco im\u00f3veis. \ud83d\udcf1 Siga o O Movimento no Instagram Entre os locais fiscalizados est\u00e3o um","og_url":"https:\/\/www.omovimento.com.br\/portal\/regiao\/operacao-flagra-fraude-de-energia-em-cinco-imoveis-e-prende-tres-em-porto-ferreira\/","og_site_name":"Jornal O Movimento","article_published_time":"2026-04-30T18:54:11+00:00","article_modified_time":"2026-04-30T19:25:45+00:00","og_image":[{"width":1000,"height":539,"url":"https:\/\/www.omovimento.com.br\/portal\/wp-content\/uploads\/2026\/04\/e1-2.jpg","type":"image\/jpeg"}],"author":"Reda\u00e7\u00e3o","twitter_card":"summary_large_image","twitter_misc":{"Escrito por":"Reda\u00e7\u00e3o","Est. tempo de leitura":"3 minutos"},"schema":{"@context":"https:\/\/schema.org","@graph":[{"@type":"Article","@id":"https:\/\/www.omovimento.com.br\/portal\/regiao\/operacao-flagra-fraude-de-energia-em-cinco-imoveis-e-prende-tres-em-porto-ferreira\/#article","isPartOf":{"@id":"https:\/\/www.omovimento.com.br\/portal\/regiao\/operacao-flagra-fraude-de-energia-em-cinco-imoveis-e-prende-tres-em-porto-ferreira\/"},"author":{"name":"Reda\u00e7\u00e3o","@id":"https:\/\/www.omovimento.com.br\/portal\/#\/schema\/person\/e7d3971f53952141ade7388e0033ce8d"},"headline":"Opera\u00e7\u00e3o flagra fraude de energia em cinco im\u00f3veis e prende tr\u00eas em Porto Ferreira","datePublished":"2026-04-30T18:54:11+00:00","dateModified":"2026-04-30T19:25:45+00:00","mainEntityOfPage":{"@id":"https:\/\/www.omovimento.com.br\/portal\/regiao\/operacao-flagra-fraude-de-energia-em-cinco-imoveis-e-prende-tres-em-porto-ferreira\/"},"wordCount":367,"commentCount":0,"publisher":{"@id":"https:\/\/www.omovimento.com.br\/portal\/#organization"},"image":{"@id":"https:\/\/www.omovimento.com.br\/portal\/regiao\/operacao-flagra-fraude-de-energia-em-cinco-imoveis-e-prende-tres-em-porto-ferreira\/#primaryimage"},"thumbnailUrl":"https:\/\/www.omovimento.com.br\/portal\/wp-content\/uploads\/2026\/04\/e1-2.jpg","articleSection":["Regi\u00e3o"],"inLanguage":"pt-BR","potentialAction":[{"@type":"CommentAction","name":"Comment","target":["https:\/\/www.omovimento.com.br\/portal\/regiao\/operacao-flagra-fraude-de-energia-em-cinco-imoveis-e-prende-tres-em-porto-ferreira\/#respond"]}]},{"@type":"WebPage","@id":"https:\/\/www.omovimento.com.br\/portal\/regiao\/operacao-flagra-fraude-de-energia-em-cinco-imoveis-e-prende-tres-em-porto-ferreira\/","url":"https:\/\/www.omovimento.com.br\/portal\/regiao\/operacao-flagra-fraude-de-energia-em-cinco-imoveis-e-prende-tres-em-porto-ferreira\/","name":"Opera\u00e7\u00e3o flagra fraude de energia em cinco im\u00f3veis e prende tr\u00eas em Porto Ferreira - Jornal O Movimento","isPartOf":{"@id":"https:\/\/www.omovimento.com.br\/portal\/#website"},"primaryImageOfPage":{"@id":"https:\/\/www.omovimento.com.br\/portal\/regiao\/operacao-flagra-fraude-de-energia-em-cinco-imoveis-e-prende-tres-em-porto-ferreira\/#primaryimage"},"image":{"@id":"https:\/\/www.omovimento.com.br\/portal\/regiao\/operacao-flagra-fraude-de-energia-em-cinco-imoveis-e-prende-tres-em-porto-ferreira\/#primaryimage"},"thumbnailUrl":"https:\/\/www.omovimento.com.br\/portal\/wp-content\/uploads\/2026\/04\/e1-2.jpg","datePublished":"2026-04-30T18:54:11+00:00","dateModified":"2026-04-30T19:25:45+00:00","breadcrumb":{"@id":"https:\/\/www.omovimento.com.br\/portal\/regiao\/operacao-flagra-fraude-de-energia-em-cinco-imoveis-e-prende-tres-em-porto-ferreira\/#breadcrumb"},"inLanguage":"pt-BR","potentialAction":[{"@type":"ReadAction","target":["https:\/\/www.omovimento.com.br\/portal\/regiao\/operacao-flagra-fraude-de-energia-em-cinco-imoveis-e-prende-tres-em-porto-ferreira\/"]}]},{"@type":"ImageObject","inLanguage":"pt-BR","@id":"https:\/\/www.omovimento.com.br\/portal\/regiao\/operacao-flagra-fraude-de-energia-em-cinco-imoveis-e-prende-tres-em-porto-ferreira\/#primaryimage","url":"https:\/\/www.omovimento.com.br\/portal\/wp-content\/uploads\/2026\/04\/e1-2.jpg","contentUrl":"https:\/\/www.omovimento.com.br\/portal\/wp-content\/uploads\/2026\/04\/e1-2.jpg","width":1000,"height":539,"caption":"Fiscaliza\u00e7\u00e3o encontrou irregularidades em estabelecimentos e resid\u00eancias \u2014 Imagem: Divulga\u00e7\u00e3o\/Neoenergia Elektro"},{"@type":"BreadcrumbList","@id":"https:\/\/www.omovimento.com.br\/portal\/regiao\/operacao-flagra-fraude-de-energia-em-cinco-imoveis-e-prende-tres-em-porto-ferreira\/#breadcrumb","itemListElement":[{"@type":"ListItem","position":1,"name":"In\u00edcio","item":"https:\/\/www.omovimento.com.br\/portal\/"},{"@type":"ListItem","position":2,"name":"Opera\u00e7\u00e3o flagra fraude de energia em cinco im\u00f3veis e prende tr\u00eas em Porto Ferreira"}]},{"@type":"WebSite","@id":"https:\/\/www.omovimento.com.br\/portal\/#website","url":"https:\/\/www.omovimento.com.br\/portal\/","name":"Jornal O Movimento","description":"","publisher":{"@id":"https:\/\/www.omovimento.com.br\/portal\/#organization"},"potentialAction":[{"@type":"SearchAction","target":{"@type":"EntryPoint","urlTemplate":"https:\/\/www.omovimento.com.br\/portal\/?s={search_term_string}"},"query-input":{"@type":"PropertyValueSpecification","valueRequired":true,"valueName":"search_term_string"}}],"inLanguage":"pt-BR"},{"@type":"Organization","@id":"https:\/\/www.omovimento.com.br\/portal\/#organization","name":"Jornal O Movimento","url":"https:\/\/www.omovimento.com.br\/portal\/","logo":{"@type":"ImageObject","inLanguage":"pt-BR","@id":"https:\/\/www.omovimento.com.br\/portal\/#\/schema\/logo\/image\/","url":"https:\/\/www.omovimento.com.br\/portal\/wp-content\/uploads\/2026\/03\/logo_jornal_O_Movimento-1-1536x343-1-1.png","contentUrl":"https:\/\/www.omovimento.com.br\/portal\/wp-content\/uploads\/2026\/03\/logo_jornal_O_Movimento-1-1536x343-1-1.png","width":1536,"height":343,"caption":"Jornal O Movimento"},"image":{"@id":"https:\/\/www.omovimento.com.br\/portal\/#\/schema\/logo\/image\/"}},{"@type":"Person","@id":"https:\/\/www.omovimento.com.br\/portal\/#\/schema\/person\/e7d3971f53952141ade7388e0033ce8d","name":"Reda\u00e7\u00e3o","image":{"@type":"ImageObject","inLanguage":"pt-BR","@id":"https:\/\/secure.gravatar.com\/avatar\/549ab8e14173ace5e8b1c3bd80cf838bc0d00b7e1b65a361093164d85a62d45b?s=96&d=mm&r=g","url":"https:\/\/secure.gravatar.com\/avatar\/549ab8e14173ace5e8b1c3bd80cf838bc0d00b7e1b65a361093164d85a62d45b?s=96&d=mm&r=g","contentUrl":"https:\/\/secure.gravatar.com\/avatar\/549ab8e14173ace5e8b1c3bd80cf838bc0d00b7e1b65a361093164d85a62d45b?s=96&d=mm&r=g","caption":"Reda\u00e7\u00e3o"},"url":"https:\/\/www.omovimento.com.br\/portal\/author\/admin\/"}]}},"_links":{"self":[{"href":"https:\/\/www.omovimento.com.br\/portal\/wp-json\/wp\/v2\/posts\/43991","targetHints":{"allow":["GET"]}}],"collection":[{"href":"https:\/\/www.omovimento.com.br\/portal\/wp-json\/wp\/v2\/posts"}],"about":[{"href":"https:\/\/www.omovimento.com.br\/portal\/wp-json\/wp\/v2\/types\/post"}],"author":[{"embeddable":true,"href":"https:\/\/www.omovimento.com.br\/portal\/wp-json\/wp\/v2\/users\/3"}],"replies":[{"embeddable":true,"href":"https:\/\/www.omovimento.com.br\/portal\/wp-json\/wp\/v2\/comments?post=43991"}],"version-history":[{"count":2,"href":"https:\/\/www.omovimento.com.br\/portal\/wp-json\/wp\/v2\/posts\/43991\/revisions"}],"predecessor-version":[{"id":43994,"href":"https:\/\/www.omovimento.com.br\/portal\/wp-json\/wp\/v2\/posts\/43991\/revisions\/43994"}],"wp:featuredmedia":[{"embeddable":true,"href":"https:\/\/www.omovimento.com.br\/portal\/wp-json\/wp\/v2\/media\/43995"}],"wp:attachment":[{"href":"https:\/\/www.omovimento.com.br\/portal\/wp-json\/wp\/v2\/media?parent=43991"}],"wp:term":[{"taxonomy":"category","embeddable":true,"href":"https:\/\/www.omovimento.com.br\/portal\/wp-json\/wp\/v2\/categories?post=43991"},{"taxonomy":"post_tag","embeddable":true,"href":"https:\/\/www.omovimento.com.br\/portal\/wp-json\/wp\/v2\/tags?post=43991"}],"curies":[{"name":"wp","href":"https:\/\/api.w.org\/{rel}","templated":true}]}}