{"id":43987,"date":"2026-04-30T14:17:51","date_gmt":"2026-04-30T17:17:51","guid":{"rendered":"https:\/\/www.omovimento.com.br\/portal\/?p=43987"},"modified":"2026-04-30T14:17:51","modified_gmt":"2026-04-30T17:17:51","slug":"exclusivo-golpe-milionario-pode-envolver-empresarios-e-comerciantes-locais","status":"publish","type":"post","link":"https:\/\/www.omovimento.com.br\/portal\/regiao\/exclusivo-golpe-milionario-pode-envolver-empresarios-e-comerciantes-locais\/","title":{"rendered":"Exclusivo: golpe milion\u00e1rio pode envolver empres\u00e1rios e comerciantes locais"},"content":{"rendered":"<section class=\"text-token-text-primary w-full focus:outline-none [--shadow-height:45px] has-data-writing-block:pointer-events-none has-data-writing-block:-mt-(--shadow-height) has-data-writing-block:pt-(--shadow-height) [&amp;:has([data-writing-block])&gt;*]:pointer-events-auto [content-visibility:auto] supports-[content-visibility:auto]:[contain-intrinsic-size:auto_100lvh] R6Vx5W_threadScrollVars scroll-mb-[calc(var(--scroll-root-safe-area-inset-bottom,0px)+var(--thread-response-height))] scroll-mt-[calc(var(--header-height)+min(200px,max(70px,20svh)))]\" dir=\"auto\" data-turn-id=\"request-WEB:bb6af38a-eb4d-489e-be78-fa42c829da00-6\" data-testid=\"conversation-turn-14\" data-scroll-anchor=\"false\" data-turn=\"assistant\">\n<div class=\"text-base my-auto mx-auto pb-10 [--thread-content-margin:var(--thread-content-margin-xs,calc(var(--spacing)*4))] @w-sm\/main:[--thread-content-margin:var(--thread-content-margin-sm,calc(var(--spacing)*6))] @w-lg\/main:[--thread-content-margin:var(--thread-content-margin-lg,calc(var(--spacing)*16))] px-(--thread-content-margin)\">\n<div class=\"[--thread-content-max-width:40rem] @w-lg\/main:[--thread-content-max-width:48rem] mx-auto max-w-(--thread-content-max-width) flex-1 group\/turn-messages focus-visible:outline-hidden relative flex w-full min-w-0 flex-col agent-turn\">\n<div class=\"flex max-w-full flex-col gap-4 grow\">\n<div class=\"min-h-8 text-message relative flex w-full flex-col items-end gap-2 text-start break-words whitespace-normal outline-none keyboard-focused:focus-ring [.text-message+&amp;]:mt-1\" dir=\"auto\" tabindex=\"0\" data-message-author-role=\"assistant\" data-message-id=\"351881a0-ded8-4219-9b10-62cd4b828514\" data-message-model-slug=\"gpt-5-3\" data-turn-start-message=\"true\">\n<div class=\"flex w-full flex-col gap-1 empty:hidden\">\n<div class=\"markdown prose dark:prose-invert w-full wrap-break-word light markdown-new-styling\">\n<p data-start=\"94\" data-end=\"364\"><span style=\"font-size: 12pt; font-family: tahoma, arial, helvetica, sans-serif;\">Uma promessa de lucro f\u00e1cil virou caso de pol\u00edcia e j\u00e1 atinge v\u00edtimas em diferentes cidades do interior paulista. Um homem, de 30 anos, \u00e9 investigado por estelionato ap\u00f3s oferecer uma suposta oportunidade de investimento que terminou em preju\u00edzo para dezenas de pessoas.<\/span><\/p><div id=\"omovi-151816595\" class=\"omovi-conteudo-2 omovi-entity-placement\"><div id=\"63534-28\"><script src=\"\/\/ads.themoneytizer.com\/s\/gen.js?type=28\"><\/script><script src=\"\/\/ads.themoneytizer.com\/s\/requestform.js?siteId=63534&formatId=28\" ><\/script><\/div><\/div>\n<p data-start=\"94\" data-end=\"364\"><span style=\"font-family: tahoma, arial, helvetica, sans-serif;\">\ud83d\udcf1 <em>Siga o O Movimento no <a href=\"https:\/\/www.instagram.com\/jornalomovimento\/\">Instagram<\/a><\/em><\/span><\/p>\n<p data-start=\"366\" data-end=\"740\"><span style=\"font-size: 12pt; font-family: tahoma, arial, helvetica, sans-serif;\">O caso foi registrado na \u00faltima ter\u00e7a-feira (28) em <span class=\"hover:entity-accent entity-underline inline cursor-pointer align-baseline\"><span class=\"whitespace-normal\">Porto Ferreira<\/span><\/span>. De acordo com informa\u00e7\u00f5es da <span class=\"hover:entity-accent entity-underline inline cursor-pointer align-baseline\"><span class=\"whitespace-normal\">Secretaria da Seguran\u00e7a P\u00fablica do Estado de S\u00e3o Paulo<\/span><\/span>, obtidas <strong data-start=\"533\" data-end=\"598\">com exclusividade pelos jornais O Movimento e O Santarritense<\/strong>, o suspeito teria convencido ao menos <strong data-start=\"637\" data-end=\"689\">17 pessoas a realizarem transfer\u00eancias banc\u00e1rias<\/strong>, prometendo retornos financeiros acima do mercado.<\/span><\/p>\n<p data-start=\"742\" data-end=\"916\"><span style=\"font-size: 12pt; font-family: tahoma, arial, helvetica, sans-serif;\">Ap\u00f3s o envio do dinheiro, as v\u00edtimas relataram que <strong data-start=\"793\" data-end=\"844\">perderam totalmente o contato com o investigado<\/strong>, o que levantou suspeitas de fraude e motivou o registro da ocorr\u00eancia.<\/span><\/p>\n<p style=\"text-align: center;\" data-start=\"742\" data-end=\"916\"><span style=\"font-family: tahoma, arial, helvetica, sans-serif; font-size: 10pt;\"><strong><span style=\"color: #808080; font-family: tahoma, arial, helvetica, sans-serif;\">= continua ap\u00f3s a publicidade =<\/span><\/strong><\/span><\/p>\n<p data-start=\"742\" data-end=\"916\"><img fetchpriority=\"high\" decoding=\"async\" class=\"size-full wp-image-43934 aligncenter\" src=\"https:\/\/www.omovimento.com.br\/portal\/wp-content\/uploads\/2026\/04\/1d5844a6-3dcc-4e19-8a26-72d4fcfe7dfb.png\" alt=\"\" width=\"1000\" height=\"417\" srcset=\"https:\/\/www.omovimento.com.br\/portal\/wp-content\/uploads\/2026\/04\/1d5844a6-3dcc-4e19-8a26-72d4fcfe7dfb.png 1000w, https:\/\/www.omovimento.com.br\/portal\/wp-content\/uploads\/2026\/04\/1d5844a6-3dcc-4e19-8a26-72d4fcfe7dfb-300x125.png 300w, https:\/\/www.omovimento.com.br\/portal\/wp-content\/uploads\/2026\/04\/1d5844a6-3dcc-4e19-8a26-72d4fcfe7dfb-768x320.png 768w, https:\/\/www.omovimento.com.br\/portal\/wp-content\/uploads\/2026\/04\/1d5844a6-3dcc-4e19-8a26-72d4fcfe7dfb-150x63.png 150w, https:\/\/www.omovimento.com.br\/portal\/wp-content\/uploads\/2026\/04\/1d5844a6-3dcc-4e19-8a26-72d4fcfe7dfb-450x188.png 450w\" sizes=\"(max-width: 1000px) 100vw, 1000px\" \/><\/p>\n<p data-start=\"918\" data-end=\"1259\"><span style=\"font-size: 12pt; font-family: tahoma, arial, helvetica, sans-serif;\"><strong data-start=\"918\" data-end=\"951\">Segundo apura\u00e7\u00e3o das reda\u00e7\u00f5es<\/strong>, o esquema pode ter um alcance ainda maior do que o inicialmente identificado. H\u00e1 registros de v\u00edtimas n\u00e3o apenas em Porto Ferreira, mas tamb\u00e9m em <span class=\"hover:entity-accent entity-underline inline cursor-pointer align-baseline\"><span class=\"whitespace-normal\">Pirassununga, Santa Rita do Passa Quatro<\/span><\/span> e <span class=\"hover:entity-accent entity-underline inline cursor-pointer align-baseline\"><span class=\"whitespace-normal\">Descalvado<\/span><\/span>, indicando que o golpe pode ter sido aplicado de forma <strong data-start=\"1232\" data-end=\"1258\">regional e estruturada<\/strong>.<\/span><\/p>\n<p data-start=\"1261\" data-end=\"1503\"><span style=\"font-size: 12pt; font-family: tahoma, arial, helvetica, sans-serif;\">Nos bastidores, surgem ainda ind\u00edcios de que o caso possa envolver uma <strong data-start=\"1332\" data-end=\"1364\">poss\u00edvel pir\u00e2mide financeira<\/strong>, com a participa\u00e7\u00e3o de <strong data-start=\"1388\" data-end=\"1441\">empres\u00e1rios e comerciantes conhecidos nas cidades<\/strong>, o que amplia a gravidade e a complexidade das investiga\u00e7\u00f5es.<\/span><\/p>\n<p data-start=\"1505\" data-end=\"1794\"><span style=\"font-size: 12pt; font-family: tahoma, arial, helvetica, sans-serif;\">O caso foi registrado como <strong data-start=\"1532\" data-end=\"1611\">associa\u00e7\u00e3o criminosa, crime contra a economia popular e lavagem de dinheiro<\/strong>, e est\u00e1 sob responsabilidade da Pol\u00edcia Civil, que realiza dilig\u00eancias para <strong data-start=\"1688\" data-end=\"1793\">localizar o suspeito, identificar outros envolvidos e dimensionar o preju\u00edzo total causado \u00e0s v\u00edtimas<\/strong>.<\/span><\/p>\n<p data-start=\"1796\" data-end=\"1941\" data-is-last-node=\"\" data-is-only-node=\"\"><span style=\"font-size: 12pt; font-family: tahoma, arial, helvetica, sans-serif;\">A investiga\u00e7\u00e3o segue em andamento e n\u00e3o descarta a exist\u00eancia de <strong data-start=\"1861\" data-end=\"1878\">novas v\u00edtimas<\/strong>, o que pode ampliar ainda mais o alcance do esquema na regi\u00e3o.<\/span><\/p>\n<p data-start=\"822\" data-end=\"1009\"><span style=\"font-family: tahoma, arial, helvetica, sans-serif;\">\u270d\ufe0f <em data-start=\"1160\" data-end=\"1198\" data-is-last-node=\"\">Reportagem: <a href=\"https:\/\/www.facebook.com\/jornalistatonioliveiraon\/\"><strong>Jornalista Toni Oliveira<\/strong><\/a><\/em><\/span><\/p>\n<p data-start=\"1490\" data-end=\"1675\"><span style=\"font-family: tahoma, arial, helvetica, sans-serif;\">\ud83d\udcf2\u00a0Fa\u00e7a uma den\u00fancia ou sugira uma reportagem sobre Pirassunungae regi\u00e3o por meio do WhatsApp do jornal <strong>O Movimento: <a href=\"https:\/\/wa.me\/5519982506789\" target=\"_blank\" rel=\"noreferrer noopener\" data-mrf-link=\"https:\/\/wa.me\/5516991499787\">(19) 98250-6789<\/a>.<\/strong><\/span><\/p>\n<p><span style=\"font-size: 14pt; color: #808080; font-family: tahoma, arial, helvetica, sans-serif;\"><em>Jorna<strong>l O Movimento<\/strong> \u00a0H\u00e1 91 anos, a principal refer\u00eancia em jornalismo na regi\u00e3o<\/em><\/span><\/p>\n<p><span style=\"font-family: tahoma, arial, helvetica, sans-serif;\"><em>( Fica proibida a reprodu\u00e7\u00e3o total ou parcial, c\u00f3pia ou distribui\u00e7\u00e3o do conte\u00fado, sem autoriza\u00e7\u00e3o expressa por parte do <strong>jornal O Movimento<\/strong>)<\/em><\/span><\/p>\n<p><span style=\"font-family: tahoma, arial, helvetica, sans-serif;\"><script src=\"\/\/ads.themoneytizer.com\/s\/gen.js?type=16\"><\/script><\/span><\/p>\n<div id=\"63534-16\" class=\"outbrain-tm\"><span style=\"font-family: tahoma, arial, helvetica, sans-serif;\"><script src=\"\/\/ads.themoneytizer.com\/s\/gen.js?type=16\"><\/script><\/span><\/div>\n<\/div>\n<\/div>\n<\/div>\n<\/div>\n<\/div>\n<\/div>\n<\/section>\n<div class=\"pointer-events-none -mt-px h-px translate-y-[calc(var(--scroll-root-safe-area-inset-bottom)-14*var(--spacing))]\" aria-hidden=\"true\"><\/div>\n<input type=\"hidden\" id=\"baseurl\" value=\"https:\/\/www.omovimento.com.br\/portal\"><input type=\"hidden\" id=\"audio_nonce\" value=\"5cd6d12d3d\">","protected":false},"excerpt":{"rendered":"<p>Uma promessa de lucro f\u00e1cil virou caso de pol\u00edcia e j\u00e1 atinge v\u00edtimas em diferentes cidades do interior paulista. Um homem, de 30 anos, \u00e9 investigado por estelionato ap\u00f3s oferecer uma suposta oportunidade de investimento que terminou em preju\u00edzo para dezenas de pessoas. \ud83d\udcf1 Siga o O Movimento no Instagram O caso foi registrado na<\/p>\n","protected":false},"author":3,"featured_media":43988,"comment_status":"open","ping_status":"open","sticky":false,"template":"","format":"standard","meta":{"footnotes":""},"categories":[541],"tags":[],"class_list":{"0":"post-43987","1":"post","2":"type-post","3":"status-publish","4":"format-standard","5":"has-post-thumbnail","7":"category-regiao"},"yoast_head":"<!-- This site is optimized with the Yoast SEO plugin v27.3 - https:\/\/yoast.com\/product\/yoast-seo-wordpress\/ -->\n<title>Exclusivo: golpe milion\u00e1rio pode envolver empres\u00e1rios e comerciantes locais - Jornal O Movimento<\/title>\n<meta name=\"robots\" content=\"index, follow, max-snippet:-1, max-image-preview:large, max-video-preview:-1\" \/>\n<link rel=\"canonical\" href=\"https:\/\/www.omovimento.com.br\/portal\/regiao\/exclusivo-golpe-milionario-pode-envolver-empresarios-e-comerciantes-locais\/\" \/>\n<meta property=\"og:locale\" content=\"pt_BR\" \/>\n<meta property=\"og:type\" content=\"article\" \/>\n<meta property=\"og:title\" content=\"Exclusivo: golpe milion\u00e1rio pode envolver empres\u00e1rios e comerciantes locais - Jornal O Movimento\" \/>\n<meta property=\"og:description\" content=\"Uma promessa de lucro f\u00e1cil virou caso de pol\u00edcia e j\u00e1 atinge v\u00edtimas em diferentes cidades do interior paulista. Um homem, de 30 anos, \u00e9 investigado por estelionato ap\u00f3s oferecer uma suposta oportunidade de investimento que terminou em preju\u00edzo para dezenas de pessoas. \ud83d\udcf1 Siga o O Movimento no Instagram O caso foi registrado na\" \/>\n<meta property=\"og:url\" content=\"https:\/\/www.omovimento.com.br\/portal\/regiao\/exclusivo-golpe-milionario-pode-envolver-empresarios-e-comerciantes-locais\/\" \/>\n<meta property=\"og:site_name\" content=\"Jornal O Movimento\" \/>\n<meta property=\"article:published_time\" content=\"2026-04-30T17:17:51+00:00\" \/>\n<meta property=\"og:image\" content=\"https:\/\/www.omovimento.com.br\/portal\/wp-content\/uploads\/2026\/04\/golpe.jpg\" \/>\n\t<meta property=\"og:image:width\" content=\"1024\" \/>\n\t<meta property=\"og:image:height\" content=\"683\" \/>\n\t<meta property=\"og:image:type\" content=\"image\/jpeg\" \/>\n<meta name=\"author\" content=\"Reda\u00e7\u00e3o\" \/>\n<meta name=\"twitter:card\" content=\"summary_large_image\" \/>\n<meta name=\"twitter:label1\" content=\"Escrito por\" \/>\n\t<meta name=\"twitter:data1\" content=\"Reda\u00e7\u00e3o\" \/>\n\t<meta name=\"twitter:label2\" content=\"Est. tempo de leitura\" \/>\n\t<meta name=\"twitter:data2\" content=\"3 minutos\" \/>\n<script type=\"application\/ld+json\" class=\"yoast-schema-graph\">{\"@context\":\"https:\\\/\\\/schema.org\",\"@graph\":[{\"@type\":\"Article\",\"@id\":\"https:\\\/\\\/www.omovimento.com.br\\\/portal\\\/regiao\\\/exclusivo-golpe-milionario-pode-envolver-empresarios-e-comerciantes-locais\\\/#article\",\"isPartOf\":{\"@id\":\"https:\\\/\\\/www.omovimento.com.br\\\/portal\\\/regiao\\\/exclusivo-golpe-milionario-pode-envolver-empresarios-e-comerciantes-locais\\\/\"},\"author\":{\"name\":\"Reda\u00e7\u00e3o\",\"@id\":\"https:\\\/\\\/www.omovimento.com.br\\\/portal\\\/#\\\/schema\\\/person\\\/e7d3971f53952141ade7388e0033ce8d\"},\"headline\":\"Exclusivo: golpe milion\u00e1rio pode envolver empres\u00e1rios e comerciantes locais\",\"datePublished\":\"2026-04-30T17:17:51+00:00\",\"mainEntityOfPage\":{\"@id\":\"https:\\\/\\\/www.omovimento.com.br\\\/portal\\\/regiao\\\/exclusivo-golpe-milionario-pode-envolver-empresarios-e-comerciantes-locais\\\/\"},\"wordCount\":395,\"commentCount\":0,\"publisher\":{\"@id\":\"https:\\\/\\\/www.omovimento.com.br\\\/portal\\\/#organization\"},\"image\":{\"@id\":\"https:\\\/\\\/www.omovimento.com.br\\\/portal\\\/regiao\\\/exclusivo-golpe-milionario-pode-envolver-empresarios-e-comerciantes-locais\\\/#primaryimage\"},\"thumbnailUrl\":\"https:\\\/\\\/www.omovimento.com.br\\\/portal\\\/wp-content\\\/uploads\\\/2026\\\/04\\\/golpe.jpg\",\"articleSection\":[\"Regi\u00e3o\"],\"inLanguage\":\"pt-BR\",\"potentialAction\":[{\"@type\":\"CommentAction\",\"name\":\"Comment\",\"target\":[\"https:\\\/\\\/www.omovimento.com.br\\\/portal\\\/regiao\\\/exclusivo-golpe-milionario-pode-envolver-empresarios-e-comerciantes-locais\\\/#respond\"]}]},{\"@type\":\"WebPage\",\"@id\":\"https:\\\/\\\/www.omovimento.com.br\\\/portal\\\/regiao\\\/exclusivo-golpe-milionario-pode-envolver-empresarios-e-comerciantes-locais\\\/\",\"url\":\"https:\\\/\\\/www.omovimento.com.br\\\/portal\\\/regiao\\\/exclusivo-golpe-milionario-pode-envolver-empresarios-e-comerciantes-locais\\\/\",\"name\":\"Exclusivo: golpe milion\u00e1rio pode envolver empres\u00e1rios e comerciantes locais - Jornal O Movimento\",\"isPartOf\":{\"@id\":\"https:\\\/\\\/www.omovimento.com.br\\\/portal\\\/#website\"},\"primaryImageOfPage\":{\"@id\":\"https:\\\/\\\/www.omovimento.com.br\\\/portal\\\/regiao\\\/exclusivo-golpe-milionario-pode-envolver-empresarios-e-comerciantes-locais\\\/#primaryimage\"},\"image\":{\"@id\":\"https:\\\/\\\/www.omovimento.com.br\\\/portal\\\/regiao\\\/exclusivo-golpe-milionario-pode-envolver-empresarios-e-comerciantes-locais\\\/#primaryimage\"},\"thumbnailUrl\":\"https:\\\/\\\/www.omovimento.com.br\\\/portal\\\/wp-content\\\/uploads\\\/2026\\\/04\\\/golpe.jpg\",\"datePublished\":\"2026-04-30T17:17:51+00:00\",\"breadcrumb\":{\"@id\":\"https:\\\/\\\/www.omovimento.com.br\\\/portal\\\/regiao\\\/exclusivo-golpe-milionario-pode-envolver-empresarios-e-comerciantes-locais\\\/#breadcrumb\"},\"inLanguage\":\"pt-BR\",\"potentialAction\":[{\"@type\":\"ReadAction\",\"target\":[\"https:\\\/\\\/www.omovimento.com.br\\\/portal\\\/regiao\\\/exclusivo-golpe-milionario-pode-envolver-empresarios-e-comerciantes-locais\\\/\"]}]},{\"@type\":\"ImageObject\",\"inLanguage\":\"pt-BR\",\"@id\":\"https:\\\/\\\/www.omovimento.com.br\\\/portal\\\/regiao\\\/exclusivo-golpe-milionario-pode-envolver-empresarios-e-comerciantes-locais\\\/#primaryimage\",\"url\":\"https:\\\/\\\/www.omovimento.com.br\\\/portal\\\/wp-content\\\/uploads\\\/2026\\\/04\\\/golpe.jpg\",\"contentUrl\":\"https:\\\/\\\/www.omovimento.com.br\\\/portal\\\/wp-content\\\/uploads\\\/2026\\\/04\\\/golpe.jpg\",\"width\":1024,\"height\":683,\"caption\":\"Caso envolve promessa de lucro f\u00e1cil e suspeita de fraude financeira \u2014 Imagem: Getty Images\"},{\"@type\":\"BreadcrumbList\",\"@id\":\"https:\\\/\\\/www.omovimento.com.br\\\/portal\\\/regiao\\\/exclusivo-golpe-milionario-pode-envolver-empresarios-e-comerciantes-locais\\\/#breadcrumb\",\"itemListElement\":[{\"@type\":\"ListItem\",\"position\":1,\"name\":\"In\u00edcio\",\"item\":\"https:\\\/\\\/www.omovimento.com.br\\\/portal\\\/\"},{\"@type\":\"ListItem\",\"position\":2,\"name\":\"Exclusivo: golpe milion\u00e1rio pode envolver empres\u00e1rios e comerciantes locais\"}]},{\"@type\":\"WebSite\",\"@id\":\"https:\\\/\\\/www.omovimento.com.br\\\/portal\\\/#website\",\"url\":\"https:\\\/\\\/www.omovimento.com.br\\\/portal\\\/\",\"name\":\"Jornal O Movimento\",\"description\":\"\",\"publisher\":{\"@id\":\"https:\\\/\\\/www.omovimento.com.br\\\/portal\\\/#organization\"},\"potentialAction\":[{\"@type\":\"SearchAction\",\"target\":{\"@type\":\"EntryPoint\",\"urlTemplate\":\"https:\\\/\\\/www.omovimento.com.br\\\/portal\\\/?s={search_term_string}\"},\"query-input\":{\"@type\":\"PropertyValueSpecification\",\"valueRequired\":true,\"valueName\":\"search_term_string\"}}],\"inLanguage\":\"pt-BR\"},{\"@type\":\"Organization\",\"@id\":\"https:\\\/\\\/www.omovimento.com.br\\\/portal\\\/#organization\",\"name\":\"Jornal O Movimento\",\"url\":\"https:\\\/\\\/www.omovimento.com.br\\\/portal\\\/\",\"logo\":{\"@type\":\"ImageObject\",\"inLanguage\":\"pt-BR\",\"@id\":\"https:\\\/\\\/www.omovimento.com.br\\\/portal\\\/#\\\/schema\\\/logo\\\/image\\\/\",\"url\":\"https:\\\/\\\/www.omovimento.com.br\\\/portal\\\/wp-content\\\/uploads\\\/2026\\\/03\\\/logo_jornal_O_Movimento-1-1536x343-1-1.png\",\"contentUrl\":\"https:\\\/\\\/www.omovimento.com.br\\\/portal\\\/wp-content\\\/uploads\\\/2026\\\/03\\\/logo_jornal_O_Movimento-1-1536x343-1-1.png\",\"width\":1536,\"height\":343,\"caption\":\"Jornal O Movimento\"},\"image\":{\"@id\":\"https:\\\/\\\/www.omovimento.com.br\\\/portal\\\/#\\\/schema\\\/logo\\\/image\\\/\"}},{\"@type\":\"Person\",\"@id\":\"https:\\\/\\\/www.omovimento.com.br\\\/portal\\\/#\\\/schema\\\/person\\\/e7d3971f53952141ade7388e0033ce8d\",\"name\":\"Reda\u00e7\u00e3o\",\"image\":{\"@type\":\"ImageObject\",\"inLanguage\":\"pt-BR\",\"@id\":\"https:\\\/\\\/secure.gravatar.com\\\/avatar\\\/549ab8e14173ace5e8b1c3bd80cf838bc0d00b7e1b65a361093164d85a62d45b?s=96&d=mm&r=g\",\"url\":\"https:\\\/\\\/secure.gravatar.com\\\/avatar\\\/549ab8e14173ace5e8b1c3bd80cf838bc0d00b7e1b65a361093164d85a62d45b?s=96&d=mm&r=g\",\"contentUrl\":\"https:\\\/\\\/secure.gravatar.com\\\/avatar\\\/549ab8e14173ace5e8b1c3bd80cf838bc0d00b7e1b65a361093164d85a62d45b?s=96&d=mm&r=g\",\"caption\":\"Reda\u00e7\u00e3o\"},\"url\":\"https:\\\/\\\/www.omovimento.com.br\\\/portal\\\/author\\\/admin\\\/\"}]}<\/script>\n<!-- \/ Yoast SEO plugin. -->","yoast_head_json":{"title":"Exclusivo: golpe milion\u00e1rio pode envolver empres\u00e1rios e comerciantes locais - Jornal O Movimento","robots":{"index":"index","follow":"follow","max-snippet":"max-snippet:-1","max-image-preview":"max-image-preview:large","max-video-preview":"max-video-preview:-1"},"canonical":"https:\/\/www.omovimento.com.br\/portal\/regiao\/exclusivo-golpe-milionario-pode-envolver-empresarios-e-comerciantes-locais\/","og_locale":"pt_BR","og_type":"article","og_title":"Exclusivo: golpe milion\u00e1rio pode envolver empres\u00e1rios e comerciantes locais - Jornal O Movimento","og_description":"Uma promessa de lucro f\u00e1cil virou caso de pol\u00edcia e j\u00e1 atinge v\u00edtimas em diferentes cidades do interior paulista. Um homem, de 30 anos, \u00e9 investigado por estelionato ap\u00f3s oferecer uma suposta oportunidade de investimento que terminou em preju\u00edzo para dezenas de pessoas. \ud83d\udcf1 Siga o O Movimento no Instagram O caso foi registrado na","og_url":"https:\/\/www.omovimento.com.br\/portal\/regiao\/exclusivo-golpe-milionario-pode-envolver-empresarios-e-comerciantes-locais\/","og_site_name":"Jornal O Movimento","article_published_time":"2026-04-30T17:17:51+00:00","og_image":[{"width":1024,"height":683,"url":"https:\/\/www.omovimento.com.br\/portal\/wp-content\/uploads\/2026\/04\/golpe.jpg","type":"image\/jpeg"}],"author":"Reda\u00e7\u00e3o","twitter_card":"summary_large_image","twitter_misc":{"Escrito por":"Reda\u00e7\u00e3o","Est. tempo de leitura":"3 minutos"},"schema":{"@context":"https:\/\/schema.org","@graph":[{"@type":"Article","@id":"https:\/\/www.omovimento.com.br\/portal\/regiao\/exclusivo-golpe-milionario-pode-envolver-empresarios-e-comerciantes-locais\/#article","isPartOf":{"@id":"https:\/\/www.omovimento.com.br\/portal\/regiao\/exclusivo-golpe-milionario-pode-envolver-empresarios-e-comerciantes-locais\/"},"author":{"name":"Reda\u00e7\u00e3o","@id":"https:\/\/www.omovimento.com.br\/portal\/#\/schema\/person\/e7d3971f53952141ade7388e0033ce8d"},"headline":"Exclusivo: golpe milion\u00e1rio pode envolver empres\u00e1rios e comerciantes locais","datePublished":"2026-04-30T17:17:51+00:00","mainEntityOfPage":{"@id":"https:\/\/www.omovimento.com.br\/portal\/regiao\/exclusivo-golpe-milionario-pode-envolver-empresarios-e-comerciantes-locais\/"},"wordCount":395,"commentCount":0,"publisher":{"@id":"https:\/\/www.omovimento.com.br\/portal\/#organization"},"image":{"@id":"https:\/\/www.omovimento.com.br\/portal\/regiao\/exclusivo-golpe-milionario-pode-envolver-empresarios-e-comerciantes-locais\/#primaryimage"},"thumbnailUrl":"https:\/\/www.omovimento.com.br\/portal\/wp-content\/uploads\/2026\/04\/golpe.jpg","articleSection":["Regi\u00e3o"],"inLanguage":"pt-BR","potentialAction":[{"@type":"CommentAction","name":"Comment","target":["https:\/\/www.omovimento.com.br\/portal\/regiao\/exclusivo-golpe-milionario-pode-envolver-empresarios-e-comerciantes-locais\/#respond"]}]},{"@type":"WebPage","@id":"https:\/\/www.omovimento.com.br\/portal\/regiao\/exclusivo-golpe-milionario-pode-envolver-empresarios-e-comerciantes-locais\/","url":"https:\/\/www.omovimento.com.br\/portal\/regiao\/exclusivo-golpe-milionario-pode-envolver-empresarios-e-comerciantes-locais\/","name":"Exclusivo: golpe milion\u00e1rio pode envolver empres\u00e1rios e comerciantes locais - Jornal O Movimento","isPartOf":{"@id":"https:\/\/www.omovimento.com.br\/portal\/#website"},"primaryImageOfPage":{"@id":"https:\/\/www.omovimento.com.br\/portal\/regiao\/exclusivo-golpe-milionario-pode-envolver-empresarios-e-comerciantes-locais\/#primaryimage"},"image":{"@id":"https:\/\/www.omovimento.com.br\/portal\/regiao\/exclusivo-golpe-milionario-pode-envolver-empresarios-e-comerciantes-locais\/#primaryimage"},"thumbnailUrl":"https:\/\/www.omovimento.com.br\/portal\/wp-content\/uploads\/2026\/04\/golpe.jpg","datePublished":"2026-04-30T17:17:51+00:00","breadcrumb":{"@id":"https:\/\/www.omovimento.com.br\/portal\/regiao\/exclusivo-golpe-milionario-pode-envolver-empresarios-e-comerciantes-locais\/#breadcrumb"},"inLanguage":"pt-BR","potentialAction":[{"@type":"ReadAction","target":["https:\/\/www.omovimento.com.br\/portal\/regiao\/exclusivo-golpe-milionario-pode-envolver-empresarios-e-comerciantes-locais\/"]}]},{"@type":"ImageObject","inLanguage":"pt-BR","@id":"https:\/\/www.omovimento.com.br\/portal\/regiao\/exclusivo-golpe-milionario-pode-envolver-empresarios-e-comerciantes-locais\/#primaryimage","url":"https:\/\/www.omovimento.com.br\/portal\/wp-content\/uploads\/2026\/04\/golpe.jpg","contentUrl":"https:\/\/www.omovimento.com.br\/portal\/wp-content\/uploads\/2026\/04\/golpe.jpg","width":1024,"height":683,"caption":"Caso envolve promessa de lucro f\u00e1cil e suspeita de fraude financeira \u2014 Imagem: Getty Images"},{"@type":"BreadcrumbList","@id":"https:\/\/www.omovimento.com.br\/portal\/regiao\/exclusivo-golpe-milionario-pode-envolver-empresarios-e-comerciantes-locais\/#breadcrumb","itemListElement":[{"@type":"ListItem","position":1,"name":"In\u00edcio","item":"https:\/\/www.omovimento.com.br\/portal\/"},{"@type":"ListItem","position":2,"name":"Exclusivo: golpe milion\u00e1rio pode envolver empres\u00e1rios e comerciantes locais"}]},{"@type":"WebSite","@id":"https:\/\/www.omovimento.com.br\/portal\/#website","url":"https:\/\/www.omovimento.com.br\/portal\/","name":"Jornal O Movimento","description":"","publisher":{"@id":"https:\/\/www.omovimento.com.br\/portal\/#organization"},"potentialAction":[{"@type":"SearchAction","target":{"@type":"EntryPoint","urlTemplate":"https:\/\/www.omovimento.com.br\/portal\/?s={search_term_string}"},"query-input":{"@type":"PropertyValueSpecification","valueRequired":true,"valueName":"search_term_string"}}],"inLanguage":"pt-BR"},{"@type":"Organization","@id":"https:\/\/www.omovimento.com.br\/portal\/#organization","name":"Jornal O Movimento","url":"https:\/\/www.omovimento.com.br\/portal\/","logo":{"@type":"ImageObject","inLanguage":"pt-BR","@id":"https:\/\/www.omovimento.com.br\/portal\/#\/schema\/logo\/image\/","url":"https:\/\/www.omovimento.com.br\/portal\/wp-content\/uploads\/2026\/03\/logo_jornal_O_Movimento-1-1536x343-1-1.png","contentUrl":"https:\/\/www.omovimento.com.br\/portal\/wp-content\/uploads\/2026\/03\/logo_jornal_O_Movimento-1-1536x343-1-1.png","width":1536,"height":343,"caption":"Jornal O Movimento"},"image":{"@id":"https:\/\/www.omovimento.com.br\/portal\/#\/schema\/logo\/image\/"}},{"@type":"Person","@id":"https:\/\/www.omovimento.com.br\/portal\/#\/schema\/person\/e7d3971f53952141ade7388e0033ce8d","name":"Reda\u00e7\u00e3o","image":{"@type":"ImageObject","inLanguage":"pt-BR","@id":"https:\/\/secure.gravatar.com\/avatar\/549ab8e14173ace5e8b1c3bd80cf838bc0d00b7e1b65a361093164d85a62d45b?s=96&d=mm&r=g","url":"https:\/\/secure.gravatar.com\/avatar\/549ab8e14173ace5e8b1c3bd80cf838bc0d00b7e1b65a361093164d85a62d45b?s=96&d=mm&r=g","contentUrl":"https:\/\/secure.gravatar.com\/avatar\/549ab8e14173ace5e8b1c3bd80cf838bc0d00b7e1b65a361093164d85a62d45b?s=96&d=mm&r=g","caption":"Reda\u00e7\u00e3o"},"url":"https:\/\/www.omovimento.com.br\/portal\/author\/admin\/"}]}},"_links":{"self":[{"href":"https:\/\/www.omovimento.com.br\/portal\/wp-json\/wp\/v2\/posts\/43987","targetHints":{"allow":["GET"]}}],"collection":[{"href":"https:\/\/www.omovimento.com.br\/portal\/wp-json\/wp\/v2\/posts"}],"about":[{"href":"https:\/\/www.omovimento.com.br\/portal\/wp-json\/wp\/v2\/types\/post"}],"author":[{"embeddable":true,"href":"https:\/\/www.omovimento.com.br\/portal\/wp-json\/wp\/v2\/users\/3"}],"replies":[{"embeddable":true,"href":"https:\/\/www.omovimento.com.br\/portal\/wp-json\/wp\/v2\/comments?post=43987"}],"version-history":[{"count":1,"href":"https:\/\/www.omovimento.com.br\/portal\/wp-json\/wp\/v2\/posts\/43987\/revisions"}],"predecessor-version":[{"id":43990,"href":"https:\/\/www.omovimento.com.br\/portal\/wp-json\/wp\/v2\/posts\/43987\/revisions\/43990"}],"wp:featuredmedia":[{"embeddable":true,"href":"https:\/\/www.omovimento.com.br\/portal\/wp-json\/wp\/v2\/media\/43988"}],"wp:attachment":[{"href":"https:\/\/www.omovimento.com.br\/portal\/wp-json\/wp\/v2\/media?parent=43987"}],"wp:term":[{"taxonomy":"category","embeddable":true,"href":"https:\/\/www.omovimento.com.br\/portal\/wp-json\/wp\/v2\/categories?post=43987"},{"taxonomy":"post_tag","embeddable":true,"href":"https:\/\/www.omovimento.com.br\/portal\/wp-json\/wp\/v2\/tags?post=43987"}],"curies":[{"name":"wp","href":"https:\/\/api.w.org\/{rel}","templated":true}]}}