{"id":43976,"date":"2026-04-29T16:05:50","date_gmt":"2026-04-29T19:05:50","guid":{"rendered":"https:\/\/www.omovimento.com.br\/portal\/?p=43976"},"modified":"2026-04-29T16:05:50","modified_gmt":"2026-04-29T19:05:50","slug":"pesquisa-quaest-aponta-aprovacao-de-54-ao-governo-tarcisio-e-vantagem-em-cenario-eleitoral","status":"publish","type":"post","link":"https:\/\/www.omovimento.com.br\/portal\/geral\/pesquisa-quaest-aponta-aprovacao-de-54-ao-governo-tarcisio-e-vantagem-em-cenario-eleitoral\/","title":{"rendered":"Pesquisa Quaest aponta aprova\u00e7\u00e3o de 54% ao governo Tarc\u00edsio e vantagem em cen\u00e1rio eleitoral"},"content":{"rendered":"<p data-start=\"97\" data-end=\"373\"><span style=\"font-size: 12pt; font-family: tahoma, arial, helvetica, sans-serif;\">Levantamento da <span class=\"hover:entity-accent entity-underline inline cursor-pointer align-baseline\"><span class=\"whitespace-normal\">Quaest<\/span><\/span> divulgado nesta quarta-feira (29) mostra que <strong data-start=\"196\" data-end=\"289\">54% dos eleitores de S\u00e3o Paulo aprovam o governo de <span class=\"hover:entity-accent entity-underline inline cursor-pointer align-baseline\"><span class=\"whitespace-normal\">Tarc\u00edsio de Freitas<\/span><\/span><\/strong>, enquanto <strong data-start=\"300\" data-end=\"318\">29% desaprovam<\/strong>. Outros <strong data-start=\"327\" data-end=\"372\">17% disseram n\u00e3o saber ou n\u00e3o responderam<\/strong>.<\/span><\/p><div id=\"omovi-1367201157\" class=\"omovi-conteudo-2 omovi-entity-placement\"><div id=\"63534-28\"><script src=\"\/\/ads.themoneytizer.com\/s\/gen.js?type=28\"><\/script><script src=\"\/\/ads.themoneytizer.com\/s\/requestform.js?siteId=63534&formatId=28\" ><\/script><\/div><\/div>\n<p data-start=\"97\" data-end=\"373\"><span style=\"font-family: tahoma, arial, helvetica, sans-serif;\">\ud83d\udcf1 <em>Siga o O Movimento no <a href=\"https:\/\/www.instagram.com\/jornalomovimento\/\">Instagram<\/a><\/em><\/span><\/p>\n<p data-start=\"375\" data-end=\"625\"><span style=\"font-size: 12pt; font-family: tahoma, arial, helvetica, sans-serif;\">O resultado indica uma <strong data-start=\"398\" data-end=\"444\">queda de 6 pontos percentuais na aprova\u00e7\u00e3o<\/strong> em rela\u00e7\u00e3o \u00e0 pesquisa realizada em agosto de 2025, quando o governador registrava <strong data-start=\"527\" data-end=\"547\">60% de aprova\u00e7\u00e3o<\/strong>. Naquele levantamento, a desaprova\u00e7\u00e3o era de <strong data-start=\"593\" data-end=\"600\">29%<\/strong>, e <strong data-start=\"604\" data-end=\"624\">11% n\u00e3o opinaram<\/strong>.<\/span><\/p>\n<h3 data-section-id=\"sy5q8s\" data-start=\"627\" data-end=\"651\"><span style=\"font-size: 12pt; font-family: tahoma, arial, helvetica, sans-serif;\">Avalia\u00e7\u00e3o do governo<\/span><\/h3>\n<p data-start=\"653\" data-end=\"740\"><span style=\"font-size: 12pt; font-family: tahoma, arial, helvetica, sans-serif;\">Quando questionados sobre a avalia\u00e7\u00e3o da gest\u00e3o estadual, os entrevistados responderam:<\/span><\/p>\n<ul data-start=\"742\" data-end=\"844\">\n<li data-section-id=\"1at35w2\" data-start=\"742\" data-end=\"763\"><span style=\"font-size: 12pt; font-family: tahoma, arial, helvetica, sans-serif;\"><strong data-start=\"744\" data-end=\"761\">Positiva: 39%<\/strong><\/span><\/li>\n<li data-section-id=\"1b24s7f\" data-start=\"764\" data-end=\"784\"><span style=\"font-size: 12pt; font-family: tahoma, arial, helvetica, sans-serif;\"><strong data-start=\"766\" data-end=\"782\">Regular: 35%<\/strong><\/span><\/li>\n<li data-section-id=\"1lco57c\" data-start=\"785\" data-end=\"806\"><span style=\"font-size: 12pt; font-family: tahoma, arial, helvetica, sans-serif;\"><strong data-start=\"787\" data-end=\"804\">Negativa: 19%<\/strong><\/span><\/li>\n<li data-section-id=\"lxf982\" data-start=\"807\" data-end=\"844\"><span style=\"font-size: 12pt; font-family: tahoma, arial, helvetica, sans-serif;\"><strong data-start=\"809\" data-end=\"842\">N\u00e3o sabem\/n\u00e3o responderam: 8%<\/strong><\/span><\/li>\n<\/ul>\n<p data-start=\"846\" data-end=\"1003\"><span style=\"font-size: 12pt; font-family: tahoma, arial, helvetica, sans-serif;\">Os dados mostram que <strong data-start=\"867\" data-end=\"940\">a maioria dos eleitores avalia o governo de forma positiva ou regular<\/strong>, enquanto uma parcela menor classifica a gest\u00e3o como negativa.<\/span><\/p>\n<p style=\"text-align: center;\" data-start=\"846\" data-end=\"1003\"><span style=\"font-family: tahoma, arial, helvetica, sans-serif; font-size: 10pt;\"><strong><span style=\"color: #808080; font-family: tahoma, arial, helvetica, sans-serif;\">= continua ap\u00f3s a publicidade =<\/span><\/strong><\/span><\/p>\n<p data-start=\"846\" data-end=\"1003\"><img fetchpriority=\"high\" decoding=\"async\" class=\"size-full wp-image-43521 aligncenter\" src=\"https:\/\/www.omovimento.com.br\/portal\/wp-content\/uploads\/2026\/04\/sites.jpg\" alt=\"\" width=\"1024\" height=\"1024\" srcset=\"https:\/\/www.omovimento.com.br\/portal\/wp-content\/uploads\/2026\/04\/sites.jpg 1024w, https:\/\/www.omovimento.com.br\/portal\/wp-content\/uploads\/2026\/04\/sites-300x300.jpg 300w, https:\/\/www.omovimento.com.br\/portal\/wp-content\/uploads\/2026\/04\/sites-150x150.jpg 150w, https:\/\/www.omovimento.com.br\/portal\/wp-content\/uploads\/2026\/04\/sites-768x768.jpg 768w, https:\/\/www.omovimento.com.br\/portal\/wp-content\/uploads\/2026\/04\/sites-450x450.jpg 450w\" sizes=\"(max-width: 1024px) 100vw, 1024px\" \/><\/p>\n<h3 data-section-id=\"vzf49l\" data-start=\"1005\" data-end=\"1026\"><span style=\"font-size: 14pt; font-family: tahoma, arial, helvetica, sans-serif;\">Inten\u00e7\u00f5es de voto<\/span><\/h3>\n<p data-start=\"1028\" data-end=\"1207\"><span style=\"font-size: 12pt; font-family: tahoma, arial, helvetica, sans-serif;\">A pesquisa tamb\u00e9m simulou cen\u00e1rios para as elei\u00e7\u00f5es estaduais. Segundo o levantamento, <strong data-start=\"1115\" data-end=\"1206\">Tarc\u00edsio de Freitas aparece com entre 38% e 40% das inten\u00e7\u00f5es de voto no primeiro turno<\/strong>.<\/span><\/p>\n<p data-start=\"1209\" data-end=\"1361\"><span style=\"font-size: 12pt; font-family: tahoma, arial, helvetica, sans-serif;\">Na sequ\u00eancia, o ex-ministro <span class=\"hover:entity-accent entity-underline inline cursor-pointer align-baseline\"><span class=\"whitespace-normal\">Fernando Haddad<\/span><\/span> registra <strong data-start=\"1284\" data-end=\"1303\">entre 26% e 28%<\/strong>, aparecendo como principal advers\u00e1rio no cen\u00e1rio testado.<\/span><\/p>\n<p data-start=\"1363\" data-end=\"1528\"><span style=\"font-size: 12pt; font-family: tahoma, arial, helvetica, sans-serif;\">Em um eventual segundo turno, o atual governador teria <strong data-start=\"1418\" data-end=\"1447\">49% das inten\u00e7\u00f5es de voto<\/strong>, contra <strong data-start=\"1456\" data-end=\"1473\">32% de Haddad<\/strong>, indicando <strong data-start=\"1485\" data-end=\"1527\">vantagem consolidada na disputa direta<\/strong>.<\/span><\/p>\n<h3 data-section-id=\"fki727\" data-start=\"1530\" data-end=\"1543\"><span style=\"font-size: 14pt; font-family: tahoma, arial, helvetica, sans-serif;\">Reelei\u00e7\u00e3o<\/span><\/h3>\n<p data-start=\"1545\" data-end=\"1734\"><span style=\"font-size: 12pt; font-family: tahoma, arial, helvetica, sans-serif;\">Quando perguntados se o atual governador merece ser reeleito, <strong data-start=\"1607\" data-end=\"1649\">54% dos entrevistados disseram que sim<\/strong>, enquanto <strong data-start=\"1660\" data-end=\"1685\">36% afirmaram que n\u00e3o<\/strong>. Outros <strong data-start=\"1694\" data-end=\"1733\">10% n\u00e3o souberam ou n\u00e3o responderam<\/strong>.<\/span><\/p>\n<h3 data-section-id=\"2k3vua\" data-start=\"1736\" data-end=\"1751\"><span style=\"font-size: 14pt; font-family: tahoma, arial, helvetica, sans-serif;\">Metodologia<\/span><\/h3>\n<p data-start=\"1753\" data-end=\"1910\"><span style=\"font-size: 12pt; font-family: tahoma, arial, helvetica, sans-serif;\">O levantamento foi encomendado pelo <span class=\"hover:entity-accent entity-underline inline cursor-pointer align-baseline\"><span class=\"whitespace-normal\">Banco Genial<\/span><\/span> e ouviu <strong data-start=\"1835\" data-end=\"1877\">1.650 eleitores no estado de S\u00e3o Paulo<\/strong>, entre os dias 23 e 27 de abril.<\/span><\/p>\n<p data-start=\"1912\" data-end=\"2093\" data-is-last-node=\"\" data-is-only-node=\"\"><span style=\"font-size: 12pt; font-family: tahoma, arial, helvetica, sans-serif;\">A <strong data-start=\"1914\" data-end=\"1958\">margem de erro \u00e9 de 2 pontos percentuais<\/strong>, com <strong data-start=\"1964\" data-end=\"1993\">n\u00edvel de confian\u00e7a de 95%<\/strong>. A pesquisa foi registrada no <span class=\"hover:entity-accent entity-underline inline cursor-pointer align-baseline\"><span class=\"whitespace-normal\">Tribunal Superior Eleitoral<\/span><\/span> sob o n\u00famero <strong data-start=\"2075\" data-end=\"2092\">SP-03583\/2026<\/strong>.<\/span><\/p>\n<p data-start=\"822\" data-end=\"1009\"><span style=\"font-family: tahoma, arial, helvetica, sans-serif;\">\u270d\ufe0f <em data-start=\"1160\" data-end=\"1198\" data-is-last-node=\"\">Reportagem: <a href=\"https:\/\/www.facebook.com\/jornalistatonioliveiraon\/\"><strong>Jornalista Toni Oliveira<\/strong><\/a><\/em><\/span><\/p>\n<p data-start=\"1490\" data-end=\"1675\"><span style=\"font-family: tahoma, arial, helvetica, sans-serif;\">\ud83d\udcf2\u00a0Fa\u00e7a uma den\u00fancia ou sugira uma reportagem sobre Pirassunungae regi\u00e3o por meio do WhatsApp do jornal <strong>O Movimento: <a href=\"https:\/\/wa.me\/5519982506789\" target=\"_blank\" rel=\"noreferrer noopener\" data-mrf-link=\"https:\/\/wa.me\/5516991499787\">(19) 98250-6789<\/a>.<\/strong><\/span><\/p>\n<p><span style=\"font-size: 14pt; color: #808080; font-family: tahoma, arial, helvetica, sans-serif;\"><em>Jorna<strong>l O Movimento<\/strong> \u00a0H\u00e1 91 anos, a principal refer\u00eancia em jornalismo na regi\u00e3o<\/em><\/span><\/p>\n<p><span style=\"font-family: tahoma, arial, helvetica, sans-serif;\"><em>( Fica proibida a reprodu\u00e7\u00e3o total ou parcial, c\u00f3pia ou distribui\u00e7\u00e3o do conte\u00fado, sem autoriza\u00e7\u00e3o expressa por parte do <strong>jornal O Movimento<\/strong>)<\/em><\/span><\/p>\n<p><span style=\"font-family: tahoma, arial, helvetica, sans-serif;\"><script src=\"\/\/ads.themoneytizer.com\/s\/gen.js?type=16\"><\/script><\/span><\/p>\n<div id=\"63534-16\" class=\"outbrain-tm\"><span style=\"font-family: tahoma, arial, helvetica, sans-serif;\"><script src=\"\/\/ads.themoneytizer.com\/s\/gen.js?type=16\"><\/script><\/span><\/div>\n<input type=\"hidden\" id=\"baseurl\" value=\"https:\/\/www.omovimento.com.br\/portal\"><input type=\"hidden\" id=\"audio_nonce\" value=\"c510cb5353\">","protected":false},"excerpt":{"rendered":"<p>Levantamento da Quaest divulgado nesta quarta-feira (29) mostra que 54% dos eleitores de S\u00e3o Paulo aprovam o governo de Tarc\u00edsio de Freitas, enquanto 29% desaprovam. Outros 17% disseram n\u00e3o saber ou n\u00e3o responderam. \ud83d\udcf1 Siga o O Movimento no Instagram O resultado indica uma queda de 6 pontos percentuais na aprova\u00e7\u00e3o em rela\u00e7\u00e3o \u00e0 pesquisa<\/p>\n","protected":false},"author":3,"featured_media":43978,"comment_status":"open","ping_status":"open","sticky":false,"template":"","format":"standard","meta":{"footnotes":""},"categories":[5,1],"tags":[],"class_list":{"0":"post-43976","1":"post","2":"type-post","3":"status-publish","4":"format-standard","5":"has-post-thumbnail","7":"category-destaque","8":"category-geral"},"yoast_head":"<!-- This site is optimized with the Yoast SEO plugin v27.3 - https:\/\/yoast.com\/product\/yoast-seo-wordpress\/ -->\n<title>Pesquisa Quaest aponta aprova\u00e7\u00e3o de 54% ao governo Tarc\u00edsio e vantagem em cen\u00e1rio eleitoral - Jornal O Movimento<\/title>\n<meta name=\"robots\" content=\"index, follow, max-snippet:-1, max-image-preview:large, max-video-preview:-1\" \/>\n<link rel=\"canonical\" href=\"https:\/\/www.omovimento.com.br\/portal\/geral\/pesquisa-quaest-aponta-aprovacao-de-54-ao-governo-tarcisio-e-vantagem-em-cenario-eleitoral\/\" \/>\n<meta property=\"og:locale\" content=\"pt_BR\" \/>\n<meta property=\"og:type\" content=\"article\" \/>\n<meta property=\"og:title\" content=\"Pesquisa Quaest aponta aprova\u00e7\u00e3o de 54% ao governo Tarc\u00edsio e vantagem em cen\u00e1rio eleitoral - Jornal O Movimento\" \/>\n<meta property=\"og:description\" content=\"Levantamento da Quaest divulgado nesta quarta-feira (29) mostra que 54% dos eleitores de S\u00e3o Paulo aprovam o governo de Tarc\u00edsio de Freitas, enquanto 29% desaprovam. Outros 17% disseram n\u00e3o saber ou n\u00e3o responderam. \ud83d\udcf1 Siga o O Movimento no Instagram O resultado indica uma queda de 6 pontos percentuais na aprova\u00e7\u00e3o em rela\u00e7\u00e3o \u00e0 pesquisa\" \/>\n<meta property=\"og:url\" content=\"https:\/\/www.omovimento.com.br\/portal\/geral\/pesquisa-quaest-aponta-aprovacao-de-54-ao-governo-tarcisio-e-vantagem-em-cenario-eleitoral\/\" \/>\n<meta property=\"og:site_name\" content=\"Jornal O Movimento\" \/>\n<meta property=\"article:published_time\" content=\"2026-04-29T19:05:50+00:00\" \/>\n<meta property=\"og:image\" content=\"https:\/\/www.omovimento.com.br\/portal\/wp-content\/uploads\/2026\/04\/tarciso.jpg\" \/>\n\t<meta property=\"og:image:width\" content=\"900\" \/>\n\t<meta property=\"og:image:height\" content=\"600\" \/>\n\t<meta property=\"og:image:type\" content=\"image\/jpeg\" \/>\n<meta name=\"author\" content=\"Reda\u00e7\u00e3o\" \/>\n<meta name=\"twitter:card\" content=\"summary_large_image\" \/>\n<meta name=\"twitter:label1\" content=\"Escrito por\" \/>\n\t<meta name=\"twitter:data1\" content=\"Reda\u00e7\u00e3o\" \/>\n\t<meta name=\"twitter:label2\" content=\"Est. tempo de leitura\" \/>\n\t<meta name=\"twitter:data2\" content=\"3 minutos\" \/>\n<script type=\"application\/ld+json\" class=\"yoast-schema-graph\">{\"@context\":\"https:\\\/\\\/schema.org\",\"@graph\":[{\"@type\":\"Article\",\"@id\":\"https:\\\/\\\/www.omovimento.com.br\\\/portal\\\/geral\\\/pesquisa-quaest-aponta-aprovacao-de-54-ao-governo-tarcisio-e-vantagem-em-cenario-eleitoral\\\/#article\",\"isPartOf\":{\"@id\":\"https:\\\/\\\/www.omovimento.com.br\\\/portal\\\/geral\\\/pesquisa-quaest-aponta-aprovacao-de-54-ao-governo-tarcisio-e-vantagem-em-cenario-eleitoral\\\/\"},\"author\":{\"name\":\"Reda\u00e7\u00e3o\",\"@id\":\"https:\\\/\\\/www.omovimento.com.br\\\/portal\\\/#\\\/schema\\\/person\\\/e7d3971f53952141ade7388e0033ce8d\"},\"headline\":\"Pesquisa Quaest aponta aprova\u00e7\u00e3o de 54% ao governo Tarc\u00edsio e vantagem em cen\u00e1rio eleitoral\",\"datePublished\":\"2026-04-29T19:05:50+00:00\",\"mainEntityOfPage\":{\"@id\":\"https:\\\/\\\/www.omovimento.com.br\\\/portal\\\/geral\\\/pesquisa-quaest-aponta-aprovacao-de-54-ao-governo-tarcisio-e-vantagem-em-cenario-eleitoral\\\/\"},\"wordCount\":371,\"commentCount\":0,\"publisher\":{\"@id\":\"https:\\\/\\\/www.omovimento.com.br\\\/portal\\\/#organization\"},\"image\":{\"@id\":\"https:\\\/\\\/www.omovimento.com.br\\\/portal\\\/geral\\\/pesquisa-quaest-aponta-aprovacao-de-54-ao-governo-tarcisio-e-vantagem-em-cenario-eleitoral\\\/#primaryimage\"},\"thumbnailUrl\":\"https:\\\/\\\/www.omovimento.com.br\\\/portal\\\/wp-content\\\/uploads\\\/2026\\\/04\\\/tarciso.jpg\",\"articleSection\":[\"Destaque\",\"Geral\"],\"inLanguage\":\"pt-BR\",\"potentialAction\":[{\"@type\":\"CommentAction\",\"name\":\"Comment\",\"target\":[\"https:\\\/\\\/www.omovimento.com.br\\\/portal\\\/geral\\\/pesquisa-quaest-aponta-aprovacao-de-54-ao-governo-tarcisio-e-vantagem-em-cenario-eleitoral\\\/#respond\"]}]},{\"@type\":\"WebPage\",\"@id\":\"https:\\\/\\\/www.omovimento.com.br\\\/portal\\\/geral\\\/pesquisa-quaest-aponta-aprovacao-de-54-ao-governo-tarcisio-e-vantagem-em-cenario-eleitoral\\\/\",\"url\":\"https:\\\/\\\/www.omovimento.com.br\\\/portal\\\/geral\\\/pesquisa-quaest-aponta-aprovacao-de-54-ao-governo-tarcisio-e-vantagem-em-cenario-eleitoral\\\/\",\"name\":\"Pesquisa Quaest aponta aprova\u00e7\u00e3o de 54% ao governo Tarc\u00edsio e vantagem em cen\u00e1rio eleitoral - Jornal O Movimento\",\"isPartOf\":{\"@id\":\"https:\\\/\\\/www.omovimento.com.br\\\/portal\\\/#website\"},\"primaryImageOfPage\":{\"@id\":\"https:\\\/\\\/www.omovimento.com.br\\\/portal\\\/geral\\\/pesquisa-quaest-aponta-aprovacao-de-54-ao-governo-tarcisio-e-vantagem-em-cenario-eleitoral\\\/#primaryimage\"},\"image\":{\"@id\":\"https:\\\/\\\/www.omovimento.com.br\\\/portal\\\/geral\\\/pesquisa-quaest-aponta-aprovacao-de-54-ao-governo-tarcisio-e-vantagem-em-cenario-eleitoral\\\/#primaryimage\"},\"thumbnailUrl\":\"https:\\\/\\\/www.omovimento.com.br\\\/portal\\\/wp-content\\\/uploads\\\/2026\\\/04\\\/tarciso.jpg\",\"datePublished\":\"2026-04-29T19:05:50+00:00\",\"breadcrumb\":{\"@id\":\"https:\\\/\\\/www.omovimento.com.br\\\/portal\\\/geral\\\/pesquisa-quaest-aponta-aprovacao-de-54-ao-governo-tarcisio-e-vantagem-em-cenario-eleitoral\\\/#breadcrumb\"},\"inLanguage\":\"pt-BR\",\"potentialAction\":[{\"@type\":\"ReadAction\",\"target\":[\"https:\\\/\\\/www.omovimento.com.br\\\/portal\\\/geral\\\/pesquisa-quaest-aponta-aprovacao-de-54-ao-governo-tarcisio-e-vantagem-em-cenario-eleitoral\\\/\"]}]},{\"@type\":\"ImageObject\",\"inLanguage\":\"pt-BR\",\"@id\":\"https:\\\/\\\/www.omovimento.com.br\\\/portal\\\/geral\\\/pesquisa-quaest-aponta-aprovacao-de-54-ao-governo-tarcisio-e-vantagem-em-cenario-eleitoral\\\/#primaryimage\",\"url\":\"https:\\\/\\\/www.omovimento.com.br\\\/portal\\\/wp-content\\\/uploads\\\/2026\\\/04\\\/tarciso.jpg\",\"contentUrl\":\"https:\\\/\\\/www.omovimento.com.br\\\/portal\\\/wp-content\\\/uploads\\\/2026\\\/04\\\/tarciso.jpg\",\"width\":900,\"height\":600,\"caption\":\"Imagem: Paulo Guereta\\\/Governo Estado SP \u2014 O governador de S\u00e3o Paulo, Tarc\u00edsio de Freitas (Republicanos), aparece na lideran\u00e7a das inten\u00e7\u00f5es de voto para um novo mandato.\"},{\"@type\":\"BreadcrumbList\",\"@id\":\"https:\\\/\\\/www.omovimento.com.br\\\/portal\\\/geral\\\/pesquisa-quaest-aponta-aprovacao-de-54-ao-governo-tarcisio-e-vantagem-em-cenario-eleitoral\\\/#breadcrumb\",\"itemListElement\":[{\"@type\":\"ListItem\",\"position\":1,\"name\":\"In\u00edcio\",\"item\":\"https:\\\/\\\/www.omovimento.com.br\\\/portal\\\/\"},{\"@type\":\"ListItem\",\"position\":2,\"name\":\"Pesquisa Quaest aponta aprova\u00e7\u00e3o de 54% ao governo Tarc\u00edsio e vantagem em cen\u00e1rio eleitoral\"}]},{\"@type\":\"WebSite\",\"@id\":\"https:\\\/\\\/www.omovimento.com.br\\\/portal\\\/#website\",\"url\":\"https:\\\/\\\/www.omovimento.com.br\\\/portal\\\/\",\"name\":\"Jornal O Movimento\",\"description\":\"\",\"publisher\":{\"@id\":\"https:\\\/\\\/www.omovimento.com.br\\\/portal\\\/#organization\"},\"potentialAction\":[{\"@type\":\"SearchAction\",\"target\":{\"@type\":\"EntryPoint\",\"urlTemplate\":\"https:\\\/\\\/www.omovimento.com.br\\\/portal\\\/?s={search_term_string}\"},\"query-input\":{\"@type\":\"PropertyValueSpecification\",\"valueRequired\":true,\"valueName\":\"search_term_string\"}}],\"inLanguage\":\"pt-BR\"},{\"@type\":\"Organization\",\"@id\":\"https:\\\/\\\/www.omovimento.com.br\\\/portal\\\/#organization\",\"name\":\"Jornal O Movimento\",\"url\":\"https:\\\/\\\/www.omovimento.com.br\\\/portal\\\/\",\"logo\":{\"@type\":\"ImageObject\",\"inLanguage\":\"pt-BR\",\"@id\":\"https:\\\/\\\/www.omovimento.com.br\\\/portal\\\/#\\\/schema\\\/logo\\\/image\\\/\",\"url\":\"https:\\\/\\\/www.omovimento.com.br\\\/portal\\\/wp-content\\\/uploads\\\/2026\\\/03\\\/logo_jornal_O_Movimento-1-1536x343-1-1.png\",\"contentUrl\":\"https:\\\/\\\/www.omovimento.com.br\\\/portal\\\/wp-content\\\/uploads\\\/2026\\\/03\\\/logo_jornal_O_Movimento-1-1536x343-1-1.png\",\"width\":1536,\"height\":343,\"caption\":\"Jornal O Movimento\"},\"image\":{\"@id\":\"https:\\\/\\\/www.omovimento.com.br\\\/portal\\\/#\\\/schema\\\/logo\\\/image\\\/\"}},{\"@type\":\"Person\",\"@id\":\"https:\\\/\\\/www.omovimento.com.br\\\/portal\\\/#\\\/schema\\\/person\\\/e7d3971f53952141ade7388e0033ce8d\",\"name\":\"Reda\u00e7\u00e3o\",\"image\":{\"@type\":\"ImageObject\",\"inLanguage\":\"pt-BR\",\"@id\":\"https:\\\/\\\/secure.gravatar.com\\\/avatar\\\/549ab8e14173ace5e8b1c3bd80cf838bc0d00b7e1b65a361093164d85a62d45b?s=96&d=mm&r=g\",\"url\":\"https:\\\/\\\/secure.gravatar.com\\\/avatar\\\/549ab8e14173ace5e8b1c3bd80cf838bc0d00b7e1b65a361093164d85a62d45b?s=96&d=mm&r=g\",\"contentUrl\":\"https:\\\/\\\/secure.gravatar.com\\\/avatar\\\/549ab8e14173ace5e8b1c3bd80cf838bc0d00b7e1b65a361093164d85a62d45b?s=96&d=mm&r=g\",\"caption\":\"Reda\u00e7\u00e3o\"},\"url\":\"https:\\\/\\\/www.omovimento.com.br\\\/portal\\\/author\\\/admin\\\/\"}]}<\/script>\n<!-- \/ Yoast SEO plugin. -->","yoast_head_json":{"title":"Pesquisa Quaest aponta aprova\u00e7\u00e3o de 54% ao governo Tarc\u00edsio e vantagem em cen\u00e1rio eleitoral - Jornal O Movimento","robots":{"index":"index","follow":"follow","max-snippet":"max-snippet:-1","max-image-preview":"max-image-preview:large","max-video-preview":"max-video-preview:-1"},"canonical":"https:\/\/www.omovimento.com.br\/portal\/geral\/pesquisa-quaest-aponta-aprovacao-de-54-ao-governo-tarcisio-e-vantagem-em-cenario-eleitoral\/","og_locale":"pt_BR","og_type":"article","og_title":"Pesquisa Quaest aponta aprova\u00e7\u00e3o de 54% ao governo Tarc\u00edsio e vantagem em cen\u00e1rio eleitoral - Jornal O Movimento","og_description":"Levantamento da Quaest divulgado nesta quarta-feira (29) mostra que 54% dos eleitores de S\u00e3o Paulo aprovam o governo de Tarc\u00edsio de Freitas, enquanto 29% desaprovam. Outros 17% disseram n\u00e3o saber ou n\u00e3o responderam. \ud83d\udcf1 Siga o O Movimento no Instagram O resultado indica uma queda de 6 pontos percentuais na aprova\u00e7\u00e3o em rela\u00e7\u00e3o \u00e0 pesquisa","og_url":"https:\/\/www.omovimento.com.br\/portal\/geral\/pesquisa-quaest-aponta-aprovacao-de-54-ao-governo-tarcisio-e-vantagem-em-cenario-eleitoral\/","og_site_name":"Jornal O Movimento","article_published_time":"2026-04-29T19:05:50+00:00","og_image":[{"width":900,"height":600,"url":"https:\/\/www.omovimento.com.br\/portal\/wp-content\/uploads\/2026\/04\/tarciso.jpg","type":"image\/jpeg"}],"author":"Reda\u00e7\u00e3o","twitter_card":"summary_large_image","twitter_misc":{"Escrito por":"Reda\u00e7\u00e3o","Est. tempo de leitura":"3 minutos"},"schema":{"@context":"https:\/\/schema.org","@graph":[{"@type":"Article","@id":"https:\/\/www.omovimento.com.br\/portal\/geral\/pesquisa-quaest-aponta-aprovacao-de-54-ao-governo-tarcisio-e-vantagem-em-cenario-eleitoral\/#article","isPartOf":{"@id":"https:\/\/www.omovimento.com.br\/portal\/geral\/pesquisa-quaest-aponta-aprovacao-de-54-ao-governo-tarcisio-e-vantagem-em-cenario-eleitoral\/"},"author":{"name":"Reda\u00e7\u00e3o","@id":"https:\/\/www.omovimento.com.br\/portal\/#\/schema\/person\/e7d3971f53952141ade7388e0033ce8d"},"headline":"Pesquisa Quaest aponta aprova\u00e7\u00e3o de 54% ao governo Tarc\u00edsio e vantagem em cen\u00e1rio eleitoral","datePublished":"2026-04-29T19:05:50+00:00","mainEntityOfPage":{"@id":"https:\/\/www.omovimento.com.br\/portal\/geral\/pesquisa-quaest-aponta-aprovacao-de-54-ao-governo-tarcisio-e-vantagem-em-cenario-eleitoral\/"},"wordCount":371,"commentCount":0,"publisher":{"@id":"https:\/\/www.omovimento.com.br\/portal\/#organization"},"image":{"@id":"https:\/\/www.omovimento.com.br\/portal\/geral\/pesquisa-quaest-aponta-aprovacao-de-54-ao-governo-tarcisio-e-vantagem-em-cenario-eleitoral\/#primaryimage"},"thumbnailUrl":"https:\/\/www.omovimento.com.br\/portal\/wp-content\/uploads\/2026\/04\/tarciso.jpg","articleSection":["Destaque","Geral"],"inLanguage":"pt-BR","potentialAction":[{"@type":"CommentAction","name":"Comment","target":["https:\/\/www.omovimento.com.br\/portal\/geral\/pesquisa-quaest-aponta-aprovacao-de-54-ao-governo-tarcisio-e-vantagem-em-cenario-eleitoral\/#respond"]}]},{"@type":"WebPage","@id":"https:\/\/www.omovimento.com.br\/portal\/geral\/pesquisa-quaest-aponta-aprovacao-de-54-ao-governo-tarcisio-e-vantagem-em-cenario-eleitoral\/","url":"https:\/\/www.omovimento.com.br\/portal\/geral\/pesquisa-quaest-aponta-aprovacao-de-54-ao-governo-tarcisio-e-vantagem-em-cenario-eleitoral\/","name":"Pesquisa Quaest aponta aprova\u00e7\u00e3o de 54% ao governo Tarc\u00edsio e vantagem em cen\u00e1rio eleitoral - Jornal O Movimento","isPartOf":{"@id":"https:\/\/www.omovimento.com.br\/portal\/#website"},"primaryImageOfPage":{"@id":"https:\/\/www.omovimento.com.br\/portal\/geral\/pesquisa-quaest-aponta-aprovacao-de-54-ao-governo-tarcisio-e-vantagem-em-cenario-eleitoral\/#primaryimage"},"image":{"@id":"https:\/\/www.omovimento.com.br\/portal\/geral\/pesquisa-quaest-aponta-aprovacao-de-54-ao-governo-tarcisio-e-vantagem-em-cenario-eleitoral\/#primaryimage"},"thumbnailUrl":"https:\/\/www.omovimento.com.br\/portal\/wp-content\/uploads\/2026\/04\/tarciso.jpg","datePublished":"2026-04-29T19:05:50+00:00","breadcrumb":{"@id":"https:\/\/www.omovimento.com.br\/portal\/geral\/pesquisa-quaest-aponta-aprovacao-de-54-ao-governo-tarcisio-e-vantagem-em-cenario-eleitoral\/#breadcrumb"},"inLanguage":"pt-BR","potentialAction":[{"@type":"ReadAction","target":["https:\/\/www.omovimento.com.br\/portal\/geral\/pesquisa-quaest-aponta-aprovacao-de-54-ao-governo-tarcisio-e-vantagem-em-cenario-eleitoral\/"]}]},{"@type":"ImageObject","inLanguage":"pt-BR","@id":"https:\/\/www.omovimento.com.br\/portal\/geral\/pesquisa-quaest-aponta-aprovacao-de-54-ao-governo-tarcisio-e-vantagem-em-cenario-eleitoral\/#primaryimage","url":"https:\/\/www.omovimento.com.br\/portal\/wp-content\/uploads\/2026\/04\/tarciso.jpg","contentUrl":"https:\/\/www.omovimento.com.br\/portal\/wp-content\/uploads\/2026\/04\/tarciso.jpg","width":900,"height":600,"caption":"Imagem: Paulo Guereta\/Governo Estado SP \u2014 O governador de S\u00e3o Paulo, Tarc\u00edsio de Freitas (Republicanos), aparece na lideran\u00e7a das inten\u00e7\u00f5es de voto para um novo mandato."},{"@type":"BreadcrumbList","@id":"https:\/\/www.omovimento.com.br\/portal\/geral\/pesquisa-quaest-aponta-aprovacao-de-54-ao-governo-tarcisio-e-vantagem-em-cenario-eleitoral\/#breadcrumb","itemListElement":[{"@type":"ListItem","position":1,"name":"In\u00edcio","item":"https:\/\/www.omovimento.com.br\/portal\/"},{"@type":"ListItem","position":2,"name":"Pesquisa Quaest aponta aprova\u00e7\u00e3o de 54% ao governo Tarc\u00edsio e vantagem em cen\u00e1rio eleitoral"}]},{"@type":"WebSite","@id":"https:\/\/www.omovimento.com.br\/portal\/#website","url":"https:\/\/www.omovimento.com.br\/portal\/","name":"Jornal O Movimento","description":"","publisher":{"@id":"https:\/\/www.omovimento.com.br\/portal\/#organization"},"potentialAction":[{"@type":"SearchAction","target":{"@type":"EntryPoint","urlTemplate":"https:\/\/www.omovimento.com.br\/portal\/?s={search_term_string}"},"query-input":{"@type":"PropertyValueSpecification","valueRequired":true,"valueName":"search_term_string"}}],"inLanguage":"pt-BR"},{"@type":"Organization","@id":"https:\/\/www.omovimento.com.br\/portal\/#organization","name":"Jornal O Movimento","url":"https:\/\/www.omovimento.com.br\/portal\/","logo":{"@type":"ImageObject","inLanguage":"pt-BR","@id":"https:\/\/www.omovimento.com.br\/portal\/#\/schema\/logo\/image\/","url":"https:\/\/www.omovimento.com.br\/portal\/wp-content\/uploads\/2026\/03\/logo_jornal_O_Movimento-1-1536x343-1-1.png","contentUrl":"https:\/\/www.omovimento.com.br\/portal\/wp-content\/uploads\/2026\/03\/logo_jornal_O_Movimento-1-1536x343-1-1.png","width":1536,"height":343,"caption":"Jornal O Movimento"},"image":{"@id":"https:\/\/www.omovimento.com.br\/portal\/#\/schema\/logo\/image\/"}},{"@type":"Person","@id":"https:\/\/www.omovimento.com.br\/portal\/#\/schema\/person\/e7d3971f53952141ade7388e0033ce8d","name":"Reda\u00e7\u00e3o","image":{"@type":"ImageObject","inLanguage":"pt-BR","@id":"https:\/\/secure.gravatar.com\/avatar\/549ab8e14173ace5e8b1c3bd80cf838bc0d00b7e1b65a361093164d85a62d45b?s=96&d=mm&r=g","url":"https:\/\/secure.gravatar.com\/avatar\/549ab8e14173ace5e8b1c3bd80cf838bc0d00b7e1b65a361093164d85a62d45b?s=96&d=mm&r=g","contentUrl":"https:\/\/secure.gravatar.com\/avatar\/549ab8e14173ace5e8b1c3bd80cf838bc0d00b7e1b65a361093164d85a62d45b?s=96&d=mm&r=g","caption":"Reda\u00e7\u00e3o"},"url":"https:\/\/www.omovimento.com.br\/portal\/author\/admin\/"}]}},"_links":{"self":[{"href":"https:\/\/www.omovimento.com.br\/portal\/wp-json\/wp\/v2\/posts\/43976","targetHints":{"allow":["GET"]}}],"collection":[{"href":"https:\/\/www.omovimento.com.br\/portal\/wp-json\/wp\/v2\/posts"}],"about":[{"href":"https:\/\/www.omovimento.com.br\/portal\/wp-json\/wp\/v2\/types\/post"}],"author":[{"embeddable":true,"href":"https:\/\/www.omovimento.com.br\/portal\/wp-json\/wp\/v2\/users\/3"}],"replies":[{"embeddable":true,"href":"https:\/\/www.omovimento.com.br\/portal\/wp-json\/wp\/v2\/comments?post=43976"}],"version-history":[{"count":2,"href":"https:\/\/www.omovimento.com.br\/portal\/wp-json\/wp\/v2\/posts\/43976\/revisions"}],"predecessor-version":[{"id":43979,"href":"https:\/\/www.omovimento.com.br\/portal\/wp-json\/wp\/v2\/posts\/43976\/revisions\/43979"}],"wp:featuredmedia":[{"embeddable":true,"href":"https:\/\/www.omovimento.com.br\/portal\/wp-json\/wp\/v2\/media\/43978"}],"wp:attachment":[{"href":"https:\/\/www.omovimento.com.br\/portal\/wp-json\/wp\/v2\/media?parent=43976"}],"wp:term":[{"taxonomy":"category","embeddable":true,"href":"https:\/\/www.omovimento.com.br\/portal\/wp-json\/wp\/v2\/categories?post=43976"},{"taxonomy":"post_tag","embeddable":true,"href":"https:\/\/www.omovimento.com.br\/portal\/wp-json\/wp\/v2\/tags?post=43976"}],"curies":[{"name":"wp","href":"https:\/\/api.w.org\/{rel}","templated":true}]}}