{"id":43964,"date":"2026-04-29T14:56:16","date_gmt":"2026-04-29T17:56:16","guid":{"rendered":"https:\/\/www.omovimento.com.br\/portal\/?p=43964"},"modified":"2026-04-29T15:27:26","modified_gmt":"2026-04-29T18:27:26","slug":"primeira-mulher-assume-pm-de-sp-e-prioriza-combate-a-violencia-domestica","status":"publish","type":"post","link":"https:\/\/www.omovimento.com.br\/portal\/destaque\/primeira-mulher-assume-pm-de-sp-e-prioriza-combate-a-violencia-domestica\/","title":{"rendered":"Primeira mulher assume PM de SP e prioriza combate \u00e0 viol\u00eancia dom\u00e9stica"},"content":{"rendered":"<section class=\"text-token-text-primary w-full focus:outline-none [--shadow-height:45px] has-data-writing-block:pointer-events-none has-data-writing-block:-mt-(--shadow-height) has-data-writing-block:pt-(--shadow-height) [&amp;:has([data-writing-block])&gt;*]:pointer-events-auto [content-visibility:auto] supports-[content-visibility:auto]:[contain-intrinsic-size:auto_100lvh] R6Vx5W_threadScrollVars scroll-mb-[calc(var(--scroll-root-safe-area-inset-bottom,0px)+var(--thread-response-height))] scroll-mt-[calc(var(--header-height)+min(200px,max(70px,20svh)))]\" dir=\"auto\" data-turn-id=\"request-69f10551-b4d8-83e9-aaee-03972085b810-6\" data-testid=\"conversation-turn-32\" data-scroll-anchor=\"false\" data-turn=\"assistant\">\n<div class=\"text-base my-auto mx-auto pb-10 [--thread-content-margin:var(--thread-content-margin-xs,calc(var(--spacing)*4))] @w-sm\/main:[--thread-content-margin:var(--thread-content-margin-sm,calc(var(--spacing)*6))] @w-lg\/main:[--thread-content-margin:var(--thread-content-margin-lg,calc(var(--spacing)*16))] px-(--thread-content-margin)\">\n<div class=\"[--thread-content-max-width:40rem] @w-lg\/main:[--thread-content-max-width:48rem] mx-auto max-w-(--thread-content-max-width) flex-1 group\/turn-messages focus-visible:outline-hidden relative flex w-full min-w-0 flex-col agent-turn\">\n<div class=\"flex max-w-full flex-col gap-4 grow\">\n<div class=\"min-h-8 text-message relative flex w-full flex-col items-end gap-2 text-start break-words whitespace-normal outline-none keyboard-focused:focus-ring [.text-message+&amp;]:mt-1\" dir=\"auto\" tabindex=\"0\" data-message-author-role=\"assistant\" data-message-id=\"9b9bf7d2-f9c1-4419-a96d-ba3483b03732\" data-message-model-slug=\"gpt-5-3\" data-turn-start-message=\"true\">\n<div class=\"flex w-full flex-col gap-1 empty:hidden\">\n<div class=\"markdown prose dark:prose-invert w-full wrap-break-word light markdown-new-styling\">\n<p data-start=\"107\" data-end=\"432\"><span style=\"font-size: 12pt; font-family: tahoma, arial, helvetica, sans-serif;\">A coronel <span class=\"hover:entity-accent entity-underline inline cursor-pointer align-baseline\"><span class=\"whitespace-normal\">Glauce Anselmo Cavalli<\/span><\/span> assumiu nesta quarta-feira (29) o comando da Pol\u00edcia Militar de S\u00e3o Paulo e afirmou que <strong data-start=\"243\" data-end=\"334\">o enfrentamento \u00e0 viol\u00eancia dom\u00e9stica ser\u00e1 uma das principais prioridades de sua gest\u00e3o<\/strong>. A cerim\u00f4nia de posse ocorreu na <span class=\"hover:entity-accent entity-underline inline cursor-pointer align-baseline\"><span class=\"whitespace-normal\">Academia de Pol\u00edcia Militar do Barro Branco<\/span><\/span>, na zona norte da capital.<\/span><\/p><div id=\"omovi-2508557061\" class=\"omovi-conteudo-2 omovi-entity-placement\"><div id=\"63534-28\"><script src=\"\/\/ads.themoneytizer.com\/s\/gen.js?type=28\"><\/script><script src=\"\/\/ads.themoneytizer.com\/s\/requestform.js?siteId=63534&formatId=28\" ><\/script><\/div><\/div>\n<p data-start=\"107\" data-end=\"432\"><span style=\"font-family: tahoma, arial, helvetica, sans-serif;\">\ud83d\udcf1 <em>Siga o O Movimento no <a href=\"https:\/\/www.instagram.com\/jornalomovimento\/\">Instagram<\/a><\/em><\/span><\/p>\n<p data-start=\"434\" data-end=\"650\"><span style=\"font-size: 12pt; font-family: tahoma, arial, helvetica, sans-serif;\"><strong data-start=\"434\" data-end=\"494\">Primeira mulher a liderar a corpora\u00e7\u00e3o em quase 200 anos<\/strong>, a oficial discursou ao lado do governador <span class=\"hover:entity-accent entity-underline inline cursor-pointer align-baseline\"><span class=\"whitespace-normal\">Tarc\u00edsio de Freitas<\/span><\/span> e destacou a necessidade de ampliar a\u00e7\u00f5es voltadas \u00e0 prote\u00e7\u00e3o de mulheres.<\/span><\/p>\n<blockquote data-start=\"652\" data-end=\"763\">\n<p data-start=\"654\" data-end=\"763\"><span style=\"font-size: 12pt; font-family: tahoma, arial, helvetica, sans-serif;\"><strong data-start=\"654\" data-end=\"753\">\u201cO enfrentamento \u00e0 viol\u00eancia dom\u00e9stica e familiar ser\u00e1 prioridade operacional no nosso comando\u201d<\/strong>, afirmou.<\/span><\/p>\n<\/blockquote>\n<\/div>\n<\/div>\n<\/div>\n<\/div>\n<figure id=\"attachment_43974\" aria-describedby=\"caption-attachment-43974\" style=\"width: 984px\" class=\"wp-caption aligncenter\"><img fetchpriority=\"high\" decoding=\"async\" class=\"wp-image-43974 size-full\" src=\"https:\/\/www.omovimento.com.br\/portal\/wp-content\/uploads\/2026\/04\/55237450487-412f4a180d-k.avif\" alt=\"\" width=\"984\" height=\"656\" srcset=\"https:\/\/www.omovimento.com.br\/portal\/wp-content\/uploads\/2026\/04\/55237450487-412f4a180d-k.avif 984w, https:\/\/www.omovimento.com.br\/portal\/wp-content\/uploads\/2026\/04\/55237450487-412f4a180d-k-300x200.avif 300w, https:\/\/www.omovimento.com.br\/portal\/wp-content\/uploads\/2026\/04\/55237450487-412f4a180d-k-768x512.avif 768w, https:\/\/www.omovimento.com.br\/portal\/wp-content\/uploads\/2026\/04\/55237450487-412f4a180d-k-150x100.avif 150w, https:\/\/www.omovimento.com.br\/portal\/wp-content\/uploads\/2026\/04\/55237450487-412f4a180d-k-450x300.avif 450w\" sizes=\"(max-width: 984px) 100vw, 984px\" \/><figcaption id=\"caption-attachment-43974\" class=\"wp-caption-text\">A coronel Glauce Anselmo Cavalli, primeira mulher a tomar posso como Comandante-Geral da Pol\u00edcia Militar em S\u00e3o Paulo. \u2014 Foto: Pablo Jacob\/GESP<\/figcaption><\/figure>\n<div class=\"flex max-w-full flex-col gap-4 grow\">\n<div class=\"min-h-8 text-message relative flex w-full flex-col items-end gap-2 text-start break-words whitespace-normal outline-none keyboard-focused:focus-ring [.text-message+&amp;]:mt-1\" dir=\"auto\" tabindex=\"0\" data-message-author-role=\"assistant\" data-message-id=\"9b9bf7d2-f9c1-4419-a96d-ba3483b03732\" data-message-model-slug=\"gpt-5-3\" data-turn-start-message=\"true\">\n<div class=\"flex w-full flex-col gap-1 empty:hidden\">\n<div class=\"markdown prose dark:prose-invert w-full wrap-break-word light markdown-new-styling\">\n<p data-start=\"765\" data-end=\"979\"><span style=\"font-size: 12pt; font-family: tahoma, arial, helvetica, sans-serif;\">Entre as medidas anunciadas est\u00e1 a cria\u00e7\u00e3o das chamadas <strong data-start=\"821\" data-end=\"842\">\u201cpatrulhas lil\u00e1s\u201d<\/strong>, equipes especializadas no atendimento de ocorr\u00eancias de viol\u00eancia dom\u00e9stica. <strong data-start=\"921\" data-end=\"978\">A previs\u00e3o \u00e9 que o servi\u00e7o comece a operar j\u00e1 em maio<\/strong>.<\/span><\/p>\n<p data-start=\"981\" data-end=\"1257\"><span style=\"font-size: 12pt; font-family: tahoma, arial, helvetica, sans-serif;\">A nova comandante tamb\u00e9m citou outras iniciativas, como <strong data-start=\"1037\" data-end=\"1159\">a consolida\u00e7\u00e3o de cabines espec\u00edficas para atendimento de mulheres v\u00edtimas de viol\u00eancia nos centros de opera\u00e7\u00f5es da PM<\/strong> e <strong data-start=\"1162\" data-end=\"1210\">a amplia\u00e7\u00e3o do atendimento por videochamadas<\/strong>, como forma de facilitar o acesso das v\u00edtimas.<\/span><\/p>\n<p data-start=\"1259\" data-end=\"1481\"><span style=\"font-size: 12pt; font-family: tahoma, arial, helvetica, sans-serif;\">Durante o discurso, Glauce mencionou a primeira-dama <span class=\"hover:entity-accent entity-underline inline cursor-pointer align-baseline\"><span class=\"whitespace-normal\">Cristiane Freitas<\/span><\/span>, destacando o apoio \u00e0s pol\u00edticas p\u00fablicas voltadas \u00e0s mulheres. <strong data-start=\"1414\" data-end=\"1473\">\u201cObrigada pela motiva\u00e7\u00e3o, pela presen\u00e7a e pelo exemplo\u201d<\/strong>, disse.<\/span><\/p>\n<figure id=\"attachment_43973\" aria-describedby=\"caption-attachment-43973\" style=\"width: 984px\" class=\"wp-caption aligncenter\"><img decoding=\"async\" class=\"wp-image-43973 size-full\" src=\"https:\/\/www.omovimento.com.br\/portal\/wp-content\/uploads\/2026\/04\/nnnn.avif\" alt=\"\" width=\"984\" height=\"656\" srcset=\"https:\/\/www.omovimento.com.br\/portal\/wp-content\/uploads\/2026\/04\/nnnn.avif 984w, https:\/\/www.omovimento.com.br\/portal\/wp-content\/uploads\/2026\/04\/nnnn-300x200.avif 300w, https:\/\/www.omovimento.com.br\/portal\/wp-content\/uploads\/2026\/04\/nnnn-768x512.avif 768w, https:\/\/www.omovimento.com.br\/portal\/wp-content\/uploads\/2026\/04\/nnnn-150x100.avif 150w, https:\/\/www.omovimento.com.br\/portal\/wp-content\/uploads\/2026\/04\/nnnn-450x300.avif 450w\" sizes=\"(max-width: 984px) 100vw, 984px\" \/><figcaption id=\"caption-attachment-43973\" class=\"wp-caption-text\">Tarc\u00edsio de Freitas (Republicanos) durante a posse da coronel Glauce Anselmo Cavalli no Comando-Geral da PM. \u2014 Foto: Pablo Jacob\/GESP<\/figcaption><\/figure>\n<p data-start=\"1483\" data-end=\"1859\"><span style=\"font-size: 12pt; font-family: tahoma, arial, helvetica, sans-serif;\">A coronel ressaltou ainda o simbolismo de sua nomea\u00e7\u00e3o. <strong data-start=\"1539\" data-end=\"1694\">\u201cSer a primeira mulher a liderar a Pol\u00edcia Militar do Estado de S\u00e3o Paulo n\u00e3o \u00e9 uma vit\u00f3ria pessoal, mas uma conquista de todas as policiais militares\u201d<\/strong>, afirmou, ao lembrar das pioneiras da corpora\u00e7\u00e3o, conhecidas como <strong data-start=\"1761\" data-end=\"1795\">\u201cas 13 mais corajosas de 1955\u201d<\/strong>, entre elas a comandante <span class=\"hover:entity-accent entity-underline inline cursor-pointer align-baseline\"><span class=\"whitespace-normal\">Hilda Macedo<\/span><\/span>.<\/span><\/p>\n<h3 data-section-id=\"a5e0w0\" data-start=\"1861\" data-end=\"1889\"><span style=\"font-size: 14pt; font-family: tahoma, arial, helvetica, sans-serif;\">Quem \u00e9 a nova comandante<\/span><\/h3>\n<p data-start=\"1891\" data-end=\"2146\"><span style=\"font-size: 12pt; font-family: tahoma, arial, helvetica, sans-serif;\">Com forma\u00e7\u00e3o acad\u00eamica s\u00f3lida, Glauce Cavalli \u00e9 <strong data-start=\"1939\" data-end=\"2010\">mestre e doutora em Ci\u00eancias Policiais de Seguran\u00e7a e Ordem P\u00fablica<\/strong>. Tamb\u00e9m \u00e9 <strong data-start=\"2021\" data-end=\"2145\">graduada em Direito pela <span class=\"hover:entity-accent entity-underline inline cursor-pointer align-baseline\"><span class=\"whitespace-normal\">Universidade Cruzeiro do Sul<\/span><\/span> e em Educa\u00e7\u00e3o F\u00edsica pela Escola de Educa\u00e7\u00e3o F\u00edsica da PM<\/strong>.<\/span><\/p>\n<figure id=\"attachment_43967\" aria-describedby=\"caption-attachment-43967\" style=\"width: 900px\" class=\"wp-caption aligncenter\"><img decoding=\"async\" class=\"wp-image-43967\" src=\"https:\/\/www.omovimento.com.br\/portal\/wp-content\/uploads\/2026\/04\/coronel-Glauce-Anselmo-Cavalli.jpg\" alt=\"\" width=\"900\" height=\"890\" srcset=\"https:\/\/www.omovimento.com.br\/portal\/wp-content\/uploads\/2026\/04\/coronel-Glauce-Anselmo-Cavalli.jpg 568w, https:\/\/www.omovimento.com.br\/portal\/wp-content\/uploads\/2026\/04\/coronel-Glauce-Anselmo-Cavalli-300x297.jpg 300w, https:\/\/www.omovimento.com.br\/portal\/wp-content\/uploads\/2026\/04\/coronel-Glauce-Anselmo-Cavalli-150x148.jpg 150w, https:\/\/www.omovimento.com.br\/portal\/wp-content\/uploads\/2026\/04\/coronel-Glauce-Anselmo-Cavalli-450x445.jpg 450w\" sizes=\"(max-width: 900px) 100vw, 900px\" \/><figcaption id=\"caption-attachment-43967\" class=\"wp-caption-text\">Coronel Glauce Anselmo Cavalli. Foto: Divulga\u00e7\u00e3o<\/figcaption><\/figure>\n<p data-start=\"2148\" data-end=\"2503\"><span style=\"font-size: 12pt; font-family: tahoma, arial, helvetica, sans-serif;\">Antes de assumir o comando-geral, ela ocupava a <strong data-start=\"2196\" data-end=\"2236\">Diretoria de Log\u00edstica da corpora\u00e7\u00e3o<\/strong>. Ao longo da carreira, tamb\u00e9m esteve \u00e0 frente do <strong data-start=\"2286\" data-end=\"2297\">CPA\/M-2<\/strong>, respons\u00e1vel por uma das regi\u00f5es mais populosas da capital paulista, al\u00e9m de ter chefiado <strong data-start=\"2388\" data-end=\"2446\">a Coordenadoria de Assuntos Jur\u00eddicos do Comando-Geral<\/strong> e o <strong data-start=\"2451\" data-end=\"2502\">Centro de Comunica\u00e7\u00e3o Social da Pol\u00edcia Militar<\/strong>.<\/span><\/p>\n<p data-start=\"2505\" data-end=\"2655\" data-is-last-node=\"\" data-is-only-node=\"\"><span style=\"font-size: 12pt; font-family: tahoma, arial, helvetica, sans-serif;\">A nomea\u00e7\u00e3o marca um momento hist\u00f3rico para a corpora\u00e7\u00e3o e sinaliza <strong data-start=\"2572\" data-end=\"2644\">maior foco em pol\u00edticas de enfrentamento \u00e0 viol\u00eancia contra a mulher<\/strong> no estado.<\/span><\/p>\n<p data-start=\"822\" data-end=\"1009\"><span style=\"font-family: tahoma, arial, helvetica, sans-serif;\">\u270d\ufe0f <em data-start=\"1160\" data-end=\"1198\" data-is-last-node=\"\">Reportagem: <a href=\"https:\/\/www.facebook.com\/jornalistatonioliveiraon\/\"><strong>Jornalista Toni Oliveira<\/strong><\/a><\/em><\/span><\/p>\n<p data-start=\"1490\" data-end=\"1675\"><span style=\"font-family: tahoma, arial, helvetica, sans-serif;\">\ud83d\udcf2\u00a0Fa\u00e7a uma den\u00fancia ou sugira uma reportagem sobre Pirassunungae regi\u00e3o por meio do WhatsApp do jornal <strong>O Movimento: <a href=\"https:\/\/wa.me\/5519982506789\" target=\"_blank\" rel=\"noreferrer noopener\" data-mrf-link=\"https:\/\/wa.me\/5516991499787\">(19) 98250-6789<\/a>.<\/strong><\/span><\/p>\n<p><span style=\"font-size: 14pt; color: #808080; font-family: tahoma, arial, helvetica, sans-serif;\"><em>Jorna<strong>l O Movimento<\/strong> \u00a0H\u00e1 91 anos, a principal refer\u00eancia em jornalismo na regi\u00e3o<\/em><\/span><\/p>\n<p><span style=\"font-family: tahoma, arial, helvetica, sans-serif;\"><em>( Fica proibida a reprodu\u00e7\u00e3o total ou parcial, c\u00f3pia ou distribui\u00e7\u00e3o do conte\u00fado, sem autoriza\u00e7\u00e3o expressa por parte do <strong>jornal O Movimento<\/strong>)<\/em><\/span><\/p>\n<p><span style=\"font-family: tahoma, arial, helvetica, sans-serif;\"><script src=\"\/\/ads.themoneytizer.com\/s\/gen.js?type=16\"><\/script><\/span><\/p>\n<div id=\"63534-16\" class=\"outbrain-tm\"><span style=\"font-family: tahoma, arial, helvetica, sans-serif;\"><script src=\"\/\/ads.themoneytizer.com\/s\/gen.js?type=16\"><\/script><\/span><\/div>\n<\/div>\n<\/div>\n<\/div>\n<\/div>\n<\/div>\n<\/div>\n<\/section>\n<input type=\"hidden\" id=\"baseurl\" value=\"https:\/\/www.omovimento.com.br\/portal\"><input type=\"hidden\" id=\"audio_nonce\" value=\"c510cb5353\">","protected":false},"excerpt":{"rendered":"<p>A coronel Glauce Anselmo Cavalli assumiu nesta quarta-feira (29) o comando da Pol\u00edcia Militar de S\u00e3o Paulo e afirmou que o enfrentamento \u00e0 viol\u00eancia dom\u00e9stica ser\u00e1 uma das principais prioridades de sua gest\u00e3o. A cerim\u00f4nia de posse ocorreu na Academia de Pol\u00edcia Militar do Barro Branco, na zona norte da capital. \ud83d\udcf1 Siga o O<\/p>\n","protected":false},"author":3,"featured_media":43968,"comment_status":"open","ping_status":"open","sticky":false,"template":"","format":"standard","meta":{"footnotes":""},"categories":[5],"tags":[],"class_list":{"0":"post-43964","1":"post","2":"type-post","3":"status-publish","4":"format-standard","5":"has-post-thumbnail","7":"category-destaque"},"yoast_head":"<!-- This site is optimized with the Yoast SEO plugin v27.3 - https:\/\/yoast.com\/product\/yoast-seo-wordpress\/ -->\n<title>Primeira mulher assume PM de SP e prioriza combate \u00e0 viol\u00eancia dom\u00e9stica - Jornal O Movimento<\/title>\n<meta name=\"robots\" content=\"index, follow, max-snippet:-1, max-image-preview:large, max-video-preview:-1\" \/>\n<link rel=\"canonical\" href=\"https:\/\/www.omovimento.com.br\/portal\/destaque\/primeira-mulher-assume-pm-de-sp-e-prioriza-combate-a-violencia-domestica\/\" \/>\n<meta property=\"og:locale\" content=\"pt_BR\" \/>\n<meta property=\"og:type\" content=\"article\" \/>\n<meta property=\"og:title\" content=\"Primeira mulher assume PM de SP e prioriza combate \u00e0 viol\u00eancia dom\u00e9stica - Jornal O Movimento\" \/>\n<meta property=\"og:description\" content=\"A coronel Glauce Anselmo Cavalli assumiu nesta quarta-feira (29) o comando da Pol\u00edcia Militar de S\u00e3o Paulo e afirmou que o enfrentamento \u00e0 viol\u00eancia dom\u00e9stica ser\u00e1 uma das principais prioridades de sua gest\u00e3o. A cerim\u00f4nia de posse ocorreu na Academia de Pol\u00edcia Militar do Barro Branco, na zona norte da capital. \ud83d\udcf1 Siga o O\" \/>\n<meta property=\"og:url\" content=\"https:\/\/www.omovimento.com.br\/portal\/destaque\/primeira-mulher-assume-pm-de-sp-e-prioriza-combate-a-violencia-domestica\/\" \/>\n<meta property=\"og:site_name\" content=\"Jornal O Movimento\" \/>\n<meta property=\"article:published_time\" content=\"2026-04-29T17:56:16+00:00\" \/>\n<meta property=\"article:modified_time\" content=\"2026-04-29T18:27:26+00:00\" \/>\n<meta property=\"og:image\" content=\"https:\/\/www.omovimento.com.br\/portal\/wp-content\/uploads\/2026\/04\/cats-11.jpg\" \/>\n\t<meta property=\"og:image:width\" content=\"888\" \/>\n\t<meta property=\"og:image:height\" content=\"666\" \/>\n\t<meta property=\"og:image:type\" content=\"image\/jpeg\" \/>\n<meta name=\"author\" content=\"Reda\u00e7\u00e3o\" \/>\n<meta name=\"twitter:card\" content=\"summary_large_image\" \/>\n<meta name=\"twitter:label1\" content=\"Escrito por\" \/>\n\t<meta name=\"twitter:data1\" content=\"Reda\u00e7\u00e3o\" \/>\n\t<meta name=\"twitter:label2\" content=\"Est. tempo de leitura\" \/>\n\t<meta name=\"twitter:data2\" content=\"4 minutos\" \/>\n<script type=\"application\/ld+json\" class=\"yoast-schema-graph\">{\"@context\":\"https:\\\/\\\/schema.org\",\"@graph\":[{\"@type\":\"Article\",\"@id\":\"https:\\\/\\\/www.omovimento.com.br\\\/portal\\\/destaque\\\/primeira-mulher-assume-pm-de-sp-e-prioriza-combate-a-violencia-domestica\\\/#article\",\"isPartOf\":{\"@id\":\"https:\\\/\\\/www.omovimento.com.br\\\/portal\\\/destaque\\\/primeira-mulher-assume-pm-de-sp-e-prioriza-combate-a-violencia-domestica\\\/\"},\"author\":{\"name\":\"Reda\u00e7\u00e3o\",\"@id\":\"https:\\\/\\\/www.omovimento.com.br\\\/portal\\\/#\\\/schema\\\/person\\\/e7d3971f53952141ade7388e0033ce8d\"},\"headline\":\"Primeira mulher assume PM de SP e prioriza combate \u00e0 viol\u00eancia dom\u00e9stica\",\"datePublished\":\"2026-04-29T17:56:16+00:00\",\"dateModified\":\"2026-04-29T18:27:26+00:00\",\"mainEntityOfPage\":{\"@id\":\"https:\\\/\\\/www.omovimento.com.br\\\/portal\\\/destaque\\\/primeira-mulher-assume-pm-de-sp-e-prioriza-combate-a-violencia-domestica\\\/\"},\"wordCount\":583,\"commentCount\":0,\"publisher\":{\"@id\":\"https:\\\/\\\/www.omovimento.com.br\\\/portal\\\/#organization\"},\"image\":{\"@id\":\"https:\\\/\\\/www.omovimento.com.br\\\/portal\\\/destaque\\\/primeira-mulher-assume-pm-de-sp-e-prioriza-combate-a-violencia-domestica\\\/#primaryimage\"},\"thumbnailUrl\":\"https:\\\/\\\/www.omovimento.com.br\\\/portal\\\/wp-content\\\/uploads\\\/2026\\\/04\\\/cats-11.jpg\",\"articleSection\":[\"Destaque\"],\"inLanguage\":\"pt-BR\",\"potentialAction\":[{\"@type\":\"CommentAction\",\"name\":\"Comment\",\"target\":[\"https:\\\/\\\/www.omovimento.com.br\\\/portal\\\/destaque\\\/primeira-mulher-assume-pm-de-sp-e-prioriza-combate-a-violencia-domestica\\\/#respond\"]}]},{\"@type\":\"WebPage\",\"@id\":\"https:\\\/\\\/www.omovimento.com.br\\\/portal\\\/destaque\\\/primeira-mulher-assume-pm-de-sp-e-prioriza-combate-a-violencia-domestica\\\/\",\"url\":\"https:\\\/\\\/www.omovimento.com.br\\\/portal\\\/destaque\\\/primeira-mulher-assume-pm-de-sp-e-prioriza-combate-a-violencia-domestica\\\/\",\"name\":\"Primeira mulher assume PM de SP e prioriza combate \u00e0 viol\u00eancia dom\u00e9stica - Jornal O Movimento\",\"isPartOf\":{\"@id\":\"https:\\\/\\\/www.omovimento.com.br\\\/portal\\\/#website\"},\"primaryImageOfPage\":{\"@id\":\"https:\\\/\\\/www.omovimento.com.br\\\/portal\\\/destaque\\\/primeira-mulher-assume-pm-de-sp-e-prioriza-combate-a-violencia-domestica\\\/#primaryimage\"},\"image\":{\"@id\":\"https:\\\/\\\/www.omovimento.com.br\\\/portal\\\/destaque\\\/primeira-mulher-assume-pm-de-sp-e-prioriza-combate-a-violencia-domestica\\\/#primaryimage\"},\"thumbnailUrl\":\"https:\\\/\\\/www.omovimento.com.br\\\/portal\\\/wp-content\\\/uploads\\\/2026\\\/04\\\/cats-11.jpg\",\"datePublished\":\"2026-04-29T17:56:16+00:00\",\"dateModified\":\"2026-04-29T18:27:26+00:00\",\"breadcrumb\":{\"@id\":\"https:\\\/\\\/www.omovimento.com.br\\\/portal\\\/destaque\\\/primeira-mulher-assume-pm-de-sp-e-prioriza-combate-a-violencia-domestica\\\/#breadcrumb\"},\"inLanguage\":\"pt-BR\",\"potentialAction\":[{\"@type\":\"ReadAction\",\"target\":[\"https:\\\/\\\/www.omovimento.com.br\\\/portal\\\/destaque\\\/primeira-mulher-assume-pm-de-sp-e-prioriza-combate-a-violencia-domestica\\\/\"]}]},{\"@type\":\"ImageObject\",\"inLanguage\":\"pt-BR\",\"@id\":\"https:\\\/\\\/www.omovimento.com.br\\\/portal\\\/destaque\\\/primeira-mulher-assume-pm-de-sp-e-prioriza-combate-a-violencia-domestica\\\/#primaryimage\",\"url\":\"https:\\\/\\\/www.omovimento.com.br\\\/portal\\\/wp-content\\\/uploads\\\/2026\\\/04\\\/cats-11.jpg\",\"contentUrl\":\"https:\\\/\\\/www.omovimento.com.br\\\/portal\\\/wp-content\\\/uploads\\\/2026\\\/04\\\/cats-11.jpg\",\"width\":888,\"height\":666,\"caption\":\"A coronel GlaGlauce Anselmo Cavalli, nova comandante-geral da Pol\u00edcia Militar de S\u00e3o Paulo \u2014 Foto: S\u00e9rgio Quintella\\\/O Globo\"},{\"@type\":\"BreadcrumbList\",\"@id\":\"https:\\\/\\\/www.omovimento.com.br\\\/portal\\\/destaque\\\/primeira-mulher-assume-pm-de-sp-e-prioriza-combate-a-violencia-domestica\\\/#breadcrumb\",\"itemListElement\":[{\"@type\":\"ListItem\",\"position\":1,\"name\":\"In\u00edcio\",\"item\":\"https:\\\/\\\/www.omovimento.com.br\\\/portal\\\/\"},{\"@type\":\"ListItem\",\"position\":2,\"name\":\"Primeira mulher assume PM de SP e prioriza combate \u00e0 viol\u00eancia dom\u00e9stica\"}]},{\"@type\":\"WebSite\",\"@id\":\"https:\\\/\\\/www.omovimento.com.br\\\/portal\\\/#website\",\"url\":\"https:\\\/\\\/www.omovimento.com.br\\\/portal\\\/\",\"name\":\"Jornal O Movimento\",\"description\":\"\",\"publisher\":{\"@id\":\"https:\\\/\\\/www.omovimento.com.br\\\/portal\\\/#organization\"},\"potentialAction\":[{\"@type\":\"SearchAction\",\"target\":{\"@type\":\"EntryPoint\",\"urlTemplate\":\"https:\\\/\\\/www.omovimento.com.br\\\/portal\\\/?s={search_term_string}\"},\"query-input\":{\"@type\":\"PropertyValueSpecification\",\"valueRequired\":true,\"valueName\":\"search_term_string\"}}],\"inLanguage\":\"pt-BR\"},{\"@type\":\"Organization\",\"@id\":\"https:\\\/\\\/www.omovimento.com.br\\\/portal\\\/#organization\",\"name\":\"Jornal O Movimento\",\"url\":\"https:\\\/\\\/www.omovimento.com.br\\\/portal\\\/\",\"logo\":{\"@type\":\"ImageObject\",\"inLanguage\":\"pt-BR\",\"@id\":\"https:\\\/\\\/www.omovimento.com.br\\\/portal\\\/#\\\/schema\\\/logo\\\/image\\\/\",\"url\":\"https:\\\/\\\/www.omovimento.com.br\\\/portal\\\/wp-content\\\/uploads\\\/2026\\\/03\\\/logo_jornal_O_Movimento-1-1536x343-1-1.png\",\"contentUrl\":\"https:\\\/\\\/www.omovimento.com.br\\\/portal\\\/wp-content\\\/uploads\\\/2026\\\/03\\\/logo_jornal_O_Movimento-1-1536x343-1-1.png\",\"width\":1536,\"height\":343,\"caption\":\"Jornal O Movimento\"},\"image\":{\"@id\":\"https:\\\/\\\/www.omovimento.com.br\\\/portal\\\/#\\\/schema\\\/logo\\\/image\\\/\"}},{\"@type\":\"Person\",\"@id\":\"https:\\\/\\\/www.omovimento.com.br\\\/portal\\\/#\\\/schema\\\/person\\\/e7d3971f53952141ade7388e0033ce8d\",\"name\":\"Reda\u00e7\u00e3o\",\"image\":{\"@type\":\"ImageObject\",\"inLanguage\":\"pt-BR\",\"@id\":\"https:\\\/\\\/secure.gravatar.com\\\/avatar\\\/549ab8e14173ace5e8b1c3bd80cf838bc0d00b7e1b65a361093164d85a62d45b?s=96&d=mm&r=g\",\"url\":\"https:\\\/\\\/secure.gravatar.com\\\/avatar\\\/549ab8e14173ace5e8b1c3bd80cf838bc0d00b7e1b65a361093164d85a62d45b?s=96&d=mm&r=g\",\"contentUrl\":\"https:\\\/\\\/secure.gravatar.com\\\/avatar\\\/549ab8e14173ace5e8b1c3bd80cf838bc0d00b7e1b65a361093164d85a62d45b?s=96&d=mm&r=g\",\"caption\":\"Reda\u00e7\u00e3o\"},\"url\":\"https:\\\/\\\/www.omovimento.com.br\\\/portal\\\/author\\\/admin\\\/\"}]}<\/script>\n<!-- \/ Yoast SEO plugin. -->","yoast_head_json":{"title":"Primeira mulher assume PM de SP e prioriza combate \u00e0 viol\u00eancia dom\u00e9stica - Jornal O Movimento","robots":{"index":"index","follow":"follow","max-snippet":"max-snippet:-1","max-image-preview":"max-image-preview:large","max-video-preview":"max-video-preview:-1"},"canonical":"https:\/\/www.omovimento.com.br\/portal\/destaque\/primeira-mulher-assume-pm-de-sp-e-prioriza-combate-a-violencia-domestica\/","og_locale":"pt_BR","og_type":"article","og_title":"Primeira mulher assume PM de SP e prioriza combate \u00e0 viol\u00eancia dom\u00e9stica - Jornal O Movimento","og_description":"A coronel Glauce Anselmo Cavalli assumiu nesta quarta-feira (29) o comando da Pol\u00edcia Militar de S\u00e3o Paulo e afirmou que o enfrentamento \u00e0 viol\u00eancia dom\u00e9stica ser\u00e1 uma das principais prioridades de sua gest\u00e3o. A cerim\u00f4nia de posse ocorreu na Academia de Pol\u00edcia Militar do Barro Branco, na zona norte da capital. \ud83d\udcf1 Siga o O","og_url":"https:\/\/www.omovimento.com.br\/portal\/destaque\/primeira-mulher-assume-pm-de-sp-e-prioriza-combate-a-violencia-domestica\/","og_site_name":"Jornal O Movimento","article_published_time":"2026-04-29T17:56:16+00:00","article_modified_time":"2026-04-29T18:27:26+00:00","og_image":[{"width":888,"height":666,"url":"https:\/\/www.omovimento.com.br\/portal\/wp-content\/uploads\/2026\/04\/cats-11.jpg","type":"image\/jpeg"}],"author":"Reda\u00e7\u00e3o","twitter_card":"summary_large_image","twitter_misc":{"Escrito por":"Reda\u00e7\u00e3o","Est. tempo de leitura":"4 minutos"},"schema":{"@context":"https:\/\/schema.org","@graph":[{"@type":"Article","@id":"https:\/\/www.omovimento.com.br\/portal\/destaque\/primeira-mulher-assume-pm-de-sp-e-prioriza-combate-a-violencia-domestica\/#article","isPartOf":{"@id":"https:\/\/www.omovimento.com.br\/portal\/destaque\/primeira-mulher-assume-pm-de-sp-e-prioriza-combate-a-violencia-domestica\/"},"author":{"name":"Reda\u00e7\u00e3o","@id":"https:\/\/www.omovimento.com.br\/portal\/#\/schema\/person\/e7d3971f53952141ade7388e0033ce8d"},"headline":"Primeira mulher assume PM de SP e prioriza combate \u00e0 viol\u00eancia dom\u00e9stica","datePublished":"2026-04-29T17:56:16+00:00","dateModified":"2026-04-29T18:27:26+00:00","mainEntityOfPage":{"@id":"https:\/\/www.omovimento.com.br\/portal\/destaque\/primeira-mulher-assume-pm-de-sp-e-prioriza-combate-a-violencia-domestica\/"},"wordCount":583,"commentCount":0,"publisher":{"@id":"https:\/\/www.omovimento.com.br\/portal\/#organization"},"image":{"@id":"https:\/\/www.omovimento.com.br\/portal\/destaque\/primeira-mulher-assume-pm-de-sp-e-prioriza-combate-a-violencia-domestica\/#primaryimage"},"thumbnailUrl":"https:\/\/www.omovimento.com.br\/portal\/wp-content\/uploads\/2026\/04\/cats-11.jpg","articleSection":["Destaque"],"inLanguage":"pt-BR","potentialAction":[{"@type":"CommentAction","name":"Comment","target":["https:\/\/www.omovimento.com.br\/portal\/destaque\/primeira-mulher-assume-pm-de-sp-e-prioriza-combate-a-violencia-domestica\/#respond"]}]},{"@type":"WebPage","@id":"https:\/\/www.omovimento.com.br\/portal\/destaque\/primeira-mulher-assume-pm-de-sp-e-prioriza-combate-a-violencia-domestica\/","url":"https:\/\/www.omovimento.com.br\/portal\/destaque\/primeira-mulher-assume-pm-de-sp-e-prioriza-combate-a-violencia-domestica\/","name":"Primeira mulher assume PM de SP e prioriza combate \u00e0 viol\u00eancia dom\u00e9stica - Jornal O Movimento","isPartOf":{"@id":"https:\/\/www.omovimento.com.br\/portal\/#website"},"primaryImageOfPage":{"@id":"https:\/\/www.omovimento.com.br\/portal\/destaque\/primeira-mulher-assume-pm-de-sp-e-prioriza-combate-a-violencia-domestica\/#primaryimage"},"image":{"@id":"https:\/\/www.omovimento.com.br\/portal\/destaque\/primeira-mulher-assume-pm-de-sp-e-prioriza-combate-a-violencia-domestica\/#primaryimage"},"thumbnailUrl":"https:\/\/www.omovimento.com.br\/portal\/wp-content\/uploads\/2026\/04\/cats-11.jpg","datePublished":"2026-04-29T17:56:16+00:00","dateModified":"2026-04-29T18:27:26+00:00","breadcrumb":{"@id":"https:\/\/www.omovimento.com.br\/portal\/destaque\/primeira-mulher-assume-pm-de-sp-e-prioriza-combate-a-violencia-domestica\/#breadcrumb"},"inLanguage":"pt-BR","potentialAction":[{"@type":"ReadAction","target":["https:\/\/www.omovimento.com.br\/portal\/destaque\/primeira-mulher-assume-pm-de-sp-e-prioriza-combate-a-violencia-domestica\/"]}]},{"@type":"ImageObject","inLanguage":"pt-BR","@id":"https:\/\/www.omovimento.com.br\/portal\/destaque\/primeira-mulher-assume-pm-de-sp-e-prioriza-combate-a-violencia-domestica\/#primaryimage","url":"https:\/\/www.omovimento.com.br\/portal\/wp-content\/uploads\/2026\/04\/cats-11.jpg","contentUrl":"https:\/\/www.omovimento.com.br\/portal\/wp-content\/uploads\/2026\/04\/cats-11.jpg","width":888,"height":666,"caption":"A coronel GlaGlauce Anselmo Cavalli, nova comandante-geral da Pol\u00edcia Militar de S\u00e3o Paulo \u2014 Foto: S\u00e9rgio Quintella\/O Globo"},{"@type":"BreadcrumbList","@id":"https:\/\/www.omovimento.com.br\/portal\/destaque\/primeira-mulher-assume-pm-de-sp-e-prioriza-combate-a-violencia-domestica\/#breadcrumb","itemListElement":[{"@type":"ListItem","position":1,"name":"In\u00edcio","item":"https:\/\/www.omovimento.com.br\/portal\/"},{"@type":"ListItem","position":2,"name":"Primeira mulher assume PM de SP e prioriza combate \u00e0 viol\u00eancia dom\u00e9stica"}]},{"@type":"WebSite","@id":"https:\/\/www.omovimento.com.br\/portal\/#website","url":"https:\/\/www.omovimento.com.br\/portal\/","name":"Jornal O Movimento","description":"","publisher":{"@id":"https:\/\/www.omovimento.com.br\/portal\/#organization"},"potentialAction":[{"@type":"SearchAction","target":{"@type":"EntryPoint","urlTemplate":"https:\/\/www.omovimento.com.br\/portal\/?s={search_term_string}"},"query-input":{"@type":"PropertyValueSpecification","valueRequired":true,"valueName":"search_term_string"}}],"inLanguage":"pt-BR"},{"@type":"Organization","@id":"https:\/\/www.omovimento.com.br\/portal\/#organization","name":"Jornal O Movimento","url":"https:\/\/www.omovimento.com.br\/portal\/","logo":{"@type":"ImageObject","inLanguage":"pt-BR","@id":"https:\/\/www.omovimento.com.br\/portal\/#\/schema\/logo\/image\/","url":"https:\/\/www.omovimento.com.br\/portal\/wp-content\/uploads\/2026\/03\/logo_jornal_O_Movimento-1-1536x343-1-1.png","contentUrl":"https:\/\/www.omovimento.com.br\/portal\/wp-content\/uploads\/2026\/03\/logo_jornal_O_Movimento-1-1536x343-1-1.png","width":1536,"height":343,"caption":"Jornal O Movimento"},"image":{"@id":"https:\/\/www.omovimento.com.br\/portal\/#\/schema\/logo\/image\/"}},{"@type":"Person","@id":"https:\/\/www.omovimento.com.br\/portal\/#\/schema\/person\/e7d3971f53952141ade7388e0033ce8d","name":"Reda\u00e7\u00e3o","image":{"@type":"ImageObject","inLanguage":"pt-BR","@id":"https:\/\/secure.gravatar.com\/avatar\/549ab8e14173ace5e8b1c3bd80cf838bc0d00b7e1b65a361093164d85a62d45b?s=96&d=mm&r=g","url":"https:\/\/secure.gravatar.com\/avatar\/549ab8e14173ace5e8b1c3bd80cf838bc0d00b7e1b65a361093164d85a62d45b?s=96&d=mm&r=g","contentUrl":"https:\/\/secure.gravatar.com\/avatar\/549ab8e14173ace5e8b1c3bd80cf838bc0d00b7e1b65a361093164d85a62d45b?s=96&d=mm&r=g","caption":"Reda\u00e7\u00e3o"},"url":"https:\/\/www.omovimento.com.br\/portal\/author\/admin\/"}]}},"_links":{"self":[{"href":"https:\/\/www.omovimento.com.br\/portal\/wp-json\/wp\/v2\/posts\/43964","targetHints":{"allow":["GET"]}}],"collection":[{"href":"https:\/\/www.omovimento.com.br\/portal\/wp-json\/wp\/v2\/posts"}],"about":[{"href":"https:\/\/www.omovimento.com.br\/portal\/wp-json\/wp\/v2\/types\/post"}],"author":[{"embeddable":true,"href":"https:\/\/www.omovimento.com.br\/portal\/wp-json\/wp\/v2\/users\/3"}],"replies":[{"embeddable":true,"href":"https:\/\/www.omovimento.com.br\/portal\/wp-json\/wp\/v2\/comments?post=43964"}],"version-history":[{"count":4,"href":"https:\/\/www.omovimento.com.br\/portal\/wp-json\/wp\/v2\/posts\/43964\/revisions"}],"predecessor-version":[{"id":43975,"href":"https:\/\/www.omovimento.com.br\/portal\/wp-json\/wp\/v2\/posts\/43964\/revisions\/43975"}],"wp:featuredmedia":[{"embeddable":true,"href":"https:\/\/www.omovimento.com.br\/portal\/wp-json\/wp\/v2\/media\/43968"}],"wp:attachment":[{"href":"https:\/\/www.omovimento.com.br\/portal\/wp-json\/wp\/v2\/media?parent=43964"}],"wp:term":[{"taxonomy":"category","embeddable":true,"href":"https:\/\/www.omovimento.com.br\/portal\/wp-json\/wp\/v2\/categories?post=43964"},{"taxonomy":"post_tag","embeddable":true,"href":"https:\/\/www.omovimento.com.br\/portal\/wp-json\/wp\/v2\/tags?post=43964"}],"curies":[{"name":"wp","href":"https:\/\/api.w.org\/{rel}","templated":true}]}}