{"id":43956,"date":"2026-04-29T10:40:56","date_gmt":"2026-04-29T13:40:56","guid":{"rendered":"https:\/\/www.omovimento.com.br\/portal\/?p=43956"},"modified":"2026-04-29T10:41:58","modified_gmt":"2026-04-29T13:41:58","slug":"free-flow-multas-por-evasao-de-pedagio-sao-suspensas-entenda","status":"publish","type":"post","link":"https:\/\/www.omovimento.com.br\/portal\/destaque\/free-flow-multas-por-evasao-de-pedagio-sao-suspensas-entenda\/","title":{"rendered":"Free flow: Multas por evas\u00e3o de ped\u00e1gio s\u00e3o suspensas; entenda"},"content":{"rendered":"<p data-start=\"75\" data-end=\"373\"><span style=\"font-size: 12pt; font-family: tahoma, arial, helvetica, sans-serif;\">O governo federal anunciou nesta ter\u00e7a-feira (28) a <strong data-start=\"127\" data-end=\"217\">suspens\u00e3o por 200 dias das multas aplicadas por evas\u00e3o de ped\u00e1gio no sistema free flow<\/strong>, modelo que n\u00e3o utiliza pra\u00e7as f\u00edsicas de cobran\u00e7a. A medida foi adotada por meio do Minist\u00e9rio dos Transportes e do <span class=\"hover:entity-accent entity-underline inline cursor-pointer align-baseline\"><span class=\"whitespace-normal\">Conselho Nacional de Tr\u00e2nsito<\/span><\/span>.<\/span><\/p><div id=\"omovi-1636186134\" class=\"omovi-conteudo-2 omovi-entity-placement\"><div id=\"63534-28\"><script src=\"\/\/ads.themoneytizer.com\/s\/gen.js?type=28\"><\/script><script src=\"\/\/ads.themoneytizer.com\/s\/requestform.js?siteId=63534&formatId=28\" ><\/script><\/div><\/div>\n<p data-start=\"75\" data-end=\"373\"><span style=\"font-family: tahoma, arial, helvetica, sans-serif;\">\ud83d\udcf1 <em>Siga o O Movimento no <a href=\"https:\/\/www.instagram.com\/jornalomovimento\/\">Instagram<\/a><\/em><\/span><\/p>\n<p data-start=\"375\" data-end=\"646\"><span style=\"font-size: 12pt; font-family: tahoma, arial, helvetica, sans-serif;\">Segundo a decis\u00e3o, <strong data-start=\"394\" data-end=\"448\">as penalidades ficar\u00e3o suspensas durante o per\u00edodo<\/strong>, podendo voltar a ser aplicadas posteriormente <strong data-start=\"496\" data-end=\"561\">caso o motorista n\u00e3o quite o valor do ped\u00e1gio dentro do prazo<\/strong>. A regra tamb\u00e9m alcan\u00e7a <strong data-start=\"586\" data-end=\"645\">condutores que j\u00e1 haviam sido multados antes do an\u00fancio<\/strong>.<\/span><\/p>\n<p data-start=\"648\" data-end=\"796\"><span style=\"font-size: 12pt; font-family: tahoma, arial, helvetica, sans-serif;\">Estimativas apontam que <strong data-start=\"672\" data-end=\"762\">cerca de 3 milh\u00f5es de infra\u00e7\u00f5es relacionadas ao sistema free flow podem ser canceladas<\/strong> em rodovias federais e estaduais.<\/span><\/p>\n<p style=\"text-align: center;\" data-start=\"648\" data-end=\"796\"><span style=\"font-family: tahoma, arial, helvetica, sans-serif; font-size: 10pt;\"><strong><span style=\"color: #808080; font-family: tahoma, arial, helvetica, sans-serif;\">= continua ap\u00f3s a publicidade =<\/span><\/strong><\/span><\/p>\n<p data-start=\"648\" data-end=\"796\"><img fetchpriority=\"high\" decoding=\"async\" class=\"size-full wp-image-43938 aligncenter\" src=\"https:\/\/www.omovimento.com.br\/portal\/wp-content\/uploads\/2026\/04\/3808a8e8-ee81-4e72-8fe3-1039175df172.png\" alt=\"\" width=\"1000\" height=\"417\" srcset=\"https:\/\/www.omovimento.com.br\/portal\/wp-content\/uploads\/2026\/04\/3808a8e8-ee81-4e72-8fe3-1039175df172.png 1000w, https:\/\/www.omovimento.com.br\/portal\/wp-content\/uploads\/2026\/04\/3808a8e8-ee81-4e72-8fe3-1039175df172-300x125.png 300w, https:\/\/www.omovimento.com.br\/portal\/wp-content\/uploads\/2026\/04\/3808a8e8-ee81-4e72-8fe3-1039175df172-768x320.png 768w, https:\/\/www.omovimento.com.br\/portal\/wp-content\/uploads\/2026\/04\/3808a8e8-ee81-4e72-8fe3-1039175df172-150x63.png 150w, https:\/\/www.omovimento.com.br\/portal\/wp-content\/uploads\/2026\/04\/3808a8e8-ee81-4e72-8fe3-1039175df172-450x188.png 450w\" sizes=\"(max-width: 1000px) 100vw, 1000px\" \/><\/p>\n<p data-start=\"798\" data-end=\"1153\"><span style=\"font-size: 12pt; font-family: tahoma, arial, helvetica, sans-serif;\">Pelas normas atuais do <span class=\"hover:entity-accent entity-underline inline cursor-pointer align-baseline\"><span class=\"whitespace-normal\">C\u00f3digo de Tr\u00e2nsito Brasileiro<\/span><\/span>, <strong data-start=\"860\" data-end=\"912\">a evas\u00e3o de ped\u00e1gio \u00e9 considerada infra\u00e7\u00e3o grave<\/strong>, com multa de <strong data-start=\"927\" data-end=\"940\">R$ 195,23<\/strong> e <strong data-start=\"943\" data-end=\"1001\">cinco pontos na Carteira Nacional de Habilita\u00e7\u00e3o (CNH)<\/strong>. No entanto, <strong data-start=\"1015\" data-end=\"1074\">se o pagamento do ped\u00e1gio for realizado dentro do prazo<\/strong>, a penalidade \u00e9 automaticamente anulada e os pontos deixam de ser registrados.<\/span><\/p>\n<h3 data-section-id=\"he2uie\" data-start=\"1155\" data-end=\"1184\"><span style=\"font-size: 14pt; font-family: tahoma, arial, helvetica, sans-serif;\">Como funciona o free flow<\/span><\/h3>\n<p data-start=\"1186\" data-end=\"1466\"><span style=\"font-size: 12pt; font-family: tahoma, arial, helvetica, sans-serif;\">O sistema free flow \u00e9 uma tecnologia de cobran\u00e7a autom\u00e1tica que <strong data-start=\"1250\" data-end=\"1296\">dispensa as tradicionais pra\u00e7as de ped\u00e1gio<\/strong>. Nesse modelo, <strong data-start=\"1312\" data-end=\"1355\">o motorista n\u00e3o precisa parar o ve\u00edculo<\/strong>, j\u00e1 que a identifica\u00e7\u00e3o \u00e9 feita por meio de <strong data-start=\"1400\" data-end=\"1465\">c\u00e2meras e sensores instalados em p\u00f3rticos ao longo da rodovia<\/strong>.<\/span><\/p>\n<p data-start=\"1468\" data-end=\"1674\"><span style=\"font-size: 12pt; font-family: tahoma, arial, helvetica, sans-serif;\">A leitura pode ocorrer pela <strong data-start=\"1496\" data-end=\"1516\">placa do ve\u00edculo<\/strong> ou por dispositivos eletr\u00f4nicos, como as tags de pagamento autom\u00e1tico. <strong data-start=\"1588\" data-end=\"1629\">A cobran\u00e7a \u00e9 realizada posteriormente<\/strong>, o que exige aten\u00e7\u00e3o do condutor aos prazos.<\/span><\/p>\n<p data-start=\"1676\" data-end=\"1982\"><span style=\"font-size: 12pt; font-family: tahoma, arial, helvetica, sans-serif;\">O modelo j\u00e1 est\u00e1 em opera\u00e7\u00e3o em diferentes regi\u00f5es do pa\u00eds. Entre os principais exemplos est\u00e3o trechos da <strong data-start=\"1782\" data-end=\"1805\">BR-101 (Rio-Santos)<\/strong> e da <strong data-start=\"1811\" data-end=\"1856\">BR-116 (entre S\u00e3o Paulo e Rio de Janeiro)<\/strong>. Em \u00e2mbito estadual, h\u00e1 registros em rodovias como a <strong data-start=\"1910\" data-end=\"1920\">SP-333<\/strong>, a <strong data-start=\"1924\" data-end=\"1933\">SP-99<\/strong> e vias do Rio Grande do Sul, como a <strong data-start=\"1970\" data-end=\"1981\">ERS-122<\/strong>.<\/span><\/p>\n<h3 data-section-id=\"12p03zo\" data-start=\"1984\" data-end=\"2007\"><span style=\"font-size: 14pt; font-family: tahoma, arial, helvetica, sans-serif;\">Motivo da suspens\u00e3o<\/span><\/h3>\n<p data-start=\"2009\" data-end=\"2295\"><span style=\"font-size: 12pt; font-family: tahoma, arial, helvetica, sans-serif;\">A decis\u00e3o do governo ocorre ap\u00f3s cr\u00edticas ao aumento no n\u00famero de autua\u00e7\u00f5es. <strong data-start=\"2086\" data-end=\"2196\">A avalia\u00e7\u00e3o \u00e9 de que houve crescimento expressivo e, em alguns casos, considerado injustificado das multas<\/strong>, especialmente devido \u00e0 falta de informa\u00e7\u00e3o clara aos motoristas sobre o funcionamento do sistema.<\/span><\/p>\n<p data-start=\"2297\" data-end=\"2500\"><span style=\"font-size: 12pt; font-family: tahoma, arial, helvetica, sans-serif;\">Como o n\u00e3o pagamento dentro do prazo \u00e9 automaticamente convertido em infra\u00e7\u00e3o, <strong data-start=\"2376\" data-end=\"2452\">condutores acabaram sendo penalizados sem pleno conhecimento da cobran\u00e7a<\/strong>, o que motivou a revis\u00e3o tempor\u00e1ria das regras.<\/span><\/p>\n<h3 data-section-id=\"pp95cl\" data-start=\"2502\" data-end=\"2519\"><span style=\"font-size: 12pt; font-family: tahoma, arial, helvetica, sans-serif;\">Ressarcimento<\/span><\/h3>\n<p data-start=\"2521\" data-end=\"2745\"><span style=\"font-size: 12pt; font-family: tahoma, arial, helvetica, sans-serif;\">Outro ponto previsto na medida \u00e9 a possibilidade de devolu\u00e7\u00e3o de valores. <strong data-start=\"2595\" data-end=\"2685\">Motoristas que j\u00e1 pagaram multas por evas\u00e3o de ped\u00e1gio poder\u00e3o solicitar ressarcimento<\/strong>, desde que comprovem que o ped\u00e1gio foi devidamente quitado.<\/span><\/p>\n<p data-start=\"2747\" data-end=\"2928\" data-is-last-node=\"\" data-is-only-node=\"\"><span style=\"font-size: 12pt; font-family: tahoma, arial, helvetica, sans-serif;\">A suspens\u00e3o tempor\u00e1ria abre espa\u00e7o para ajustes no modelo e para a amplia\u00e7\u00e3o da comunica\u00e7\u00e3o com os usu\u00e1rios, enquanto o sistema free flow segue em expans\u00e3o nas rodovias brasileiras.<\/span><\/p>\n<p data-start=\"822\" data-end=\"1009\"><span style=\"font-family: tahoma, arial, helvetica, sans-serif;\">\u270d\ufe0f <em data-start=\"1160\" data-end=\"1198\" data-is-last-node=\"\">Reportagem: <a href=\"https:\/\/www.facebook.com\/jornalistatonioliveiraon\/\"><strong>Jornalista Toni Oliveira<\/strong><\/a><\/em><\/span><\/p>\n<p data-start=\"1490\" data-end=\"1675\"><span style=\"font-family: tahoma, arial, helvetica, sans-serif;\">\ud83d\udcf2\u00a0Fa\u00e7a uma den\u00fancia ou sugira uma reportagem sobre Pirassunungae regi\u00e3o por meio do WhatsApp do jornal <strong>O Movimento: <a href=\"https:\/\/wa.me\/5519982506789\" target=\"_blank\" rel=\"noreferrer noopener\" data-mrf-link=\"https:\/\/wa.me\/5516991499787\">(19) 98250-6789<\/a>.<\/strong><\/span><\/p>\n<p><span style=\"font-size: 14pt; color: #808080; font-family: tahoma, arial, helvetica, sans-serif;\"><em>Jorna<strong>l O Movimento<\/strong> \u00a0H\u00e1 91 anos, a principal refer\u00eancia em jornalismo na regi\u00e3o<\/em><\/span><\/p>\n<p><span style=\"font-family: tahoma, arial, helvetica, sans-serif;\"><em>( Fica proibida a reprodu\u00e7\u00e3o total ou parcial, c\u00f3pia ou distribui\u00e7\u00e3o do conte\u00fado, sem autoriza\u00e7\u00e3o expressa por parte do <strong>jornal O Movimento<\/strong>)<\/em><\/span><\/p>\n<p><span style=\"font-family: tahoma, arial, helvetica, sans-serif;\"><script src=\"\/\/ads.themoneytizer.com\/s\/gen.js?type=16\"><\/script><\/span><\/p>\n<div id=\"63534-16\" class=\"outbrain-tm\"><span style=\"font-family: tahoma, arial, helvetica, sans-serif;\"><script src=\"\/\/ads.themoneytizer.com\/s\/gen.js?type=16\"><\/script><\/span><\/div>\n<input type=\"hidden\" id=\"baseurl\" value=\"https:\/\/www.omovimento.com.br\/portal\"><input type=\"hidden\" id=\"audio_nonce\" value=\"e26acdace6\">","protected":false},"excerpt":{"rendered":"<p>O governo federal anunciou nesta ter\u00e7a-feira (28) a suspens\u00e3o por 200 dias das multas aplicadas por evas\u00e3o de ped\u00e1gio no sistema free flow, modelo que n\u00e3o utiliza pra\u00e7as f\u00edsicas de cobran\u00e7a. A medida foi adotada por meio do Minist\u00e9rio dos Transportes e do Conselho Nacional de Tr\u00e2nsito. \ud83d\udcf1 Siga o O Movimento no Instagram Segundo<\/p>\n","protected":false},"author":3,"featured_media":43957,"comment_status":"open","ping_status":"open","sticky":false,"template":"","format":"standard","meta":{"footnotes":""},"categories":[5],"tags":[],"class_list":{"0":"post-43956","1":"post","2":"type-post","3":"status-publish","4":"format-standard","5":"has-post-thumbnail","7":"category-destaque"},"yoast_head":"<!-- This site is optimized with the Yoast SEO plugin v27.3 - https:\/\/yoast.com\/product\/yoast-seo-wordpress\/ -->\n<title>Free flow: Multas por evas\u00e3o de ped\u00e1gio s\u00e3o suspensas; entenda - Jornal O Movimento<\/title>\n<meta name=\"robots\" content=\"index, follow, max-snippet:-1, max-image-preview:large, max-video-preview:-1\" \/>\n<link rel=\"canonical\" href=\"https:\/\/www.omovimento.com.br\/portal\/destaque\/free-flow-multas-por-evasao-de-pedagio-sao-suspensas-entenda\/\" \/>\n<meta property=\"og:locale\" content=\"pt_BR\" \/>\n<meta property=\"og:type\" content=\"article\" \/>\n<meta property=\"og:title\" content=\"Free flow: Multas por evas\u00e3o de ped\u00e1gio s\u00e3o suspensas; entenda - Jornal O Movimento\" \/>\n<meta property=\"og:description\" content=\"O governo federal anunciou nesta ter\u00e7a-feira (28) a suspens\u00e3o por 200 dias das multas aplicadas por evas\u00e3o de ped\u00e1gio no sistema free flow, modelo que n\u00e3o utiliza pra\u00e7as f\u00edsicas de cobran\u00e7a. A medida foi adotada por meio do Minist\u00e9rio dos Transportes e do Conselho Nacional de Tr\u00e2nsito. \ud83d\udcf1 Siga o O Movimento no Instagram Segundo\" \/>\n<meta property=\"og:url\" content=\"https:\/\/www.omovimento.com.br\/portal\/destaque\/free-flow-multas-por-evasao-de-pedagio-sao-suspensas-entenda\/\" \/>\n<meta property=\"og:site_name\" content=\"Jornal O Movimento\" \/>\n<meta property=\"article:published_time\" content=\"2026-04-29T13:40:56+00:00\" \/>\n<meta property=\"article:modified_time\" content=\"2026-04-29T13:41:58+00:00\" \/>\n<meta property=\"og:image\" content=\"https:\/\/www.omovimento.com.br\/portal\/wp-content\/uploads\/2026\/04\/nnn.jpg\" \/>\n\t<meta property=\"og:image:width\" content=\"1079\" \/>\n\t<meta property=\"og:image:height\" content=\"682\" \/>\n\t<meta property=\"og:image:type\" content=\"image\/jpeg\" \/>\n<meta name=\"author\" content=\"Reda\u00e7\u00e3o\" \/>\n<meta name=\"twitter:card\" content=\"summary_large_image\" \/>\n<meta name=\"twitter:label1\" content=\"Escrito por\" \/>\n\t<meta name=\"twitter:data1\" content=\"Reda\u00e7\u00e3o\" \/>\n\t<meta name=\"twitter:label2\" content=\"Est. tempo de leitura\" \/>\n\t<meta name=\"twitter:data2\" content=\"4 minutos\" \/>\n<script type=\"application\/ld+json\" class=\"yoast-schema-graph\">{\"@context\":\"https:\\\/\\\/schema.org\",\"@graph\":[{\"@type\":\"Article\",\"@id\":\"https:\\\/\\\/www.omovimento.com.br\\\/portal\\\/destaque\\\/free-flow-multas-por-evasao-de-pedagio-sao-suspensas-entenda\\\/#article\",\"isPartOf\":{\"@id\":\"https:\\\/\\\/www.omovimento.com.br\\\/portal\\\/destaque\\\/free-flow-multas-por-evasao-de-pedagio-sao-suspensas-entenda\\\/\"},\"author\":{\"name\":\"Reda\u00e7\u00e3o\",\"@id\":\"https:\\\/\\\/www.omovimento.com.br\\\/portal\\\/#\\\/schema\\\/person\\\/e7d3971f53952141ade7388e0033ce8d\"},\"headline\":\"Free flow: Multas por evas\u00e3o de ped\u00e1gio s\u00e3o suspensas; entenda\",\"datePublished\":\"2026-04-29T13:40:56+00:00\",\"dateModified\":\"2026-04-29T13:41:58+00:00\",\"mainEntityOfPage\":{\"@id\":\"https:\\\/\\\/www.omovimento.com.br\\\/portal\\\/destaque\\\/free-flow-multas-por-evasao-de-pedagio-sao-suspensas-entenda\\\/\"},\"wordCount\":583,\"commentCount\":0,\"publisher\":{\"@id\":\"https:\\\/\\\/www.omovimento.com.br\\\/portal\\\/#organization\"},\"image\":{\"@id\":\"https:\\\/\\\/www.omovimento.com.br\\\/portal\\\/destaque\\\/free-flow-multas-por-evasao-de-pedagio-sao-suspensas-entenda\\\/#primaryimage\"},\"thumbnailUrl\":\"https:\\\/\\\/www.omovimento.com.br\\\/portal\\\/wp-content\\\/uploads\\\/2026\\\/04\\\/nnn.jpg\",\"articleSection\":[\"Destaque\"],\"inLanguage\":\"pt-BR\",\"potentialAction\":[{\"@type\":\"CommentAction\",\"name\":\"Comment\",\"target\":[\"https:\\\/\\\/www.omovimento.com.br\\\/portal\\\/destaque\\\/free-flow-multas-por-evasao-de-pedagio-sao-suspensas-entenda\\\/#respond\"]}]},{\"@type\":\"WebPage\",\"@id\":\"https:\\\/\\\/www.omovimento.com.br\\\/portal\\\/destaque\\\/free-flow-multas-por-evasao-de-pedagio-sao-suspensas-entenda\\\/\",\"url\":\"https:\\\/\\\/www.omovimento.com.br\\\/portal\\\/destaque\\\/free-flow-multas-por-evasao-de-pedagio-sao-suspensas-entenda\\\/\",\"name\":\"Free flow: Multas por evas\u00e3o de ped\u00e1gio s\u00e3o suspensas; entenda - Jornal O Movimento\",\"isPartOf\":{\"@id\":\"https:\\\/\\\/www.omovimento.com.br\\\/portal\\\/#website\"},\"primaryImageOfPage\":{\"@id\":\"https:\\\/\\\/www.omovimento.com.br\\\/portal\\\/destaque\\\/free-flow-multas-por-evasao-de-pedagio-sao-suspensas-entenda\\\/#primaryimage\"},\"image\":{\"@id\":\"https:\\\/\\\/www.omovimento.com.br\\\/portal\\\/destaque\\\/free-flow-multas-por-evasao-de-pedagio-sao-suspensas-entenda\\\/#primaryimage\"},\"thumbnailUrl\":\"https:\\\/\\\/www.omovimento.com.br\\\/portal\\\/wp-content\\\/uploads\\\/2026\\\/04\\\/nnn.jpg\",\"datePublished\":\"2026-04-29T13:40:56+00:00\",\"dateModified\":\"2026-04-29T13:41:58+00:00\",\"breadcrumb\":{\"@id\":\"https:\\\/\\\/www.omovimento.com.br\\\/portal\\\/destaque\\\/free-flow-multas-por-evasao-de-pedagio-sao-suspensas-entenda\\\/#breadcrumb\"},\"inLanguage\":\"pt-BR\",\"potentialAction\":[{\"@type\":\"ReadAction\",\"target\":[\"https:\\\/\\\/www.omovimento.com.br\\\/portal\\\/destaque\\\/free-flow-multas-por-evasao-de-pedagio-sao-suspensas-entenda\\\/\"]}]},{\"@type\":\"ImageObject\",\"inLanguage\":\"pt-BR\",\"@id\":\"https:\\\/\\\/www.omovimento.com.br\\\/portal\\\/destaque\\\/free-flow-multas-por-evasao-de-pedagio-sao-suspensas-entenda\\\/#primaryimage\",\"url\":\"https:\\\/\\\/www.omovimento.com.br\\\/portal\\\/wp-content\\\/uploads\\\/2026\\\/04\\\/nnn.jpg\",\"contentUrl\":\"https:\\\/\\\/www.omovimento.com.br\\\/portal\\\/wp-content\\\/uploads\\\/2026\\\/04\\\/nnn.jpg\",\"width\":1079,\"height\":682,\"caption\":\"P\u00f3rtico de ped\u00e1gio (Divulga\u00e7\u00e3o\\\/EcoNoroeste)\"},{\"@type\":\"BreadcrumbList\",\"@id\":\"https:\\\/\\\/www.omovimento.com.br\\\/portal\\\/destaque\\\/free-flow-multas-por-evasao-de-pedagio-sao-suspensas-entenda\\\/#breadcrumb\",\"itemListElement\":[{\"@type\":\"ListItem\",\"position\":1,\"name\":\"In\u00edcio\",\"item\":\"https:\\\/\\\/www.omovimento.com.br\\\/portal\\\/\"},{\"@type\":\"ListItem\",\"position\":2,\"name\":\"Free flow: Multas por evas\u00e3o de ped\u00e1gio s\u00e3o suspensas; entenda\"}]},{\"@type\":\"WebSite\",\"@id\":\"https:\\\/\\\/www.omovimento.com.br\\\/portal\\\/#website\",\"url\":\"https:\\\/\\\/www.omovimento.com.br\\\/portal\\\/\",\"name\":\"Jornal O Movimento\",\"description\":\"\",\"publisher\":{\"@id\":\"https:\\\/\\\/www.omovimento.com.br\\\/portal\\\/#organization\"},\"potentialAction\":[{\"@type\":\"SearchAction\",\"target\":{\"@type\":\"EntryPoint\",\"urlTemplate\":\"https:\\\/\\\/www.omovimento.com.br\\\/portal\\\/?s={search_term_string}\"},\"query-input\":{\"@type\":\"PropertyValueSpecification\",\"valueRequired\":true,\"valueName\":\"search_term_string\"}}],\"inLanguage\":\"pt-BR\"},{\"@type\":\"Organization\",\"@id\":\"https:\\\/\\\/www.omovimento.com.br\\\/portal\\\/#organization\",\"name\":\"Jornal O Movimento\",\"url\":\"https:\\\/\\\/www.omovimento.com.br\\\/portal\\\/\",\"logo\":{\"@type\":\"ImageObject\",\"inLanguage\":\"pt-BR\",\"@id\":\"https:\\\/\\\/www.omovimento.com.br\\\/portal\\\/#\\\/schema\\\/logo\\\/image\\\/\",\"url\":\"https:\\\/\\\/www.omovimento.com.br\\\/portal\\\/wp-content\\\/uploads\\\/2026\\\/03\\\/logo_jornal_O_Movimento-1-1536x343-1-1.png\",\"contentUrl\":\"https:\\\/\\\/www.omovimento.com.br\\\/portal\\\/wp-content\\\/uploads\\\/2026\\\/03\\\/logo_jornal_O_Movimento-1-1536x343-1-1.png\",\"width\":1536,\"height\":343,\"caption\":\"Jornal O Movimento\"},\"image\":{\"@id\":\"https:\\\/\\\/www.omovimento.com.br\\\/portal\\\/#\\\/schema\\\/logo\\\/image\\\/\"}},{\"@type\":\"Person\",\"@id\":\"https:\\\/\\\/www.omovimento.com.br\\\/portal\\\/#\\\/schema\\\/person\\\/e7d3971f53952141ade7388e0033ce8d\",\"name\":\"Reda\u00e7\u00e3o\",\"image\":{\"@type\":\"ImageObject\",\"inLanguage\":\"pt-BR\",\"@id\":\"https:\\\/\\\/secure.gravatar.com\\\/avatar\\\/549ab8e14173ace5e8b1c3bd80cf838bc0d00b7e1b65a361093164d85a62d45b?s=96&d=mm&r=g\",\"url\":\"https:\\\/\\\/secure.gravatar.com\\\/avatar\\\/549ab8e14173ace5e8b1c3bd80cf838bc0d00b7e1b65a361093164d85a62d45b?s=96&d=mm&r=g\",\"contentUrl\":\"https:\\\/\\\/secure.gravatar.com\\\/avatar\\\/549ab8e14173ace5e8b1c3bd80cf838bc0d00b7e1b65a361093164d85a62d45b?s=96&d=mm&r=g\",\"caption\":\"Reda\u00e7\u00e3o\"},\"url\":\"https:\\\/\\\/www.omovimento.com.br\\\/portal\\\/author\\\/admin\\\/\"}]}<\/script>\n<!-- \/ Yoast SEO plugin. -->","yoast_head_json":{"title":"Free flow: Multas por evas\u00e3o de ped\u00e1gio s\u00e3o suspensas; entenda - Jornal O Movimento","robots":{"index":"index","follow":"follow","max-snippet":"max-snippet:-1","max-image-preview":"max-image-preview:large","max-video-preview":"max-video-preview:-1"},"canonical":"https:\/\/www.omovimento.com.br\/portal\/destaque\/free-flow-multas-por-evasao-de-pedagio-sao-suspensas-entenda\/","og_locale":"pt_BR","og_type":"article","og_title":"Free flow: Multas por evas\u00e3o de ped\u00e1gio s\u00e3o suspensas; entenda - Jornal O Movimento","og_description":"O governo federal anunciou nesta ter\u00e7a-feira (28) a suspens\u00e3o por 200 dias das multas aplicadas por evas\u00e3o de ped\u00e1gio no sistema free flow, modelo que n\u00e3o utiliza pra\u00e7as f\u00edsicas de cobran\u00e7a. A medida foi adotada por meio do Minist\u00e9rio dos Transportes e do Conselho Nacional de Tr\u00e2nsito. \ud83d\udcf1 Siga o O Movimento no Instagram Segundo","og_url":"https:\/\/www.omovimento.com.br\/portal\/destaque\/free-flow-multas-por-evasao-de-pedagio-sao-suspensas-entenda\/","og_site_name":"Jornal O Movimento","article_published_time":"2026-04-29T13:40:56+00:00","article_modified_time":"2026-04-29T13:41:58+00:00","og_image":[{"width":1079,"height":682,"url":"https:\/\/www.omovimento.com.br\/portal\/wp-content\/uploads\/2026\/04\/nnn.jpg","type":"image\/jpeg"}],"author":"Reda\u00e7\u00e3o","twitter_card":"summary_large_image","twitter_misc":{"Escrito por":"Reda\u00e7\u00e3o","Est. tempo de leitura":"4 minutos"},"schema":{"@context":"https:\/\/schema.org","@graph":[{"@type":"Article","@id":"https:\/\/www.omovimento.com.br\/portal\/destaque\/free-flow-multas-por-evasao-de-pedagio-sao-suspensas-entenda\/#article","isPartOf":{"@id":"https:\/\/www.omovimento.com.br\/portal\/destaque\/free-flow-multas-por-evasao-de-pedagio-sao-suspensas-entenda\/"},"author":{"name":"Reda\u00e7\u00e3o","@id":"https:\/\/www.omovimento.com.br\/portal\/#\/schema\/person\/e7d3971f53952141ade7388e0033ce8d"},"headline":"Free flow: Multas por evas\u00e3o de ped\u00e1gio s\u00e3o suspensas; entenda","datePublished":"2026-04-29T13:40:56+00:00","dateModified":"2026-04-29T13:41:58+00:00","mainEntityOfPage":{"@id":"https:\/\/www.omovimento.com.br\/portal\/destaque\/free-flow-multas-por-evasao-de-pedagio-sao-suspensas-entenda\/"},"wordCount":583,"commentCount":0,"publisher":{"@id":"https:\/\/www.omovimento.com.br\/portal\/#organization"},"image":{"@id":"https:\/\/www.omovimento.com.br\/portal\/destaque\/free-flow-multas-por-evasao-de-pedagio-sao-suspensas-entenda\/#primaryimage"},"thumbnailUrl":"https:\/\/www.omovimento.com.br\/portal\/wp-content\/uploads\/2026\/04\/nnn.jpg","articleSection":["Destaque"],"inLanguage":"pt-BR","potentialAction":[{"@type":"CommentAction","name":"Comment","target":["https:\/\/www.omovimento.com.br\/portal\/destaque\/free-flow-multas-por-evasao-de-pedagio-sao-suspensas-entenda\/#respond"]}]},{"@type":"WebPage","@id":"https:\/\/www.omovimento.com.br\/portal\/destaque\/free-flow-multas-por-evasao-de-pedagio-sao-suspensas-entenda\/","url":"https:\/\/www.omovimento.com.br\/portal\/destaque\/free-flow-multas-por-evasao-de-pedagio-sao-suspensas-entenda\/","name":"Free flow: Multas por evas\u00e3o de ped\u00e1gio s\u00e3o suspensas; entenda - Jornal O Movimento","isPartOf":{"@id":"https:\/\/www.omovimento.com.br\/portal\/#website"},"primaryImageOfPage":{"@id":"https:\/\/www.omovimento.com.br\/portal\/destaque\/free-flow-multas-por-evasao-de-pedagio-sao-suspensas-entenda\/#primaryimage"},"image":{"@id":"https:\/\/www.omovimento.com.br\/portal\/destaque\/free-flow-multas-por-evasao-de-pedagio-sao-suspensas-entenda\/#primaryimage"},"thumbnailUrl":"https:\/\/www.omovimento.com.br\/portal\/wp-content\/uploads\/2026\/04\/nnn.jpg","datePublished":"2026-04-29T13:40:56+00:00","dateModified":"2026-04-29T13:41:58+00:00","breadcrumb":{"@id":"https:\/\/www.omovimento.com.br\/portal\/destaque\/free-flow-multas-por-evasao-de-pedagio-sao-suspensas-entenda\/#breadcrumb"},"inLanguage":"pt-BR","potentialAction":[{"@type":"ReadAction","target":["https:\/\/www.omovimento.com.br\/portal\/destaque\/free-flow-multas-por-evasao-de-pedagio-sao-suspensas-entenda\/"]}]},{"@type":"ImageObject","inLanguage":"pt-BR","@id":"https:\/\/www.omovimento.com.br\/portal\/destaque\/free-flow-multas-por-evasao-de-pedagio-sao-suspensas-entenda\/#primaryimage","url":"https:\/\/www.omovimento.com.br\/portal\/wp-content\/uploads\/2026\/04\/nnn.jpg","contentUrl":"https:\/\/www.omovimento.com.br\/portal\/wp-content\/uploads\/2026\/04\/nnn.jpg","width":1079,"height":682,"caption":"P\u00f3rtico de ped\u00e1gio (Divulga\u00e7\u00e3o\/EcoNoroeste)"},{"@type":"BreadcrumbList","@id":"https:\/\/www.omovimento.com.br\/portal\/destaque\/free-flow-multas-por-evasao-de-pedagio-sao-suspensas-entenda\/#breadcrumb","itemListElement":[{"@type":"ListItem","position":1,"name":"In\u00edcio","item":"https:\/\/www.omovimento.com.br\/portal\/"},{"@type":"ListItem","position":2,"name":"Free flow: Multas por evas\u00e3o de ped\u00e1gio s\u00e3o suspensas; entenda"}]},{"@type":"WebSite","@id":"https:\/\/www.omovimento.com.br\/portal\/#website","url":"https:\/\/www.omovimento.com.br\/portal\/","name":"Jornal O Movimento","description":"","publisher":{"@id":"https:\/\/www.omovimento.com.br\/portal\/#organization"},"potentialAction":[{"@type":"SearchAction","target":{"@type":"EntryPoint","urlTemplate":"https:\/\/www.omovimento.com.br\/portal\/?s={search_term_string}"},"query-input":{"@type":"PropertyValueSpecification","valueRequired":true,"valueName":"search_term_string"}}],"inLanguage":"pt-BR"},{"@type":"Organization","@id":"https:\/\/www.omovimento.com.br\/portal\/#organization","name":"Jornal O Movimento","url":"https:\/\/www.omovimento.com.br\/portal\/","logo":{"@type":"ImageObject","inLanguage":"pt-BR","@id":"https:\/\/www.omovimento.com.br\/portal\/#\/schema\/logo\/image\/","url":"https:\/\/www.omovimento.com.br\/portal\/wp-content\/uploads\/2026\/03\/logo_jornal_O_Movimento-1-1536x343-1-1.png","contentUrl":"https:\/\/www.omovimento.com.br\/portal\/wp-content\/uploads\/2026\/03\/logo_jornal_O_Movimento-1-1536x343-1-1.png","width":1536,"height":343,"caption":"Jornal O Movimento"},"image":{"@id":"https:\/\/www.omovimento.com.br\/portal\/#\/schema\/logo\/image\/"}},{"@type":"Person","@id":"https:\/\/www.omovimento.com.br\/portal\/#\/schema\/person\/e7d3971f53952141ade7388e0033ce8d","name":"Reda\u00e7\u00e3o","image":{"@type":"ImageObject","inLanguage":"pt-BR","@id":"https:\/\/secure.gravatar.com\/avatar\/549ab8e14173ace5e8b1c3bd80cf838bc0d00b7e1b65a361093164d85a62d45b?s=96&d=mm&r=g","url":"https:\/\/secure.gravatar.com\/avatar\/549ab8e14173ace5e8b1c3bd80cf838bc0d00b7e1b65a361093164d85a62d45b?s=96&d=mm&r=g","contentUrl":"https:\/\/secure.gravatar.com\/avatar\/549ab8e14173ace5e8b1c3bd80cf838bc0d00b7e1b65a361093164d85a62d45b?s=96&d=mm&r=g","caption":"Reda\u00e7\u00e3o"},"url":"https:\/\/www.omovimento.com.br\/portal\/author\/admin\/"}]}},"_links":{"self":[{"href":"https:\/\/www.omovimento.com.br\/portal\/wp-json\/wp\/v2\/posts\/43956","targetHints":{"allow":["GET"]}}],"collection":[{"href":"https:\/\/www.omovimento.com.br\/portal\/wp-json\/wp\/v2\/posts"}],"about":[{"href":"https:\/\/www.omovimento.com.br\/portal\/wp-json\/wp\/v2\/types\/post"}],"author":[{"embeddable":true,"href":"https:\/\/www.omovimento.com.br\/portal\/wp-json\/wp\/v2\/users\/3"}],"replies":[{"embeddable":true,"href":"https:\/\/www.omovimento.com.br\/portal\/wp-json\/wp\/v2\/comments?post=43956"}],"version-history":[{"count":3,"href":"https:\/\/www.omovimento.com.br\/portal\/wp-json\/wp\/v2\/posts\/43956\/revisions"}],"predecessor-version":[{"id":43960,"href":"https:\/\/www.omovimento.com.br\/portal\/wp-json\/wp\/v2\/posts\/43956\/revisions\/43960"}],"wp:featuredmedia":[{"embeddable":true,"href":"https:\/\/www.omovimento.com.br\/portal\/wp-json\/wp\/v2\/media\/43957"}],"wp:attachment":[{"href":"https:\/\/www.omovimento.com.br\/portal\/wp-json\/wp\/v2\/media?parent=43956"}],"wp:term":[{"taxonomy":"category","embeddable":true,"href":"https:\/\/www.omovimento.com.br\/portal\/wp-json\/wp\/v2\/categories?post=43956"},{"taxonomy":"post_tag","embeddable":true,"href":"https:\/\/www.omovimento.com.br\/portal\/wp-json\/wp\/v2\/tags?post=43956"}],"curies":[{"name":"wp","href":"https:\/\/api.w.org\/{rel}","templated":true}]}}