{"id":43947,"date":"2026-04-28T16:24:42","date_gmt":"2026-04-28T19:24:42","guid":{"rendered":"https:\/\/www.omovimento.com.br\/portal\/?p=43947"},"modified":"2026-04-28T16:51:10","modified_gmt":"2026-04-28T19:51:10","slug":"eleicoes-2026-cartorio-eleitoral-de-pirassununga-tera-horario-ampliado-de-1o-a-6-de-maio","status":"publish","type":"post","link":"https:\/\/www.omovimento.com.br\/portal\/cidade\/eleicoes-2026-cartorio-eleitoral-de-pirassununga-tera-horario-ampliado-de-1o-a-6-de-maio\/","title":{"rendered":"Elei\u00e7\u00f5es 2026: cart\u00f3rio eleitoral de Pirassununga ter\u00e1 hor\u00e1rio ampliado de 1\u00ba a 6 de maio"},"content":{"rendered":"<section class=\"text-token-text-primary w-full focus:outline-none [--shadow-height:45px] has-data-writing-block:pointer-events-none has-data-writing-block:-mt-(--shadow-height) has-data-writing-block:pt-(--shadow-height) [&amp;:has([data-writing-block])&gt;*]:pointer-events-auto [content-visibility:auto] supports-[content-visibility:auto]:[contain-intrinsic-size:auto_100lvh] R6Vx5W_threadScrollVars scroll-mb-[calc(var(--scroll-root-safe-area-inset-bottom,0px)+var(--thread-response-height))] scroll-mt-[calc(var(--header-height)+min(200px,max(70px,20svh)))]\" dir=\"auto\" data-turn-id=\"request-WEB:25387fbc-18e0-426a-8580-977f54307376-1\" data-testid=\"conversation-turn-4\" data-scroll-anchor=\"false\" data-turn=\"assistant\">\n<div class=\"text-base my-auto mx-auto pb-10 [--thread-content-margin:var(--thread-content-margin-xs,calc(var(--spacing)*4))] @w-sm\/main:[--thread-content-margin:var(--thread-content-margin-sm,calc(var(--spacing)*6))] @w-lg\/main:[--thread-content-margin:var(--thread-content-margin-lg,calc(var(--spacing)*16))] px-(--thread-content-margin)\">\n<div class=\"[--thread-content-max-width:40rem] @w-lg\/main:[--thread-content-max-width:48rem] mx-auto max-w-(--thread-content-max-width) flex-1 group\/turn-messages focus-visible:outline-hidden relative flex w-full min-w-0 flex-col agent-turn\">\n<div class=\"flex max-w-full flex-col gap-4 grow\">\n<div class=\"min-h-8 text-message relative flex w-full flex-col items-end gap-2 text-start break-words whitespace-normal outline-none keyboard-focused:focus-ring [.text-message+&amp;]:mt-1\" dir=\"auto\" tabindex=\"0\" data-message-author-role=\"assistant\" data-message-id=\"4f6f2f73-d5a0-4ff2-97e8-290aa86e5e04\" data-message-model-slug=\"gpt-5-3\" data-turn-start-message=\"true\">\n<div class=\"flex w-full flex-col gap-1 empty:hidden\">\n<div class=\"markdown prose dark:prose-invert w-full wrap-break-word light markdown-new-styling\">\n<p data-start=\"103\" data-end=\"446\"><span style=\"font-size: 12pt; font-family: tahoma, arial, helvetica, sans-serif;\">Os eleitores de <span class=\"hover:entity-accent entity-underline inline cursor-pointer align-baseline\"><span class=\"whitespace-normal\">Pirassununga<\/span><\/span> ter\u00e3o mais tempo para regularizar a situa\u00e7\u00e3o eleitoral nos pr\u00f3ximos dias. <strong data-start=\"231\" data-end=\"321\">O cart\u00f3rio eleitoral do munic\u00edpio funcionar\u00e1 com hor\u00e1rio ampliado entre 1\u00ba e 6 de maio<\/strong>, seguindo determina\u00e7\u00e3o do <span class=\"hover:entity-accent entity-underline inline cursor-pointer align-baseline\"><span class=\"whitespace-normal\">Tribunal Regional Eleitoral de S\u00e3o Paulo<\/span><\/span> para refor\u00e7ar o atendimento antes do fechamento do cadastro.<\/span><\/p><div id=\"omovi-805027981\" class=\"omovi-conteudo-2 omovi-entity-placement\"><div id=\"63534-28\"><script src=\"\/\/ads.themoneytizer.com\/s\/gen.js?type=28\"><\/script><script src=\"\/\/ads.themoneytizer.com\/s\/requestform.js?siteId=63534&formatId=28\" ><\/script><\/div><\/div>\n<p data-start=\"103\" data-end=\"446\">\ud83d\udcf1\u00a0<em>Siga o O Movimento no\u00a0<a href=\"https:\/\/www.instagram.com\/jornalomovimento\/\">Instagram<\/a><\/em><\/p>\n<p data-start=\"448\" data-end=\"623\"><span style=\"font-size: 12pt; font-family: tahoma, arial, helvetica, sans-serif;\">A medida vale para quem precisa <strong data-start=\"480\" data-end=\"584\">emitir o primeiro t\u00edtulo, transferir o domic\u00edlio eleitoral, atualizar dados ou cadastrar a biometria<\/strong> para participar das <strong data-start=\"605\" data-end=\"622\">Elei\u00e7\u00f5es 2026<\/strong>.<\/span><\/p>\n<p data-start=\"625\" data-end=\"831\"><span style=\"font-size: 12pt; font-family: tahoma, arial, helvetica, sans-serif;\">Em Pirassununga, o cart\u00f3rio est\u00e1 localizado na <strong data-start=\"672\" data-end=\"723\">Rua Joaquim Proc\u00f3pio de Ara\u00fajo, 1947, no Centro<\/strong>, com atendimento por ordem de chegada. O contato pode ser feito pelo telefone\/WhatsApp <strong data-start=\"811\" data-end=\"830\">(19) 98323-0921<\/strong>.<\/span><\/p>\n<p data-start=\"833\" data-end=\"945\"><span style=\"font-size: 12pt; font-family: tahoma, arial, helvetica, sans-serif;\"><strong data-start=\"833\" data-end=\"945\">O funcionamento ser\u00e1 mantido inclusive no feriado do Dia do Trabalho (1\u00ba de maio) e durante o fim de semana.<\/strong><\/span><\/p>\n<h3 data-section-id=\"hutcey\" data-start=\"947\" data-end=\"974\"><span style=\"font-size: 14pt; font-family: tahoma, arial, helvetica, sans-serif;\">Hor\u00e1rios de atendimento<\/span><\/h3>\n<ul data-start=\"975\" data-end=\"1101\">\n<li data-section-id=\"17x4pr6\" data-start=\"975\" data-end=\"1044\"><span style=\"font-size: 12pt; font-family: tahoma, arial, helvetica, sans-serif;\"><strong data-start=\"977\" data-end=\"1042\">1\u00ba de maio (feriado), s\u00e1bado (2) e domingo (3): das 9h \u00e0s 15h<\/strong><\/span><\/li>\n<li data-section-id=\"kllzj3\" data-start=\"1045\" data-end=\"1101\"><span style=\"font-size: 12pt; font-family: tahoma, arial, helvetica, sans-serif;\"><strong data-start=\"1047\" data-end=\"1101\">Segunda (4), ter\u00e7a (5) e quarta (6): das 9h \u00e0s 17h<\/strong><\/span><\/li>\n<\/ul>\n<p data-start=\"1103\" data-end=\"1300\"><span style=\"font-size: 12pt; font-family: tahoma, arial, helvetica, sans-serif;\"><strong data-start=\"1103\" data-end=\"1176\">O dia 6 de maio \u00e9 o prazo final para regularizar o t\u00edtulo de eleitor.<\/strong> Ap\u00f3s essa data, o cadastro ser\u00e1 fechado a partir de 7 de maio, conforme a legisla\u00e7\u00e3o eleitoral, para organiza\u00e7\u00e3o do pleito.<\/span><\/p>\n<p style=\"text-align: center;\" data-start=\"1103\" data-end=\"1300\"><span style=\"font-family: tahoma, arial, helvetica, sans-serif; font-size: 10pt;\"><strong><span style=\"color: #808080; font-family: tahoma, arial, helvetica, sans-serif;\">= continua ap\u00f3s a publicidade =<\/span><\/strong><\/span><\/p>\n<p data-start=\"1103\" data-end=\"1300\"><img fetchpriority=\"high\" decoding=\"async\" class=\"size-full wp-image-43907 aligncenter\" src=\"https:\/\/www.omovimento.com.br\/portal\/wp-content\/uploads\/2026\/04\/4648e6d7-1de7-4e5b-87fd-817723e7b036.png\" alt=\"\" width=\"1000\" height=\"417\" srcset=\"https:\/\/www.omovimento.com.br\/portal\/wp-content\/uploads\/2026\/04\/4648e6d7-1de7-4e5b-87fd-817723e7b036.png 1000w, https:\/\/www.omovimento.com.br\/portal\/wp-content\/uploads\/2026\/04\/4648e6d7-1de7-4e5b-87fd-817723e7b036-300x125.png 300w, https:\/\/www.omovimento.com.br\/portal\/wp-content\/uploads\/2026\/04\/4648e6d7-1de7-4e5b-87fd-817723e7b036-768x320.png 768w, https:\/\/www.omovimento.com.br\/portal\/wp-content\/uploads\/2026\/04\/4648e6d7-1de7-4e5b-87fd-817723e7b036-150x63.png 150w, https:\/\/www.omovimento.com.br\/portal\/wp-content\/uploads\/2026\/04\/4648e6d7-1de7-4e5b-87fd-817723e7b036-450x188.png 450w\" sizes=\"(max-width: 1000px) 100vw, 1000px\" \/><\/p>\n<h3 data-section-id=\"kcn85n\" data-start=\"1302\" data-end=\"1325\"><span style=\"font-size: 14pt; font-family: tahoma, arial, helvetica, sans-serif;\">Elei\u00e7\u00f5es em outubro<\/span><\/h3>\n<p data-start=\"1326\" data-end=\"1438\"><span style=\"font-size: 12pt; font-family: tahoma, arial, helvetica, sans-serif;\">O primeiro turno das elei\u00e7\u00f5es est\u00e1 marcado para <strong data-start=\"1374\" data-end=\"1398\">4 de outubro de 2026<\/strong>. Na ocasi\u00e3o, os eleitores v\u00e3o escolher:<\/span><\/p>\n<ul data-start=\"1439\" data-end=\"1536\">\n<li data-section-id=\"2flwen\" data-start=\"1439\" data-end=\"1459\"><span style=\"font-size: 12pt; font-family: tahoma, arial, helvetica, sans-serif;\">deputado federal<\/span><\/li>\n<li data-section-id=\"u5ioi5\" data-start=\"1460\" data-end=\"1481\"><span style=\"font-size: 12pt; font-family: tahoma, arial, helvetica, sans-serif;\">deputado estadual<\/span><\/li>\n<li data-section-id=\"1lqqh8o\" data-start=\"1482\" data-end=\"1506\"><span style=\"font-size: 12pt; font-family: tahoma, arial, helvetica, sans-serif;\">senador (duas vagas)<\/span><\/li>\n<li data-section-id=\"l5a7iv\" data-start=\"1507\" data-end=\"1521\"><span style=\"font-size: 12pt; font-family: tahoma, arial, helvetica, sans-serif;\">governador<\/span><\/li>\n<li data-section-id=\"1v6umiz\" data-start=\"1522\" data-end=\"1536\"><span style=\"font-size: 12pt; font-family: tahoma, arial, helvetica, sans-serif;\">presidente<\/span><\/li>\n<\/ul>\n<h3 data-section-id=\"1xa0ya1\" data-start=\"1538\" data-end=\"1557\"><span style=\"font-size: 14pt; font-family: tahoma, arial, helvetica, sans-serif;\">Servi\u00e7os online<\/span><\/h3>\n<p data-start=\"1558\" data-end=\"1675\"><span style=\"font-size: 12pt; font-family: tahoma, arial, helvetica, sans-serif;\">Antes de procurar atendimento presencial, o TRE-SP orienta que o eleitor consulte a situa\u00e7\u00e3o do t\u00edtulo pela internet.<\/span><\/p>\n<p data-start=\"1677\" data-end=\"1773\"><span style=\"font-size: 12pt; font-family: tahoma, arial, helvetica, sans-serif;\"><strong data-start=\"1677\" data-end=\"1766\">Quem j\u00e1 tem biometria cadastrada pode resolver a maioria dos servi\u00e7os de forma online<\/strong>, como:<\/span><\/p>\n<ul data-start=\"1774\" data-end=\"1894\">\n<li data-section-id=\"1rjljs7\" data-start=\"1774\" data-end=\"1814\"><span style=\"font-size: 12pt; font-family: tahoma, arial, helvetica, sans-serif;\">transfer\u00eancia de domic\u00edlio eleitoral<\/span><\/li>\n<li data-section-id=\"9tgvhc\" data-start=\"1815\" data-end=\"1839\"><span style=\"font-size: 12pt; font-family: tahoma, arial, helvetica, sans-serif;\">atualiza\u00e7\u00e3o de dados<\/span><\/li>\n<li data-section-id=\"14so54r\" data-start=\"1840\" data-end=\"1867\"><span style=\"font-size: 12pt; font-family: tahoma, arial, helvetica, sans-serif;\">regulariza\u00e7\u00e3o do t\u00edtulo<\/span><\/li>\n<li data-section-id=\"1r3zi39\" data-start=\"1868\" data-end=\"1894\"><span style=\"font-size: 12pt; font-family: tahoma, arial, helvetica, sans-serif;\">emiss\u00e3o de segunda via<\/span><\/li>\n<\/ul>\n<h3 data-section-id=\"184sze5\" data-start=\"1896\" data-end=\"1919\"><span style=\"font-size: 14pt; font-family: tahoma, arial, helvetica, sans-serif;\">Biometria no estado<\/span><\/h3>\n<p data-start=\"1920\" data-end=\"2083\"><span style=\"font-size: 12pt; font-family: tahoma, arial, helvetica, sans-serif;\">Segundo o tribunal, at\u00e9 o fim de mar\u00e7o, S\u00e3o Paulo tinha <strong data-start=\"1976\" data-end=\"2013\">mais de 33,7 milh\u00f5es de eleitores<\/strong>, sendo que <strong data-start=\"2025\" data-end=\"2082\">29,8 milh\u00f5es (88,4%) j\u00e1 possu\u00edam biometria cadastrada<\/strong>.<\/span><\/p>\n<p data-start=\"2085\" data-end=\"2240\"><span style=\"font-size: 12pt; font-family: tahoma, arial, helvetica, sans-serif;\"><strong data-start=\"2085\" data-end=\"2130\">A aus\u00eancia da biometria n\u00e3o impede o voto<\/strong>, desde que o eleitor esteja com o t\u00edtulo regular e apresente um documento oficial com foto no dia da vota\u00e7\u00e3o.<\/span><\/p>\n<h3 data-section-id=\"fbe2u6\" data-start=\"2242\" data-end=\"2268\"><span style=\"font-size: 12pt; font-family: tahoma, arial, helvetica, sans-serif;\">Documentos necess\u00e1rios<\/span><\/h3>\n<p data-start=\"2269\" data-end=\"2319\"><span style=\"font-size: 12pt; font-family: tahoma, arial, helvetica, sans-serif;\">Para atendimento presencial, \u00e9 preciso apresentar:<\/span><\/p>\n<ul data-start=\"2320\" data-end=\"2406\">\n<li data-section-id=\"ahr1s6\" data-start=\"2320\" data-end=\"2364\"><span style=\"font-size: 12pt; font-family: tahoma, arial, helvetica, sans-serif;\"><strong data-start=\"2322\" data-end=\"2362\">documento oficial com foto (como RG)<\/strong><\/span><\/li>\n<li data-section-id=\"5srnyd\" data-start=\"2365\" data-end=\"2406\"><span style=\"font-size: 12pt; font-family: tahoma, arial, helvetica, sans-serif;\"><strong data-start=\"2367\" data-end=\"2404\">comprovante de resid\u00eancia recente<\/strong><\/span><\/li>\n<\/ul>\n<p data-start=\"2408\" data-end=\"2500\"><span style=\"font-size: 12pt; font-family: tahoma, arial, helvetica, sans-serif;\">Homens que completam 19 anos em 2026 tamb\u00e9m devem levar <strong data-start=\"2464\" data-end=\"2499\">certificado de quita\u00e7\u00e3o militar<\/strong>.<\/span><\/p>\n<h3 data-section-id=\"cecnly\" data-start=\"2502\" data-end=\"2521\"><span style=\"font-size: 12pt; font-family: tahoma, arial, helvetica, sans-serif;\">Quem deve votar<\/span><\/h3>\n<p data-start=\"2522\" data-end=\"2531\"><span style=\"font-size: 12pt; font-family: tahoma, arial, helvetica, sans-serif;\">O voto \u00e9:<\/span><\/p>\n<ul data-start=\"2532\" data-end=\"2657\">\n<li data-section-id=\"1q760ho\" data-start=\"2532\" data-end=\"2580\"><span style=\"font-size: 12pt; font-family: tahoma, arial, helvetica, sans-serif;\"><strong data-start=\"2534\" data-end=\"2578\">obrigat\u00f3rio para pessoas de 18 a 70 anos<\/strong><\/span><\/li>\n<li data-section-id=\"6k6pv4\" data-start=\"2581\" data-end=\"2657\"><span style=\"font-size: 12pt; font-family: tahoma, arial, helvetica, sans-serif;\"><strong data-start=\"2583\" data-end=\"2655\">facultativo para jovens de 16 e 17 anos, maiores de 70 e analfabetos<\/strong><\/span><\/li>\n<\/ul>\n<p data-start=\"2659\" data-end=\"2794\"><span style=\"font-size: 12pt; font-family: tahoma, arial, helvetica, sans-serif;\">Jovens a partir de 15 anos j\u00e1 podem solicitar o t\u00edtulo, mas s\u00f3 poder\u00e3o votar se tiverem <strong data-start=\"2747\" data-end=\"2793\">16 anos completos at\u00e9 4 de outubro de 2026<\/strong>.<\/span><\/p>\n<p data-start=\"2796\" data-end=\"2863\" data-is-last-node=\"\" data-is-only-node=\"\"><span style=\"font-size: 12pt; font-family: tahoma, arial, helvetica, sans-serif;\"><strong data-start=\"2796\" data-end=\"2863\" data-is-last-node=\"\">A Justi\u00e7a Eleitoral n\u00e3o coleta biometria de menores de 15 anos.<\/strong><\/span><\/p>\n<\/div>\n<\/div>\n<\/div>\n<\/div>\n<div class=\"z-0 flex min-h-[46px] justify-start\">\n<p data-start=\"822\" data-end=\"1009\"><span style=\"font-family: tahoma, arial, helvetica, sans-serif;\">\u270d\ufe0f <em data-start=\"1160\" data-end=\"1198\" data-is-last-node=\"\">Reportagem: <a href=\"https:\/\/www.facebook.com\/jornalistatonioliveiraon\/\"><strong>Jornalista Toni Oliveira<\/strong><\/a><\/em><\/span><\/p>\n<p data-start=\"1490\" data-end=\"1675\"><span style=\"font-family: tahoma, arial, helvetica, sans-serif;\">\ud83d\udcf2\u00a0Fa\u00e7a uma den\u00fancia ou sugira uma reportagem sobre Pirassunungae regi\u00e3o por meio do WhatsApp do jornal <strong>O Movimento: <a href=\"https:\/\/wa.me\/5519982506789\" target=\"_blank\" rel=\"noreferrer noopener\" data-mrf-link=\"https:\/\/wa.me\/5516991499787\">(19) 98250-6789<\/a>.<\/strong><\/span><\/p>\n<p><span style=\"font-size: 14pt; color: #808080; font-family: tahoma, arial, helvetica, sans-serif;\"><em>Jorna<strong>l O Movimento<\/strong> \u00a0H\u00e1 91 anos, a principal refer\u00eancia em jornalismo na regi\u00e3o<\/em><\/span><\/p>\n<p><span style=\"font-family: tahoma, arial, helvetica, sans-serif;\"><em>( Fica proibida a reprodu\u00e7\u00e3o total ou parcial, c\u00f3pia ou distribui\u00e7\u00e3o do conte\u00fado, sem autoriza\u00e7\u00e3o expressa por parte do <strong>jornal O Movimento<\/strong>)<\/em><\/span><\/p>\n<p><span style=\"font-family: tahoma, arial, helvetica, sans-serif;\"><script src=\"\/\/ads.themoneytizer.com\/s\/gen.js?type=16\"><\/script><\/span><\/p>\n<div id=\"63534-16\" class=\"outbrain-tm\"><span style=\"font-family: tahoma, arial, helvetica, sans-serif;\"><script src=\"\/\/ads.themoneytizer.com\/s\/gen.js?type=16\"><\/script><\/span><\/div>\n<\/div>\n<div class=\"mt-3 w-full empty:hidden\">\n<div class=\"text-center\"><\/div>\n<\/div>\n<\/div>\n<\/div>\n<\/section>\n<div class=\"pointer-events-none -mt-px h-px translate-y-[calc(var(--scroll-root-safe-area-inset-bottom)-14*var(--spacing))]\" aria-hidden=\"true\"><\/div>\n<input type=\"hidden\" id=\"baseurl\" value=\"https:\/\/www.omovimento.com.br\/portal\"><input type=\"hidden\" id=\"audio_nonce\" value=\"e26acdace6\">","protected":false},"excerpt":{"rendered":"<p>Os eleitores de Pirassununga ter\u00e3o mais tempo para regularizar a situa\u00e7\u00e3o eleitoral nos pr\u00f3ximos dias. O cart\u00f3rio eleitoral do munic\u00edpio funcionar\u00e1 com hor\u00e1rio ampliado entre 1\u00ba e 6 de maio, seguindo determina\u00e7\u00e3o do Tribunal Regional Eleitoral de S\u00e3o Paulo para refor\u00e7ar o atendimento antes do fechamento do cadastro. \ud83d\udcf1\u00a0Siga o O Movimento no\u00a0Instagram A medida<\/p>\n","protected":false},"author":3,"featured_media":43954,"comment_status":"open","ping_status":"open","sticky":false,"template":"","format":"standard","meta":{"footnotes":""},"categories":[3],"tags":[],"class_list":{"0":"post-43947","1":"post","2":"type-post","3":"status-publish","4":"format-standard","5":"has-post-thumbnail","7":"category-cidade"},"yoast_head":"<!-- This site is optimized with the Yoast SEO plugin v27.3 - https:\/\/yoast.com\/product\/yoast-seo-wordpress\/ -->\n<title>Elei\u00e7\u00f5es 2026: cart\u00f3rio eleitoral de Pirassununga ter\u00e1 hor\u00e1rio ampliado de 1\u00ba a 6 de maio - Jornal O Movimento<\/title>\n<meta name=\"robots\" content=\"index, follow, max-snippet:-1, max-image-preview:large, max-video-preview:-1\" \/>\n<link rel=\"canonical\" href=\"https:\/\/www.omovimento.com.br\/portal\/cidade\/eleicoes-2026-cartorio-eleitoral-de-pirassununga-tera-horario-ampliado-de-1o-a-6-de-maio\/\" \/>\n<meta property=\"og:locale\" content=\"pt_BR\" \/>\n<meta property=\"og:type\" content=\"article\" \/>\n<meta property=\"og:title\" content=\"Elei\u00e7\u00f5es 2026: cart\u00f3rio eleitoral de Pirassununga ter\u00e1 hor\u00e1rio ampliado de 1\u00ba a 6 de maio - Jornal O Movimento\" \/>\n<meta property=\"og:description\" content=\"Os eleitores de Pirassununga ter\u00e3o mais tempo para regularizar a situa\u00e7\u00e3o eleitoral nos pr\u00f3ximos dias. O cart\u00f3rio eleitoral do munic\u00edpio funcionar\u00e1 com hor\u00e1rio ampliado entre 1\u00ba e 6 de maio, seguindo determina\u00e7\u00e3o do Tribunal Regional Eleitoral de S\u00e3o Paulo para refor\u00e7ar o atendimento antes do fechamento do cadastro. \ud83d\udcf1\u00a0Siga o O Movimento no\u00a0Instagram A medida\" \/>\n<meta property=\"og:url\" content=\"https:\/\/www.omovimento.com.br\/portal\/cidade\/eleicoes-2026-cartorio-eleitoral-de-pirassununga-tera-horario-ampliado-de-1o-a-6-de-maio\/\" \/>\n<meta property=\"og:site_name\" content=\"Jornal O Movimento\" \/>\n<meta property=\"article:published_time\" content=\"2026-04-28T19:24:42+00:00\" \/>\n<meta property=\"article:modified_time\" content=\"2026-04-28T19:51:10+00:00\" \/>\n<meta property=\"og:image\" content=\"https:\/\/www.omovimento.com.br\/portal\/wp-content\/uploads\/2026\/04\/cats-10.jpg\" \/>\n\t<meta property=\"og:image:width\" content=\"1200\" \/>\n\t<meta property=\"og:image:height\" content=\"800\" \/>\n\t<meta property=\"og:image:type\" content=\"image\/jpeg\" \/>\n<meta name=\"author\" content=\"Reda\u00e7\u00e3o\" \/>\n<meta name=\"twitter:card\" content=\"summary_large_image\" \/>\n<meta name=\"twitter:label1\" content=\"Escrito por\" \/>\n\t<meta name=\"twitter:data1\" content=\"Reda\u00e7\u00e3o\" \/>\n\t<meta name=\"twitter:label2\" content=\"Est. tempo de leitura\" \/>\n\t<meta name=\"twitter:data2\" content=\"4 minutos\" \/>\n<script type=\"application\/ld+json\" class=\"yoast-schema-graph\">{\"@context\":\"https:\\\/\\\/schema.org\",\"@graph\":[{\"@type\":\"Article\",\"@id\":\"https:\\\/\\\/www.omovimento.com.br\\\/portal\\\/cidade\\\/eleicoes-2026-cartorio-eleitoral-de-pirassununga-tera-horario-ampliado-de-1o-a-6-de-maio\\\/#article\",\"isPartOf\":{\"@id\":\"https:\\\/\\\/www.omovimento.com.br\\\/portal\\\/cidade\\\/eleicoes-2026-cartorio-eleitoral-de-pirassununga-tera-horario-ampliado-de-1o-a-6-de-maio\\\/\"},\"author\":{\"name\":\"Reda\u00e7\u00e3o\",\"@id\":\"https:\\\/\\\/www.omovimento.com.br\\\/portal\\\/#\\\/schema\\\/person\\\/e7d3971f53952141ade7388e0033ce8d\"},\"headline\":\"Elei\u00e7\u00f5es 2026: cart\u00f3rio eleitoral de Pirassununga ter\u00e1 hor\u00e1rio ampliado de 1\u00ba a 6 de maio\",\"datePublished\":\"2026-04-28T19:24:42+00:00\",\"dateModified\":\"2026-04-28T19:51:10+00:00\",\"mainEntityOfPage\":{\"@id\":\"https:\\\/\\\/www.omovimento.com.br\\\/portal\\\/cidade\\\/eleicoes-2026-cartorio-eleitoral-de-pirassununga-tera-horario-ampliado-de-1o-a-6-de-maio\\\/\"},\"wordCount\":532,\"commentCount\":0,\"publisher\":{\"@id\":\"https:\\\/\\\/www.omovimento.com.br\\\/portal\\\/#organization\"},\"image\":{\"@id\":\"https:\\\/\\\/www.omovimento.com.br\\\/portal\\\/cidade\\\/eleicoes-2026-cartorio-eleitoral-de-pirassununga-tera-horario-ampliado-de-1o-a-6-de-maio\\\/#primaryimage\"},\"thumbnailUrl\":\"https:\\\/\\\/www.omovimento.com.br\\\/portal\\\/wp-content\\\/uploads\\\/2026\\\/04\\\/cats-10.jpg\",\"articleSection\":[\"Cidade\"],\"inLanguage\":\"pt-BR\",\"potentialAction\":[{\"@type\":\"CommentAction\",\"name\":\"Comment\",\"target\":[\"https:\\\/\\\/www.omovimento.com.br\\\/portal\\\/cidade\\\/eleicoes-2026-cartorio-eleitoral-de-pirassununga-tera-horario-ampliado-de-1o-a-6-de-maio\\\/#respond\"]}]},{\"@type\":\"WebPage\",\"@id\":\"https:\\\/\\\/www.omovimento.com.br\\\/portal\\\/cidade\\\/eleicoes-2026-cartorio-eleitoral-de-pirassununga-tera-horario-ampliado-de-1o-a-6-de-maio\\\/\",\"url\":\"https:\\\/\\\/www.omovimento.com.br\\\/portal\\\/cidade\\\/eleicoes-2026-cartorio-eleitoral-de-pirassununga-tera-horario-ampliado-de-1o-a-6-de-maio\\\/\",\"name\":\"Elei\u00e7\u00f5es 2026: cart\u00f3rio eleitoral de Pirassununga ter\u00e1 hor\u00e1rio ampliado de 1\u00ba a 6 de maio - Jornal O Movimento\",\"isPartOf\":{\"@id\":\"https:\\\/\\\/www.omovimento.com.br\\\/portal\\\/#website\"},\"primaryImageOfPage\":{\"@id\":\"https:\\\/\\\/www.omovimento.com.br\\\/portal\\\/cidade\\\/eleicoes-2026-cartorio-eleitoral-de-pirassununga-tera-horario-ampliado-de-1o-a-6-de-maio\\\/#primaryimage\"},\"image\":{\"@id\":\"https:\\\/\\\/www.omovimento.com.br\\\/portal\\\/cidade\\\/eleicoes-2026-cartorio-eleitoral-de-pirassununga-tera-horario-ampliado-de-1o-a-6-de-maio\\\/#primaryimage\"},\"thumbnailUrl\":\"https:\\\/\\\/www.omovimento.com.br\\\/portal\\\/wp-content\\\/uploads\\\/2026\\\/04\\\/cats-10.jpg\",\"datePublished\":\"2026-04-28T19:24:42+00:00\",\"dateModified\":\"2026-04-28T19:51:10+00:00\",\"breadcrumb\":{\"@id\":\"https:\\\/\\\/www.omovimento.com.br\\\/portal\\\/cidade\\\/eleicoes-2026-cartorio-eleitoral-de-pirassununga-tera-horario-ampliado-de-1o-a-6-de-maio\\\/#breadcrumb\"},\"inLanguage\":\"pt-BR\",\"potentialAction\":[{\"@type\":\"ReadAction\",\"target\":[\"https:\\\/\\\/www.omovimento.com.br\\\/portal\\\/cidade\\\/eleicoes-2026-cartorio-eleitoral-de-pirassununga-tera-horario-ampliado-de-1o-a-6-de-maio\\\/\"]}]},{\"@type\":\"ImageObject\",\"inLanguage\":\"pt-BR\",\"@id\":\"https:\\\/\\\/www.omovimento.com.br\\\/portal\\\/cidade\\\/eleicoes-2026-cartorio-eleitoral-de-pirassununga-tera-horario-ampliado-de-1o-a-6-de-maio\\\/#primaryimage\",\"url\":\"https:\\\/\\\/www.omovimento.com.br\\\/portal\\\/wp-content\\\/uploads\\\/2026\\\/04\\\/cats-10.jpg\",\"contentUrl\":\"https:\\\/\\\/www.omovimento.com.br\\\/portal\\\/wp-content\\\/uploads\\\/2026\\\/04\\\/cats-10.jpg\",\"width\":1200,\"height\":800,\"caption\":\"Foto: Reprodu\u00e7\u00e3o\\\/TRE-SP\"},{\"@type\":\"BreadcrumbList\",\"@id\":\"https:\\\/\\\/www.omovimento.com.br\\\/portal\\\/cidade\\\/eleicoes-2026-cartorio-eleitoral-de-pirassununga-tera-horario-ampliado-de-1o-a-6-de-maio\\\/#breadcrumb\",\"itemListElement\":[{\"@type\":\"ListItem\",\"position\":1,\"name\":\"In\u00edcio\",\"item\":\"https:\\\/\\\/www.omovimento.com.br\\\/portal\\\/\"},{\"@type\":\"ListItem\",\"position\":2,\"name\":\"Elei\u00e7\u00f5es 2026: cart\u00f3rio eleitoral de Pirassununga ter\u00e1 hor\u00e1rio ampliado de 1\u00ba a 6 de maio\"}]},{\"@type\":\"WebSite\",\"@id\":\"https:\\\/\\\/www.omovimento.com.br\\\/portal\\\/#website\",\"url\":\"https:\\\/\\\/www.omovimento.com.br\\\/portal\\\/\",\"name\":\"Jornal O Movimento\",\"description\":\"\",\"publisher\":{\"@id\":\"https:\\\/\\\/www.omovimento.com.br\\\/portal\\\/#organization\"},\"potentialAction\":[{\"@type\":\"SearchAction\",\"target\":{\"@type\":\"EntryPoint\",\"urlTemplate\":\"https:\\\/\\\/www.omovimento.com.br\\\/portal\\\/?s={search_term_string}\"},\"query-input\":{\"@type\":\"PropertyValueSpecification\",\"valueRequired\":true,\"valueName\":\"search_term_string\"}}],\"inLanguage\":\"pt-BR\"},{\"@type\":\"Organization\",\"@id\":\"https:\\\/\\\/www.omovimento.com.br\\\/portal\\\/#organization\",\"name\":\"Jornal O Movimento\",\"url\":\"https:\\\/\\\/www.omovimento.com.br\\\/portal\\\/\",\"logo\":{\"@type\":\"ImageObject\",\"inLanguage\":\"pt-BR\",\"@id\":\"https:\\\/\\\/www.omovimento.com.br\\\/portal\\\/#\\\/schema\\\/logo\\\/image\\\/\",\"url\":\"https:\\\/\\\/www.omovimento.com.br\\\/portal\\\/wp-content\\\/uploads\\\/2026\\\/03\\\/logo_jornal_O_Movimento-1-1536x343-1-1.png\",\"contentUrl\":\"https:\\\/\\\/www.omovimento.com.br\\\/portal\\\/wp-content\\\/uploads\\\/2026\\\/03\\\/logo_jornal_O_Movimento-1-1536x343-1-1.png\",\"width\":1536,\"height\":343,\"caption\":\"Jornal O Movimento\"},\"image\":{\"@id\":\"https:\\\/\\\/www.omovimento.com.br\\\/portal\\\/#\\\/schema\\\/logo\\\/image\\\/\"}},{\"@type\":\"Person\",\"@id\":\"https:\\\/\\\/www.omovimento.com.br\\\/portal\\\/#\\\/schema\\\/person\\\/e7d3971f53952141ade7388e0033ce8d\",\"name\":\"Reda\u00e7\u00e3o\",\"image\":{\"@type\":\"ImageObject\",\"inLanguage\":\"pt-BR\",\"@id\":\"https:\\\/\\\/secure.gravatar.com\\\/avatar\\\/549ab8e14173ace5e8b1c3bd80cf838bc0d00b7e1b65a361093164d85a62d45b?s=96&d=mm&r=g\",\"url\":\"https:\\\/\\\/secure.gravatar.com\\\/avatar\\\/549ab8e14173ace5e8b1c3bd80cf838bc0d00b7e1b65a361093164d85a62d45b?s=96&d=mm&r=g\",\"contentUrl\":\"https:\\\/\\\/secure.gravatar.com\\\/avatar\\\/549ab8e14173ace5e8b1c3bd80cf838bc0d00b7e1b65a361093164d85a62d45b?s=96&d=mm&r=g\",\"caption\":\"Reda\u00e7\u00e3o\"},\"url\":\"https:\\\/\\\/www.omovimento.com.br\\\/portal\\\/author\\\/admin\\\/\"}]}<\/script>\n<!-- \/ Yoast SEO plugin. -->","yoast_head_json":{"title":"Elei\u00e7\u00f5es 2026: cart\u00f3rio eleitoral de Pirassununga ter\u00e1 hor\u00e1rio ampliado de 1\u00ba a 6 de maio - Jornal O Movimento","robots":{"index":"index","follow":"follow","max-snippet":"max-snippet:-1","max-image-preview":"max-image-preview:large","max-video-preview":"max-video-preview:-1"},"canonical":"https:\/\/www.omovimento.com.br\/portal\/cidade\/eleicoes-2026-cartorio-eleitoral-de-pirassununga-tera-horario-ampliado-de-1o-a-6-de-maio\/","og_locale":"pt_BR","og_type":"article","og_title":"Elei\u00e7\u00f5es 2026: cart\u00f3rio eleitoral de Pirassununga ter\u00e1 hor\u00e1rio ampliado de 1\u00ba a 6 de maio - Jornal O Movimento","og_description":"Os eleitores de Pirassununga ter\u00e3o mais tempo para regularizar a situa\u00e7\u00e3o eleitoral nos pr\u00f3ximos dias. O cart\u00f3rio eleitoral do munic\u00edpio funcionar\u00e1 com hor\u00e1rio ampliado entre 1\u00ba e 6 de maio, seguindo determina\u00e7\u00e3o do Tribunal Regional Eleitoral de S\u00e3o Paulo para refor\u00e7ar o atendimento antes do fechamento do cadastro. \ud83d\udcf1\u00a0Siga o O Movimento no\u00a0Instagram A medida","og_url":"https:\/\/www.omovimento.com.br\/portal\/cidade\/eleicoes-2026-cartorio-eleitoral-de-pirassununga-tera-horario-ampliado-de-1o-a-6-de-maio\/","og_site_name":"Jornal O Movimento","article_published_time":"2026-04-28T19:24:42+00:00","article_modified_time":"2026-04-28T19:51:10+00:00","og_image":[{"width":1200,"height":800,"url":"https:\/\/www.omovimento.com.br\/portal\/wp-content\/uploads\/2026\/04\/cats-10.jpg","type":"image\/jpeg"}],"author":"Reda\u00e7\u00e3o","twitter_card":"summary_large_image","twitter_misc":{"Escrito por":"Reda\u00e7\u00e3o","Est. tempo de leitura":"4 minutos"},"schema":{"@context":"https:\/\/schema.org","@graph":[{"@type":"Article","@id":"https:\/\/www.omovimento.com.br\/portal\/cidade\/eleicoes-2026-cartorio-eleitoral-de-pirassununga-tera-horario-ampliado-de-1o-a-6-de-maio\/#article","isPartOf":{"@id":"https:\/\/www.omovimento.com.br\/portal\/cidade\/eleicoes-2026-cartorio-eleitoral-de-pirassununga-tera-horario-ampliado-de-1o-a-6-de-maio\/"},"author":{"name":"Reda\u00e7\u00e3o","@id":"https:\/\/www.omovimento.com.br\/portal\/#\/schema\/person\/e7d3971f53952141ade7388e0033ce8d"},"headline":"Elei\u00e7\u00f5es 2026: cart\u00f3rio eleitoral de Pirassununga ter\u00e1 hor\u00e1rio ampliado de 1\u00ba a 6 de maio","datePublished":"2026-04-28T19:24:42+00:00","dateModified":"2026-04-28T19:51:10+00:00","mainEntityOfPage":{"@id":"https:\/\/www.omovimento.com.br\/portal\/cidade\/eleicoes-2026-cartorio-eleitoral-de-pirassununga-tera-horario-ampliado-de-1o-a-6-de-maio\/"},"wordCount":532,"commentCount":0,"publisher":{"@id":"https:\/\/www.omovimento.com.br\/portal\/#organization"},"image":{"@id":"https:\/\/www.omovimento.com.br\/portal\/cidade\/eleicoes-2026-cartorio-eleitoral-de-pirassununga-tera-horario-ampliado-de-1o-a-6-de-maio\/#primaryimage"},"thumbnailUrl":"https:\/\/www.omovimento.com.br\/portal\/wp-content\/uploads\/2026\/04\/cats-10.jpg","articleSection":["Cidade"],"inLanguage":"pt-BR","potentialAction":[{"@type":"CommentAction","name":"Comment","target":["https:\/\/www.omovimento.com.br\/portal\/cidade\/eleicoes-2026-cartorio-eleitoral-de-pirassununga-tera-horario-ampliado-de-1o-a-6-de-maio\/#respond"]}]},{"@type":"WebPage","@id":"https:\/\/www.omovimento.com.br\/portal\/cidade\/eleicoes-2026-cartorio-eleitoral-de-pirassununga-tera-horario-ampliado-de-1o-a-6-de-maio\/","url":"https:\/\/www.omovimento.com.br\/portal\/cidade\/eleicoes-2026-cartorio-eleitoral-de-pirassununga-tera-horario-ampliado-de-1o-a-6-de-maio\/","name":"Elei\u00e7\u00f5es 2026: cart\u00f3rio eleitoral de Pirassununga ter\u00e1 hor\u00e1rio ampliado de 1\u00ba a 6 de maio - Jornal O Movimento","isPartOf":{"@id":"https:\/\/www.omovimento.com.br\/portal\/#website"},"primaryImageOfPage":{"@id":"https:\/\/www.omovimento.com.br\/portal\/cidade\/eleicoes-2026-cartorio-eleitoral-de-pirassununga-tera-horario-ampliado-de-1o-a-6-de-maio\/#primaryimage"},"image":{"@id":"https:\/\/www.omovimento.com.br\/portal\/cidade\/eleicoes-2026-cartorio-eleitoral-de-pirassununga-tera-horario-ampliado-de-1o-a-6-de-maio\/#primaryimage"},"thumbnailUrl":"https:\/\/www.omovimento.com.br\/portal\/wp-content\/uploads\/2026\/04\/cats-10.jpg","datePublished":"2026-04-28T19:24:42+00:00","dateModified":"2026-04-28T19:51:10+00:00","breadcrumb":{"@id":"https:\/\/www.omovimento.com.br\/portal\/cidade\/eleicoes-2026-cartorio-eleitoral-de-pirassununga-tera-horario-ampliado-de-1o-a-6-de-maio\/#breadcrumb"},"inLanguage":"pt-BR","potentialAction":[{"@type":"ReadAction","target":["https:\/\/www.omovimento.com.br\/portal\/cidade\/eleicoes-2026-cartorio-eleitoral-de-pirassununga-tera-horario-ampliado-de-1o-a-6-de-maio\/"]}]},{"@type":"ImageObject","inLanguage":"pt-BR","@id":"https:\/\/www.omovimento.com.br\/portal\/cidade\/eleicoes-2026-cartorio-eleitoral-de-pirassununga-tera-horario-ampliado-de-1o-a-6-de-maio\/#primaryimage","url":"https:\/\/www.omovimento.com.br\/portal\/wp-content\/uploads\/2026\/04\/cats-10.jpg","contentUrl":"https:\/\/www.omovimento.com.br\/portal\/wp-content\/uploads\/2026\/04\/cats-10.jpg","width":1200,"height":800,"caption":"Foto: Reprodu\u00e7\u00e3o\/TRE-SP"},{"@type":"BreadcrumbList","@id":"https:\/\/www.omovimento.com.br\/portal\/cidade\/eleicoes-2026-cartorio-eleitoral-de-pirassununga-tera-horario-ampliado-de-1o-a-6-de-maio\/#breadcrumb","itemListElement":[{"@type":"ListItem","position":1,"name":"In\u00edcio","item":"https:\/\/www.omovimento.com.br\/portal\/"},{"@type":"ListItem","position":2,"name":"Elei\u00e7\u00f5es 2026: cart\u00f3rio eleitoral de Pirassununga ter\u00e1 hor\u00e1rio ampliado de 1\u00ba a 6 de maio"}]},{"@type":"WebSite","@id":"https:\/\/www.omovimento.com.br\/portal\/#website","url":"https:\/\/www.omovimento.com.br\/portal\/","name":"Jornal O Movimento","description":"","publisher":{"@id":"https:\/\/www.omovimento.com.br\/portal\/#organization"},"potentialAction":[{"@type":"SearchAction","target":{"@type":"EntryPoint","urlTemplate":"https:\/\/www.omovimento.com.br\/portal\/?s={search_term_string}"},"query-input":{"@type":"PropertyValueSpecification","valueRequired":true,"valueName":"search_term_string"}}],"inLanguage":"pt-BR"},{"@type":"Organization","@id":"https:\/\/www.omovimento.com.br\/portal\/#organization","name":"Jornal O Movimento","url":"https:\/\/www.omovimento.com.br\/portal\/","logo":{"@type":"ImageObject","inLanguage":"pt-BR","@id":"https:\/\/www.omovimento.com.br\/portal\/#\/schema\/logo\/image\/","url":"https:\/\/www.omovimento.com.br\/portal\/wp-content\/uploads\/2026\/03\/logo_jornal_O_Movimento-1-1536x343-1-1.png","contentUrl":"https:\/\/www.omovimento.com.br\/portal\/wp-content\/uploads\/2026\/03\/logo_jornal_O_Movimento-1-1536x343-1-1.png","width":1536,"height":343,"caption":"Jornal O Movimento"},"image":{"@id":"https:\/\/www.omovimento.com.br\/portal\/#\/schema\/logo\/image\/"}},{"@type":"Person","@id":"https:\/\/www.omovimento.com.br\/portal\/#\/schema\/person\/e7d3971f53952141ade7388e0033ce8d","name":"Reda\u00e7\u00e3o","image":{"@type":"ImageObject","inLanguage":"pt-BR","@id":"https:\/\/secure.gravatar.com\/avatar\/549ab8e14173ace5e8b1c3bd80cf838bc0d00b7e1b65a361093164d85a62d45b?s=96&d=mm&r=g","url":"https:\/\/secure.gravatar.com\/avatar\/549ab8e14173ace5e8b1c3bd80cf838bc0d00b7e1b65a361093164d85a62d45b?s=96&d=mm&r=g","contentUrl":"https:\/\/secure.gravatar.com\/avatar\/549ab8e14173ace5e8b1c3bd80cf838bc0d00b7e1b65a361093164d85a62d45b?s=96&d=mm&r=g","caption":"Reda\u00e7\u00e3o"},"url":"https:\/\/www.omovimento.com.br\/portal\/author\/admin\/"}]}},"_links":{"self":[{"href":"https:\/\/www.omovimento.com.br\/portal\/wp-json\/wp\/v2\/posts\/43947","targetHints":{"allow":["GET"]}}],"collection":[{"href":"https:\/\/www.omovimento.com.br\/portal\/wp-json\/wp\/v2\/posts"}],"about":[{"href":"https:\/\/www.omovimento.com.br\/portal\/wp-json\/wp\/v2\/types\/post"}],"author":[{"embeddable":true,"href":"https:\/\/www.omovimento.com.br\/portal\/wp-json\/wp\/v2\/users\/3"}],"replies":[{"embeddable":true,"href":"https:\/\/www.omovimento.com.br\/portal\/wp-json\/wp\/v2\/comments?post=43947"}],"version-history":[{"count":5,"href":"https:\/\/www.omovimento.com.br\/portal\/wp-json\/wp\/v2\/posts\/43947\/revisions"}],"predecessor-version":[{"id":43955,"href":"https:\/\/www.omovimento.com.br\/portal\/wp-json\/wp\/v2\/posts\/43947\/revisions\/43955"}],"wp:featuredmedia":[{"embeddable":true,"href":"https:\/\/www.omovimento.com.br\/portal\/wp-json\/wp\/v2\/media\/43954"}],"wp:attachment":[{"href":"https:\/\/www.omovimento.com.br\/portal\/wp-json\/wp\/v2\/media?parent=43947"}],"wp:term":[{"taxonomy":"category","embeddable":true,"href":"https:\/\/www.omovimento.com.br\/portal\/wp-json\/wp\/v2\/categories?post=43947"},{"taxonomy":"post_tag","embeddable":true,"href":"https:\/\/www.omovimento.com.br\/portal\/wp-json\/wp\/v2\/tags?post=43947"}],"curies":[{"name":"wp","href":"https:\/\/api.w.org\/{rel}","templated":true}]}}