{"id":43936,"date":"2026-04-27T11:05:23","date_gmt":"2026-04-27T14:05:23","guid":{"rendered":"https:\/\/www.omovimento.com.br\/portal\/?p=43936"},"modified":"2026-04-27T14:07:30","modified_gmt":"2026-04-27T17:07:30","slug":"agente-de-saude-45-anos-e-flagrada-vendendo-medicamentos-proibidos-na-regiao","status":"publish","type":"post","link":"https:\/\/www.omovimento.com.br\/portal\/regiao\/agente-de-saude-45-anos-e-flagrada-vendendo-medicamentos-proibidos-na-regiao\/","title":{"rendered":"Agente de sa\u00fade, 45 anos, \u00e9 flagrada vendendo medicamentos proibidos na regi\u00e3o"},"content":{"rendered":"<section class=\"text-token-text-primary w-full focus:outline-none [--shadow-height:45px] has-data-writing-block:pointer-events-none has-data-writing-block:-mt-(--shadow-height) has-data-writing-block:pt-(--shadow-height) [&amp;:has([data-writing-block])&gt;*]:pointer-events-auto [content-visibility:auto] supports-[content-visibility:auto]:[contain-intrinsic-size:auto_100lvh] R6Vx5W_threadScrollVars scroll-mb-[calc(var(--scroll-root-safe-area-inset-bottom,0px)+var(--thread-response-height))] scroll-mt-[calc(var(--header-height)+min(200px,max(70px,20svh)))]\" dir=\"auto\" data-turn-id=\"request-WEB:5a1ae3db-5c58-4ca7-9b7c-215a968a8867-19\" data-testid=\"conversation-turn-14\" data-scroll-anchor=\"false\" data-turn=\"assistant\">\n<div class=\"text-base my-auto mx-auto pb-10 [--thread-content-margin:var(--thread-content-margin-xs,calc(var(--spacing)*4))] @w-sm\/main:[--thread-content-margin:var(--thread-content-margin-sm,calc(var(--spacing)*6))] @w-lg\/main:[--thread-content-margin:var(--thread-content-margin-lg,calc(var(--spacing)*16))] px-(--thread-content-margin)\">\n<div class=\"[--thread-content-max-width:40rem] @w-lg\/main:[--thread-content-max-width:48rem] mx-auto max-w-(--thread-content-max-width) flex-1 group\/turn-messages focus-visible:outline-hidden relative flex w-full min-w-0 flex-col agent-turn\">\n<div class=\"flex max-w-full flex-col gap-4 grow\">\n<div class=\"min-h-8 text-message relative flex w-full flex-col items-end gap-2 text-start break-words whitespace-normal outline-none keyboard-focused:focus-ring [.text-message+&amp;]:mt-1\" dir=\"auto\" tabindex=\"0\" data-message-author-role=\"assistant\" data-message-id=\"f14ec268-a35e-405e-ab78-60928aeae321\" data-message-model-slug=\"gpt-5-3\" data-turn-start-message=\"true\">\n<div class=\"flex w-full flex-col gap-1 empty:hidden\">\n<div class=\"markdown prose dark:prose-invert w-full wrap-break-word light markdown-new-styling\">\n<p data-start=\"80\" data-end=\"307\"><span style=\"font-size: 12pt; font-family: tahoma, arial, helvetica, sans-serif;\">Uma agente de sa\u00fade, de 45 anos, foi presa em S\u00e3o Jo\u00e3o da Boa Vista (SP) sob suspeita de <strong data-start=\"169\" data-end=\"218\">comercializar medicamentos de forma irregular<\/strong>, incluindo produtos sem registro na Anvisa. Identificada como Michelli Roberta Ormastroni Missassi ela foi presa na manh\u00e3 do dia 24 de abril.<\/span><\/p><div id=\"omovi-3725820372\" class=\"omovi-conteudo-2 omovi-entity-placement\"><div id=\"63534-28\"><script src=\"\/\/ads.themoneytizer.com\/s\/gen.js?type=28\"><\/script><script src=\"\/\/ads.themoneytizer.com\/s\/requestform.js?siteId=63534&formatId=28\" ><\/script><\/div><\/div>\n<p data-start=\"80\" data-end=\"307\"><span style=\"font-family: tahoma, arial, helvetica, sans-serif;\">\ud83d\udcf1 <em>Siga o O Movimento no <a href=\"https:\/\/www.instagram.com\/jornalomovimento\/\">Instagram<\/a><\/em><\/span><\/p>\n<p data-start=\"309\" data-end=\"630\"><span style=\"font-size: 12pt; font-family: tahoma, arial, helvetica, sans-serif;\">A pris\u00e3o ocorreu ap\u00f3s investiga\u00e7\u00e3o conduzida pela Delegacia de Investiga\u00e7\u00f5es sobre Entorpecentes (Dise) e pela Delegacia de Investiga\u00e7\u00f5es Gerais (DIG). Durante o cumprimento de mandado de busca na casa da suspeita, os policiais encontraram <strong data-start=\"549\" data-end=\"629\">uma grande quantidade de materiais m\u00e9dicos e medicamentos de origem duvidosa<\/strong>.<\/span><\/p>\n<p style=\"text-align: center;\" data-start=\"309\" data-end=\"630\"><span style=\"font-family: tahoma, arial, helvetica, sans-serif; font-size: 10pt;\"><strong><span style=\"color: #808080; font-family: tahoma, arial, helvetica, sans-serif;\">= continua ap\u00f3s a publicidade =<\/span><\/strong><\/span><\/p>\n<p data-start=\"309\" data-end=\"630\"><img fetchpriority=\"high\" decoding=\"async\" class=\"alignnone size-full wp-image-43938\" src=\"https:\/\/www.omovimento.com.br\/portal\/wp-content\/uploads\/2026\/04\/3808a8e8-ee81-4e72-8fe3-1039175df172.png\" alt=\"\" width=\"1000\" height=\"417\" srcset=\"https:\/\/www.omovimento.com.br\/portal\/wp-content\/uploads\/2026\/04\/3808a8e8-ee81-4e72-8fe3-1039175df172.png 1000w, https:\/\/www.omovimento.com.br\/portal\/wp-content\/uploads\/2026\/04\/3808a8e8-ee81-4e72-8fe3-1039175df172-300x125.png 300w, https:\/\/www.omovimento.com.br\/portal\/wp-content\/uploads\/2026\/04\/3808a8e8-ee81-4e72-8fe3-1039175df172-768x320.png 768w, https:\/\/www.omovimento.com.br\/portal\/wp-content\/uploads\/2026\/04\/3808a8e8-ee81-4e72-8fe3-1039175df172-150x63.png 150w, https:\/\/www.omovimento.com.br\/portal\/wp-content\/uploads\/2026\/04\/3808a8e8-ee81-4e72-8fe3-1039175df172-450x188.png 450w\" sizes=\"(max-width: 1000px) 100vw, 1000px\" \/><\/p>\n<p data-start=\"632\" data-end=\"967\"><span style=\"font-size: 12pt; font-family: tahoma, arial, helvetica, sans-serif;\">Entre os itens apreendidos estavam <strong data-start=\"667\" data-end=\"793\">rem\u00e9dios sem autoriza\u00e7\u00e3o sanit\u00e1ria, seringas, aplicadores ginecol\u00f3gicos, prontu\u00e1rios, receitu\u00e1rios e uma m\u00e1quina de cart\u00e3o<\/strong>, o que refor\u00e7a a suspeita de comercializa\u00e7\u00e3o. Parte dos produtos estava armazenada na geladeira, incluindo subst\u00e2ncias vindas do exterior e sem libera\u00e7\u00e3o para uso no Brasil.<\/span><\/p>\n<p data-start=\"969\" data-end=\"1188\"><span style=\"font-size: 12pt; font-family: tahoma, arial, helvetica, sans-serif;\">Tamb\u00e9m foram localizadas <strong data-start=\"994\" data-end=\"1040\">dezenas de seringas prontas para aplica\u00e7\u00e3o<\/strong>, al\u00e9m de caixas de medicamentos como o \u201cPondera\u201d, que, segundo apura\u00e7\u00e3o, pertencem a uma unidade de sa\u00fade e seriam de uso restrito a profissionais.<\/span><\/p>\n<p data-start=\"1190\" data-end=\"1540\"><span style=\"font-size: 12pt; font-family: tahoma, arial, helvetica, sans-serif;\"><strong data-start=\"1193\" data-end=\"1248\">Material p\u00fablico em casa levanta suspeita de desvio<\/strong><\/span><br data-start=\"1248\" data-end=\"1251\" \/><span style=\"font-size: 12pt; font-family: tahoma, arial, helvetica, sans-serif;\">Ap\u00f3s a apreens\u00e3o, os policiais foram at\u00e9 a unidade de sa\u00fade onde a mulher trabalha. De acordo com o enfermeiro respons\u00e1vel, alguns dos itens encontrados \u2014 como aplicadores e medicamentos \u2014 s\u00e3o <strong data-start=\"1444\" data-end=\"1485\">amostras e insumos da pr\u00f3pria unidade<\/strong>, o que levanta ind\u00edcios de desvio de material p\u00fablico.<\/span><\/p>\n<p data-start=\"1542\" data-end=\"1766\"><span style=\"font-size: 14pt; font-family: tahoma, arial, helvetica, sans-serif;\"><strong data-start=\"1545\" data-end=\"1578\">Confiss\u00e3o e provas no celular<\/strong><\/span><br data-start=\"1578\" data-end=\"1581\" \/><span style=\"font-size: 12pt; font-family: tahoma, arial, helvetica, sans-serif;\">Questionada, a agente admitiu que <strong data-start=\"1615\" data-end=\"1641\">vendia os medicamentos<\/strong> e afirmou n\u00e3o possuir notas fiscais dos produtos. Ela tamb\u00e9m declarou que mantinha documentos m\u00e9dicos em casa para descarte.<\/span><\/p>\n<p data-start=\"1768\" data-end=\"1947\"><span style=\"font-size: 12pt; font-family: tahoma, arial, helvetica, sans-serif;\">Com autoriza\u00e7\u00e3o judicial, o celular da investigada foi analisado. Os policiais encontraram <strong data-start=\"1859\" data-end=\"1921\">mensagens que indicam negocia\u00e7\u00f5es e venda dos medicamentos<\/strong>, refor\u00e7ando as suspeitas.<\/span><\/p>\n<p data-start=\"1949\" data-end=\"2121\"><span style=\"font-size: 14pt; font-family: tahoma, arial, helvetica, sans-serif;\"><strong data-start=\"1952\" data-end=\"1977\">Crimes e investiga\u00e7\u00e3o<\/strong><\/span><br data-start=\"1977\" data-end=\"1980\" \/><span style=\"font-size: 12pt; font-family: tahoma, arial, helvetica, sans-serif;\">Segundo a pol\u00edcia, a mulher pode responder por <strong data-start=\"2027\" data-end=\"2120\">venda de medicamentos sem registro na Anvisa, oculta\u00e7\u00e3o de documentos p\u00fablicos e peculato<\/strong>.<\/span><\/p>\n<p data-start=\"2123\" data-end=\"2225\"><span style=\"font-size: 12pt; font-family: tahoma, arial, helvetica, sans-serif;\">Ela foi levada para a delegacia, passou por audi\u00eancia de cust\u00f3dia e segue <strong data-start=\"2197\" data-end=\"2224\">\u00e0 disposi\u00e7\u00e3o da Justi\u00e7a<\/strong>.<\/span><\/p>\n<p data-start=\"2227\" data-end=\"2533\"><span style=\"font-size: 14pt; font-family: tahoma, arial, helvetica, sans-serif;\"><strong data-start=\"2230\" data-end=\"2262\">Prefeitura abre procedimento<\/strong><\/span><br data-start=\"2262\" data-end=\"2265\" \/><span style=\"font-size: 12pt; font-family: tahoma, arial, helvetica, sans-serif;\">Em nota, a Prefeitura de S\u00e3o Jo\u00e3o da Boa Vista informou que determinou a abertura de um procedimento administrativo para apurar o caso. A administra\u00e7\u00e3o afirmou ainda que <strong data-start=\"2435\" data-end=\"2491\">n\u00e3o compactua com irregularidades no servi\u00e7o p\u00fablico<\/strong> e que ir\u00e1 colaborar com as investiga\u00e7\u00f5es.<\/span><\/p>\n<p data-start=\"2535\" data-end=\"2561\" data-is-last-node=\"\" data-is-only-node=\"\"><span style=\"font-size: 12pt; font-family: tahoma, arial, helvetica, sans-serif;\">O caso segue em andamento.<\/span><\/p>\n<\/div>\n<\/div>\n<\/div>\n<\/div>\n<div class=\"z-0 flex min-h-[46px] justify-start\">\n<p data-start=\"822\" data-end=\"1009\"><span style=\"font-family: tahoma, arial, helvetica, sans-serif;\">\u270d\ufe0f <em data-start=\"1160\" data-end=\"1198\" data-is-last-node=\"\">Reportagem: <a href=\"https:\/\/www.facebook.com\/jornalistatonioliveiraon\/\"><strong>Jornalista Toni Oliveira<\/strong><\/a><\/em><\/span><\/p>\n<p data-start=\"1490\" data-end=\"1675\"><span style=\"font-family: tahoma, arial, helvetica, sans-serif;\">\ud83d\udcf2\u00a0Fa\u00e7a uma den\u00fancia ou sugira uma reportagem sobre Pirassunungae regi\u00e3o por meio do WhatsApp do jornal <strong>O Movimento: <a href=\"https:\/\/wa.me\/5519982506789\" target=\"_blank\" rel=\"noreferrer noopener\" data-mrf-link=\"https:\/\/wa.me\/5516991499787\">(19) 98250-6789<\/a>.<\/strong><\/span><\/p>\n<p><span style=\"font-size: 14pt; color: #808080; font-family: tahoma, arial, helvetica, sans-serif;\"><em>Jorna<strong>l O Movimento<\/strong> \u00a0H\u00e1 91 anos, a principal refer\u00eancia em jornalismo na regi\u00e3o<\/em><\/span><\/p>\n<p><span style=\"font-family: tahoma, arial, helvetica, sans-serif;\"><em>( Fica proibida a reprodu\u00e7\u00e3o total ou parcial, c\u00f3pia ou distribui\u00e7\u00e3o do conte\u00fado, sem autoriza\u00e7\u00e3o expressa por parte do <strong>jornal O Movimento<\/strong>)<\/em><\/span><\/p>\n<p><span style=\"font-family: tahoma, arial, helvetica, sans-serif;\"><script src=\"\/\/ads.themoneytizer.com\/s\/gen.js?type=16\"><\/script><\/span><\/p>\n<div id=\"63534-16\" class=\"outbrain-tm\"><span style=\"font-family: tahoma, arial, helvetica, sans-serif;\"><script src=\"\/\/ads.themoneytizer.com\/s\/gen.js?type=16\"><\/script><\/span><\/div>\n<\/div>\n<\/div>\n<\/div>\n<\/section>\n<input type=\"hidden\" id=\"baseurl\" value=\"https:\/\/www.omovimento.com.br\/portal\"><input type=\"hidden\" id=\"audio_nonce\" value=\"6da8b2b047\">","protected":false},"excerpt":{"rendered":"<p>Uma agente de sa\u00fade, de 45 anos, foi presa em S\u00e3o Jo\u00e3o da Boa Vista (SP) sob suspeita de comercializar medicamentos de forma irregular, incluindo produtos sem registro na Anvisa. Identificada como Michelli Roberta Ormastroni Missassi ela foi presa na manh\u00e3 do dia 24 de abril. \ud83d\udcf1 Siga o O Movimento no Instagram A pris\u00e3o<\/p>\n","protected":false},"author":3,"featured_media":43937,"comment_status":"open","ping_status":"open","sticky":false,"template":"","format":"standard","meta":{"footnotes":""},"categories":[541],"tags":[],"class_list":{"0":"post-43936","1":"post","2":"type-post","3":"status-publish","4":"format-standard","5":"has-post-thumbnail","7":"category-regiao"},"yoast_head":"<!-- This site is optimized with the Yoast SEO plugin v27.3 - https:\/\/yoast.com\/product\/yoast-seo-wordpress\/ -->\n<title>Agente de sa\u00fade, 45 anos, \u00e9 flagrada vendendo medicamentos proibidos na regi\u00e3o - Jornal O Movimento<\/title>\n<meta name=\"robots\" content=\"index, follow, max-snippet:-1, max-image-preview:large, max-video-preview:-1\" \/>\n<link rel=\"canonical\" href=\"https:\/\/www.omovimento.com.br\/portal\/regiao\/agente-de-saude-45-anos-e-flagrada-vendendo-medicamentos-proibidos-na-regiao\/\" \/>\n<meta property=\"og:locale\" content=\"pt_BR\" \/>\n<meta property=\"og:type\" content=\"article\" \/>\n<meta property=\"og:title\" content=\"Agente de sa\u00fade, 45 anos, \u00e9 flagrada vendendo medicamentos proibidos na regi\u00e3o - Jornal O Movimento\" \/>\n<meta property=\"og:description\" content=\"Uma agente de sa\u00fade, de 45 anos, foi presa em S\u00e3o Jo\u00e3o da Boa Vista (SP) sob suspeita de comercializar medicamentos de forma irregular, incluindo produtos sem registro na Anvisa. Identificada como Michelli Roberta Ormastroni Missassi ela foi presa na manh\u00e3 do dia 24 de abril. \ud83d\udcf1 Siga o O Movimento no Instagram A pris\u00e3o\" \/>\n<meta property=\"og:url\" content=\"https:\/\/www.omovimento.com.br\/portal\/regiao\/agente-de-saude-45-anos-e-flagrada-vendendo-medicamentos-proibidos-na-regiao\/\" \/>\n<meta property=\"og:site_name\" content=\"Jornal O Movimento\" \/>\n<meta property=\"article:published_time\" content=\"2026-04-27T14:05:23+00:00\" \/>\n<meta property=\"article:modified_time\" content=\"2026-04-27T17:07:30+00:00\" \/>\n<meta property=\"og:image\" content=\"https:\/\/www.omovimento.com.br\/portal\/wp-content\/uploads\/2026\/04\/prersa.jpg\" \/>\n\t<meta property=\"og:image:width\" content=\"984\" \/>\n\t<meta property=\"og:image:height\" content=\"604\" \/>\n\t<meta property=\"og:image:type\" content=\"image\/jpeg\" \/>\n<meta name=\"author\" content=\"Reda\u00e7\u00e3o\" \/>\n<meta name=\"twitter:card\" content=\"summary_large_image\" \/>\n<meta name=\"twitter:label1\" content=\"Escrito por\" \/>\n\t<meta name=\"twitter:data1\" content=\"Reda\u00e7\u00e3o\" \/>\n\t<meta name=\"twitter:label2\" content=\"Est. tempo de leitura\" \/>\n\t<meta name=\"twitter:data2\" content=\"3 minutos\" \/>\n<script type=\"application\/ld+json\" class=\"yoast-schema-graph\">{\"@context\":\"https:\\\/\\\/schema.org\",\"@graph\":[{\"@type\":\"Article\",\"@id\":\"https:\\\/\\\/www.omovimento.com.br\\\/portal\\\/regiao\\\/agente-de-saude-45-anos-e-flagrada-vendendo-medicamentos-proibidos-na-regiao\\\/#article\",\"isPartOf\":{\"@id\":\"https:\\\/\\\/www.omovimento.com.br\\\/portal\\\/regiao\\\/agente-de-saude-45-anos-e-flagrada-vendendo-medicamentos-proibidos-na-regiao\\\/\"},\"author\":{\"name\":\"Reda\u00e7\u00e3o\",\"@id\":\"https:\\\/\\\/www.omovimento.com.br\\\/portal\\\/#\\\/schema\\\/person\\\/e7d3971f53952141ade7388e0033ce8d\"},\"headline\":\"Agente de sa\u00fade, 45 anos, \u00e9 flagrada vendendo medicamentos proibidos na regi\u00e3o\",\"datePublished\":\"2026-04-27T14:05:23+00:00\",\"dateModified\":\"2026-04-27T17:07:30+00:00\",\"mainEntityOfPage\":{\"@id\":\"https:\\\/\\\/www.omovimento.com.br\\\/portal\\\/regiao\\\/agente-de-saude-45-anos-e-flagrada-vendendo-medicamentos-proibidos-na-regiao\\\/\"},\"wordCount\":511,\"commentCount\":0,\"publisher\":{\"@id\":\"https:\\\/\\\/www.omovimento.com.br\\\/portal\\\/#organization\"},\"image\":{\"@id\":\"https:\\\/\\\/www.omovimento.com.br\\\/portal\\\/regiao\\\/agente-de-saude-45-anos-e-flagrada-vendendo-medicamentos-proibidos-na-regiao\\\/#primaryimage\"},\"thumbnailUrl\":\"https:\\\/\\\/www.omovimento.com.br\\\/portal\\\/wp-content\\\/uploads\\\/2026\\\/04\\\/prersa.jpg\",\"articleSection\":[\"Regi\u00e3o\"],\"inLanguage\":\"pt-BR\",\"potentialAction\":[{\"@type\":\"CommentAction\",\"name\":\"Comment\",\"target\":[\"https:\\\/\\\/www.omovimento.com.br\\\/portal\\\/regiao\\\/agente-de-saude-45-anos-e-flagrada-vendendo-medicamentos-proibidos-na-regiao\\\/#respond\"]}]},{\"@type\":\"WebPage\",\"@id\":\"https:\\\/\\\/www.omovimento.com.br\\\/portal\\\/regiao\\\/agente-de-saude-45-anos-e-flagrada-vendendo-medicamentos-proibidos-na-regiao\\\/\",\"url\":\"https:\\\/\\\/www.omovimento.com.br\\\/portal\\\/regiao\\\/agente-de-saude-45-anos-e-flagrada-vendendo-medicamentos-proibidos-na-regiao\\\/\",\"name\":\"Agente de sa\u00fade, 45 anos, \u00e9 flagrada vendendo medicamentos proibidos na regi\u00e3o - Jornal O Movimento\",\"isPartOf\":{\"@id\":\"https:\\\/\\\/www.omovimento.com.br\\\/portal\\\/#website\"},\"primaryImageOfPage\":{\"@id\":\"https:\\\/\\\/www.omovimento.com.br\\\/portal\\\/regiao\\\/agente-de-saude-45-anos-e-flagrada-vendendo-medicamentos-proibidos-na-regiao\\\/#primaryimage\"},\"image\":{\"@id\":\"https:\\\/\\\/www.omovimento.com.br\\\/portal\\\/regiao\\\/agente-de-saude-45-anos-e-flagrada-vendendo-medicamentos-proibidos-na-regiao\\\/#primaryimage\"},\"thumbnailUrl\":\"https:\\\/\\\/www.omovimento.com.br\\\/portal\\\/wp-content\\\/uploads\\\/2026\\\/04\\\/prersa.jpg\",\"datePublished\":\"2026-04-27T14:05:23+00:00\",\"dateModified\":\"2026-04-27T17:07:30+00:00\",\"breadcrumb\":{\"@id\":\"https:\\\/\\\/www.omovimento.com.br\\\/portal\\\/regiao\\\/agente-de-saude-45-anos-e-flagrada-vendendo-medicamentos-proibidos-na-regiao\\\/#breadcrumb\"},\"inLanguage\":\"pt-BR\",\"potentialAction\":[{\"@type\":\"ReadAction\",\"target\":[\"https:\\\/\\\/www.omovimento.com.br\\\/portal\\\/regiao\\\/agente-de-saude-45-anos-e-flagrada-vendendo-medicamentos-proibidos-na-regiao\\\/\"]}]},{\"@type\":\"ImageObject\",\"inLanguage\":\"pt-BR\",\"@id\":\"https:\\\/\\\/www.omovimento.com.br\\\/portal\\\/regiao\\\/agente-de-saude-45-anos-e-flagrada-vendendo-medicamentos-proibidos-na-regiao\\\/#primaryimage\",\"url\":\"https:\\\/\\\/www.omovimento.com.br\\\/portal\\\/wp-content\\\/uploads\\\/2026\\\/04\\\/prersa.jpg\",\"contentUrl\":\"https:\\\/\\\/www.omovimento.com.br\\\/portal\\\/wp-content\\\/uploads\\\/2026\\\/04\\\/prersa.jpg\",\"width\":984,\"height\":604,\"caption\":\"Seringas, rem\u00e9dios e documentos estavam armazenados na resid\u00eancia. \u2014 Foto: Pol\u00edcia Civil\\\/Divulga\u00e7\u00e3o\"},{\"@type\":\"BreadcrumbList\",\"@id\":\"https:\\\/\\\/www.omovimento.com.br\\\/portal\\\/regiao\\\/agente-de-saude-45-anos-e-flagrada-vendendo-medicamentos-proibidos-na-regiao\\\/#breadcrumb\",\"itemListElement\":[{\"@type\":\"ListItem\",\"position\":1,\"name\":\"In\u00edcio\",\"item\":\"https:\\\/\\\/www.omovimento.com.br\\\/portal\\\/\"},{\"@type\":\"ListItem\",\"position\":2,\"name\":\"Agente de sa\u00fade, 45 anos, \u00e9 flagrada vendendo medicamentos proibidos na regi\u00e3o\"}]},{\"@type\":\"WebSite\",\"@id\":\"https:\\\/\\\/www.omovimento.com.br\\\/portal\\\/#website\",\"url\":\"https:\\\/\\\/www.omovimento.com.br\\\/portal\\\/\",\"name\":\"Jornal O Movimento\",\"description\":\"\",\"publisher\":{\"@id\":\"https:\\\/\\\/www.omovimento.com.br\\\/portal\\\/#organization\"},\"potentialAction\":[{\"@type\":\"SearchAction\",\"target\":{\"@type\":\"EntryPoint\",\"urlTemplate\":\"https:\\\/\\\/www.omovimento.com.br\\\/portal\\\/?s={search_term_string}\"},\"query-input\":{\"@type\":\"PropertyValueSpecification\",\"valueRequired\":true,\"valueName\":\"search_term_string\"}}],\"inLanguage\":\"pt-BR\"},{\"@type\":\"Organization\",\"@id\":\"https:\\\/\\\/www.omovimento.com.br\\\/portal\\\/#organization\",\"name\":\"Jornal O Movimento\",\"url\":\"https:\\\/\\\/www.omovimento.com.br\\\/portal\\\/\",\"logo\":{\"@type\":\"ImageObject\",\"inLanguage\":\"pt-BR\",\"@id\":\"https:\\\/\\\/www.omovimento.com.br\\\/portal\\\/#\\\/schema\\\/logo\\\/image\\\/\",\"url\":\"https:\\\/\\\/www.omovimento.com.br\\\/portal\\\/wp-content\\\/uploads\\\/2026\\\/03\\\/logo_jornal_O_Movimento-1-1536x343-1-1.png\",\"contentUrl\":\"https:\\\/\\\/www.omovimento.com.br\\\/portal\\\/wp-content\\\/uploads\\\/2026\\\/03\\\/logo_jornal_O_Movimento-1-1536x343-1-1.png\",\"width\":1536,\"height\":343,\"caption\":\"Jornal O Movimento\"},\"image\":{\"@id\":\"https:\\\/\\\/www.omovimento.com.br\\\/portal\\\/#\\\/schema\\\/logo\\\/image\\\/\"}},{\"@type\":\"Person\",\"@id\":\"https:\\\/\\\/www.omovimento.com.br\\\/portal\\\/#\\\/schema\\\/person\\\/e7d3971f53952141ade7388e0033ce8d\",\"name\":\"Reda\u00e7\u00e3o\",\"image\":{\"@type\":\"ImageObject\",\"inLanguage\":\"pt-BR\",\"@id\":\"https:\\\/\\\/secure.gravatar.com\\\/avatar\\\/549ab8e14173ace5e8b1c3bd80cf838bc0d00b7e1b65a361093164d85a62d45b?s=96&d=mm&r=g\",\"url\":\"https:\\\/\\\/secure.gravatar.com\\\/avatar\\\/549ab8e14173ace5e8b1c3bd80cf838bc0d00b7e1b65a361093164d85a62d45b?s=96&d=mm&r=g\",\"contentUrl\":\"https:\\\/\\\/secure.gravatar.com\\\/avatar\\\/549ab8e14173ace5e8b1c3bd80cf838bc0d00b7e1b65a361093164d85a62d45b?s=96&d=mm&r=g\",\"caption\":\"Reda\u00e7\u00e3o\"},\"url\":\"https:\\\/\\\/www.omovimento.com.br\\\/portal\\\/author\\\/admin\\\/\"}]}<\/script>\n<!-- \/ Yoast SEO plugin. -->","yoast_head_json":{"title":"Agente de sa\u00fade, 45 anos, \u00e9 flagrada vendendo medicamentos proibidos na regi\u00e3o - Jornal O Movimento","robots":{"index":"index","follow":"follow","max-snippet":"max-snippet:-1","max-image-preview":"max-image-preview:large","max-video-preview":"max-video-preview:-1"},"canonical":"https:\/\/www.omovimento.com.br\/portal\/regiao\/agente-de-saude-45-anos-e-flagrada-vendendo-medicamentos-proibidos-na-regiao\/","og_locale":"pt_BR","og_type":"article","og_title":"Agente de sa\u00fade, 45 anos, \u00e9 flagrada vendendo medicamentos proibidos na regi\u00e3o - Jornal O Movimento","og_description":"Uma agente de sa\u00fade, de 45 anos, foi presa em S\u00e3o Jo\u00e3o da Boa Vista (SP) sob suspeita de comercializar medicamentos de forma irregular, incluindo produtos sem registro na Anvisa. Identificada como Michelli Roberta Ormastroni Missassi ela foi presa na manh\u00e3 do dia 24 de abril. \ud83d\udcf1 Siga o O Movimento no Instagram A pris\u00e3o","og_url":"https:\/\/www.omovimento.com.br\/portal\/regiao\/agente-de-saude-45-anos-e-flagrada-vendendo-medicamentos-proibidos-na-regiao\/","og_site_name":"Jornal O Movimento","article_published_time":"2026-04-27T14:05:23+00:00","article_modified_time":"2026-04-27T17:07:30+00:00","og_image":[{"width":984,"height":604,"url":"https:\/\/www.omovimento.com.br\/portal\/wp-content\/uploads\/2026\/04\/prersa.jpg","type":"image\/jpeg"}],"author":"Reda\u00e7\u00e3o","twitter_card":"summary_large_image","twitter_misc":{"Escrito por":"Reda\u00e7\u00e3o","Est. tempo de leitura":"3 minutos"},"schema":{"@context":"https:\/\/schema.org","@graph":[{"@type":"Article","@id":"https:\/\/www.omovimento.com.br\/portal\/regiao\/agente-de-saude-45-anos-e-flagrada-vendendo-medicamentos-proibidos-na-regiao\/#article","isPartOf":{"@id":"https:\/\/www.omovimento.com.br\/portal\/regiao\/agente-de-saude-45-anos-e-flagrada-vendendo-medicamentos-proibidos-na-regiao\/"},"author":{"name":"Reda\u00e7\u00e3o","@id":"https:\/\/www.omovimento.com.br\/portal\/#\/schema\/person\/e7d3971f53952141ade7388e0033ce8d"},"headline":"Agente de sa\u00fade, 45 anos, \u00e9 flagrada vendendo medicamentos proibidos na regi\u00e3o","datePublished":"2026-04-27T14:05:23+00:00","dateModified":"2026-04-27T17:07:30+00:00","mainEntityOfPage":{"@id":"https:\/\/www.omovimento.com.br\/portal\/regiao\/agente-de-saude-45-anos-e-flagrada-vendendo-medicamentos-proibidos-na-regiao\/"},"wordCount":511,"commentCount":0,"publisher":{"@id":"https:\/\/www.omovimento.com.br\/portal\/#organization"},"image":{"@id":"https:\/\/www.omovimento.com.br\/portal\/regiao\/agente-de-saude-45-anos-e-flagrada-vendendo-medicamentos-proibidos-na-regiao\/#primaryimage"},"thumbnailUrl":"https:\/\/www.omovimento.com.br\/portal\/wp-content\/uploads\/2026\/04\/prersa.jpg","articleSection":["Regi\u00e3o"],"inLanguage":"pt-BR","potentialAction":[{"@type":"CommentAction","name":"Comment","target":["https:\/\/www.omovimento.com.br\/portal\/regiao\/agente-de-saude-45-anos-e-flagrada-vendendo-medicamentos-proibidos-na-regiao\/#respond"]}]},{"@type":"WebPage","@id":"https:\/\/www.omovimento.com.br\/portal\/regiao\/agente-de-saude-45-anos-e-flagrada-vendendo-medicamentos-proibidos-na-regiao\/","url":"https:\/\/www.omovimento.com.br\/portal\/regiao\/agente-de-saude-45-anos-e-flagrada-vendendo-medicamentos-proibidos-na-regiao\/","name":"Agente de sa\u00fade, 45 anos, \u00e9 flagrada vendendo medicamentos proibidos na regi\u00e3o - Jornal O Movimento","isPartOf":{"@id":"https:\/\/www.omovimento.com.br\/portal\/#website"},"primaryImageOfPage":{"@id":"https:\/\/www.omovimento.com.br\/portal\/regiao\/agente-de-saude-45-anos-e-flagrada-vendendo-medicamentos-proibidos-na-regiao\/#primaryimage"},"image":{"@id":"https:\/\/www.omovimento.com.br\/portal\/regiao\/agente-de-saude-45-anos-e-flagrada-vendendo-medicamentos-proibidos-na-regiao\/#primaryimage"},"thumbnailUrl":"https:\/\/www.omovimento.com.br\/portal\/wp-content\/uploads\/2026\/04\/prersa.jpg","datePublished":"2026-04-27T14:05:23+00:00","dateModified":"2026-04-27T17:07:30+00:00","breadcrumb":{"@id":"https:\/\/www.omovimento.com.br\/portal\/regiao\/agente-de-saude-45-anos-e-flagrada-vendendo-medicamentos-proibidos-na-regiao\/#breadcrumb"},"inLanguage":"pt-BR","potentialAction":[{"@type":"ReadAction","target":["https:\/\/www.omovimento.com.br\/portal\/regiao\/agente-de-saude-45-anos-e-flagrada-vendendo-medicamentos-proibidos-na-regiao\/"]}]},{"@type":"ImageObject","inLanguage":"pt-BR","@id":"https:\/\/www.omovimento.com.br\/portal\/regiao\/agente-de-saude-45-anos-e-flagrada-vendendo-medicamentos-proibidos-na-regiao\/#primaryimage","url":"https:\/\/www.omovimento.com.br\/portal\/wp-content\/uploads\/2026\/04\/prersa.jpg","contentUrl":"https:\/\/www.omovimento.com.br\/portal\/wp-content\/uploads\/2026\/04\/prersa.jpg","width":984,"height":604,"caption":"Seringas, rem\u00e9dios e documentos estavam armazenados na resid\u00eancia. \u2014 Foto: Pol\u00edcia Civil\/Divulga\u00e7\u00e3o"},{"@type":"BreadcrumbList","@id":"https:\/\/www.omovimento.com.br\/portal\/regiao\/agente-de-saude-45-anos-e-flagrada-vendendo-medicamentos-proibidos-na-regiao\/#breadcrumb","itemListElement":[{"@type":"ListItem","position":1,"name":"In\u00edcio","item":"https:\/\/www.omovimento.com.br\/portal\/"},{"@type":"ListItem","position":2,"name":"Agente de sa\u00fade, 45 anos, \u00e9 flagrada vendendo medicamentos proibidos na regi\u00e3o"}]},{"@type":"WebSite","@id":"https:\/\/www.omovimento.com.br\/portal\/#website","url":"https:\/\/www.omovimento.com.br\/portal\/","name":"Jornal O Movimento","description":"","publisher":{"@id":"https:\/\/www.omovimento.com.br\/portal\/#organization"},"potentialAction":[{"@type":"SearchAction","target":{"@type":"EntryPoint","urlTemplate":"https:\/\/www.omovimento.com.br\/portal\/?s={search_term_string}"},"query-input":{"@type":"PropertyValueSpecification","valueRequired":true,"valueName":"search_term_string"}}],"inLanguage":"pt-BR"},{"@type":"Organization","@id":"https:\/\/www.omovimento.com.br\/portal\/#organization","name":"Jornal O Movimento","url":"https:\/\/www.omovimento.com.br\/portal\/","logo":{"@type":"ImageObject","inLanguage":"pt-BR","@id":"https:\/\/www.omovimento.com.br\/portal\/#\/schema\/logo\/image\/","url":"https:\/\/www.omovimento.com.br\/portal\/wp-content\/uploads\/2026\/03\/logo_jornal_O_Movimento-1-1536x343-1-1.png","contentUrl":"https:\/\/www.omovimento.com.br\/portal\/wp-content\/uploads\/2026\/03\/logo_jornal_O_Movimento-1-1536x343-1-1.png","width":1536,"height":343,"caption":"Jornal O Movimento"},"image":{"@id":"https:\/\/www.omovimento.com.br\/portal\/#\/schema\/logo\/image\/"}},{"@type":"Person","@id":"https:\/\/www.omovimento.com.br\/portal\/#\/schema\/person\/e7d3971f53952141ade7388e0033ce8d","name":"Reda\u00e7\u00e3o","image":{"@type":"ImageObject","inLanguage":"pt-BR","@id":"https:\/\/secure.gravatar.com\/avatar\/549ab8e14173ace5e8b1c3bd80cf838bc0d00b7e1b65a361093164d85a62d45b?s=96&d=mm&r=g","url":"https:\/\/secure.gravatar.com\/avatar\/549ab8e14173ace5e8b1c3bd80cf838bc0d00b7e1b65a361093164d85a62d45b?s=96&d=mm&r=g","contentUrl":"https:\/\/secure.gravatar.com\/avatar\/549ab8e14173ace5e8b1c3bd80cf838bc0d00b7e1b65a361093164d85a62d45b?s=96&d=mm&r=g","caption":"Reda\u00e7\u00e3o"},"url":"https:\/\/www.omovimento.com.br\/portal\/author\/admin\/"}]}},"_links":{"self":[{"href":"https:\/\/www.omovimento.com.br\/portal\/wp-json\/wp\/v2\/posts\/43936","targetHints":{"allow":["GET"]}}],"collection":[{"href":"https:\/\/www.omovimento.com.br\/portal\/wp-json\/wp\/v2\/posts"}],"about":[{"href":"https:\/\/www.omovimento.com.br\/portal\/wp-json\/wp\/v2\/types\/post"}],"author":[{"embeddable":true,"href":"https:\/\/www.omovimento.com.br\/portal\/wp-json\/wp\/v2\/users\/3"}],"replies":[{"embeddable":true,"href":"https:\/\/www.omovimento.com.br\/portal\/wp-json\/wp\/v2\/comments?post=43936"}],"version-history":[{"count":3,"href":"https:\/\/www.omovimento.com.br\/portal\/wp-json\/wp\/v2\/posts\/43936\/revisions"}],"predecessor-version":[{"id":43941,"href":"https:\/\/www.omovimento.com.br\/portal\/wp-json\/wp\/v2\/posts\/43936\/revisions\/43941"}],"wp:featuredmedia":[{"embeddable":true,"href":"https:\/\/www.omovimento.com.br\/portal\/wp-json\/wp\/v2\/media\/43937"}],"wp:attachment":[{"href":"https:\/\/www.omovimento.com.br\/portal\/wp-json\/wp\/v2\/media?parent=43936"}],"wp:term":[{"taxonomy":"category","embeddable":true,"href":"https:\/\/www.omovimento.com.br\/portal\/wp-json\/wp\/v2\/categories?post=43936"},{"taxonomy":"post_tag","embeddable":true,"href":"https:\/\/www.omovimento.com.br\/portal\/wp-json\/wp\/v2\/tags?post=43936"}],"curies":[{"name":"wp","href":"https:\/\/api.w.org\/{rel}","templated":true}]}}