{"id":43902,"date":"2026-04-25T12:45:13","date_gmt":"2026-04-25T15:45:13","guid":{"rendered":"https:\/\/www.omovimento.com.br\/portal\/?p=43902"},"modified":"2026-04-25T12:45:13","modified_gmt":"2026-04-25T15:45:13","slug":"corpo-em-decomposicao-e-encontrado-as-margens-da-rodovia-anhanguera-em-araras","status":"publish","type":"post","link":"https:\/\/www.omovimento.com.br\/portal\/regiao\/corpo-em-decomposicao-e-encontrado-as-margens-da-rodovia-anhanguera-em-araras\/","title":{"rendered":"Corpo em decomposi\u00e7\u00e3o \u00e9 encontrado \u00e0s margens da Rodovia Anhanguera em Araras"},"content":{"rendered":"<p data-start=\"0\" data-end=\"281\"><span style=\"font-size: 12pt; font-family: tahoma, arial, helvetica, sans-serif;\">Um corpo em estado avan\u00e7ado de decomposi\u00e7\u00e3o foi encontrado na manh\u00e3 deste s\u00e1bado (25) \u00e0s margens da <span class=\"hover:entity-accent entity-underline inline cursor-pointer align-baseline\"><span class=\"whitespace-normal\">Rodovia Anhanguera (SP-330)<\/span><\/span>, na altura do km 166, em <span class=\"hover:entity-accent entity-underline inline cursor-pointer align-baseline\"><span class=\"whitespace-normal\">Araras<\/span><\/span>. <strong data-start=\"202\" data-end=\"280\">At\u00e9 o momento, a identidade da v\u00edtima n\u00e3o foi confirmada pelas autoridades<\/strong>.<\/span><\/p><div id=\"omovi-17936625\" class=\"omovi-conteudo-2 omovi-entity-placement\"><div id=\"63534-28\"><script src=\"\/\/ads.themoneytizer.com\/s\/gen.js?type=28\"><\/script><script src=\"\/\/ads.themoneytizer.com\/s\/requestform.js?siteId=63534&formatId=28\" ><\/script><\/div><\/div>\n<p data-start=\"0\" data-end=\"281\"><span style=\"font-family: tahoma, arial, helvetica, sans-serif;\">\ud83d\udcf1 <em>Siga o O Movimento no <a href=\"https:\/\/www.instagram.com\/jornalomovimento\/\">Instagram<\/a><\/em><\/span><\/p>\n<p data-start=\"283\" data-end=\"632\"><span style=\"font-size: 12pt; font-family: tahoma, arial, helvetica, sans-serif;\">De acordo com o Centro de Controle Multimodal (CCM), <strong data-start=\"336\" data-end=\"409\">o corpo foi localizado por um usu\u00e1rio da rodovia em uma \u00e1rea lindeira<\/strong>, faixa de terreno que fica ao lado da pista e pode pertencer tanto ao poder p\u00fablico quanto a propriedades privadas. Ao perceber a situa\u00e7\u00e3o, o motorista abordou um operador de guincho que atuava na via e relatou o ocorrido.<\/span><\/p>\n<p data-start=\"283\" data-end=\"632\"><img decoding=\"async\" class=\"aligncenter\" src=\"https:\/\/www.omovimento.com.br\/portal\/wp-content\/uploads\/2026\/04\/b1.jpg\" \/><\/p>\n<p data-start=\"634\" data-end=\"863\"><span style=\"font-size: 12pt; font-family: tahoma, arial, helvetica, sans-serif;\">O funcion\u00e1rio acionou a Pol\u00edcia Militar Rodovi\u00e1ria, que se deslocou at\u00e9 o ponto indicado para verificar a ocorr\u00eancia. <strong data-start=\"752\" data-end=\"862\">Ap\u00f3s a constata\u00e7\u00e3o, a corpora\u00e7\u00e3o solicitou o apoio da Pol\u00edcia Civil, respons\u00e1vel pela investiga\u00e7\u00e3o do caso<\/strong>.<\/span><\/p>\n<p data-start=\"865\" data-end=\"1058\"><span style=\"font-size: 12pt; font-family: tahoma, arial, helvetica, sans-serif;\">Equipes da per\u00edcia t\u00e9cnica tamb\u00e9m foram mobilizadas. <strong data-start=\"918\" data-end=\"1057\">Os trabalhos no local devem ajudar na identifica\u00e7\u00e3o da v\u00edtima e na coleta de elementos que possam esclarecer as circunst\u00e2ncias da morte<\/strong>.<\/span><\/p>\n<p data-start=\"1060\" data-end=\"1299\" data-is-last-node=\"\" data-is-only-node=\"\"><span style=\"font-size: 12pt; font-family: tahoma, arial, helvetica, sans-serif;\">At\u00e9 o momento, n\u00e3o h\u00e1 informa\u00e7\u00f5es sobre quanto tempo o corpo estava no local nem ind\u00edcios confirmados sobre a causa da morte. <strong data-start=\"1186\" data-end=\"1298\">O caso segue sob investiga\u00e7\u00e3o e novas informa\u00e7\u00f5es devem ser divulgadas ap\u00f3s a conclus\u00e3o dos laudos periciais<\/strong>.<\/span><\/p>\n<p data-start=\"822\" data-end=\"1009\"><span style=\"font-family: tahoma, arial, helvetica, sans-serif;\">\u270d\ufe0f <em data-start=\"1160\" data-end=\"1198\" data-is-last-node=\"\">Reportagem: <a href=\"https:\/\/www.facebook.com\/jornalistatonioliveiraon\/\"><strong>Jornalista Toni Oliveira<\/strong><\/a><\/em><\/span><\/p>\n<p data-start=\"1490\" data-end=\"1675\"><span style=\"font-family: tahoma, arial, helvetica, sans-serif;\">\ud83d\udcf2\u00a0Fa\u00e7a uma den\u00fancia ou sugira uma reportagem sobre Pirassunungae regi\u00e3o por meio do WhatsApp do jornal <strong>O Movimento: <a href=\"https:\/\/wa.me\/5519982506789\" target=\"_blank\" rel=\"noreferrer noopener\" data-mrf-link=\"https:\/\/wa.me\/5516991499787\">(19) 98250-6789<\/a>.<\/strong><\/span><\/p>\n<p><span style=\"font-size: 14pt; color: #808080; font-family: tahoma, arial, helvetica, sans-serif;\"><em>Jorna<strong>l O Movimento<\/strong> \u00a0H\u00e1 91 anos, a principal refer\u00eancia em jornalismo na regi\u00e3o<\/em><\/span><\/p>\n<p><span style=\"font-family: tahoma, arial, helvetica, sans-serif;\"><em>( Fica proibida a reprodu\u00e7\u00e3o total ou parcial, c\u00f3pia ou distribui\u00e7\u00e3o do conte\u00fado, sem autoriza\u00e7\u00e3o expressa por parte do <strong>jornal O Movimento<\/strong>)<\/em><\/span><\/p>\n<p><span style=\"font-family: tahoma, arial, helvetica, sans-serif;\"><script src=\"\/\/ads.themoneytizer.com\/s\/gen.js?type=16\"><\/script><\/span><\/p>\n<div id=\"63534-16\" class=\"outbrain-tm\"><span style=\"font-family: tahoma, arial, helvetica, sans-serif;\"><script src=\"\/\/ads.themoneytizer.com\/s\/gen.js?type=16\"><\/script><\/span><\/div>\n<input type=\"hidden\" id=\"baseurl\" value=\"https:\/\/www.omovimento.com.br\/portal\"><input type=\"hidden\" id=\"audio_nonce\" value=\"36a12b13c2\">","protected":false},"excerpt":{"rendered":"<p>Um corpo em estado avan\u00e7ado de decomposi\u00e7\u00e3o foi encontrado na manh\u00e3 deste s\u00e1bado (25) \u00e0s margens da Rodovia Anhanguera (SP-330), na altura do km 166, em Araras. At\u00e9 o momento, a identidade da v\u00edtima n\u00e3o foi confirmada pelas autoridades. \ud83d\udcf1 Siga o O Movimento no Instagram De acordo com o Centro de Controle Multimodal (CCM),<\/p>\n","protected":false},"author":3,"featured_media":43903,"comment_status":"open","ping_status":"open","sticky":false,"template":"","format":"standard","meta":{"footnotes":""},"categories":[541],"tags":[],"class_list":{"0":"post-43902","1":"post","2":"type-post","3":"status-publish","4":"format-standard","5":"has-post-thumbnail","7":"category-regiao"},"yoast_head":"<!-- This site is optimized with the Yoast SEO plugin v27.3 - https:\/\/yoast.com\/product\/yoast-seo-wordpress\/ -->\n<title>Corpo em decomposi\u00e7\u00e3o \u00e9 encontrado \u00e0s margens da Rodovia Anhanguera em Araras - Jornal O Movimento<\/title>\n<meta name=\"robots\" content=\"index, follow, max-snippet:-1, max-image-preview:large, max-video-preview:-1\" \/>\n<link rel=\"canonical\" href=\"https:\/\/www.omovimento.com.br\/portal\/regiao\/corpo-em-decomposicao-e-encontrado-as-margens-da-rodovia-anhanguera-em-araras\/\" \/>\n<meta property=\"og:locale\" content=\"pt_BR\" \/>\n<meta property=\"og:type\" content=\"article\" \/>\n<meta property=\"og:title\" content=\"Corpo em decomposi\u00e7\u00e3o \u00e9 encontrado \u00e0s margens da Rodovia Anhanguera em Araras - Jornal O Movimento\" \/>\n<meta property=\"og:description\" content=\"Um corpo em estado avan\u00e7ado de decomposi\u00e7\u00e3o foi encontrado na manh\u00e3 deste s\u00e1bado (25) \u00e0s margens da Rodovia Anhanguera (SP-330), na altura do km 166, em Araras. At\u00e9 o momento, a identidade da v\u00edtima n\u00e3o foi confirmada pelas autoridades. \ud83d\udcf1 Siga o O Movimento no Instagram De acordo com o Centro de Controle Multimodal (CCM),\" \/>\n<meta property=\"og:url\" content=\"https:\/\/www.omovimento.com.br\/portal\/regiao\/corpo-em-decomposicao-e-encontrado-as-margens-da-rodovia-anhanguera-em-araras\/\" \/>\n<meta property=\"og:site_name\" content=\"Jornal O Movimento\" \/>\n<meta property=\"article:published_time\" content=\"2026-04-25T15:45:13+00:00\" \/>\n<meta property=\"og:image\" content=\"https:\/\/www.omovimento.com.br\/portal\/wp-content\/uploads\/2026\/04\/cats-8.jpg\" \/>\n\t<meta property=\"og:image:width\" content=\"1000\" \/>\n\t<meta property=\"og:image:height\" content=\"562\" \/>\n\t<meta property=\"og:image:type\" content=\"image\/jpeg\" \/>\n<meta name=\"author\" content=\"Reda\u00e7\u00e3o\" \/>\n<meta name=\"twitter:card\" content=\"summary_large_image\" \/>\n<meta name=\"twitter:label1\" content=\"Escrito por\" \/>\n\t<meta name=\"twitter:data1\" content=\"Reda\u00e7\u00e3o\" \/>\n\t<meta name=\"twitter:label2\" content=\"Est. tempo de leitura\" \/>\n\t<meta name=\"twitter:data2\" content=\"2 minutos\" \/>\n<script type=\"application\/ld+json\" class=\"yoast-schema-graph\">{\"@context\":\"https:\\\/\\\/schema.org\",\"@graph\":[{\"@type\":\"Article\",\"@id\":\"https:\\\/\\\/www.omovimento.com.br\\\/portal\\\/regiao\\\/corpo-em-decomposicao-e-encontrado-as-margens-da-rodovia-anhanguera-em-araras\\\/#article\",\"isPartOf\":{\"@id\":\"https:\\\/\\\/www.omovimento.com.br\\\/portal\\\/regiao\\\/corpo-em-decomposicao-e-encontrado-as-margens-da-rodovia-anhanguera-em-araras\\\/\"},\"author\":{\"name\":\"Reda\u00e7\u00e3o\",\"@id\":\"https:\\\/\\\/www.omovimento.com.br\\\/portal\\\/#\\\/schema\\\/person\\\/e7d3971f53952141ade7388e0033ce8d\"},\"headline\":\"Corpo em decomposi\u00e7\u00e3o \u00e9 encontrado \u00e0s margens da Rodovia Anhanguera em Araras\",\"datePublished\":\"2026-04-25T15:45:13+00:00\",\"mainEntityOfPage\":{\"@id\":\"https:\\\/\\\/www.omovimento.com.br\\\/portal\\\/regiao\\\/corpo-em-decomposicao-e-encontrado-as-margens-da-rodovia-anhanguera-em-araras\\\/\"},\"wordCount\":315,\"commentCount\":0,\"publisher\":{\"@id\":\"https:\\\/\\\/www.omovimento.com.br\\\/portal\\\/#organization\"},\"image\":{\"@id\":\"https:\\\/\\\/www.omovimento.com.br\\\/portal\\\/regiao\\\/corpo-em-decomposicao-e-encontrado-as-margens-da-rodovia-anhanguera-em-araras\\\/#primaryimage\"},\"thumbnailUrl\":\"https:\\\/\\\/www.omovimento.com.br\\\/portal\\\/wp-content\\\/uploads\\\/2026\\\/04\\\/cats-8.jpg\",\"articleSection\":[\"Regi\u00e3o\"],\"inLanguage\":\"pt-BR\",\"potentialAction\":[{\"@type\":\"CommentAction\",\"name\":\"Comment\",\"target\":[\"https:\\\/\\\/www.omovimento.com.br\\\/portal\\\/regiao\\\/corpo-em-decomposicao-e-encontrado-as-margens-da-rodovia-anhanguera-em-araras\\\/#respond\"]}]},{\"@type\":\"WebPage\",\"@id\":\"https:\\\/\\\/www.omovimento.com.br\\\/portal\\\/regiao\\\/corpo-em-decomposicao-e-encontrado-as-margens-da-rodovia-anhanguera-em-araras\\\/\",\"url\":\"https:\\\/\\\/www.omovimento.com.br\\\/portal\\\/regiao\\\/corpo-em-decomposicao-e-encontrado-as-margens-da-rodovia-anhanguera-em-araras\\\/\",\"name\":\"Corpo em decomposi\u00e7\u00e3o \u00e9 encontrado \u00e0s margens da Rodovia Anhanguera em Araras - Jornal O Movimento\",\"isPartOf\":{\"@id\":\"https:\\\/\\\/www.omovimento.com.br\\\/portal\\\/#website\"},\"primaryImageOfPage\":{\"@id\":\"https:\\\/\\\/www.omovimento.com.br\\\/portal\\\/regiao\\\/corpo-em-decomposicao-e-encontrado-as-margens-da-rodovia-anhanguera-em-araras\\\/#primaryimage\"},\"image\":{\"@id\":\"https:\\\/\\\/www.omovimento.com.br\\\/portal\\\/regiao\\\/corpo-em-decomposicao-e-encontrado-as-margens-da-rodovia-anhanguera-em-araras\\\/#primaryimage\"},\"thumbnailUrl\":\"https:\\\/\\\/www.omovimento.com.br\\\/portal\\\/wp-content\\\/uploads\\\/2026\\\/04\\\/cats-8.jpg\",\"datePublished\":\"2026-04-25T15:45:13+00:00\",\"breadcrumb\":{\"@id\":\"https:\\\/\\\/www.omovimento.com.br\\\/portal\\\/regiao\\\/corpo-em-decomposicao-e-encontrado-as-margens-da-rodovia-anhanguera-em-araras\\\/#breadcrumb\"},\"inLanguage\":\"pt-BR\",\"potentialAction\":[{\"@type\":\"ReadAction\",\"target\":[\"https:\\\/\\\/www.omovimento.com.br\\\/portal\\\/regiao\\\/corpo-em-decomposicao-e-encontrado-as-margens-da-rodovia-anhanguera-em-araras\\\/\"]}]},{\"@type\":\"ImageObject\",\"inLanguage\":\"pt-BR\",\"@id\":\"https:\\\/\\\/www.omovimento.com.br\\\/portal\\\/regiao\\\/corpo-em-decomposicao-e-encontrado-as-margens-da-rodovia-anhanguera-em-araras\\\/#primaryimage\",\"url\":\"https:\\\/\\\/www.omovimento.com.br\\\/portal\\\/wp-content\\\/uploads\\\/2026\\\/04\\\/cats-8.jpg\",\"contentUrl\":\"https:\\\/\\\/www.omovimento.com.br\\\/portal\\\/wp-content\\\/uploads\\\/2026\\\/04\\\/cats-8.jpg\",\"width\":1000,\"height\":562,\"caption\":\"Foto: Portal CCM \u2013 ARTESP (ccm.artesp.sp.gov.br)\"},{\"@type\":\"BreadcrumbList\",\"@id\":\"https:\\\/\\\/www.omovimento.com.br\\\/portal\\\/regiao\\\/corpo-em-decomposicao-e-encontrado-as-margens-da-rodovia-anhanguera-em-araras\\\/#breadcrumb\",\"itemListElement\":[{\"@type\":\"ListItem\",\"position\":1,\"name\":\"In\u00edcio\",\"item\":\"https:\\\/\\\/www.omovimento.com.br\\\/portal\\\/\"},{\"@type\":\"ListItem\",\"position\":2,\"name\":\"Corpo em decomposi\u00e7\u00e3o \u00e9 encontrado \u00e0s margens da Rodovia Anhanguera em Araras\"}]},{\"@type\":\"WebSite\",\"@id\":\"https:\\\/\\\/www.omovimento.com.br\\\/portal\\\/#website\",\"url\":\"https:\\\/\\\/www.omovimento.com.br\\\/portal\\\/\",\"name\":\"Jornal O Movimento\",\"description\":\"\",\"publisher\":{\"@id\":\"https:\\\/\\\/www.omovimento.com.br\\\/portal\\\/#organization\"},\"potentialAction\":[{\"@type\":\"SearchAction\",\"target\":{\"@type\":\"EntryPoint\",\"urlTemplate\":\"https:\\\/\\\/www.omovimento.com.br\\\/portal\\\/?s={search_term_string}\"},\"query-input\":{\"@type\":\"PropertyValueSpecification\",\"valueRequired\":true,\"valueName\":\"search_term_string\"}}],\"inLanguage\":\"pt-BR\"},{\"@type\":\"Organization\",\"@id\":\"https:\\\/\\\/www.omovimento.com.br\\\/portal\\\/#organization\",\"name\":\"Jornal O Movimento\",\"url\":\"https:\\\/\\\/www.omovimento.com.br\\\/portal\\\/\",\"logo\":{\"@type\":\"ImageObject\",\"inLanguage\":\"pt-BR\",\"@id\":\"https:\\\/\\\/www.omovimento.com.br\\\/portal\\\/#\\\/schema\\\/logo\\\/image\\\/\",\"url\":\"https:\\\/\\\/www.omovimento.com.br\\\/portal\\\/wp-content\\\/uploads\\\/2026\\\/03\\\/logo_jornal_O_Movimento-1-1536x343-1-1.png\",\"contentUrl\":\"https:\\\/\\\/www.omovimento.com.br\\\/portal\\\/wp-content\\\/uploads\\\/2026\\\/03\\\/logo_jornal_O_Movimento-1-1536x343-1-1.png\",\"width\":1536,\"height\":343,\"caption\":\"Jornal O Movimento\"},\"image\":{\"@id\":\"https:\\\/\\\/www.omovimento.com.br\\\/portal\\\/#\\\/schema\\\/logo\\\/image\\\/\"}},{\"@type\":\"Person\",\"@id\":\"https:\\\/\\\/www.omovimento.com.br\\\/portal\\\/#\\\/schema\\\/person\\\/e7d3971f53952141ade7388e0033ce8d\",\"name\":\"Reda\u00e7\u00e3o\",\"image\":{\"@type\":\"ImageObject\",\"inLanguage\":\"pt-BR\",\"@id\":\"https:\\\/\\\/secure.gravatar.com\\\/avatar\\\/549ab8e14173ace5e8b1c3bd80cf838bc0d00b7e1b65a361093164d85a62d45b?s=96&d=mm&r=g\",\"url\":\"https:\\\/\\\/secure.gravatar.com\\\/avatar\\\/549ab8e14173ace5e8b1c3bd80cf838bc0d00b7e1b65a361093164d85a62d45b?s=96&d=mm&r=g\",\"contentUrl\":\"https:\\\/\\\/secure.gravatar.com\\\/avatar\\\/549ab8e14173ace5e8b1c3bd80cf838bc0d00b7e1b65a361093164d85a62d45b?s=96&d=mm&r=g\",\"caption\":\"Reda\u00e7\u00e3o\"},\"url\":\"https:\\\/\\\/www.omovimento.com.br\\\/portal\\\/author\\\/admin\\\/\"}]}<\/script>\n<!-- \/ Yoast SEO plugin. -->","yoast_head_json":{"title":"Corpo em decomposi\u00e7\u00e3o \u00e9 encontrado \u00e0s margens da Rodovia Anhanguera em Araras - Jornal O Movimento","robots":{"index":"index","follow":"follow","max-snippet":"max-snippet:-1","max-image-preview":"max-image-preview:large","max-video-preview":"max-video-preview:-1"},"canonical":"https:\/\/www.omovimento.com.br\/portal\/regiao\/corpo-em-decomposicao-e-encontrado-as-margens-da-rodovia-anhanguera-em-araras\/","og_locale":"pt_BR","og_type":"article","og_title":"Corpo em decomposi\u00e7\u00e3o \u00e9 encontrado \u00e0s margens da Rodovia Anhanguera em Araras - Jornal O Movimento","og_description":"Um corpo em estado avan\u00e7ado de decomposi\u00e7\u00e3o foi encontrado na manh\u00e3 deste s\u00e1bado (25) \u00e0s margens da Rodovia Anhanguera (SP-330), na altura do km 166, em Araras. At\u00e9 o momento, a identidade da v\u00edtima n\u00e3o foi confirmada pelas autoridades. \ud83d\udcf1 Siga o O Movimento no Instagram De acordo com o Centro de Controle Multimodal (CCM),","og_url":"https:\/\/www.omovimento.com.br\/portal\/regiao\/corpo-em-decomposicao-e-encontrado-as-margens-da-rodovia-anhanguera-em-araras\/","og_site_name":"Jornal O Movimento","article_published_time":"2026-04-25T15:45:13+00:00","og_image":[{"width":1000,"height":562,"url":"https:\/\/www.omovimento.com.br\/portal\/wp-content\/uploads\/2026\/04\/cats-8.jpg","type":"image\/jpeg"}],"author":"Reda\u00e7\u00e3o","twitter_card":"summary_large_image","twitter_misc":{"Escrito por":"Reda\u00e7\u00e3o","Est. tempo de leitura":"2 minutos"},"schema":{"@context":"https:\/\/schema.org","@graph":[{"@type":"Article","@id":"https:\/\/www.omovimento.com.br\/portal\/regiao\/corpo-em-decomposicao-e-encontrado-as-margens-da-rodovia-anhanguera-em-araras\/#article","isPartOf":{"@id":"https:\/\/www.omovimento.com.br\/portal\/regiao\/corpo-em-decomposicao-e-encontrado-as-margens-da-rodovia-anhanguera-em-araras\/"},"author":{"name":"Reda\u00e7\u00e3o","@id":"https:\/\/www.omovimento.com.br\/portal\/#\/schema\/person\/e7d3971f53952141ade7388e0033ce8d"},"headline":"Corpo em decomposi\u00e7\u00e3o \u00e9 encontrado \u00e0s margens da Rodovia Anhanguera em Araras","datePublished":"2026-04-25T15:45:13+00:00","mainEntityOfPage":{"@id":"https:\/\/www.omovimento.com.br\/portal\/regiao\/corpo-em-decomposicao-e-encontrado-as-margens-da-rodovia-anhanguera-em-araras\/"},"wordCount":315,"commentCount":0,"publisher":{"@id":"https:\/\/www.omovimento.com.br\/portal\/#organization"},"image":{"@id":"https:\/\/www.omovimento.com.br\/portal\/regiao\/corpo-em-decomposicao-e-encontrado-as-margens-da-rodovia-anhanguera-em-araras\/#primaryimage"},"thumbnailUrl":"https:\/\/www.omovimento.com.br\/portal\/wp-content\/uploads\/2026\/04\/cats-8.jpg","articleSection":["Regi\u00e3o"],"inLanguage":"pt-BR","potentialAction":[{"@type":"CommentAction","name":"Comment","target":["https:\/\/www.omovimento.com.br\/portal\/regiao\/corpo-em-decomposicao-e-encontrado-as-margens-da-rodovia-anhanguera-em-araras\/#respond"]}]},{"@type":"WebPage","@id":"https:\/\/www.omovimento.com.br\/portal\/regiao\/corpo-em-decomposicao-e-encontrado-as-margens-da-rodovia-anhanguera-em-araras\/","url":"https:\/\/www.omovimento.com.br\/portal\/regiao\/corpo-em-decomposicao-e-encontrado-as-margens-da-rodovia-anhanguera-em-araras\/","name":"Corpo em decomposi\u00e7\u00e3o \u00e9 encontrado \u00e0s margens da Rodovia Anhanguera em Araras - Jornal O Movimento","isPartOf":{"@id":"https:\/\/www.omovimento.com.br\/portal\/#website"},"primaryImageOfPage":{"@id":"https:\/\/www.omovimento.com.br\/portal\/regiao\/corpo-em-decomposicao-e-encontrado-as-margens-da-rodovia-anhanguera-em-araras\/#primaryimage"},"image":{"@id":"https:\/\/www.omovimento.com.br\/portal\/regiao\/corpo-em-decomposicao-e-encontrado-as-margens-da-rodovia-anhanguera-em-araras\/#primaryimage"},"thumbnailUrl":"https:\/\/www.omovimento.com.br\/portal\/wp-content\/uploads\/2026\/04\/cats-8.jpg","datePublished":"2026-04-25T15:45:13+00:00","breadcrumb":{"@id":"https:\/\/www.omovimento.com.br\/portal\/regiao\/corpo-em-decomposicao-e-encontrado-as-margens-da-rodovia-anhanguera-em-araras\/#breadcrumb"},"inLanguage":"pt-BR","potentialAction":[{"@type":"ReadAction","target":["https:\/\/www.omovimento.com.br\/portal\/regiao\/corpo-em-decomposicao-e-encontrado-as-margens-da-rodovia-anhanguera-em-araras\/"]}]},{"@type":"ImageObject","inLanguage":"pt-BR","@id":"https:\/\/www.omovimento.com.br\/portal\/regiao\/corpo-em-decomposicao-e-encontrado-as-margens-da-rodovia-anhanguera-em-araras\/#primaryimage","url":"https:\/\/www.omovimento.com.br\/portal\/wp-content\/uploads\/2026\/04\/cats-8.jpg","contentUrl":"https:\/\/www.omovimento.com.br\/portal\/wp-content\/uploads\/2026\/04\/cats-8.jpg","width":1000,"height":562,"caption":"Foto: Portal CCM \u2013 ARTESP (ccm.artesp.sp.gov.br)"},{"@type":"BreadcrumbList","@id":"https:\/\/www.omovimento.com.br\/portal\/regiao\/corpo-em-decomposicao-e-encontrado-as-margens-da-rodovia-anhanguera-em-araras\/#breadcrumb","itemListElement":[{"@type":"ListItem","position":1,"name":"In\u00edcio","item":"https:\/\/www.omovimento.com.br\/portal\/"},{"@type":"ListItem","position":2,"name":"Corpo em decomposi\u00e7\u00e3o \u00e9 encontrado \u00e0s margens da Rodovia Anhanguera em Araras"}]},{"@type":"WebSite","@id":"https:\/\/www.omovimento.com.br\/portal\/#website","url":"https:\/\/www.omovimento.com.br\/portal\/","name":"Jornal O Movimento","description":"","publisher":{"@id":"https:\/\/www.omovimento.com.br\/portal\/#organization"},"potentialAction":[{"@type":"SearchAction","target":{"@type":"EntryPoint","urlTemplate":"https:\/\/www.omovimento.com.br\/portal\/?s={search_term_string}"},"query-input":{"@type":"PropertyValueSpecification","valueRequired":true,"valueName":"search_term_string"}}],"inLanguage":"pt-BR"},{"@type":"Organization","@id":"https:\/\/www.omovimento.com.br\/portal\/#organization","name":"Jornal O Movimento","url":"https:\/\/www.omovimento.com.br\/portal\/","logo":{"@type":"ImageObject","inLanguage":"pt-BR","@id":"https:\/\/www.omovimento.com.br\/portal\/#\/schema\/logo\/image\/","url":"https:\/\/www.omovimento.com.br\/portal\/wp-content\/uploads\/2026\/03\/logo_jornal_O_Movimento-1-1536x343-1-1.png","contentUrl":"https:\/\/www.omovimento.com.br\/portal\/wp-content\/uploads\/2026\/03\/logo_jornal_O_Movimento-1-1536x343-1-1.png","width":1536,"height":343,"caption":"Jornal O Movimento"},"image":{"@id":"https:\/\/www.omovimento.com.br\/portal\/#\/schema\/logo\/image\/"}},{"@type":"Person","@id":"https:\/\/www.omovimento.com.br\/portal\/#\/schema\/person\/e7d3971f53952141ade7388e0033ce8d","name":"Reda\u00e7\u00e3o","image":{"@type":"ImageObject","inLanguage":"pt-BR","@id":"https:\/\/secure.gravatar.com\/avatar\/549ab8e14173ace5e8b1c3bd80cf838bc0d00b7e1b65a361093164d85a62d45b?s=96&d=mm&r=g","url":"https:\/\/secure.gravatar.com\/avatar\/549ab8e14173ace5e8b1c3bd80cf838bc0d00b7e1b65a361093164d85a62d45b?s=96&d=mm&r=g","contentUrl":"https:\/\/secure.gravatar.com\/avatar\/549ab8e14173ace5e8b1c3bd80cf838bc0d00b7e1b65a361093164d85a62d45b?s=96&d=mm&r=g","caption":"Reda\u00e7\u00e3o"},"url":"https:\/\/www.omovimento.com.br\/portal\/author\/admin\/"}]}},"_links":{"self":[{"href":"https:\/\/www.omovimento.com.br\/portal\/wp-json\/wp\/v2\/posts\/43902","targetHints":{"allow":["GET"]}}],"collection":[{"href":"https:\/\/www.omovimento.com.br\/portal\/wp-json\/wp\/v2\/posts"}],"about":[{"href":"https:\/\/www.omovimento.com.br\/portal\/wp-json\/wp\/v2\/types\/post"}],"author":[{"embeddable":true,"href":"https:\/\/www.omovimento.com.br\/portal\/wp-json\/wp\/v2\/users\/3"}],"replies":[{"embeddable":true,"href":"https:\/\/www.omovimento.com.br\/portal\/wp-json\/wp\/v2\/comments?post=43902"}],"version-history":[{"count":1,"href":"https:\/\/www.omovimento.com.br\/portal\/wp-json\/wp\/v2\/posts\/43902\/revisions"}],"predecessor-version":[{"id":43904,"href":"https:\/\/www.omovimento.com.br\/portal\/wp-json\/wp\/v2\/posts\/43902\/revisions\/43904"}],"wp:featuredmedia":[{"embeddable":true,"href":"https:\/\/www.omovimento.com.br\/portal\/wp-json\/wp\/v2\/media\/43903"}],"wp:attachment":[{"href":"https:\/\/www.omovimento.com.br\/portal\/wp-json\/wp\/v2\/media?parent=43902"}],"wp:term":[{"taxonomy":"category","embeddable":true,"href":"https:\/\/www.omovimento.com.br\/portal\/wp-json\/wp\/v2\/categories?post=43902"},{"taxonomy":"post_tag","embeddable":true,"href":"https:\/\/www.omovimento.com.br\/portal\/wp-json\/wp\/v2\/tags?post=43902"}],"curies":[{"name":"wp","href":"https:\/\/api.w.org\/{rel}","templated":true}]}}