{"id":43607,"date":"2026-03-19T15:28:48","date_gmt":"2026-03-19T18:28:48","guid":{"rendered":"https:\/\/www.omovimento.com.br\/portal\/?p=43607"},"modified":"2026-04-09T15:29:19","modified_gmt":"2026-04-09T18:29:19","slug":"estrada-critica-em-pirassununga-e-recuperada-apos-denuncias-de-motoristas","status":"publish","type":"post","link":"https:\/\/www.omovimento.com.br\/portal\/cidade\/estrada-critica-em-pirassununga-e-recuperada-apos-denuncias-de-motoristas\/","title":{"rendered":"Estrada \u201ccr\u00edtica\u201d em Pirassununga \u00e9 recuperada ap\u00f3s den\u00fancias de motoristas"},"content":{"rendered":"<p data-start=\"109\" data-end=\"327\"><span style=\"font-family: tahoma, arial, helvetica, sans-serif;\"><strong data-start=\"284\" data-end=\"505\"><span style=\"font-size: 12pt;\">Por Ag\u00eancia O Movimento \u2014 <\/span><\/strong>A estrada de acesso \u00e0 Vila dos Sargentos e Suboficiais, pela Rodovia Deputado Ciro Albuquerque (SP-225), em Pirassununga, <strong data-start=\"231\" data-end=\"326\">foi recapeada ap\u00f3s uma s\u00e9rie de reclama\u00e7\u00f5es de motoristas que utilizam o trecho diariamente<\/strong>.<\/span><\/p><div id=\"omovi-4012022575\" class=\"omovi-conteudo-2 omovi-entity-placement\"><div id=\"63534-28\"><script src=\"\/\/ads.themoneytizer.com\/s\/gen.js?type=28\"><\/script><script src=\"\/\/ads.themoneytizer.com\/s\/requestform.js?siteId=63534&formatId=28\" ><\/script><\/div><\/div>\n<p data-start=\"109\" data-end=\"327\"><span style=\"font-family: tahoma, arial, helvetica, sans-serif;\">\ud83d\udcf1 <em>Siga o O Movimento no <a href=\"https:\/\/www.instagram.com\/jornalomovimento\/\">Instagram<\/a><\/em><\/span><\/p>\n<p data-start=\"329\" data-end=\"643\"><span style=\"font-family: tahoma, arial, helvetica, sans-serif;\">\ud83d\udcf8 <strong data-start=\"332\" data-end=\"388\">Imagens registradas na manh\u00e3 desta quinta-feira (19)<\/strong> mostram o asfalto j\u00e1 recuperado. Antes da interven\u00e7\u00e3o, registros enviados ao Jornal <strong>O Movimento<\/strong> evidenciavam <strong data-start=\"498\" data-end=\"576\">buracos, desgaste acentuado e condi\u00e7\u00f5es que colocavam em risco a seguran\u00e7a<\/strong>, principalmente durante a noite, quando a visibilidade \u00e9 reduzida.<\/span><\/p>\n<p style=\"text-align: center;\" data-start=\"1081\" data-end=\"1297\"><span style=\"font-family: tahoma, arial, helvetica, sans-serif; font-size: 10pt;\"><strong><span style=\"color: #808080; font-family: tahoma, arial, helvetica, sans-serif;\">= continua ap\u00f3s a publicidade =<\/span><\/strong><\/span><\/p>\n<p data-start=\"1081\" data-end=\"1297\"><img fetchpriority=\"high\" decoding=\"async\" class=\"aligncenter size-full wp-image-15577\" src=\"https:\/\/www.omovimento.com.br\/jornal\/wp-content\/uploads\/2026\/02\/ad9e12cd-9b48-48b7-826e-ddca91865892.jpg\" alt=\"\" width=\"900\" height=\"250\" \/><\/p>\n<p data-start=\"645\" data-end=\"884\"><span style=\"font-family: tahoma, arial, helvetica, sans-serif;\">Segundo relatos de condutores, o problema <strong data-start=\"687\" data-end=\"706\">n\u00e3o era recente<\/strong> e exigia <strong data-start=\"716\" data-end=\"737\">aten\u00e7\u00e3o redobrada<\/strong>. Havia preocupa\u00e7\u00e3o constante com <strong data-start=\"771\" data-end=\"837\">danos aos ve\u00edculos, risco de acidentes e situa\u00e7\u00f5es mais graves<\/strong>, especialmente em hor\u00e1rios de menor movimento.<\/span><\/p>\n<h3 data-section-id=\"1hsn610\" data-start=\"886\" data-end=\"909\"><span style=\"font-family: tahoma, arial, helvetica, sans-serif;\">Quem \u00e9 respons\u00e1vel?<\/span><\/h3>\n<p data-start=\"911\" data-end=\"1179\"><span style=\"font-family: tahoma, arial, helvetica, sans-serif;\">Procurada pela reportagem, a <span class=\"hover:entity-accent entity-underline inline cursor-pointer align-baseline\"><span class=\"whitespace-normal\">For\u00e7a A\u00e9rea Brasileira<\/span><\/span> informou, por meio do Comando-Geral do Pessoal, que a via est\u00e1 localizada dentro das depend\u00eancias da <span class=\"hover:entity-accent entity-underline inline cursor-pointer align-baseline\"><span class=\"whitespace-normal\">Academia da For\u00e7a A\u00e9rea<\/span><\/span> e, portanto, <strong data-start=\"1130\" data-end=\"1178\">\u00e9 de responsabilidade da pr\u00f3pria institui\u00e7\u00e3o<\/strong>.<\/span><\/p>\n<figure id=\"attachment_15914\" aria-describedby=\"caption-attachment-15914\" style=\"width: 1000px\" class=\"wp-caption alignnone\"><img decoding=\"async\" class=\"wp-image-15914 size-full\" src=\"https:\/\/www.omovimento.com.br\/jornal\/wp-content\/uploads\/2026\/03\/e2-1.jpg\" alt=\"\" width=\"1000\" height=\"620\" \/><figcaption id=\"caption-attachment-15914\" class=\"wp-caption-text\"><em>Perigo na pista: acesso \u00e0 Vila dos Sargentos colocava motoristas em risco \u2014 Foto: Get\u00falio Reis\/Arquivo pessoal<\/em><\/figcaption><\/figure>\n<p data-start=\"1181\" data-end=\"1429\"><span style=\"font-family: tahoma, arial, helvetica, sans-serif;\">Em nota, a FAB havia informado anteriormente que a manuten\u00e7\u00e3o asf\u00e1ltica estava prevista, como parte de um processo administrativo iniciado h\u00e1 cerca de dois meses, com o objetivo de <strong data-start=\"1362\" data-end=\"1428\">melhorar a trafegabilidade e refor\u00e7ar a seguran\u00e7a dos usu\u00e1rios<\/strong>.<\/span><\/p>\n<figure id=\"attachment_15915\" aria-describedby=\"caption-attachment-15915\" style=\"width: 2560px\" class=\"wp-caption aligncenter\"><img decoding=\"async\" class=\"wp-image-15915 size-full\" src=\"https:\/\/www.omovimento.com.br\/jornal\/wp-content\/uploads\/2026\/03\/WhatsApp-Image-2026-03-19-at-12.09.30-scaled.jpeg\" alt=\"\" width=\"2560\" height=\"1592\" \/><figcaption id=\"caption-attachment-15915\" class=\"wp-caption-text\"><em><span style=\"font-size: 11pt;\">Recupera\u00e7\u00e3o completa: estrada de acesso \u00e0 Vila dos Sargentos \u00e9 totalmente recapeada \u2014 Foto: Get\u00falio Reis\/Arquivo pessoal<\/span><\/em><\/figcaption><\/figure>\n<h3 data-section-id=\"8c9tve\" data-start=\"1431\" data-end=\"1449\"><span style=\"font-family: tahoma, arial, helvetica, sans-serif;\">Situa\u00e7\u00e3o atual<\/span><\/h3>\n<p data-start=\"1451\" data-end=\"1625\"><span style=\"font-family: tahoma, arial, helvetica, sans-serif;\">Com o recapeamento j\u00e1 conclu\u00eddo, a expectativa \u00e9 de que o trecho passe a oferecer <strong data-start=\"1533\" data-end=\"1586\">melhores condi\u00e7\u00f5es de circula\u00e7\u00e3o e mais seguran\u00e7a<\/strong> para motoristas e moradores da regi\u00e3o.<\/span><\/p>\n<p data-start=\"1627\" data-end=\"1688\" data-is-last-node=\"\" data-is-only-node=\"\"><span style=\"font-family: tahoma, arial, helvetica, sans-serif;\">A reportagem do Jornal O Movimento segue acompanhando o caso.<\/span><\/p>\n<p data-start=\"822\" data-end=\"1009\"><span style=\"font-family: tahoma, arial, helvetica, sans-serif;\">\u270d\ufe0f <em data-start=\"1160\" data-end=\"1198\" data-is-last-node=\"\">Reportagem: <a href=\"https:\/\/www.facebook.com\/jornalistatonioliveiraon\/\"><strong>Jornalista Toni Oliveira<\/strong><\/a><\/em><\/span><\/p>\n<p data-start=\"1490\" data-end=\"1675\"><span style=\"font-family: tahoma, arial, helvetica, sans-serif;\">\ud83d\udcf2\u00a0Fa\u00e7a uma den\u00fancia ou sugira uma reportagem sobre Pirassunungae regi\u00e3o por meio do WhatsApp do jornal <strong>O Movimento: <a href=\"https:\/\/wa.me\/5519982506789\" target=\"_blank\" rel=\"noreferrer noopener\" data-mrf-link=\"https:\/\/wa.me\/5516991499787\">(19) 98250-6789<\/a>.<\/strong><\/span><\/p>\n<p><span style=\"font-size: 14pt; color: #808080; font-family: tahoma, arial, helvetica, sans-serif;\"><em>Jorna<strong>l O Movimento<\/strong> \u00a0H\u00e1 91 anos, a principal refer\u00eancia em jornalismo na regi\u00e3o<\/em><\/span><\/p>\n<p><span style=\"font-family: tahoma, arial, helvetica, sans-serif;\"><em>( Fica proibida a reprodu\u00e7\u00e3o total ou parcial, c\u00f3pia ou distribui\u00e7\u00e3o do conte\u00fado, sem autoriza\u00e7\u00e3o expressa por parte do <strong>jornal O Movimento<\/strong>)<\/em><\/span><\/p>\n<p><span style=\"font-family: tahoma, arial, helvetica, sans-serif;\"><script src=\"\/\/ads.themoneytizer.com\/s\/gen.js?type=16\"><\/script><\/span><\/p>\n<div id=\"63534-16\" class=\"outbrain-tm\"><script src=\"\/\/ads.themoneytizer.com\/s\/gen.js?type=16\"><\/script><script src=\"\/\/ads.themoneytizer.com\/s\/requestform.js?siteId=63534&amp;formatId=16\"><\/script><\/div>\n<input type=\"hidden\" id=\"baseurl\" value=\"https:\/\/www.omovimento.com.br\/portal\"><input type=\"hidden\" id=\"audio_nonce\" value=\"e26acdace6\">","protected":false},"excerpt":{"rendered":"<p>Por Ag\u00eancia O Movimento \u2014 A estrada de acesso \u00e0 Vila dos Sargentos e Suboficiais, pela Rodovia Deputado Ciro Albuquerque (SP-225), em Pirassununga, foi recapeada ap\u00f3s uma s\u00e9rie de reclama\u00e7\u00f5es de motoristas que utilizam o trecho diariamente. \ud83d\udcf1 Siga o O Movimento no Instagram \ud83d\udcf8 Imagens registradas na manh\u00e3 desta quinta-feira (19) mostram o asfalto<\/p>\n","protected":false},"author":3,"featured_media":43608,"comment_status":"open","ping_status":"open","sticky":false,"template":"","format":"standard","meta":{"footnotes":""},"categories":[3],"tags":[],"class_list":{"0":"post-43607","1":"post","2":"type-post","3":"status-publish","4":"format-standard","5":"has-post-thumbnail","7":"category-cidade"},"yoast_head":"<!-- This site is optimized with the Yoast SEO plugin v27.3 - https:\/\/yoast.com\/product\/yoast-seo-wordpress\/ -->\n<title>Estrada \u201ccr\u00edtica\u201d em Pirassununga \u00e9 recuperada ap\u00f3s den\u00fancias de motoristas - Jornal O Movimento<\/title>\n<meta name=\"robots\" content=\"index, follow, max-snippet:-1, max-image-preview:large, max-video-preview:-1\" \/>\n<link rel=\"canonical\" href=\"https:\/\/www.omovimento.com.br\/portal\/cidade\/estrada-critica-em-pirassununga-e-recuperada-apos-denuncias-de-motoristas\/\" \/>\n<meta property=\"og:locale\" content=\"pt_BR\" \/>\n<meta property=\"og:type\" content=\"article\" \/>\n<meta property=\"og:title\" content=\"Estrada \u201ccr\u00edtica\u201d em Pirassununga \u00e9 recuperada ap\u00f3s den\u00fancias de motoristas - Jornal O Movimento\" \/>\n<meta property=\"og:description\" content=\"Por Ag\u00eancia O Movimento \u2014 A estrada de acesso \u00e0 Vila dos Sargentos e Suboficiais, pela Rodovia Deputado Ciro Albuquerque (SP-225), em Pirassununga, foi recapeada ap\u00f3s uma s\u00e9rie de reclama\u00e7\u00f5es de motoristas que utilizam o trecho diariamente. \ud83d\udcf1 Siga o O Movimento no Instagram \ud83d\udcf8 Imagens registradas na manh\u00e3 desta quinta-feira (19) mostram o asfalto\" \/>\n<meta property=\"og:url\" content=\"https:\/\/www.omovimento.com.br\/portal\/cidade\/estrada-critica-em-pirassununga-e-recuperada-apos-denuncias-de-motoristas\/\" \/>\n<meta property=\"og:site_name\" content=\"Jornal O Movimento\" \/>\n<meta property=\"article:published_time\" content=\"2026-03-19T18:28:48+00:00\" \/>\n<meta property=\"article:modified_time\" content=\"2026-04-09T18:29:19+00:00\" \/>\n<meta property=\"og:image\" content=\"https:\/\/www.omovimento.com.br\/portal\/wp-content\/uploads\/2026\/04\/p1.jpg\" \/>\n\t<meta property=\"og:image:width\" content=\"900\" \/>\n\t<meta property=\"og:image:height\" content=\"600\" \/>\n\t<meta property=\"og:image:type\" content=\"image\/jpeg\" \/>\n<meta name=\"author\" content=\"Reda\u00e7\u00e3o\" \/>\n<meta name=\"twitter:card\" content=\"summary_large_image\" \/>\n<meta name=\"twitter:label1\" content=\"Escrito por\" \/>\n\t<meta name=\"twitter:data1\" content=\"Reda\u00e7\u00e3o\" \/>\n\t<meta name=\"twitter:label2\" content=\"Est. tempo de leitura\" \/>\n\t<meta name=\"twitter:data2\" content=\"3 minutos\" \/>\n<script type=\"application\/ld+json\" class=\"yoast-schema-graph\">{\"@context\":\"https:\\\/\\\/schema.org\",\"@graph\":[{\"@type\":\"Article\",\"@id\":\"https:\\\/\\\/www.omovimento.com.br\\\/portal\\\/cidade\\\/estrada-critica-em-pirassununga-e-recuperada-apos-denuncias-de-motoristas\\\/#article\",\"isPartOf\":{\"@id\":\"https:\\\/\\\/www.omovimento.com.br\\\/portal\\\/cidade\\\/estrada-critica-em-pirassununga-e-recuperada-apos-denuncias-de-motoristas\\\/\"},\"author\":{\"name\":\"Reda\u00e7\u00e3o\",\"@id\":\"https:\\\/\\\/www.omovimento.com.br\\\/portal\\\/#\\\/schema\\\/person\\\/e7d3971f53952141ade7388e0033ce8d\"},\"headline\":\"Estrada \u201ccr\u00edtica\u201d em Pirassununga \u00e9 recuperada ap\u00f3s den\u00fancias de motoristas\",\"datePublished\":\"2026-03-19T18:28:48+00:00\",\"dateModified\":\"2026-04-09T18:29:19+00:00\",\"mainEntityOfPage\":{\"@id\":\"https:\\\/\\\/www.omovimento.com.br\\\/portal\\\/cidade\\\/estrada-critica-em-pirassununga-e-recuperada-apos-denuncias-de-motoristas\\\/\"},\"wordCount\":390,\"commentCount\":0,\"publisher\":{\"@id\":\"https:\\\/\\\/www.omovimento.com.br\\\/portal\\\/#organization\"},\"image\":{\"@id\":\"https:\\\/\\\/www.omovimento.com.br\\\/portal\\\/cidade\\\/estrada-critica-em-pirassununga-e-recuperada-apos-denuncias-de-motoristas\\\/#primaryimage\"},\"thumbnailUrl\":\"https:\\\/\\\/www.omovimento.com.br\\\/portal\\\/wp-content\\\/uploads\\\/2026\\\/04\\\/p1.jpg\",\"articleSection\":[\"Cidade\"],\"inLanguage\":\"pt-BR\",\"potentialAction\":[{\"@type\":\"CommentAction\",\"name\":\"Comment\",\"target\":[\"https:\\\/\\\/www.omovimento.com.br\\\/portal\\\/cidade\\\/estrada-critica-em-pirassununga-e-recuperada-apos-denuncias-de-motoristas\\\/#respond\"]}]},{\"@type\":\"WebPage\",\"@id\":\"https:\\\/\\\/www.omovimento.com.br\\\/portal\\\/cidade\\\/estrada-critica-em-pirassununga-e-recuperada-apos-denuncias-de-motoristas\\\/\",\"url\":\"https:\\\/\\\/www.omovimento.com.br\\\/portal\\\/cidade\\\/estrada-critica-em-pirassununga-e-recuperada-apos-denuncias-de-motoristas\\\/\",\"name\":\"Estrada \u201ccr\u00edtica\u201d em Pirassununga \u00e9 recuperada ap\u00f3s den\u00fancias de motoristas - Jornal O Movimento\",\"isPartOf\":{\"@id\":\"https:\\\/\\\/www.omovimento.com.br\\\/portal\\\/#website\"},\"primaryImageOfPage\":{\"@id\":\"https:\\\/\\\/www.omovimento.com.br\\\/portal\\\/cidade\\\/estrada-critica-em-pirassununga-e-recuperada-apos-denuncias-de-motoristas\\\/#primaryimage\"},\"image\":{\"@id\":\"https:\\\/\\\/www.omovimento.com.br\\\/portal\\\/cidade\\\/estrada-critica-em-pirassununga-e-recuperada-apos-denuncias-de-motoristas\\\/#primaryimage\"},\"thumbnailUrl\":\"https:\\\/\\\/www.omovimento.com.br\\\/portal\\\/wp-content\\\/uploads\\\/2026\\\/04\\\/p1.jpg\",\"datePublished\":\"2026-03-19T18:28:48+00:00\",\"dateModified\":\"2026-04-09T18:29:19+00:00\",\"breadcrumb\":{\"@id\":\"https:\\\/\\\/www.omovimento.com.br\\\/portal\\\/cidade\\\/estrada-critica-em-pirassununga-e-recuperada-apos-denuncias-de-motoristas\\\/#breadcrumb\"},\"inLanguage\":\"pt-BR\",\"potentialAction\":[{\"@type\":\"ReadAction\",\"target\":[\"https:\\\/\\\/www.omovimento.com.br\\\/portal\\\/cidade\\\/estrada-critica-em-pirassununga-e-recuperada-apos-denuncias-de-motoristas\\\/\"]}]},{\"@type\":\"ImageObject\",\"inLanguage\":\"pt-BR\",\"@id\":\"https:\\\/\\\/www.omovimento.com.br\\\/portal\\\/cidade\\\/estrada-critica-em-pirassununga-e-recuperada-apos-denuncias-de-motoristas\\\/#primaryimage\",\"url\":\"https:\\\/\\\/www.omovimento.com.br\\\/portal\\\/wp-content\\\/uploads\\\/2026\\\/04\\\/p1.jpg\",\"contentUrl\":\"https:\\\/\\\/www.omovimento.com.br\\\/portal\\\/wp-content\\\/uploads\\\/2026\\\/04\\\/p1.jpg\",\"width\":900,\"height\":600,\"caption\":\"Imagens: Get\u00falio Reis\\\/Arquivo pessoal - Antes e depois.\"},{\"@type\":\"BreadcrumbList\",\"@id\":\"https:\\\/\\\/www.omovimento.com.br\\\/portal\\\/cidade\\\/estrada-critica-em-pirassununga-e-recuperada-apos-denuncias-de-motoristas\\\/#breadcrumb\",\"itemListElement\":[{\"@type\":\"ListItem\",\"position\":1,\"name\":\"In\u00edcio\",\"item\":\"https:\\\/\\\/www.omovimento.com.br\\\/portal\\\/\"},{\"@type\":\"ListItem\",\"position\":2,\"name\":\"Estrada \u201ccr\u00edtica\u201d em Pirassununga \u00e9 recuperada ap\u00f3s den\u00fancias de motoristas\"}]},{\"@type\":\"WebSite\",\"@id\":\"https:\\\/\\\/www.omovimento.com.br\\\/portal\\\/#website\",\"url\":\"https:\\\/\\\/www.omovimento.com.br\\\/portal\\\/\",\"name\":\"Jornal O Movimento\",\"description\":\"\",\"publisher\":{\"@id\":\"https:\\\/\\\/www.omovimento.com.br\\\/portal\\\/#organization\"},\"potentialAction\":[{\"@type\":\"SearchAction\",\"target\":{\"@type\":\"EntryPoint\",\"urlTemplate\":\"https:\\\/\\\/www.omovimento.com.br\\\/portal\\\/?s={search_term_string}\"},\"query-input\":{\"@type\":\"PropertyValueSpecification\",\"valueRequired\":true,\"valueName\":\"search_term_string\"}}],\"inLanguage\":\"pt-BR\"},{\"@type\":\"Organization\",\"@id\":\"https:\\\/\\\/www.omovimento.com.br\\\/portal\\\/#organization\",\"name\":\"Jornal O Movimento\",\"url\":\"https:\\\/\\\/www.omovimento.com.br\\\/portal\\\/\",\"logo\":{\"@type\":\"ImageObject\",\"inLanguage\":\"pt-BR\",\"@id\":\"https:\\\/\\\/www.omovimento.com.br\\\/portal\\\/#\\\/schema\\\/logo\\\/image\\\/\",\"url\":\"https:\\\/\\\/www.omovimento.com.br\\\/portal\\\/wp-content\\\/uploads\\\/2026\\\/03\\\/logo_jornal_O_Movimento-1-1536x343-1-1.png\",\"contentUrl\":\"https:\\\/\\\/www.omovimento.com.br\\\/portal\\\/wp-content\\\/uploads\\\/2026\\\/03\\\/logo_jornal_O_Movimento-1-1536x343-1-1.png\",\"width\":1536,\"height\":343,\"caption\":\"Jornal O Movimento\"},\"image\":{\"@id\":\"https:\\\/\\\/www.omovimento.com.br\\\/portal\\\/#\\\/schema\\\/logo\\\/image\\\/\"}},{\"@type\":\"Person\",\"@id\":\"https:\\\/\\\/www.omovimento.com.br\\\/portal\\\/#\\\/schema\\\/person\\\/e7d3971f53952141ade7388e0033ce8d\",\"name\":\"Reda\u00e7\u00e3o\",\"image\":{\"@type\":\"ImageObject\",\"inLanguage\":\"pt-BR\",\"@id\":\"https:\\\/\\\/secure.gravatar.com\\\/avatar\\\/549ab8e14173ace5e8b1c3bd80cf838bc0d00b7e1b65a361093164d85a62d45b?s=96&d=mm&r=g\",\"url\":\"https:\\\/\\\/secure.gravatar.com\\\/avatar\\\/549ab8e14173ace5e8b1c3bd80cf838bc0d00b7e1b65a361093164d85a62d45b?s=96&d=mm&r=g\",\"contentUrl\":\"https:\\\/\\\/secure.gravatar.com\\\/avatar\\\/549ab8e14173ace5e8b1c3bd80cf838bc0d00b7e1b65a361093164d85a62d45b?s=96&d=mm&r=g\",\"caption\":\"Reda\u00e7\u00e3o\"},\"url\":\"https:\\\/\\\/www.omovimento.com.br\\\/portal\\\/author\\\/admin\\\/\"}]}<\/script>\n<!-- \/ Yoast SEO plugin. -->","yoast_head_json":{"title":"Estrada \u201ccr\u00edtica\u201d em Pirassununga \u00e9 recuperada ap\u00f3s den\u00fancias de motoristas - Jornal O Movimento","robots":{"index":"index","follow":"follow","max-snippet":"max-snippet:-1","max-image-preview":"max-image-preview:large","max-video-preview":"max-video-preview:-1"},"canonical":"https:\/\/www.omovimento.com.br\/portal\/cidade\/estrada-critica-em-pirassununga-e-recuperada-apos-denuncias-de-motoristas\/","og_locale":"pt_BR","og_type":"article","og_title":"Estrada \u201ccr\u00edtica\u201d em Pirassununga \u00e9 recuperada ap\u00f3s den\u00fancias de motoristas - Jornal O Movimento","og_description":"Por Ag\u00eancia O Movimento \u2014 A estrada de acesso \u00e0 Vila dos Sargentos e Suboficiais, pela Rodovia Deputado Ciro Albuquerque (SP-225), em Pirassununga, foi recapeada ap\u00f3s uma s\u00e9rie de reclama\u00e7\u00f5es de motoristas que utilizam o trecho diariamente. \ud83d\udcf1 Siga o O Movimento no Instagram \ud83d\udcf8 Imagens registradas na manh\u00e3 desta quinta-feira (19) mostram o asfalto","og_url":"https:\/\/www.omovimento.com.br\/portal\/cidade\/estrada-critica-em-pirassununga-e-recuperada-apos-denuncias-de-motoristas\/","og_site_name":"Jornal O Movimento","article_published_time":"2026-03-19T18:28:48+00:00","article_modified_time":"2026-04-09T18:29:19+00:00","og_image":[{"width":900,"height":600,"url":"https:\/\/www.omovimento.com.br\/portal\/wp-content\/uploads\/2026\/04\/p1.jpg","type":"image\/jpeg"}],"author":"Reda\u00e7\u00e3o","twitter_card":"summary_large_image","twitter_misc":{"Escrito por":"Reda\u00e7\u00e3o","Est. tempo de leitura":"3 minutos"},"schema":{"@context":"https:\/\/schema.org","@graph":[{"@type":"Article","@id":"https:\/\/www.omovimento.com.br\/portal\/cidade\/estrada-critica-em-pirassununga-e-recuperada-apos-denuncias-de-motoristas\/#article","isPartOf":{"@id":"https:\/\/www.omovimento.com.br\/portal\/cidade\/estrada-critica-em-pirassununga-e-recuperada-apos-denuncias-de-motoristas\/"},"author":{"name":"Reda\u00e7\u00e3o","@id":"https:\/\/www.omovimento.com.br\/portal\/#\/schema\/person\/e7d3971f53952141ade7388e0033ce8d"},"headline":"Estrada \u201ccr\u00edtica\u201d em Pirassununga \u00e9 recuperada ap\u00f3s den\u00fancias de motoristas","datePublished":"2026-03-19T18:28:48+00:00","dateModified":"2026-04-09T18:29:19+00:00","mainEntityOfPage":{"@id":"https:\/\/www.omovimento.com.br\/portal\/cidade\/estrada-critica-em-pirassununga-e-recuperada-apos-denuncias-de-motoristas\/"},"wordCount":390,"commentCount":0,"publisher":{"@id":"https:\/\/www.omovimento.com.br\/portal\/#organization"},"image":{"@id":"https:\/\/www.omovimento.com.br\/portal\/cidade\/estrada-critica-em-pirassununga-e-recuperada-apos-denuncias-de-motoristas\/#primaryimage"},"thumbnailUrl":"https:\/\/www.omovimento.com.br\/portal\/wp-content\/uploads\/2026\/04\/p1.jpg","articleSection":["Cidade"],"inLanguage":"pt-BR","potentialAction":[{"@type":"CommentAction","name":"Comment","target":["https:\/\/www.omovimento.com.br\/portal\/cidade\/estrada-critica-em-pirassununga-e-recuperada-apos-denuncias-de-motoristas\/#respond"]}]},{"@type":"WebPage","@id":"https:\/\/www.omovimento.com.br\/portal\/cidade\/estrada-critica-em-pirassununga-e-recuperada-apos-denuncias-de-motoristas\/","url":"https:\/\/www.omovimento.com.br\/portal\/cidade\/estrada-critica-em-pirassununga-e-recuperada-apos-denuncias-de-motoristas\/","name":"Estrada \u201ccr\u00edtica\u201d em Pirassununga \u00e9 recuperada ap\u00f3s den\u00fancias de motoristas - Jornal O Movimento","isPartOf":{"@id":"https:\/\/www.omovimento.com.br\/portal\/#website"},"primaryImageOfPage":{"@id":"https:\/\/www.omovimento.com.br\/portal\/cidade\/estrada-critica-em-pirassununga-e-recuperada-apos-denuncias-de-motoristas\/#primaryimage"},"image":{"@id":"https:\/\/www.omovimento.com.br\/portal\/cidade\/estrada-critica-em-pirassununga-e-recuperada-apos-denuncias-de-motoristas\/#primaryimage"},"thumbnailUrl":"https:\/\/www.omovimento.com.br\/portal\/wp-content\/uploads\/2026\/04\/p1.jpg","datePublished":"2026-03-19T18:28:48+00:00","dateModified":"2026-04-09T18:29:19+00:00","breadcrumb":{"@id":"https:\/\/www.omovimento.com.br\/portal\/cidade\/estrada-critica-em-pirassununga-e-recuperada-apos-denuncias-de-motoristas\/#breadcrumb"},"inLanguage":"pt-BR","potentialAction":[{"@type":"ReadAction","target":["https:\/\/www.omovimento.com.br\/portal\/cidade\/estrada-critica-em-pirassununga-e-recuperada-apos-denuncias-de-motoristas\/"]}]},{"@type":"ImageObject","inLanguage":"pt-BR","@id":"https:\/\/www.omovimento.com.br\/portal\/cidade\/estrada-critica-em-pirassununga-e-recuperada-apos-denuncias-de-motoristas\/#primaryimage","url":"https:\/\/www.omovimento.com.br\/portal\/wp-content\/uploads\/2026\/04\/p1.jpg","contentUrl":"https:\/\/www.omovimento.com.br\/portal\/wp-content\/uploads\/2026\/04\/p1.jpg","width":900,"height":600,"caption":"Imagens: Get\u00falio Reis\/Arquivo pessoal - Antes e depois."},{"@type":"BreadcrumbList","@id":"https:\/\/www.omovimento.com.br\/portal\/cidade\/estrada-critica-em-pirassununga-e-recuperada-apos-denuncias-de-motoristas\/#breadcrumb","itemListElement":[{"@type":"ListItem","position":1,"name":"In\u00edcio","item":"https:\/\/www.omovimento.com.br\/portal\/"},{"@type":"ListItem","position":2,"name":"Estrada \u201ccr\u00edtica\u201d em Pirassununga \u00e9 recuperada ap\u00f3s den\u00fancias de motoristas"}]},{"@type":"WebSite","@id":"https:\/\/www.omovimento.com.br\/portal\/#website","url":"https:\/\/www.omovimento.com.br\/portal\/","name":"Jornal O Movimento","description":"","publisher":{"@id":"https:\/\/www.omovimento.com.br\/portal\/#organization"},"potentialAction":[{"@type":"SearchAction","target":{"@type":"EntryPoint","urlTemplate":"https:\/\/www.omovimento.com.br\/portal\/?s={search_term_string}"},"query-input":{"@type":"PropertyValueSpecification","valueRequired":true,"valueName":"search_term_string"}}],"inLanguage":"pt-BR"},{"@type":"Organization","@id":"https:\/\/www.omovimento.com.br\/portal\/#organization","name":"Jornal O Movimento","url":"https:\/\/www.omovimento.com.br\/portal\/","logo":{"@type":"ImageObject","inLanguage":"pt-BR","@id":"https:\/\/www.omovimento.com.br\/portal\/#\/schema\/logo\/image\/","url":"https:\/\/www.omovimento.com.br\/portal\/wp-content\/uploads\/2026\/03\/logo_jornal_O_Movimento-1-1536x343-1-1.png","contentUrl":"https:\/\/www.omovimento.com.br\/portal\/wp-content\/uploads\/2026\/03\/logo_jornal_O_Movimento-1-1536x343-1-1.png","width":1536,"height":343,"caption":"Jornal O Movimento"},"image":{"@id":"https:\/\/www.omovimento.com.br\/portal\/#\/schema\/logo\/image\/"}},{"@type":"Person","@id":"https:\/\/www.omovimento.com.br\/portal\/#\/schema\/person\/e7d3971f53952141ade7388e0033ce8d","name":"Reda\u00e7\u00e3o","image":{"@type":"ImageObject","inLanguage":"pt-BR","@id":"https:\/\/secure.gravatar.com\/avatar\/549ab8e14173ace5e8b1c3bd80cf838bc0d00b7e1b65a361093164d85a62d45b?s=96&d=mm&r=g","url":"https:\/\/secure.gravatar.com\/avatar\/549ab8e14173ace5e8b1c3bd80cf838bc0d00b7e1b65a361093164d85a62d45b?s=96&d=mm&r=g","contentUrl":"https:\/\/secure.gravatar.com\/avatar\/549ab8e14173ace5e8b1c3bd80cf838bc0d00b7e1b65a361093164d85a62d45b?s=96&d=mm&r=g","caption":"Reda\u00e7\u00e3o"},"url":"https:\/\/www.omovimento.com.br\/portal\/author\/admin\/"}]}},"_links":{"self":[{"href":"https:\/\/www.omovimento.com.br\/portal\/wp-json\/wp\/v2\/posts\/43607","targetHints":{"allow":["GET"]}}],"collection":[{"href":"https:\/\/www.omovimento.com.br\/portal\/wp-json\/wp\/v2\/posts"}],"about":[{"href":"https:\/\/www.omovimento.com.br\/portal\/wp-json\/wp\/v2\/types\/post"}],"author":[{"embeddable":true,"href":"https:\/\/www.omovimento.com.br\/portal\/wp-json\/wp\/v2\/users\/3"}],"replies":[{"embeddable":true,"href":"https:\/\/www.omovimento.com.br\/portal\/wp-json\/wp\/v2\/comments?post=43607"}],"version-history":[{"count":1,"href":"https:\/\/www.omovimento.com.br\/portal\/wp-json\/wp\/v2\/posts\/43607\/revisions"}],"predecessor-version":[{"id":43609,"href":"https:\/\/www.omovimento.com.br\/portal\/wp-json\/wp\/v2\/posts\/43607\/revisions\/43609"}],"wp:featuredmedia":[{"embeddable":true,"href":"https:\/\/www.omovimento.com.br\/portal\/wp-json\/wp\/v2\/media\/43608"}],"wp:attachment":[{"href":"https:\/\/www.omovimento.com.br\/portal\/wp-json\/wp\/v2\/media?parent=43607"}],"wp:term":[{"taxonomy":"category","embeddable":true,"href":"https:\/\/www.omovimento.com.br\/portal\/wp-json\/wp\/v2\/categories?post=43607"},{"taxonomy":"post_tag","embeddable":true,"href":"https:\/\/www.omovimento.com.br\/portal\/wp-json\/wp\/v2\/tags?post=43607"}],"curies":[{"name":"wp","href":"https:\/\/api.w.org\/{rel}","templated":true}]}}