{"id":841,"date":"2024-04-08T15:02:52","date_gmt":"2024-04-08T15:02:52","guid":{"rendered":"https:\/\/www.omovimento.com.br\/jornal\/?p=841"},"modified":"2024-04-08T17:44:27","modified_gmt":"2024-04-08T17:44:27","slug":"8-de-abril-dia-mundial-de-combate-ao-cancer","status":"publish","type":"post","link":"https:\/\/www.omovimento.com.br\/jornal\/8-de-abril-dia-mundial-de-combate-ao-cancer\/","title":{"rendered":"8 de Abril &#8211; Dia Mundial de Combate ao C\u00e2ncer"},"content":{"rendered":"<p>No dia 8 de abril acontece o<span style=\"color: #800080;\"><strong> Dia Mundial de Combate ao C\u00e2ncer<\/strong><\/span>, uma data que tem como objetivo chamar a aten\u00e7\u00e3o de l\u00edderes pol\u00edticos e de toda a sociedade em geral para o crescimento dos \u00edndices da doen\u00e7a, que, segundo o<strong> IBGE<\/strong>, vem crescendo continuamente nas duas \u00faltimas d\u00e9cadas.<\/p>\n<p><span style=\"font-size: 18pt; color: #800080;\"><strong>O que \u00e9 o c\u00e2ncer? <\/strong><\/span><\/p>\n<p>O c\u00e2ncer, tamb\u00e9m chamado de neoplasia, \u00e9 um conjunto de mais de 100 doen\u00e7as que se caracterizam pelo crescimento desordenado das c\u00e9lulas. Tais c\u00e9lulas se dividem muito rapidamente, invadindo tecidos e \u00f3rg\u00e3os e formando tumores, que podem se espalhar<span style=\"color: #800080;\"><strong> (met\u00e1stase)<\/strong><\/span> para outras regi\u00f5es do corpo. O c\u00e2ncer tem causas variadas, podendo surgir de fatores externos, como o ambiente em que a pessoa vive ou h\u00e1bitos e costumes presentes em nosso dia a dia; ou tamb\u00e9m por fatores internos, que, na maioria das vezes, est\u00e3o geneticamente predeterminados.<\/p>\n<p>Segundo o <span style=\"color: #800080;\"><strong>Instituto Nacional do C\u00e2ncer, cerca de 80% a 90%<\/strong> <\/span>de todos os casos da doen\u00e7a est\u00e3o associados a fatores externos, sendo alguns deles bem conhecidos, como o tabagismo, exposi\u00e7\u00e3o excessiva ao sol, v\u00edrus que podem causar leucemia, h\u00e1bitos alimentares, alcoolismo, h\u00e1bitos sexuais, medicamentos e fatores ocupacionais.<\/p>\n<p><span style=\"font-size: 18pt; color: #800080;\"><strong>Tipos de c\u00e2ncer <\/strong><\/span><\/p>\n<p>Os v\u00e1rios tipos de c\u00e2ncer correspondem ao diferentes tipos de c\u00e9lulas que temos em nosso organismo. Por exemplo, se o c\u00e2ncer se inicia nos tecidos epiteliais, como pele e mucosas, ele \u00e9 chamado de carcinoma. Se ele come\u00e7a em tecidos conjuntivos, como m\u00fasculos, ossos ou cartilagens, ele \u00e9 chamado de sarcoma, e assim por diante. O que diferencia os diversos tipos de c\u00e2ncer \u00e9 a velocidade em que as c\u00e9lulas se multiplicam e sua capacidade de invadir tecidos e \u00f3rg\u00e3os.<\/p>\n<p><span style=\"font-size: 18pt; color: #800080;\"><strong>Como se prevenir <\/strong><\/span><\/p>\n<p>Especialistas creem que alguns fatores de risco s\u00e3o os causadores de alguns tipos de tumores malignos, sendo o principal fator o tabagismo, seguido de consumo de <span style=\"color: #800080;\"><strong>bebidas alco\u00f3licas e de gorduras de origem animal, dieta pobre em fibras, vida sedent\u00e1ria e obesidade.<\/strong><\/span> Diante disso, a melhor forma de se prevenir do c\u00e2ncer \u00e9 parar de fumar; ter uma alimenta\u00e7\u00e3o saud\u00e1vel com maior consumo de frutas, verduras, legumes e cereais, diminuir o consumo de alimentos gordurosos; evitar ou diminuir o consumo de bebidas alco\u00f3licas; praticar atividades f\u00edsicas regularmente; evitar a exposi\u00e7\u00e3o prolongada ao sol; e fazer exames regulares, pois isso ajuda na detec\u00e7\u00e3o precoce de um eventual c\u00e2ncer.<\/p>\n<p><span style=\"font-size: 18pt; color: #800080;\"><strong>Tratamento do c\u00e2ncer <\/strong><\/span><\/p>\n<p>O tratamento do c\u00e2ncer pode ser feito por meio de quimioterapia, na qual s\u00e3o utilizados v\u00e1rios medicamentos para <span style=\"color: #800080;\"><strong>combater o tumor; radioterapia<\/strong><\/span>, na qual se utilizam radia\u00e7\u00f5es para destruir o tumor ou impedir que suas c\u00e9lulas continuem se dividindo; ou transplante de medula \u00f3ssea, indicado para algumas doen\u00e7as malignas que afetam as c\u00e9lulas do sangue.<\/p>\n<p><span style=\"font-size: 12pt; font-family: verdana, geneva, sans-serif;\" data-keep-original-tag=\"false\" data-original-attrs=\"{&quot;style&quot;:&quot;&quot;}\"><b>Quer ficar ligado em tudo o que rola em Pirassununga e regi\u00e3o?<\/b>\u00a0Siga o perfil do jornal\u00a0<b>O Movimento<\/b>\u00a0no\u00a0<a href=\"https:\/\/www.blogger.com\/blog\/post\/edit\/1494483228538297635\/2340689752048507400#\" data-original-attrs=\"{&quot;data-original-href&quot;:&quot;https:\/\/www.instagram.com\/jornalomovimento\/&quot;,&quot;target&quot;:&quot;_blank&quot;}\">Instagram<\/a>\u00a0e tamb\u00e9m no\u00a0<a href=\"https:\/\/www.blogger.com\/blog\/post\/edit\/1494483228538297635\/2340689752048507400#\" data-original-attrs=\"{&quot;data-original-href&quot;:&quot;https:\/\/www.facebook.com\/jornalomovimento\/&quot;,&quot;target&quot;:&quot;_blank&quot;}\">Facebook<\/a>.<\/span><\/p>\n<input type=\"hidden\" id=\"baseurl\" value=\"https:\/\/www.omovimento.com.br\/jornal\"><input type=\"hidden\" id=\"audio_nonce\" value=\"1e87f29f56\">","protected":false},"excerpt":{"rendered":"<p>No dia 8 de abril acontece o Dia Mundial de Combate ao C\u00e2ncer, uma data que tem como objetivo chamar a aten\u00e7\u00e3o de l\u00edderes pol\u00edticos e de&hellip;<\/p>\n","protected":false},"author":1,"featured_media":842,"comment_status":"closed","ping_status":"closed","sticky":false,"template":"","format":"standard","meta":{"footnotes":""},"categories":[31],"tags":[],"class_list":["post-841","post","type-post","status-publish","format-standard","has-post-thumbnail","hentry","category-destaque"],"_links":{"self":[{"href":"https:\/\/www.omovimento.com.br\/jornal\/wp-json\/wp\/v2\/posts\/841","targetHints":{"allow":["GET"]}}],"collection":[{"href":"https:\/\/www.omovimento.com.br\/jornal\/wp-json\/wp\/v2\/posts"}],"about":[{"href":"https:\/\/www.omovimento.com.br\/jornal\/wp-json\/wp\/v2\/types\/post"}],"author":[{"embeddable":true,"href":"https:\/\/www.omovimento.com.br\/jornal\/wp-json\/wp\/v2\/users\/1"}],"replies":[{"embeddable":true,"href":"https:\/\/www.omovimento.com.br\/jornal\/wp-json\/wp\/v2\/comments?post=841"}],"version-history":[{"count":4,"href":"https:\/\/www.omovimento.com.br\/jornal\/wp-json\/wp\/v2\/posts\/841\/revisions"}],"predecessor-version":[{"id":847,"href":"https:\/\/www.omovimento.com.br\/jornal\/wp-json\/wp\/v2\/posts\/841\/revisions\/847"}],"wp:featuredmedia":[{"embeddable":true,"href":"https:\/\/www.omovimento.com.br\/jornal\/wp-json\/wp\/v2\/media\/842"}],"wp:attachment":[{"href":"https:\/\/www.omovimento.com.br\/jornal\/wp-json\/wp\/v2\/media?parent=841"}],"wp:term":[{"taxonomy":"category","embeddable":true,"href":"https:\/\/www.omovimento.com.br\/jornal\/wp-json\/wp\/v2\/categories?post=841"},{"taxonomy":"post_tag","embeddable":true,"href":"https:\/\/www.omovimento.com.br\/jornal\/wp-json\/wp\/v2\/tags?post=841"}],"curies":[{"name":"wp","href":"https:\/\/api.w.org\/{rel}","templated":true}]}}